{"id":406760,"date":"2024-08-25T10:39:19","date_gmt":"2024-08-25T08:39:19","guid":{"rendered":"https:\/\/www.radiopiu.net\/wordpress\/?p=406760"},"modified":"2024-08-26T05:27:59","modified_gmt":"2024-08-26T03:27:59","slug":"domani-la-santa-messa-a-canale-dagordo-per-il-46esimo-anniversario-dellelezione-a-pontefice-di-papa-luciani","status":"publish","type":"post","link":"https:\/\/www.radiopiu.net\/wordpress\/domani-la-santa-messa-a-canale-dagordo-per-il-46esimo-anniversario-dellelezione-a-pontefice-di-papa-luciani\/","title":{"rendered":"LA SANTA MESSA A CANALE D&#8217;AGORDO PER IL 46ESIMO ANNIVERSARIO DELL&#8217;ELEZIONE A PONTEFICE DI PAPA LUCIANI"},"content":{"rendered":"<p>******<\/p>\n<p>&nbsp;<\/p>\n<p><strong><a class=\"dt-pswp-item\" href=\"https:\/\/www.radiopiu.net\/wordpress\/wp-content\/uploads\/2024\/08\/Canale-dAgordo-scaled.jpg\" data-dt-img-description=\"\" data-large_image_width=\"2560\" data-large_image_height=\"1707\"><img loading=\"lazy\" decoding=\"async\" class=\" wp-image-406763 alignleft\" src=\"https:\/\/www.radiopiu.net\/wordpress\/wp-content\/uploads\/2024\/08\/Canale-dAgordo-300x200.jpg\" alt=\"\" width=\"212\" height=\"141\" srcset=\"https:\/\/www.radiopiu.net\/wordpress\/wp-content\/uploads\/2024\/08\/Canale-dAgordo-300x200.jpg 300w, https:\/\/www.radiopiu.net\/wordpress\/wp-content\/uploads\/2024\/08\/Canale-dAgordo-1024x683.jpg 1024w, https:\/\/www.radiopiu.net\/wordpress\/wp-content\/uploads\/2024\/08\/Canale-dAgordo-768x512.jpg 768w, https:\/\/www.radiopiu.net\/wordpress\/wp-content\/uploads\/2024\/08\/Canale-dAgordo-1536x1024.jpg 1536w, https:\/\/www.radiopiu.net\/wordpress\/wp-content\/uploads\/2024\/08\/Canale-dAgordo-2048x1366.jpg 2048w\" sizes=\"auto, (max-width: 212px) 100vw, 212px\" \/><\/a>CANALE D&#8217;AGORDO <\/strong>La giornata del 26 agosto \u00e8 tradizionalmente dedicata al ricordo di Albino Luciani nel giorno della sua elezione a Sommo Pontefice. In questo giorno cos\u00ec importante a Canale d\u2019Agordo (Belluno) sar\u00e0 celebrata la Santa Messa nel 46\u00b0 anniversario dell\u2019elezione di papa Giovanni Paolo I, dichiarato Beato nel 2022. La funzione si svolger\u00e0 all&#8217;aperto, in piazza Papa Luciani, e sar\u00e0 presieduta da Sua Ecc.za Rev.ma Mons. Renato Marangoni, Vescovo della Diocesi di Belluno-Feltre. La celebrazione sar\u00e0 accompagnata dal Coro Diocesano. Mons. Renato Marangoni ha sottolineato come l\u2019umilt\u00e0 abbia sempre caratterizzato la vita di Giovanni Paolo I fin dalla sua infanzia. In un\u2019intervista infatti racconta: \u00abMi colpisce di Luciani un suo testo di approfondimento e di meditazione in cui, rivolgendosi ai sacerdoti, dice come lui personalmente abbia dovuto lottare perch\u00e9 lui si riprometteva l&#8217;umilt\u00e0, ma poi succedevano situazioni in cui dava spazio al far s\u00ec che le cose andassero bene, alla cosiddetta bella figura finendo allora con l&#8217;interrogarsi se quella fosse vera umilt\u00e0 o una forma di orgoglio. Allora credo che l&#8217;umilt\u00e0 comporti questa doppia dinamica che chiede di liberarsi di alcune tendenze che sono connaturate alla nostra umanit\u00e0, ma senza sfuggire dalla realt\u00e0 e dunque relazionandosi senza travisarla attraverso alcune mediazioni. Questo era l&#8217;intento di Luciani e l&#8217;umilt\u00e0 dunque interessa tutta la sua vita! Non \u00e8 per lui una delle virt\u00f9, ma quella che connota, che caratterizza, che colora tutte le virt\u00f9\u00bb. Il 26 agosto ricorre anche il 45\u00b0 anniversario della visita di Papa Wojtyla a Canale d\u2019Agordo e alla Marmolada. A un anno esatto dall\u2019elezione di Luciani, infatti, Papa Wojtyla volle recarsi in visita proprio nel paese natale del suo predecessore. Memorabili per tutti i canalini le parole pronunciate in quell\u2019occasione: \u00abEgli \u00e8 qui, s\u00ec carissimi fratelli e sorelle di Canale d\u2019Agordo, egli \u00e8 qui! Col suo insegnamento, col suo esempio, col suo sorriso\u00bb. La pioggia e il maltempo non lo fermarono, e dopo essere stato a Canale d\u2019Agordo il Papa vol\u00f2 sulla montagna pi\u00f9 alta delle Dolomiti, la Marmolada, per omaggiare e dare simbolicamente la sua benedizione a questi luoghi.<\/p>\n<p>&nbsp;<\/p>\n<p>&nbsp;<\/p>\n<p>*********<\/p>\n","protected":false},"excerpt":{"rendered":"<p>****** &nbsp; CANALE D&#8217;AGORDO La giornata del 26 agosto \u00e8 tradizionalmente dedicata al ricordo di Albino Luciani nel giorno della sua elezione a Sommo Pontefice. In questo giorno cos\u00ec importante a Canale d\u2019Agordo (Belluno) sar\u00e0 celebrata la Santa Messa nel 46\u00b0 anniversario dell\u2019elezione di papa Giovanni Paolo I, dichiarato Beato nel 2022. La funzione si&hellip;<\/p>\n","protected":false},"author":4,"featured_media":406763,"comment_status":"closed","ping_status":"closed","sticky":false,"template":"","format":"standard","meta":{"_monsterinsights_skip_tracking":false,"_monsterinsights_sitenote_active":false,"_monsterinsights_sitenote_note":"","_monsterinsights_sitenote_category":0,"footnotes":""},"categories":[51,49],"tags":[],"class_list":["post-406760","post","type-post","status-publish","format-standard","has-post-thumbnail","hentry","category-evidenza-top","category-news-18","category-51","category-49","description-off"],"img_url":"https:\/\/www.radiopiu.net\/wordpress\/wp-content\/uploads\/2024\/08\/Canale-dAgordo-scaled.jpg","_links":{"self":[{"href":"https:\/\/www.radiopiu.net\/wordpress\/wp-json\/wp\/v2\/posts\/406760","targetHints":{"allow":["GET"]}}],"collection":[{"href":"https:\/\/www.radiopiu.net\/wordpress\/wp-json\/wp\/v2\/posts"}],"about":[{"href":"https:\/\/www.radiopiu.net\/wordpress\/wp-json\/wp\/v2\/types\/post"}],"author":[{"embeddable":true,"href":"https:\/\/www.radiopiu.net\/wordpress\/wp-json\/wp\/v2\/users\/4"}],"replies":[{"embeddable":true,"href":"https:\/\/www.radiopiu.net\/wordpress\/wp-json\/wp\/v2\/comments?post=406760"}],"version-history":[{"count":2,"href":"https:\/\/www.radiopiu.net\/wordpress\/wp-json\/wp\/v2\/posts\/406760\/revisions"}],"predecessor-version":[{"id":406836,"href":"https:\/\/www.radiopiu.net\/wordpress\/wp-json\/wp\/v2\/posts\/406760\/revisions\/406836"}],"wp:featuredmedia":[{"embeddable":true,"href":"https:\/\/www.radiopiu.net\/wordpress\/wp-json\/wp\/v2\/media\/406763"}],"wp:attachment":[{"href":"https:\/\/www.radiopiu.net\/wordpress\/wp-json\/wp\/v2\/media?parent=406760"}],"wp:term":[{"taxonomy":"category","embeddable":true,"href":"https:\/\/www.radiopiu.net\/wordpress\/wp-json\/wp\/v2\/categories?post=406760"},{"taxonomy":"post_tag","embeddable":true,"href":"https:\/\/www.radiopiu.net\/wordpress\/wp-json\/wp\/v2\/tags?post=406760"}],"curies":[{"name":"wp","href":"https:\/\/api.w.org\/{rel}","templated":true}]}}