{"id":406771,"date":"2024-08-25T13:07:54","date_gmt":"2024-08-25T11:07:54","guid":{"rendered":"https:\/\/www.radiopiu.net\/wordpress\/?p=406771"},"modified":"2024-08-26T05:26:29","modified_gmt":"2024-08-26T03:26:29","slug":"madonna-del-col-menador-zaia-in-montagna-si-rispetti-la-spiritualita","status":"publish","type":"post","link":"https:\/\/www.radiopiu.net\/wordpress\/madonna-del-col-menador-zaia-in-montagna-si-rispetti-la-spiritualita\/","title":{"rendered":"MADONNA DEL COL MENADOR. ZAIA: IN MONTAGNA SI RISPETTI LA SPIRITUALITA&#8217;"},"content":{"rendered":"<p>******<\/p>\n<p>&nbsp;<\/p>\n<p><a class=\"dt-pswp-item\" href=\"https:\/\/www.radiopiu.net\/wordpress\/wp-content\/uploads\/2024\/08\/Senza-nome-88.png\" data-dt-img-description=\"PRIMA DEL 5 AGOSTO\" data-large_image_width=\"486\" data-large_image_height=\"399\"><img loading=\"lazy\" decoding=\"async\" class=\"wp-image-406484 alignleft\" src=\"https:\/\/www.radiopiu.net\/wordpress\/wp-content\/uploads\/2024\/08\/Senza-nome-88-300x246.png\" alt=\"\" width=\"194\" height=\"159\" srcset=\"https:\/\/www.radiopiu.net\/wordpress\/wp-content\/uploads\/2024\/08\/Senza-nome-88-300x246.png 300w, https:\/\/www.radiopiu.net\/wordpress\/wp-content\/uploads\/2024\/08\/Senza-nome-88.png 486w\" sizes=\"auto, (max-width: 194px) 100vw, 194px\" \/><\/a><strong>VENEZIA <\/strong>&#8220;Esprimo una ferma condanna per l&#8217;atto vandalico perpetrato contro la statua della Madonnina posizionata sul Col Menador nel Bellunese. Come si pu\u00f2 arrivare a &#8216;rapire&#8217; un\u2019immagine sacra, giustificando il gesto con un presunto fastidio che essa causerebbe alla montagna? Questo atto rappresenta non solo un&#8217;offesa ai sentimenti religiosi di molti, ma anche una profonda mancanza di rispetto verso la nostra storia e le tradizioni culturali radicate nelle comunit\u00e0 montane del Veneto. Pur riconoscendo il diritto di ognuno a esprimere le proprie opinioni, \u00e8 fondamentale ricordare che il rispetto reciproco \u00e8 il pilastro di una convivenza civile. Gi\u00f9 le mani dai simboli sacri&#8221;, dichiara il Presidente del Veneto, Luca Zaia.\u00a0 &#8220;Le montagne sono un luogo di incontro, riflessione e spiritualit\u00e0, spazi aperti a tutte le fedi e credenze. Non \u00e8 la presenza di una Madonnina a deturpare la bellezza incontaminata delle nostre vette; sono piuttosto i gesti irrispettosi e provocatori a violare la sacralit\u00e0 di questi luoghi. Le nostre montagne devono essere preservate non solo nella loro dimensione naturale e paesaggistica, ma anche come spazi di libert\u00e0 spirituale, dove ogni individuo pu\u00f2 trovare il proprio conforto e i propri simboli di riferimento&#8221;, prosegue Zaia.\u00a0 &#8220;Sono convinto che la maggioranza delle persone condivida l&#8217;idea che le diversit\u00e0 debbano essere fonte di arricchimento reciproco e non di conflitto. Rimuovere o danneggiare un simbolo religioso \u00e8 un atto che ferisce non solo i credenti, ma anche coloro che vedono in quei simboli una parte della propria identit\u00e0 culturale e storica. Le azioni di censura contro tali simboli sono inaccettabili e devono essere condannate con fermezza, poich\u00e9 minano la coesione e il rispetto che dovrebbero caratterizzare la nostra societ\u00e0. Faccio appello a tutti i cittadini, credenti e non credenti, affinch\u00e9 si uniscano in una riflessione comune sull\u2019importanza del rispetto e della tolleranza. Le nostre montagne, patrimonio di bellezza e spiritualit\u00e0, devono rimanere luoghi incontaminati anche nello spirito, liberi da azioni che seminano divisione e conflitto&#8221;. Con queste parole, il Presidente della Regione Veneto, Luca Zaia, sollecita un\u2019indagine approfondita per identificare gli autori di questo gesto e ribadisce l&#8217;importanza di preservare i valori fondamentali di rispetto e convivenza pacifica che da sempre caratterizzano le comunit\u00e0 montane del Veneto.<\/p>\n<p>&nbsp;<\/p>\n<p>&nbsp;<\/p>\n<p>*********<\/p>\n","protected":false},"excerpt":{"rendered":"<p>****** &nbsp; VENEZIA &#8220;Esprimo una ferma condanna per l&#8217;atto vandalico perpetrato contro la statua della Madonnina posizionata sul Col Menador nel Bellunese. Come si pu\u00f2 arrivare a &#8216;rapire&#8217; un\u2019immagine sacra, giustificando il gesto con un presunto fastidio che essa causerebbe alla montagna? Questo atto rappresenta non solo un&#8217;offesa ai sentimenti religiosi di molti, ma anche&hellip;<\/p>\n","protected":false},"author":4,"featured_media":406484,"comment_status":"closed","ping_status":"closed","sticky":false,"template":"","format":"standard","meta":{"_monsterinsights_skip_tracking":false,"_monsterinsights_sitenote_active":false,"_monsterinsights_sitenote_note":"","_monsterinsights_sitenote_category":0,"footnotes":""},"categories":[51,49],"tags":[],"class_list":["post-406771","post","type-post","status-publish","format-standard","has-post-thumbnail","hentry","category-evidenza-top","category-news-18","category-51","category-49","description-off"],"img_url":"https:\/\/www.radiopiu.net\/wordpress\/wp-content\/uploads\/2024\/08\/Senza-nome-88.png","_links":{"self":[{"href":"https:\/\/www.radiopiu.net\/wordpress\/wp-json\/wp\/v2\/posts\/406771","targetHints":{"allow":["GET"]}}],"collection":[{"href":"https:\/\/www.radiopiu.net\/wordpress\/wp-json\/wp\/v2\/posts"}],"about":[{"href":"https:\/\/www.radiopiu.net\/wordpress\/wp-json\/wp\/v2\/types\/post"}],"author":[{"embeddable":true,"href":"https:\/\/www.radiopiu.net\/wordpress\/wp-json\/wp\/v2\/users\/4"}],"replies":[{"embeddable":true,"href":"https:\/\/www.radiopiu.net\/wordpress\/wp-json\/wp\/v2\/comments?post=406771"}],"version-history":[{"count":1,"href":"https:\/\/www.radiopiu.net\/wordpress\/wp-json\/wp\/v2\/posts\/406771\/revisions"}],"predecessor-version":[{"id":406773,"href":"https:\/\/www.radiopiu.net\/wordpress\/wp-json\/wp\/v2\/posts\/406771\/revisions\/406773"}],"wp:featuredmedia":[{"embeddable":true,"href":"https:\/\/www.radiopiu.net\/wordpress\/wp-json\/wp\/v2\/media\/406484"}],"wp:attachment":[{"href":"https:\/\/www.radiopiu.net\/wordpress\/wp-json\/wp\/v2\/media?parent=406771"}],"wp:term":[{"taxonomy":"category","embeddable":true,"href":"https:\/\/www.radiopiu.net\/wordpress\/wp-json\/wp\/v2\/categories?post=406771"},{"taxonomy":"post_tag","embeddable":true,"href":"https:\/\/www.radiopiu.net\/wordpress\/wp-json\/wp\/v2\/tags?post=406771"}],"curies":[{"name":"wp","href":"https:\/\/api.w.org\/{rel}","templated":true}]}}