{"id":406821,"date":"2024-08-27T04:00:09","date_gmt":"2024-08-27T02:00:09","guid":{"rendered":"https:\/\/www.radiopiu.net\/wordpress\/?p=406821"},"modified":"2024-08-27T05:51:29","modified_gmt":"2024-08-27T03:51:29","slug":"ritrovamento-in-marmolada-misteri-e-verita-storiche-sui-resti-della-grande-guerra","status":"publish","type":"post","link":"https:\/\/www.radiopiu.net\/wordpress\/ritrovamento-in-marmolada-misteri-e-verita-storiche-sui-resti-della-grande-guerra\/","title":{"rendered":"Ritrovamento in Marmolada: Misteri e Verit\u00e0 Storiche sui Resti della Grande Guerra"},"content":{"rendered":"<p>***<\/p>\n<p><strong>DI MIRKO MEZZACASA\u00a0<\/strong><\/p>\n<blockquote><p><em>Dopo il ritrovamento dei resti in Marmolada, sono emerse diverse ipotesi. Per fare chiarezza, abbiamo consultato Santo De Dorigo, esperto e appassionato ricercatore della Grande Guerra, che ha condiviso la sua opinione basata su fatti storici e documenti.<\/em><\/p><\/blockquote>\n<p><strong><a class=\"dt-pswp-item\" href=\"https:\/\/www.radiopiu.net\/wordpress\/wp-content\/uploads\/2024\/08\/3ec86a2c-410b-4886-9a0a-fd3d8c107f69.jpg\" data-dt-img-description=\"\" data-large_image_width=\"1204\" data-large_image_height=\"1600\"><img loading=\"lazy\" decoding=\"async\" class=\"size-medium wp-image-406823 alignleft\" src=\"https:\/\/www.radiopiu.net\/wordpress\/wp-content\/uploads\/2024\/08\/3ec86a2c-410b-4886-9a0a-fd3d8c107f69-226x300.jpg\" alt=\"\" width=\"226\" height=\"300\" srcset=\"https:\/\/www.radiopiu.net\/wordpress\/wp-content\/uploads\/2024\/08\/3ec86a2c-410b-4886-9a0a-fd3d8c107f69-226x300.jpg 226w, https:\/\/www.radiopiu.net\/wordpress\/wp-content\/uploads\/2024\/08\/3ec86a2c-410b-4886-9a0a-fd3d8c107f69-771x1024.jpg 771w, https:\/\/www.radiopiu.net\/wordpress\/wp-content\/uploads\/2024\/08\/3ec86a2c-410b-4886-9a0a-fd3d8c107f69-768x1021.jpg 768w, https:\/\/www.radiopiu.net\/wordpress\/wp-content\/uploads\/2024\/08\/3ec86a2c-410b-4886-9a0a-fd3d8c107f69-1156x1536.jpg 1156w, https:\/\/www.radiopiu.net\/wordpress\/wp-content\/uploads\/2024\/08\/3ec86a2c-410b-4886-9a0a-fd3d8c107f69.jpg 1204w\" sizes=\"auto, (max-width: 226px) 100vw, 226px\" \/><\/a>ROCCA PIETORE <\/strong>Dopo il ritrovamento dei giorni scorsi in Marmolada, abbiamo letto e ascoltato molte versioni. Diverse opinioni sono state espresse, anche sui social. Per fare un po&#8217; di ordine, abbiamo pensato di sentire un parere importante: quello di Santo De Dorigo, addetto al Museo della Marmolada a oltre 3000 metri di quota. Appassionato da sempre e ricercatore delle vicende della Grande Guerra da oltre vent&#8217;anni, \u00e8 anche socio della Societ\u00e0 Storica per la Guerra Bianca. <em>&#8220;Per fare ordine,&#8221; dice Santo, &#8220;ma anche per rispetto dei Caduti, per preservare la memoria della Guerra in Marmolada.&#8221; <\/em>Parlare con Santo \u00e8 sempre un piacere: si respira la sua passione e la sua conoscenza, basata su fatti, dati storici e soprattutto fonti note. Nei giorni del recupero dei resti in Marmolada, Santo De Dorigo non era presente, quindi non entra nel merito dell&#8217;operazione, ma presenta delle tesi importanti. Gli abbiamo chiesto cosa pensa delle ipotesi degli ultimi giorni riguardo alla Brigata Como e ad altre unit\u00e0. <em>&#8220;Mi sento di affermare che la Brigata Como non sia mai stata in Marmolada, nemmeno con unit\u00e0 piccole. N\u00e9 in Marmolada, n\u00e9 sul Col di Lana o sul Sief. Non vi \u00e8 alcun documento in merito.&#8221; (FOTO , tratta da Ghiaccio Rovente, archivio Schiavoni Pellegrinon)<\/em><\/p>\n<div class=\"flex max-w-full flex-col flex-grow\">\n<div class=\"min-h-[20px] text-message flex w-full flex-col items-end gap-2 whitespace-pre-wrap break-words [.text-message+&amp;]:mt-5 overflow-x-auto\" dir=\"auto\" data-message-author-role=\"assistant\" data-message-id=\"8e95cebe-1693-42d6-8231-13fde02d34f6\">\n<div class=\"flex w-full flex-col gap-1 empty:hidden first:pt-[3px]\">\n<div class=\"markdown prose w-full break-words dark:prose-invert dark\">\n<p><strong>Come si spiega allora il colore blu della mostrina?<\/strong><\/p>\n<p><em>&#8220;Potrebbe essere imputabile a qualche fante che, dalla Brigata Como, nel settembre del 1917, sia entrato a far parte del 6\u00b0 reparto d&#8217;assalto appena costituito a Caprile di Alleghe. Forse qualche piccola aliquota di arditi potrebbe essere arrivata in Marmolada a Forcella V, ma nulla di questo \u00e8 documentato. Mi sembra comunque strano che manchi la fiamma nera, elemento distintivo del reparto d&#8217;assalto; sembra impossibile che abbiano mantenuto il colore blu della mostrina senza la fiamma nera, elemento, come detto, distintivo.&#8221;<\/em><\/p>\n<p><strong>Riguardo al colore blu delle mostrine o bianco, cosa pensa dell&#8217;ipotesi fatta sui social della Brigata Marche della divisione di Fanteria? La decima divisione di fanteria, di cui faceva parte la Marche, era presente a Monte Piana, dove ha combattuto valorosamente.<\/strong><\/p>\n<p><em>&#8220;Escludo nel modo pi\u00f9 assoluto che fossero in Marmolada nei primi mesi di guerra e che ci siano stati scontri con morti o feriti. Non risulta da alcuna documentazione. Nessuna traccia, quindi, della presenza della Brigata Marche, che si trasfer\u00ec gi\u00e0 ad ottobre 1915 sul fronte isontino.&#8221;<\/em><\/p>\n<p><strong><a class=\"dt-pswp-item\" href=\"https:\/\/www.radiopiu.net\/wordpress\/wp-content\/uploads\/2024\/08\/file.jpg\" data-dt-img-description=\"\" data-large_image_width=\"640\" data-large_image_height=\"640\"><img loading=\"lazy\" decoding=\"async\" class=\"size-medium wp-image-406825 alignright\" src=\"https:\/\/www.radiopiu.net\/wordpress\/wp-content\/uploads\/2024\/08\/file-300x300.jpg\" alt=\"\" width=\"300\" height=\"300\" srcset=\"https:\/\/www.radiopiu.net\/wordpress\/wp-content\/uploads\/2024\/08\/file-300x300.jpg 300w, https:\/\/www.radiopiu.net\/wordpress\/wp-content\/uploads\/2024\/08\/file-150x150.jpg 150w, https:\/\/www.radiopiu.net\/wordpress\/wp-content\/uploads\/2024\/08\/file.jpg 640w\" sizes=\"auto, (max-width: 300px) 100vw, 300px\" \/><\/a>E in merito alla Brigata Parma?<\/strong><\/p>\n<p><em>&#8220;S\u00ec, ho sentito che si \u00e8 accennato anche a questa. Forse qualche elemento \u00e8 stato inviato, ma sul Passo Ombrettola, quando la prima divisione di Fanteria (brigate Parma e Basilicata) era sul Col di Lana e in Val del Biois nell&#8217;autunno 1915. \u00c8 un arrampicarsi sugli specchi pensare ad elementi della Parma. In quel periodo, chi pattugliava il ghiacciaio in maniera alpinistica e con grandi capacit\u00e0 tecniche era piuttosto il Plotone Autonomo del Settimo Alpini.&#8221;<\/em><\/p>\n<p><strong>Con Santo De Dorigo proviamo a tornare di nuovo sul tema delle mostrine.<\/strong><\/p>\n<p><em>&#8220;Dalle foto che ho visto anche sui social, mi sono fatto un&#8217;opinione: quel colore blu copre solo parte della mostrina, non tutta, invade altre aree di tessuto e copre la stelletta modello 1902 da truppa. Sono quindi dell&#8217;idea che quella sia una semplice macchia; sono passati pi\u00f9 di 100 anni da allora. Potrebbe essere stata una matita copiativa che si \u00e8 sciolta, producendo le macchie, una delle tante ipotesi.&#8221;<br \/>\n<\/em>(FOTO SANTO DE DORIGO)<\/p>\n<p><strong>\u00a0Cosa bisogna guardare, quindi?<\/strong><\/p>\n<p><em>&#8220;Quello che c&#8217;\u00e8 sotto il blu. Per quanto sbiadito, si vede il verde: quello della Brigata Alpi, protagonista con i suoi fanti, con i suoi soldati, di tutte le vicende di guerra in Marmolada e sul Col di Lana, soprattutto sul ghiacciaio. Quindi, per me, le mostrine sono verdi&#8230; macchiate di blu. In ogni modo, mi risulta siano state ritrovate le mostrine di un fante, non di due. A rigore, possiamo parlare di un Caduto appartenente a quella Brigata.&#8221;<\/em><\/p>\n<p><strong>Ammesso quindi che fosse un fante (se non due), anche in riferimento alla documentazione bibliografica, ai diari storici e ai testi sulla guerra in Marmolada, cominciamo a ragionare sulla Brigata Alpi.<\/strong><\/p>\n<p><em>&#8220;Il sito del ritrovamento \u00e8 in fondo alla lingua di ghiaccio, ma non \u00e8 il sito di morte. I corpi sono scesi con la colata di ghiaccio, uno spostamento di almeno un chilometro. Escludo che il sito di ritrovamento fosse quello della morte. Gli scontri sono infatti avvenuti attorno a Forcella V. La Brigata Alpi non ha contato molti morti, alcune decine non di pi\u00f9; non si parla di luoghi con migliaia di caduti come il Col di Lana. Con una ricerca sugli archivi, incrociata con il controllo degli elenchi dei soldati sepolti ai Sacrari di Pocol, di Pian di Salesei e di Trento, \u00e8 possibile impostare un database con una griglia di nomi di caduti non recuperati, utile in caso di ritrovamento. Tra questi, quello del Tenente Rosso, dei suoi fanti scomparsi a seguito della mina del 26 settembre 1917 e alcune decine di caduti tra giugno e luglio 1916.&#8221;<\/em><\/p>\n<p><strong>Ribadisce quindi la tesi che i resti possano appartenere a quei fanti?<\/strong><\/p>\n<p><em>&#8220;La mia tesi ribadisce questo: che i due soldati siano fanti della Brigata Alpi, caduti nella notte tra il 17 e 18 giugno 1916 durante l&#8217;attacco alla Forcella a Vu e durante le azioni di inizio luglio nella stessa zona, episodi ben descritti nei testi noti.&#8221;<\/em><\/p>\n<p><strong><a class=\"dt-pswp-item\" href=\"https:\/\/www.radiopiu.net\/wordpress\/wp-content\/uploads\/2024\/08\/21742232-d5c8-4395-99fd-0d5bdbe840f7.jpg\" data-dt-img-description=\"\" data-large_image_width=\"1204\" data-large_image_height=\"1600\"><img loading=\"lazy\" decoding=\"async\" class=\"size-medium wp-image-406822 alignleft\" src=\"https:\/\/www.radiopiu.net\/wordpress\/wp-content\/uploads\/2024\/08\/21742232-d5c8-4395-99fd-0d5bdbe840f7-226x300.jpg\" alt=\"\" width=\"226\" height=\"300\" srcset=\"https:\/\/www.radiopiu.net\/wordpress\/wp-content\/uploads\/2024\/08\/21742232-d5c8-4395-99fd-0d5bdbe840f7-226x300.jpg 226w, https:\/\/www.radiopiu.net\/wordpress\/wp-content\/uploads\/2024\/08\/21742232-d5c8-4395-99fd-0d5bdbe840f7-771x1024.jpg 771w, https:\/\/www.radiopiu.net\/wordpress\/wp-content\/uploads\/2024\/08\/21742232-d5c8-4395-99fd-0d5bdbe840f7-768x1021.jpg 768w, https:\/\/www.radiopiu.net\/wordpress\/wp-content\/uploads\/2024\/08\/21742232-d5c8-4395-99fd-0d5bdbe840f7-1156x1536.jpg 1156w, https:\/\/www.radiopiu.net\/wordpress\/wp-content\/uploads\/2024\/08\/21742232-d5c8-4395-99fd-0d5bdbe840f7.jpg 1204w\" sizes=\"auto, (max-width: 226px) 100vw, 226px\" \/><\/a>Ha accennato a un database, di cosa si tratta?<\/strong><\/p>\n<p><em>&#8220;Ho creato un elenco con dati anagrafici dei caduti, paese d&#8217;origine, reparto, cause della morte, luogo di sepoltura, eventuali decorazioni e altre note. Le fonti sono tutte le pubblicazioni della Grande Guerra nel settore Marmolada, gli Albi d&#8217;Oro, gli atti di morte e i ruoli matricolari con dati fisici (torace, altezza, dentatura). Dati importanti per una successiva identificazione.&#8221;<\/em><\/p>\n<p><strong>Tornando alle azioni del giugno-luglio 1916, cosa riporta il database?<\/strong><\/p>\n<p><em>&#8220;Dal 18 giugno al 4 luglio 1916 figurano una decina di fanti non recuperati, due ufficiali, un sergente medaglia d&#8217;argento e due alpini. Essi possono essere stati recuperati e sepolti come caduti ignoti, anche dagli austriaci, ma potrebbero essere ancora nel ghiacciaio.&#8221;<\/em><\/p>\n<p><em>Come definisce questo ritrovamento?<\/em><\/p>\n<p><em>&#8220;Assolutamente straordinario. Il sogno rimane quello di poter affiancare un nome a queste salme. Sarebbe un risultato di alto valore che darebbe lustro alla Marmolada, al territorio e soprattutto al valore dei soldati, che erano uomini dai 20 ai 30 anni, confrontatisi con coraggio e valore, spesso senza aver mai visto prima un ghiacciaio o le Dolomiti. Per parte mia, sono a completa disposizione per collaborare nelle ricerche per tentare l&#8217;identificazione dei Caduti&#8221;. <\/em><\/p>\n<p>(FOTO, Legenda: 1 Forcella a Vu 2 crepacci terminali 3 Forcella Serauta , cerchio rosso possibile zona morte soldati trattini verdi linea austriaca( la trincea camminamento si intravede sopra i tratti verdi , frecce blu direttrice attacchi italiani ; freccia gialla ipotetica linea trascinamento dei corpi per il movimento del ghiacciaio<\/p>\n<\/div>\n<\/div>\n<\/div>\n<\/div>\n<p>&nbsp;<\/p>\n<h1>ALLA RADIO<\/h1>\n<p><strong>L&#8217;INTERVISTA A SANTO DE DORIGO<\/strong><\/p>\n<audio class=\"wp-audio-shortcode\" id=\"audio-406821-1\" preload=\"none\" style=\"width: 100%;\" controls=\"controls\"><source type=\"audio\/mpeg\" src=\"https:\/\/www.radiopiu.net\/wordpress\/wp-content\/uploads\/2024\/08\/santo-de-dorigo-totale.mp3?_=1\" \/><a href=\"https:\/\/www.radiopiu.net\/wordpress\/wp-content\/uploads\/2024\/08\/santo-de-dorigo-totale.mp3\">https:\/\/www.radiopiu.net\/wordpress\/wp-content\/uploads\/2024\/08\/santo-de-dorigo-totale.mp3<\/a><\/audio>\n<p>&nbsp;<\/p>\n<p>&nbsp;<\/p>\n<p>&nbsp;<\/p>\n<p>&nbsp;<\/p>\n<p>&nbsp;<\/p>\n<div class=\"mt-1 flex gap-3 empty:hidden -ml-2\">\n<div class=\"items-center justify-start rounded-xl p-1 flex\">\n<div class=\"flex items-center\"><button class=\"rounded-lg text-token-text-secondary hover:bg-token-main-surface-secondary\"><br \/>\n<\/button><\/p>\n<div class=\"flex items-center pb-0\"><\/div>\n<div>\n<hr \/>\n<\/div>\n<\/div>\n<\/div>\n<\/div>\n","protected":false},"excerpt":{"rendered":"<p>*** DI MIRKO MEZZACASA\u00a0 Dopo il ritrovamento dei resti in Marmolada, sono emerse diverse ipotesi. Per fare chiarezza, abbiamo consultato Santo De Dorigo, esperto e appassionato ricercatore della Grande Guerra, che ha condiviso la sua opinione basata su fatti storici e documenti. ROCCA PIETORE Dopo il ritrovamento dei giorni scorsi in Marmolada, abbiamo letto e&hellip;<\/p>\n","protected":false},"author":4,"featured_media":406822,"comment_status":"closed","ping_status":"closed","sticky":false,"template":"","format":"standard","meta":{"_monsterinsights_skip_tracking":false,"_monsterinsights_sitenote_active":false,"_monsterinsights_sitenote_note":"","_monsterinsights_sitenote_category":0,"footnotes":""},"categories":[104,49],"tags":[],"class_list":["post-406821","post","type-post","status-publish","format-standard","has-post-thumbnail","hentry","category-evidenza_3","category-news-18","category-104","category-49","description-off"],"img_url":"https:\/\/www.radiopiu.net\/wordpress\/wp-content\/uploads\/2024\/08\/21742232-d5c8-4395-99fd-0d5bdbe840f7.jpg","_links":{"self":[{"href":"https:\/\/www.radiopiu.net\/wordpress\/wp-json\/wp\/v2\/posts\/406821","targetHints":{"allow":["GET"]}}],"collection":[{"href":"https:\/\/www.radiopiu.net\/wordpress\/wp-json\/wp\/v2\/posts"}],"about":[{"href":"https:\/\/www.radiopiu.net\/wordpress\/wp-json\/wp\/v2\/types\/post"}],"author":[{"embeddable":true,"href":"https:\/\/www.radiopiu.net\/wordpress\/wp-json\/wp\/v2\/users\/4"}],"replies":[{"embeddable":true,"href":"https:\/\/www.radiopiu.net\/wordpress\/wp-json\/wp\/v2\/comments?post=406821"}],"version-history":[{"count":4,"href":"https:\/\/www.radiopiu.net\/wordpress\/wp-json\/wp\/v2\/posts\/406821\/revisions"}],"predecessor-version":[{"id":406917,"href":"https:\/\/www.radiopiu.net\/wordpress\/wp-json\/wp\/v2\/posts\/406821\/revisions\/406917"}],"wp:featuredmedia":[{"embeddable":true,"href":"https:\/\/www.radiopiu.net\/wordpress\/wp-json\/wp\/v2\/media\/406822"}],"wp:attachment":[{"href":"https:\/\/www.radiopiu.net\/wordpress\/wp-json\/wp\/v2\/media?parent=406821"}],"wp:term":[{"taxonomy":"category","embeddable":true,"href":"https:\/\/www.radiopiu.net\/wordpress\/wp-json\/wp\/v2\/categories?post=406821"},{"taxonomy":"post_tag","embeddable":true,"href":"https:\/\/www.radiopiu.net\/wordpress\/wp-json\/wp\/v2\/tags?post=406821"}],"curies":[{"name":"wp","href":"https:\/\/api.w.org\/{rel}","templated":true}]}}