{"id":406830,"date":"2024-08-26T05:22:25","date_gmt":"2024-08-26T03:22:25","guid":{"rendered":"https:\/\/www.radiopiu.net\/wordpress\/?p=406830"},"modified":"2024-08-26T14:19:19","modified_gmt":"2024-08-26T12:19:19","slug":"muore-durante-le-vacanze-in-albania-sedico-piange-alessia-vidotto","status":"publish","type":"post","link":"https:\/\/www.radiopiu.net\/wordpress\/muore-durante-le-vacanze-in-albania-sedico-piange-alessia-vidotto\/","title":{"rendered":"Muore durante le vacanze in Albania: Sedico piange Alessia Vidotto"},"content":{"rendered":"<p>**<\/p>\n<p>&nbsp;<\/p>\n<p><strong>BELLUNO <a class=\"dt-pswp-item\" href=\"https:\/\/www.radiopiu.net\/wordpress\/wp-content\/uploads\/2024\/08\/Senza-nome-93.png\" data-dt-img-description=\"\" data-large_image_width=\"542\" data-large_image_height=\"509\"><img loading=\"lazy\" decoding=\"async\" class=\"wp-image-406828 alignleft\" src=\"https:\/\/www.radiopiu.net\/wordpress\/wp-content\/uploads\/2024\/08\/Senza-nome-93-300x282.png\" alt=\"\" width=\"144\" height=\"135\" srcset=\"https:\/\/www.radiopiu.net\/wordpress\/wp-content\/uploads\/2024\/08\/Senza-nome-93-300x282.png 300w, https:\/\/www.radiopiu.net\/wordpress\/wp-content\/uploads\/2024\/08\/Senza-nome-93.png 542w\" sizes=\"auto, (max-width: 144px) 100vw, 144px\" \/><\/a><\/strong> Alessia Vidotto, originaria di Sedico, residente a Belluno,\u00a0 38 anni, \u00e8 morta improvvisamente il 15 agosto mentre era in vacanza in Albania con il compagno Eroldi e il figlio Leo di un anno e mezzo. Inizialmente debilitata, \u00e8 stata ricoverata per un sospetto Covid che si \u00e8 aggravato in miocardite. Nonostante il trasferimento d&#8217;urgenza a Tirana, Alessia \u00e8 deceduta. La sua famiglia, i genitori Elga e Roberto, la sorella Veronica e il compagno, sono distrutti. Alessia era una persona riservata e gentile, amata da tutti. L&#8217;ultimo saluto si terr\u00e0 domani a Belluno, \u00a0alle 15 nella casa del commiato Caldart in via Cappellari. Da qui la salma proseguir\u00e0 per il cimitero di Prade. \u2014.<\/p>\n<p>&nbsp;<\/p>\n<p>FOTO CORRIERE DELLE ALPI<\/p>\n<p>&nbsp;<\/p>\n<p>&nbsp;<\/p>\n<hr \/>\n<p>&nbsp;<\/p>\n","protected":false},"excerpt":{"rendered":"<p>** &nbsp; BELLUNO Alessia Vidotto, originaria di Sedico, residente a Belluno,\u00a0 38 anni, \u00e8 morta improvvisamente il 15 agosto mentre era in vacanza in Albania con il compagno Eroldi e il figlio Leo di un anno e mezzo. Inizialmente debilitata, \u00e8 stata ricoverata per un sospetto Covid che si \u00e8 aggravato in miocardite. Nonostante il&hellip;<\/p>\n","protected":false},"author":4,"featured_media":406828,"comment_status":"closed","ping_status":"closed","sticky":false,"template":"","format":"standard","meta":{"_monsterinsights_skip_tracking":false,"_monsterinsights_sitenote_active":false,"_monsterinsights_sitenote_note":"","_monsterinsights_sitenote_category":0,"footnotes":""},"categories":[51,49],"tags":[],"class_list":["post-406830","post","type-post","status-publish","format-standard","has-post-thumbnail","hentry","category-evidenza-top","category-news-18","category-51","category-49","description-off"],"img_url":"https:\/\/www.radiopiu.net\/wordpress\/wp-content\/uploads\/2024\/08\/Senza-nome-93.png","_links":{"self":[{"href":"https:\/\/www.radiopiu.net\/wordpress\/wp-json\/wp\/v2\/posts\/406830","targetHints":{"allow":["GET"]}}],"collection":[{"href":"https:\/\/www.radiopiu.net\/wordpress\/wp-json\/wp\/v2\/posts"}],"about":[{"href":"https:\/\/www.radiopiu.net\/wordpress\/wp-json\/wp\/v2\/types\/post"}],"author":[{"embeddable":true,"href":"https:\/\/www.radiopiu.net\/wordpress\/wp-json\/wp\/v2\/users\/4"}],"replies":[{"embeddable":true,"href":"https:\/\/www.radiopiu.net\/wordpress\/wp-json\/wp\/v2\/comments?post=406830"}],"version-history":[{"count":3,"href":"https:\/\/www.radiopiu.net\/wordpress\/wp-json\/wp\/v2\/posts\/406830\/revisions"}],"predecessor-version":[{"id":406923,"href":"https:\/\/www.radiopiu.net\/wordpress\/wp-json\/wp\/v2\/posts\/406830\/revisions\/406923"}],"wp:featuredmedia":[{"embeddable":true,"href":"https:\/\/www.radiopiu.net\/wordpress\/wp-json\/wp\/v2\/media\/406828"}],"wp:attachment":[{"href":"https:\/\/www.radiopiu.net\/wordpress\/wp-json\/wp\/v2\/media?parent=406830"}],"wp:term":[{"taxonomy":"category","embeddable":true,"href":"https:\/\/www.radiopiu.net\/wordpress\/wp-json\/wp\/v2\/categories?post=406830"},{"taxonomy":"post_tag","embeddable":true,"href":"https:\/\/www.radiopiu.net\/wordpress\/wp-json\/wp\/v2\/tags?post=406830"}],"curies":[{"name":"wp","href":"https:\/\/api.w.org\/{rel}","templated":true}]}}