{"id":406847,"date":"2024-08-26T07:55:17","date_gmt":"2024-08-26T05:55:17","guid":{"rendered":"https:\/\/www.radiopiu.net\/wordpress\/?p=406847"},"modified":"2024-08-26T07:59:04","modified_gmt":"2024-08-26T05:59:04","slug":"dal-1983-la-rassegna-stampa-locale-di-mirko-mezzacasa-40","status":"publish","type":"post","link":"https:\/\/www.radiopiu.net\/wordpress\/dal-1983-la-rassegna-stampa-locale-di-mirko-mezzacasa-40\/","title":{"rendered":"dal 1983 la rassegna stampa locale di mirko mezzacasa"},"content":{"rendered":"<p><a class=\"dt-pswp-item\" href=\"https:\/\/www.radiopiu.net\/wordpress\/wp-content\/uploads\/2024\/08\/cd6e52f7-fff9-4d7f-ad1c-8c0be89774b9.jpg\" data-dt-img-description=\"\" data-large_image_width=\"899\" data-large_image_height=\"1596\"><img loading=\"lazy\" decoding=\"async\" class=\"wp-image-406844 alignleft\" src=\"https:\/\/www.radiopiu.net\/wordpress\/wp-content\/uploads\/2024\/08\/cd6e52f7-fff9-4d7f-ad1c-8c0be89774b9-169x300.jpg\" alt=\"\" width=\"90\" height=\"160\" srcset=\"https:\/\/www.radiopiu.net\/wordpress\/wp-content\/uploads\/2024\/08\/cd6e52f7-fff9-4d7f-ad1c-8c0be89774b9-169x300.jpg 169w, https:\/\/www.radiopiu.net\/wordpress\/wp-content\/uploads\/2024\/08\/cd6e52f7-fff9-4d7f-ad1c-8c0be89774b9-577x1024.jpg 577w, https:\/\/www.radiopiu.net\/wordpress\/wp-content\/uploads\/2024\/08\/cd6e52f7-fff9-4d7f-ad1c-8c0be89774b9-768x1363.jpg 768w, https:\/\/www.radiopiu.net\/wordpress\/wp-content\/uploads\/2024\/08\/cd6e52f7-fff9-4d7f-ad1c-8c0be89774b9-865x1536.jpg 865w, https:\/\/www.radiopiu.net\/wordpress\/wp-content\/uploads\/2024\/08\/cd6e52f7-fff9-4d7f-ad1c-8c0be89774b9.jpg 899w\" sizes=\"auto, (max-width: 90px) 100vw, 90px\" \/><\/a>OGGI ALLA RADIO&#8230;. ALLE 4 E ALLE 6 LE NOTIZIE DALL&#8217;ITALIA E DAL MONDO 6.15 PIROLE DE LENGA A CURA DEL MUSLA 7.20 EL BAL DEL FIORI, DETTI E TRADIZIONI DI GIULIANA DA RONCH 8.05 LA RASSEGNA STAMPA LOCALE 8.30\u00a0 PIU SIAMO, MARINA DONA\u00a0 900\u00a0 OGGI COME IERI DI SILVIA BALDO 9.30 I RACCONTI DI PAOLO SOPPELSA 9.40 VIABILITA&#8217; CON BOTOL CAR SERVICE (AGORDO-SEDICO-FELTRE)\u00a0 10 30\u00a0 SPECIALE RITROVAMENTI IN MARMOLADA CON SANTO DE DORIGO\u00a0 12.00 VA TUTTO LISCIO\u00a0 12.30 GIORNALE RADIO PRINCIPALE\u00a0 13.10 INDIA ITALIA IN BICICLETTA, 27ESIMA PUNTATA\u00a0 \u00a013.20 TRE PEZZI DI MARINA DONA&#8217; 14.00\u00a0 ZAINO IN SPALLA CON CLAUDIO PRA ED EVA GABRIELI\u00a015.00\u00a0 RITRATTI SONORI CON ALESSIA DALL&#8217;O ospite LINO SELVATICO 16 IL ROCK DI MARCO COSTANTINI 1645 LE HIT DI MIRCO BENCIVENNI 18.00 PIU&#8217; DANCE LE SELEZIONI CHE FANNO SALTARE DI DJ JACK, JACOPO DEL TEDESCO\u00a019 LE ANTICIPAZIONI DAL TG DI ANTENNA 3 DI TIZIANA BOLOGNANI<\/p>\n<p>&nbsp;<\/p>\n<p>&nbsp;<\/p>\n<p><iframe loading=\"lazy\" title=\"DAL 1983 LA RASSEGNA STAMPA LOCALE di mirko mezzacasa. L&#039;ORIGINALE\" width=\"1200\" height=\"675\" src=\"https:\/\/www.youtube.com\/embed\/OXe5LBIAr6Q?feature=oembed\" frameborder=\"0\" allow=\"accelerometer; autoplay; clipboard-write; encrypted-media; gyroscope; picture-in-picture; web-share\" referrerpolicy=\"strict-origin-when-cross-origin\" allowfullscreen><\/iframe><\/p>\n<p><a class=\"dt-pswp-item\" href=\"https:\/\/www.radiopiu.net\/wordpress\/wp-content\/uploads\/2024\/08\/Senza-nome-94.png\" data-dt-img-description=\"\" data-large_image_width=\"394\" data-large_image_height=\"259\"><img loading=\"lazy\" decoding=\"async\" class=\"size-medium wp-image-406829 alignleft\" src=\"https:\/\/www.radiopiu.net\/wordpress\/wp-content\/uploads\/2024\/08\/Senza-nome-94-300x197.png\" alt=\"\" width=\"300\" height=\"197\" srcset=\"https:\/\/www.radiopiu.net\/wordpress\/wp-content\/uploads\/2024\/08\/Senza-nome-94-300x197.png 300w, https:\/\/www.radiopiu.net\/wordpress\/wp-content\/uploads\/2024\/08\/Senza-nome-94.png 394w\" sizes=\"auto, (max-width: 300px) 100vw, 300px\" \/><\/a>Muore durante le vacanze in Albania: Sedico piange Alessia Vidotto<br \/>\nSEDICO Alessia Vidotto, 38 anni, \u00e8 morta improvvisamente il 15 agosto mentre era in vacanza in Albania con il compagno Eroldi e il figlio Leo di un anno e mezzo. Inizialmente debilitata, \u00e8 stata ricoverata per un sospetto Covid che si \u00e8 aggravato in miocardite. Nonostante il trasferimento d&#8217;urgenza a Tirana, Alessia \u00e8 deceduta. La sua famiglia, i genitori Elga e Roberto, la sorella Veronica e il compagno, sono distrutti. Alessia era una persona riservata e gentile, amata da tutti. L&#8217;ultimo saluto si terr\u00e0 domani a Sedico, \u00a0alle 15 nella casa del commiato Caldart in via Cappellari. Da qui la salma proseguir\u00e0 per il cimitero di Prade.\u00a0ACQUA NON POTABILE A FALCADE, CENCENIGHE E VALLADA<br \/>\nA Falcade in Via Cime D\u2019Auta l\u2019acqua erogata dall\u2019acquedotto non \u00e8 potabile e pu\u00f2 essere usata per scopi alimentari solo previa bollitura. Verr\u00e0 effettuato servizio sostitutivo con cisterna c\/o parcheggio Ristorante Pizzeria Livia. A Vallada Agordina nelle localit\u00e0 Toffol, Sacchet, Celat e Mas l&#8217;acqua erogata dall&#8217;acquedotto non \u00e8 potabile e pu\u00f2 essere usata per scopi alimentari solo previa bollitura. Verr\u00e0 effettuato servizio sostitutivo con autobotte vicino alla Chiesa di Celat. A Cencenighe in localit\u00e0 Pr\u00e0 Di Mezzo, Fa\u00e8, Vare Basse e Luxottica l&#8217;acqua erogata dall&#8217;acquedotto non \u00e8 potabile. Verr\u00e0 effettuato servizio sostitutivo con cisterna in localit\u00e0 Pr\u00e0 di Mezzo e Fa\u00e8.<\/p>\n<p>DA OGGI CHIUDE DI NUOVO LA 563 DEI SALESEI A DIGONERA<br \/>\nREDAZIONE Con la fine delle vacanze estive, la Sp 563 di Salesei chiude di nuovo al traffico. La strada verr\u00e0 interdetta in localit\u00e0 Digonera fino al 6 settembre. La chiusura avverr\u00e0 dal luned\u00ec al venerd\u00ec, dalle 7 alle 18. Negli altri orari verr\u00e0 istituito un senso unico alternato regolato da impianto semaforico e limite di velocit\u00e0 a 30 km\/h, sabati e domeniche compresi.<\/p>\n<p><a class=\"dt-pswp-item\" href=\"https:\/\/www.radiopiu.net\/wordpress\/wp-content\/uploads\/2024\/08\/Senza-nome-95.png\" data-dt-img-description=\"\" data-large_image_width=\"458\" data-large_image_height=\"178\"><img loading=\"lazy\" decoding=\"async\" class=\"size-medium wp-image-406832 alignleft\" src=\"https:\/\/www.radiopiu.net\/wordpress\/wp-content\/uploads\/2024\/08\/Senza-nome-95-300x117.png\" alt=\"\" width=\"300\" height=\"117\" srcset=\"https:\/\/www.radiopiu.net\/wordpress\/wp-content\/uploads\/2024\/08\/Senza-nome-95-300x117.png 300w, https:\/\/www.radiopiu.net\/wordpress\/wp-content\/uploads\/2024\/08\/Senza-nome-95.png 458w\" sizes=\"auto, (max-width: 300px) 100vw, 300px\" \/><\/a>Scontro tra due moto<br \/>\nLIMANA\u00a0 \u00a0due moto si sono scontrate all&#8217;altezza di La Cal\u00a0 causando tre feriti lievi, trasportati all&#8217;ospedale Belluno. Sul posto sono intervenuti i Vigili del fuoco. D. F, 40enne di Fonzaso, insieme ad una donna 34enne, stava viaggiando sulla strada che da Feltre porta a Belluno. Arrivati in localit\u00e0 La Cal, il violento impatto: una bikers 50enne stava uscendo dal distributore di benzina: la donna avrebbe tagliato la strada per entrare nella carreggiata in direzione opposta ed \u00e8 in quel momento che \u00e8 avvenuto lo scontro<\/p>\n<p>ANZIANO INVESTITO AD AURONZO<br \/>\nREDAZIONE Una mattinata, quella di sabato, senza attimi di pausa per il personale del Suem 118 che ha lavorato incessantemente su tutta la provincia. Oltre al tamponamento alle porte di Agordo, poco prima delle 9 la centrale \u00e8 stata allertata per un incidente a Busche. Soccorse due donne, di 19 e 66 anni, che sono state portate all&#8217;ospedale di Feltre con ferite di media gravit\u00e0. Ad Auronzo un 71enne originario di Venezia \u00e8 stato investito. Prontamente assistito dal personale dell&#8217;ambulanza di Santo Stefano, l&#8217;uomo \u00e8 stato portato al nosocomio di Pieve di Cadore. Sempre ad Auronzo un uomo di 69 anni \u00e8 stato preso in cura per un malore ed elitrasportato a Belluno.<\/p>\n<p>MADONNA DEL COL MENADOR. ZAIA: IN MONTAGNA SI RISPETTI LA SPIRITUALITA&#8217;<br \/>\nVENEZIA Il Presidente del Veneto, Luca Zaia, ha condannato fermamente l&#8217;atto vandalico contro la statua della Madonnina sul Col Menador, definendolo un&#8217;offesa ai sentimenti religiosi e un gesto irrispettoso verso la storia e le tradizioni culturali delle comunit\u00e0 montane venete. Zaia ha sottolineato l&#8217;importanza del rispetto reciproco e ha dichiarato che le montagne, luoghi di incontro e spiritualit\u00e0, non sono deturpate da simboli religiosi, ma dai gesti provocatori che ne violano la sacralit\u00e0. Ha quindi fatto appello alla tolleranza e alla coesione sociale, chiedendo un&#8217;indagine per individuare i responsabili.<\/p>\n<p><a class=\"dt-pswp-item\" href=\"https:\/\/www.radiopiu.net\/wordpress\/wp-content\/uploads\/2024\/08\/Senza-nome-96.png\" data-dt-img-description=\"\" data-large_image_width=\"510\" data-large_image_height=\"321\"><img loading=\"lazy\" decoding=\"async\" class=\"size-medium wp-image-406833 alignleft\" src=\"https:\/\/www.radiopiu.net\/wordpress\/wp-content\/uploads\/2024\/08\/Senza-nome-96-300x189.png\" alt=\"\" width=\"300\" height=\"189\" srcset=\"https:\/\/www.radiopiu.net\/wordpress\/wp-content\/uploads\/2024\/08\/Senza-nome-96-300x189.png 300w, https:\/\/www.radiopiu.net\/wordpress\/wp-content\/uploads\/2024\/08\/Senza-nome-96.png 510w\" sizes=\"auto, (max-width: 300px) 100vw, 300px\" \/><\/a>Chiusura della Linea Belluno-Castelfranco: To\u00ecgo (Uil Veneto) Chiede Soluzioni Immediate<br \/>\nBELLUNO La chiusura della linea ferroviaria Belluno-Castelfranco fino al 7 settembre, con ulteriori interruzioni fino al 2025, sta causando forti disagi nella provincia di Belluno, che ospiter\u00e0 le Olimpiadi invernali tra meno di due anni. Roberto To\u00ecgo, segretario generale di Uil Veneto, critica la mancanza di una programmazione adeguata dei lavori, sottolineando l&#8217;impatto negativo sui pendolari e sulla viabilit\u00e0.<\/p>\n<p>Ritrovamento in Marmolada: Misteri e Verit\u00e0 Storiche sui Resti della Grande Guerra<br \/>\nDopo il ritrovamento dei resti in Marmolada, sono emerse diverse ipotesi. Per fare chiarezza, abbiamo consultato Santo De Dorigo, esperto e appassionato ricercatore della Grande Guerra, che ha condiviso la sua opinione basata su fatti storici e documenti. TUTTI I PARTICOLARI NEL GIORNALE RADIOPIU DI OGGI SUL SITO DI RADIOPIU<br \/>\nSAN TOMASO Consiglio comunale convocato per mercoled\u00ec alle 20. Oltre alla lettura e approvazione dei verbali della seduta precedente, si discuter\u00e0 una variazione urgente al bilancio 2024\/26.<br \/>\nOGGI LA SANTA MESSA A CANALE D&#8217;AGORDO<br \/>\nCANALE D&#8217;AGORDO Oggi si terr\u00e0 a Canale d\u2019Agordo una cerimonia per il 46\u00b0 anniversario dell&#8217;elezione a Pontefice di Papa Luciani, con una S. Messa in piazza. Per garantire sicurezza e ordine pubblico, sar\u00e0 vietato il transito e il parcheggio in alcune zone dalle 16:00 alle 18:00 e sar\u00e0 sospesa la circolazione in tutto il centro abitato. Il divieto di parcheggio sar\u00e0 in vigore dalle 13:00 alle 19:00 nelle piazze Papa Luciani e S. Serafini.<\/p>\n<p>&nbsp;<\/p>\n<p>&nbsp;<\/p>\n<p>&nbsp;<\/p>\n","protected":false},"excerpt":{"rendered":"<p>OGGI ALLA RADIO&#8230;. ALLE 4 E ALLE 6 LE NOTIZIE DALL&#8217;ITALIA E DAL MONDO 6.15 PIROLE DE LENGA A CURA DEL MUSLA 7.20 EL BAL DEL FIORI, DETTI E TRADIZIONI DI GIULIANA DA RONCH 8.05 LA RASSEGNA STAMPA LOCALE 8.30\u00a0 PIU SIAMO, MARINA DONA\u00a0 900\u00a0 OGGI COME IERI DI SILVIA BALDO 9.30 I RACCONTI DI&hellip;<\/p>\n","protected":false},"author":4,"featured_media":406829,"comment_status":"closed","ping_status":"closed","sticky":false,"template":"","format":"standard","meta":{"_monsterinsights_skip_tracking":false,"_monsterinsights_sitenote_active":false,"_monsterinsights_sitenote_note":"","_monsterinsights_sitenote_category":0,"footnotes":""},"categories":[104,49],"tags":[],"class_list":["post-406847","post","type-post","status-publish","format-standard","has-post-thumbnail","hentry","category-evidenza_3","category-news-18","category-104","category-49","description-off"],"img_url":"https:\/\/www.radiopiu.net\/wordpress\/wp-content\/uploads\/2024\/08\/Senza-nome-94.png","_links":{"self":[{"href":"https:\/\/www.radiopiu.net\/wordpress\/wp-json\/wp\/v2\/posts\/406847","targetHints":{"allow":["GET"]}}],"collection":[{"href":"https:\/\/www.radiopiu.net\/wordpress\/wp-json\/wp\/v2\/posts"}],"about":[{"href":"https:\/\/www.radiopiu.net\/wordpress\/wp-json\/wp\/v2\/types\/post"}],"author":[{"embeddable":true,"href":"https:\/\/www.radiopiu.net\/wordpress\/wp-json\/wp\/v2\/users\/4"}],"replies":[{"embeddable":true,"href":"https:\/\/www.radiopiu.net\/wordpress\/wp-json\/wp\/v2\/comments?post=406847"}],"version-history":[{"count":2,"href":"https:\/\/www.radiopiu.net\/wordpress\/wp-json\/wp\/v2\/posts\/406847\/revisions"}],"predecessor-version":[{"id":406854,"href":"https:\/\/www.radiopiu.net\/wordpress\/wp-json\/wp\/v2\/posts\/406847\/revisions\/406854"}],"wp:featuredmedia":[{"embeddable":true,"href":"https:\/\/www.radiopiu.net\/wordpress\/wp-json\/wp\/v2\/media\/406829"}],"wp:attachment":[{"href":"https:\/\/www.radiopiu.net\/wordpress\/wp-json\/wp\/v2\/media?parent=406847"}],"wp:term":[{"taxonomy":"category","embeddable":true,"href":"https:\/\/www.radiopiu.net\/wordpress\/wp-json\/wp\/v2\/categories?post=406847"},{"taxonomy":"post_tag","embeddable":true,"href":"https:\/\/www.radiopiu.net\/wordpress\/wp-json\/wp\/v2\/tags?post=406847"}],"curies":[{"name":"wp","href":"https:\/\/api.w.org\/{rel}","templated":true}]}}