{"id":406855,"date":"2024-08-27T05:42:01","date_gmt":"2024-08-27T03:42:01","guid":{"rendered":"https:\/\/www.radiopiu.net\/wordpress\/?p=406855"},"modified":"2024-08-27T08:34:05","modified_gmt":"2024-08-27T06:34:05","slug":"giornale-radiopiu-27-agosto-2024-direttore-mirko-mezzacasada-41-anni-25-giugno-1983-25-giugno-2024","status":"publish","type":"post","link":"https:\/\/www.radiopiu.net\/wordpress\/giornale-radiopiu-27-agosto-2024-direttore-mirko-mezzacasada-41-anni-25-giugno-1983-25-giugno-2024\/","title":{"rendered":"GIORNALE RADIOPIU 27 AGOSTO 2024 DIRETTORE MIRKO MEZZACASA\u2026DA 41 ANNI 25 GIUGNO 1983-25 GIUGNO 2024"},"content":{"rendered":"<p>*******<\/p>\n<div class=\"page-title-head hgroup\">\n<h1 style=\"text-align: center;\">RADIO PIU&#8217;&#8230; IN DAB NEL VENETO! STIAMO PER ESTENDERE LA RETE, NUOVA RIPETIZIONE DEL SEGNALE A VENEZIA<\/h1>\n<\/div>\n<div style=\"width: 1200px;\" class=\"wp-video\"><video class=\"wp-video-shortcode\" id=\"video-406855-1\" width=\"1200\" height=\"675\" preload=\"metadata\" controls=\"controls\"><source type=\"video\/mp4\" src=\"https:\/\/www.radiopiu.net\/wordpress\/wp-content\/uploads\/2024\/08\/WhatsApp-Video-2024-08-26-at-19.18.47-1.mp4?_=1\" \/><a href=\"https:\/\/www.radiopiu.net\/wordpress\/wp-content\/uploads\/2024\/08\/WhatsApp-Video-2024-08-26-at-19.18.47-1.mp4\">https:\/\/www.radiopiu.net\/wordpress\/wp-content\/uploads\/2024\/08\/WhatsApp-Video-2024-08-26-at-19.18.47-1.mp4<\/a><\/video><\/div>\n<p>&nbsp;<\/p>\n<p><em><span style=\"color: #ff0000;\">ATTENZIONE: LA NUOVA APP PER IOS-IPHONE di Nicola Vettorello <\/span><\/em><a href=\"https:\/\/apps.apple.com\/it\/app\/radio-pi%C3%B9-emittente-agordina\/id1515939845\">https:\/\/apps.apple.com\/it\/app\/radio-pi%C3%B9-emittente-agordina\/id1515939845<\/a><\/p>\n<p><em style=\"color: #ff0000;\">ATTENZIONE: LA NUOVA APP RADIO\u00a0 PER ANDROID di Nicola Vettorello<\/em><\/p>\n<p><a href=\"https:\/\/play.google.com\/store\/apps\/details?id=net.radiopiu.iniko\" target=\"_blank\" rel=\"noopener noreferrer\">https:\/\/play.google.com\/store\/apps\/details?id=net.radiopiu.iniko\u00a0\u00a0\u00a0<\/a><\/p>\n<p>&nbsp;<\/p>\n<p>&nbsp;<\/p>\n<hr \/>\n<p>&nbsp;<\/p>\n<p><strong>OGGI ALLA RADIO&#8230;.<\/strong> <span style=\"color: #ff0000;\">ALLE 4 E ALLE 6<\/span> LE NOTIZIE DALL&#8217;ITALIA E DAL MONDO<span style=\"color: #ff0000;\"> 6.15<\/span> PIROLE DE LENGA A CURA DEL MUSLA<span style=\"color: #ff0000;\"> 7.20<\/span> EL BAL DEL FIORI, DETTI E TRADIZIONI DI GIULIANA DA RONCH <span style=\"color: #ff0000;\">8.05<\/span> LA RASSEGNA STAMPA LOCALE<span style=\"color: #ff0000;\"> 8.30\u00a0<span style=\"color: #000000;\"> PIU SIAMO MARINA DONA&#8217;<\/span> <\/span><span style=\"color: #ff0000;\"><span style=\"color: #000000;\">\u00a0 <span style=\"color: #ff0000;\">900<\/span> LA MUSICA COUNTRY DI ALEX NASCINBEN\u00a0 <\/span><\/span><span style=\"color: #ff0000;\">9.40<\/span> VIABILITA&#8217; CON BOTOL CAR SERVICE (AGORDO-SEDICO-FELTRE)\u00a0 <span style=\"color: #ff0000;\">10 30 <span style=\"color: #000000;\">STORIA, L&#8217;ECCIDIO A CAVIOLA, IL TESTIMONE OCULARE, ANGELO COSTA (FOTO) <\/span><\/span><span style=\"color: #000000;\">\u00a0<\/span>\u00a0<span style=\"color: #ff0000;\">12.00<\/span> VA TUTTO LISCIO\u00a0 <span style=\"color: #ff0000;\">12.30<\/span> GIORNALE RADIO PRINCIPALE\u00a0 <span style=\"color: #ff0000;\">13.10<\/span> FRANCO ROCCON, ASSESSORE COMUNALE A BELLUNO <span style=\"color: #ff0000;\">\u00a013.20 <span style=\"color: #000000;\">TRE PEZZI DI MARINA DONA&#8217;<\/span> <\/span><span style=\"color: #ff0000;\">14.00 <span style=\"color: #000000;\">ZAINO IN SPALLA CON CLAUDIO PRA ED EVA GABRIELI<\/span>\u00a0<\/span><span style=\"color: #ff0000;\">15.00<\/span>\u00a0 PIU MUSICA DI MARINA DONA&#8217;\u00a0 <span style=\"color: #ff0000;\">16<\/span> IL ROCK DI MARCO COSTANTINI <span style=\"color: #ff0000;\">1645<\/span> LE HIT DI MIRCO BENCIVENNI <span style=\"color: #ff0000;\">18.00<\/span> PIU&#8217; DANCE LE SELEZIONI CHE FANNO SALTARE DI DJ JACK, JACOPO DEL TEDESCO\u00a0<span style=\"color: #ff0000;\">19<\/span> LE ANTICIPAZIONI DAL TG DI ANTENNA 3 DI TIZIANA BOLOGNANI<span style=\"color: #ff0000;\">\u00a0<\/span><\/p>\n<p><strong><a class=\"dt-pswp-item\" href=\"https:\/\/www.radiopiu.net\/wordpress\/wp-content\/uploads\/2024\/08\/b56dc598-5ac0-40d2-8118-7b058f9c446f.jpg\" data-dt-img-description=\"\" data-large_image_width=\"1600\" data-large_image_height=\"900\"><img loading=\"lazy\" decoding=\"async\" class=\"size-medium wp-image-406949 aligncenter\" src=\"https:\/\/www.radiopiu.net\/wordpress\/wp-content\/uploads\/2024\/08\/b56dc598-5ac0-40d2-8118-7b058f9c446f-300x169.jpg\" alt=\"\" width=\"300\" height=\"169\" srcset=\"https:\/\/www.radiopiu.net\/wordpress\/wp-content\/uploads\/2024\/08\/b56dc598-5ac0-40d2-8118-7b058f9c446f-300x169.jpg 300w, https:\/\/www.radiopiu.net\/wordpress\/wp-content\/uploads\/2024\/08\/b56dc598-5ac0-40d2-8118-7b058f9c446f-1024x576.jpg 1024w, https:\/\/www.radiopiu.net\/wordpress\/wp-content\/uploads\/2024\/08\/b56dc598-5ac0-40d2-8118-7b058f9c446f-768x432.jpg 768w, https:\/\/www.radiopiu.net\/wordpress\/wp-content\/uploads\/2024\/08\/b56dc598-5ac0-40d2-8118-7b058f9c446f-1536x864.jpg 1536w, https:\/\/www.radiopiu.net\/wordpress\/wp-content\/uploads\/2024\/08\/b56dc598-5ac0-40d2-8118-7b058f9c446f.jpg 1600w\" sizes=\"auto, (max-width: 300px) 100vw, 300px\" \/><\/a><\/strong><\/p>\n<p><strong>rassegna stampa nazionale,<\/strong> ogni giorno alle 5 e alle 6 del mattino<br \/>\ngiornali locali 7 rassegna stampa flash, 8 rassegna stampa, gr flash alle 10 e alle 11, principale 12.30. Informazione pomerIggio alle 15 (speciale) 16, 17, 18. Giornale radio nazionale: ogni ora dalle 5 del mattino, alle 20 della sera.<\/p>\n<p>&nbsp;<\/p>\n<hr \/>\n<p>&nbsp;<\/p>\n<div class=\"x11i5rnm xat24cr x1mh8g0r x1vvkbs xtlvy1s x126k92a\">\n<div dir=\"auto\">\n<div dir=\"auto\">\n<p><strong><a class=\"dt-pswp-item\" href=\"https:\/\/www.radiopiu.net\/wordpress\/wp-content\/uploads\/2024\/02\/2d44e751-d8a8-461b-8e22-d8e4e853b032.jpg\" data-dt-img-description=\"\" data-large_image_width=\"1600\" data-large_image_height=\"1200\"><img loading=\"lazy\" decoding=\"async\" class=\"wp-image-373307 alignleft\" src=\"https:\/\/www.radiopiu.net\/wordpress\/wp-content\/uploads\/2024\/02\/2d44e751-d8a8-461b-8e22-d8e4e853b032-300x225.jpg\" alt=\"\" width=\"105\" height=\"79\" srcset=\"https:\/\/www.radiopiu.net\/wordpress\/wp-content\/uploads\/2024\/02\/2d44e751-d8a8-461b-8e22-d8e4e853b032-300x225.jpg 300w, https:\/\/www.radiopiu.net\/wordpress\/wp-content\/uploads\/2024\/02\/2d44e751-d8a8-461b-8e22-d8e4e853b032-1024x768.jpg 1024w, https:\/\/www.radiopiu.net\/wordpress\/wp-content\/uploads\/2024\/02\/2d44e751-d8a8-461b-8e22-d8e4e853b032-768x576.jpg 768w, https:\/\/www.radiopiu.net\/wordpress\/wp-content\/uploads\/2024\/02\/2d44e751-d8a8-461b-8e22-d8e4e853b032-1536x1152.jpg 1536w, https:\/\/www.radiopiu.net\/wordpress\/wp-content\/uploads\/2024\/02\/2d44e751-d8a8-461b-8e22-d8e4e853b032.jpg 1600w\" sizes=\"auto, (max-width: 105px) 100vw, 105px\" \/><\/a>EL BAL DEL FIOR, DI GIULIANA DA RONCH, 27 AGOSTO<\/strong><strong>\u00a02024<\/strong><\/p>\n<audio class=\"wp-audio-shortcode\" id=\"audio-406855-1\" preload=\"none\" style=\"width: 100%;\" controls=\"controls\"><source type=\"audio\/mpeg\" src=\"https:\/\/www.radiopiu.net\/wordpress\/wp-content\/uploads\/2024\/08\/GMA-3.mp3?_=1\" \/><a href=\"https:\/\/www.radiopiu.net\/wordpress\/wp-content\/uploads\/2024\/08\/GMA-3.mp3\">https:\/\/www.radiopiu.net\/wordpress\/wp-content\/uploads\/2024\/08\/GMA-3.mp3<\/a><\/audio>\n<p>&nbsp;<\/p>\n<p>&nbsp;<\/p>\n<\/div>\n<\/div>\n<hr \/>\n<p>&nbsp;<\/p>\n<p>&nbsp;<\/p>\n<h1><span style=\"color: #ff0000;\"><a class=\"dt-pswp-item\" href=\"https:\/\/www.radiopiu.net\/wordpress\/wp-content\/uploads\/2024\/06\/th-5.jpg\" data-dt-img-description=\"\" data-large_image_width=\"326\" data-large_image_height=\"180\"><img loading=\"lazy\" decoding=\"async\" class=\"size-medium wp-image-395881 alignleft\" src=\"https:\/\/www.radiopiu.net\/wordpress\/wp-content\/uploads\/2024\/06\/th-5-300x166.jpg\" alt=\"\" width=\"300\" height=\"166\" srcset=\"https:\/\/www.radiopiu.net\/wordpress\/wp-content\/uploads\/2024\/06\/th-5-300x166.jpg 300w, https:\/\/www.radiopiu.net\/wordpress\/wp-content\/uploads\/2024\/06\/th-5.jpg 326w\" sizes=\"auto, (max-width: 300px) 100vw, 300px\" \/><\/a><\/span><\/h1>\n<h1><\/h1>\n<h1><\/h1>\n<h1><span style=\"color: #000000;\">27 agosto&#8230; alla radio l&#8217;almanacco\u00a0<\/span><\/h1>\n<p>&nbsp;<\/p>\n<audio class=\"wp-audio-shortcode\" id=\"audio-406855-2\" preload=\"none\" style=\"width: 100%;\" controls=\"controls\"><source type=\"audio\/mpeg\" src=\"https:\/\/www.radiopiu.net\/wordpress\/wp-content\/uploads\/2024\/08\/ALMANACCONEW-21.mp3?_=2\" \/><a href=\"https:\/\/www.radiopiu.net\/wordpress\/wp-content\/uploads\/2024\/08\/ALMANACCONEW-21.mp3\">https:\/\/www.radiopiu.net\/wordpress\/wp-content\/uploads\/2024\/08\/ALMANACCONEW-21.mp3<\/a><\/audio>\n<p>&nbsp;<\/p>\n<div dir=\"auto\">\n<hr \/>\n<\/div>\n<\/div>\n<blockquote>\n<blockquote>\n<h1><span style=\"color: #ff0000;\">\u00a0<\/span><\/h1>\n<h1><span style=\"color: #ff0000;\">I podcast informativi del mattino &#8211; audio &#8211;\u00a0\u00a0<\/span><\/h1>\n<\/blockquote>\n<p><strong><a class=\"dt-pswp-item\" href=\"https:\/\/www.radiopiu.net\/wordpress\/wp-content\/uploads\/2023\/11\/th-10.jpg\" data-dt-img-description=\"\" data-large_image_width=\"320\" data-large_image_height=\"180\"><img loading=\"lazy\" decoding=\"async\" class=\"wp-image-362866 alignleft\" src=\"https:\/\/www.radiopiu.net\/wordpress\/wp-content\/uploads\/2023\/11\/th-10-300x169.jpg\" alt=\"\" width=\"185\" height=\"104\" srcset=\"https:\/\/www.radiopiu.net\/wordpress\/wp-content\/uploads\/2023\/11\/th-10-300x169.jpg 300w, https:\/\/www.radiopiu.net\/wordpress\/wp-content\/uploads\/2023\/11\/th-10.jpg 320w\" sizes=\"auto, (max-width: 185px) 100vw, 185px\" \/><\/a>LA RASSEGNA STAMPA NAZIONALE ALLA RADIO, OGNI GIORNO ALLE 5 E ALLE 6 DEL MATTINO <span style=\"color: #0000ff;\">viene pubblicata alle 6.00 <span style=\"color: #ff0000;\">DIRETTA RADIO\u00a0 \u00a0\u00a0<\/span><\/span><\/strong><\/p><\/blockquote>\n<p>&nbsp;<\/p>\n<p><strong>NOTIZIE DELLA NOTTE\u00a0 \u00a0\u00a0<\/strong><\/p>\n<p><strong>Raid israeliano<\/strong> nel nord di Gaza, nove morti <strong>Tokyo,<\/strong> &#8220;da incursione aereo Cina grave violazione sovranit\u00e0&#8221; <strong>Cina<\/strong>, forte insoddisfazione su dazi Canada a nostre e-car <strong>Decollano bombardieri<\/strong> russi, scatta allarme in Ucraina <strong>Missile russo<\/strong> su hotel a Kryvyi Rih, due morti e 5 dispersi <strong>Guterres<\/strong> lancia &#8216;sos&#8217; globale su innalzamento del Pacifico <strong>Machado,<\/strong> in Venezuela &#8216;si avvicina la fine del regime&#8217; <strong>Biden<\/strong>, la Russia non avr\u00e0 mai successo in Ucraina<\/p>\n<h2>AUDIO dalle 6 del mattino<\/h2>\n<audio class=\"wp-audio-shortcode\" id=\"audio-406855-3\" preload=\"none\" style=\"width: 100%;\" controls=\"controls\"><source type=\"audio\/mpeg\" src=\"https:\/\/www.radiopiu.net\/wordpress\/wp-content\/uploads\/2024\/08\/GIORNALEDELLESEI-20.mp3?_=3\" \/><a href=\"https:\/\/www.radiopiu.net\/wordpress\/wp-content\/uploads\/2024\/08\/GIORNALEDELLESEI-20.mp3\">https:\/\/www.radiopiu.net\/wordpress\/wp-content\/uploads\/2024\/08\/GIORNALEDELLESEI-20.mp3<\/a><\/audio>\n<p>&nbsp;<\/p>\n<p>&nbsp;<\/p>\n<hr \/>\n<p>&nbsp;<\/p>\n<h1 style=\"text-align: center;\"><span style=\"color: #ff0000;\">I podcast informativi del mattino &#8211; audio &#8211;\u00a0<\/span><\/h1>\n<p><strong><a class=\"dt-pswp-item\" href=\"https:\/\/www.radiopiu.net\/wordpress\/wp-content\/uploads\/2023\/12\/images.png\" data-dt-img-description=\"\" data-large_image_width=\"316\" data-large_image_height=\"160\"><img loading=\"lazy\" decoding=\"async\" class=\"wp-image-367008 alignleft\" src=\"https:\/\/www.radiopiu.net\/wordpress\/wp-content\/uploads\/2023\/12\/images-300x152.png\" alt=\"\" width=\"235\" height=\"119\" srcset=\"https:\/\/www.radiopiu.net\/wordpress\/wp-content\/uploads\/2023\/12\/images-300x152.png 300w, https:\/\/www.radiopiu.net\/wordpress\/wp-content\/uploads\/2023\/12\/images.png 316w\" sizes=\"auto, (max-width: 235px) 100vw, 235px\" \/><\/a>OGNI GIORNO ALLE SETTE DEL MATTINO, LA RASSEGNA STAMPA LOCALE FLASH&#8230; PER CHI VA IN FRETTA. I TITOLI DAI GIORNALI E DAL SITO WWW.RADIOPIU.NET <span style=\"color: #0000ff;\">viene pubblicato alle 7.00<\/span> <span style=\"color: #ff0000;\">DIRETTA RADIO\u00a0<\/span><\/strong><\/p>\n<p><em><span style=\"color: #ff0000;\">per chi va in fretta&#8230; tante notizie in pochi minuti. L&#8217;informazione locale alla radio, ogni ora dalle 7 del mattino alle 19 della sera.<\/span><\/em><\/p>\n<p>&nbsp;<\/p>\n<p><strong>belluno<\/strong> OGGI L&#8217;ULTIMO SALUTO AD ALESSIA VIDOTTO <strong>cortina<\/strong> CICLISTA 79ENNE SOCCORSO IN ELICOTTERO <strong>cortina<\/strong> ELICOTTERO IN VOLO PER UN DOLORE AL GINOCCHIO <strong>la valle<\/strong> LA MADONNA DE LA NEIF RITROVATA DAI CARABINIERI A NEMEGGIO <strong>sedico\u00a0<\/strong> INCENDIO A CANDATEN, SOTTO CONTROLLO <strong>arsie<\/strong> RIECCO L&#8217;ORSO, DISTRUTTE DUE ARNIE<\/p>\n<h1>AUDIO dalle 7 del mattino<\/h1>\n<audio class=\"wp-audio-shortcode\" id=\"audio-406855-4\" preload=\"none\" style=\"width: 100%;\" controls=\"controls\"><source type=\"audio\/mpeg\" src=\"https:\/\/www.radiopiu.net\/wordpress\/wp-content\/uploads\/2024\/08\/GF07-19.mp3?_=4\" \/><a href=\"https:\/\/www.radiopiu.net\/wordpress\/wp-content\/uploads\/2024\/08\/GF07-19.mp3\">https:\/\/www.radiopiu.net\/wordpress\/wp-content\/uploads\/2024\/08\/GF07-19.mp3<\/a><\/audio>\n<p>&nbsp;<\/p>\n<hr \/>\n<p>&nbsp;<\/p>\n<h1><\/h1>\n<h1 style=\"text-align: center;\"><span style=\"color: #ff0000;\"><a class=\"dt-pswp-item\" href=\"https:\/\/www.radiopiu.net\/wordpress\/wp-content\/uploads\/2022\/01\/026c3f9d-dae9-4040-a3c1-a6530231bcc3.jpg\" data-dt-img-description=\"\" data-large_image_width=\"1152\" data-large_image_height=\"2048\"><img loading=\"lazy\" decoding=\"async\" class=\"wp-image-251839 alignleft\" src=\"https:\/\/www.radiopiu.net\/wordpress\/wp-content\/uploads\/2022\/01\/026c3f9d-dae9-4040-a3c1-a6530231bcc3-169x300.jpg\" alt=\"\" width=\"100\" height=\"177\" srcset=\"https:\/\/www.radiopiu.net\/wordpress\/wp-content\/uploads\/2022\/01\/026c3f9d-dae9-4040-a3c1-a6530231bcc3-169x300.jpg 169w, https:\/\/www.radiopiu.net\/wordpress\/wp-content\/uploads\/2022\/01\/026c3f9d-dae9-4040-a3c1-a6530231bcc3-576x1024.jpg 576w, https:\/\/www.radiopiu.net\/wordpress\/wp-content\/uploads\/2022\/01\/026c3f9d-dae9-4040-a3c1-a6530231bcc3-768x1365.jpg 768w, https:\/\/www.radiopiu.net\/wordpress\/wp-content\/uploads\/2022\/01\/026c3f9d-dae9-4040-a3c1-a6530231bcc3-864x1536.jpg 864w, https:\/\/www.radiopiu.net\/wordpress\/wp-content\/uploads\/2022\/01\/026c3f9d-dae9-4040-a3c1-a6530231bcc3.jpg 1152w\" sizes=\"auto, (max-width: 100px) 100vw, 100px\" \/><\/a>I podcast informativi del mattino &#8211; audio &#8211;\u00a0<\/span><\/h1>\n<blockquote><p><strong>GIORNALE RADIO NAZIONALE, EDIZIONE DELLE SETTE <span style=\"color: #0000ff;\">viene pubblicato alle 7.05 <span style=\"color: #ff0000;\">DIRETTA RADIO\u00a0<\/span><\/span><\/strong><\/p><\/blockquote>\n<p><strong>il giornale radionazionale e&#8217; in onda ogni ora, dalle sette del mattino alle venti della sera\u00a0 \u00a0 <\/strong><\/p>\n<p><strong>ROMA <\/strong>Ragazze travolte da un&#8217;auto mentre vanno in chiesa, muore una 20enne\u00a0 <strong>ASCOLI PICENO<\/strong> Bimbo sfugge a genitori e annega nel canale, aperto un fascicolo <strong>CLIMA<\/strong> Eventi meteo estremi, da inizio anno gi\u00e0 oltre 100 sulle Alpi <strong>LAMPEDUSA<\/strong> Sei sbarchi con 110 migranti, 900 ospiti in un hotspot <strong>VIGEVANO<\/strong> Insegue e tampona l&#8217;auto della ex con i figli a bordo, arrestato <strong>BOLOGNA<\/strong> Scossa di terremoto nell&#8217;Appennino Bolognese. Magnitudo 3.9 a Castel del Rio poi altre tre pi\u00f9 lievi <strong>BERGAMO<\/strong> Omicidio di Sharon, il compagno: &#8216;Credo che l&#8217;assassino sia un estraneo&#8217;<\/p>\n<h2>AUDIO dalle sette del mattino, ogni ora alla radio<\/h2>\n<audio class=\"wp-audio-shortcode\" id=\"audio-406855-5\" preload=\"none\" style=\"width: 100%;\" controls=\"controls\"><source type=\"audio\/mpeg\" src=\"https:\/\/www.radiopiu.net\/wordpress\/wp-content\/uploads\/2024\/08\/giornale07-19.mp3?_=5\" \/><a href=\"https:\/\/www.radiopiu.net\/wordpress\/wp-content\/uploads\/2024\/08\/giornale07-19.mp3\">https:\/\/www.radiopiu.net\/wordpress\/wp-content\/uploads\/2024\/08\/giornale07-19.mp3<\/a><\/audio>\n<p>&nbsp;<\/p>\n<p>&nbsp;<\/p>\n<hr \/>\n<p>&nbsp;<\/p>\n<p>&nbsp;<\/p>\n<h1><span style=\"color: #ff0000;\">I podcast informativi del mattino &#8211; video &#8211;\u00a0<\/span><\/h1>\n<h2><strong><a class=\"dt-pswp-item\" href=\"https:\/\/www.radiopiu.net\/wordpress\/wp-content\/uploads\/2023\/12\/th-10.jpg\" data-dt-img-description=\"\" data-large_image_width=\"245\" data-large_image_height=\"180\"><img loading=\"lazy\" decoding=\"async\" class=\" wp-image-367395 alignleft\" src=\"https:\/\/www.radiopiu.net\/wordpress\/wp-content\/uploads\/2023\/12\/th-10.jpg\" alt=\"\" width=\"166\" height=\"122\" \/><\/a>RASSEGNA STAMPA LOCALE, ORE OTTO 05<\/strong><\/h2>\n<h2><strong> <span style=\"color: #0000ff;\">viene\u00a0 <\/span><\/strong><strong><span style=\"color: #0000ff;\">pubblicata alle 8.05 <span style=\"color: #ff0000;\">DIRETTA RADIO\u00a0\u00a0<\/span><\/span><\/strong><\/h2>\n<p><strong>DI MIRKO MEZZACASA\u00a0 \u00a0<\/strong><button class=\"rounded-lg text-token-text-secondary hover:bg-token-main-surface-secondary\"><\/button><\/p>\n<p><strong>OGGI SUL Corriere delle Alpi E NOTIZIARI DI Radio Pi\u00f9\u00a0<\/strong><\/p>\n<p>&nbsp;<\/p>\n<p><strong>feltre<\/strong> VACANZE ROVINATE, DERUBATI A JESOLO DURANTE LA NOTTE <strong>canale d&#8217;agordo<\/strong> IERI LA COMMEMORAZIONE IN RICORDO DI GIOVANNI PAOLO I <strong>edilizia<\/strong> CRESCONO LE SOCIETA&#8217; DI CAPITALI, IN CALO LE SOCIET\u00c0 DI PERSONE<br \/>\n<strong>borgo valbelluna<\/strong> IL CUORE DELLA GENEROSITA&#8217; BATTE FORTE A COLDERU&#8217;. GRANDE SUCCESSO PER INVITAEARTE <strong>belluno<\/strong> OGGI A PALAZZO FULCIS con Marta Sammartini<\/p>\n<h2><span style=\"color: #ff0000;\"><strong>VIDEO\u00a0 \u00a0in diretta dalle 8 del mattino\u00a0<\/strong><\/span><\/h2>\n\n\t\t\t<style type='text\/css'>\n\t\t\t\t#gallery-1 {\n\t\t\t\t\tmargin: auto;\n\t\t\t\t}\n\t\t\t\t#gallery-1 .gallery-item {\n\t\t\t\t\tfloat: left;\n\t\t\t\t\tmargin-top: 10px;\n\t\t\t\t\ttext-align: center;\n\t\t\t\t\twidth: 33%;\n\t\t\t\t}\n\t\t\t\t#gallery-1 img {\n\t\t\t\t\tborder: 2px solid #cfcfcf;\n\t\t\t\t}\n\t\t\t\t#gallery-1 .gallery-caption {\n\t\t\t\t\tmargin-left: 0;\n\t\t\t\t}\n\t\t\t\t\/* see gallery_shortcode() in wp-includes\/media.php *\/\n\t\t\t<\/style>\n\t\t<div id='gallery-1' class='dt-gallery-container gallery galleryid-406855 gallery-columns-3 gallery-size-thumbnail'><dl class='gallery-item'>\n\t\t\t\t<dt class='gallery-icon landscape'>\n\t\t\t\t\t<a class=\"rollover rollover-zoom dt-pswp-item\" title=\"Senza nome\" data-dt-img-description=\"\" data-large_image_width=\"536\" data-large_image_height=\"294\"href='https:\/\/www.radiopiu.net\/wordpress\/wp-content\/uploads\/2024\/08\/Senza-nome-104.png'><img loading=\"lazy\" decoding=\"async\" width=\"150\" height=\"150\" src=\"https:\/\/www.radiopiu.net\/wordpress\/wp-content\/uploads\/2024\/08\/Senza-nome-104-150x150.png\" class=\"attachment-thumbnail size-thumbnail\" alt=\"\" \/><\/a>\n\t\t\t\t<\/dt><\/dl><dl class='gallery-item'>\n\t\t\t\t<dt class='gallery-icon landscape'>\n\t\t\t\t\t<a class=\"rollover rollover-zoom dt-pswp-item\" title=\"Senza nome\" data-dt-img-description=\"\" data-large_image_width=\"577\" data-large_image_height=\"360\"href='https:\/\/www.radiopiu.net\/wordpress\/wp-content\/uploads\/2024\/08\/Senza-nome-102.png'><img loading=\"lazy\" decoding=\"async\" width=\"150\" height=\"150\" src=\"https:\/\/www.radiopiu.net\/wordpress\/wp-content\/uploads\/2024\/08\/Senza-nome-102-150x150.png\" class=\"attachment-thumbnail size-thumbnail\" alt=\"\" \/><\/a>\n\t\t\t\t<\/dt><\/dl><dl class='gallery-item'>\n\t\t\t\t<dt class='gallery-icon landscape'>\n\t\t\t\t\t<a class=\"rollover rollover-zoom dt-pswp-item\" title=\"Senza nome\" data-dt-img-description=\"\" data-large_image_width=\"415\" data-large_image_height=\"319\"href='https:\/\/www.radiopiu.net\/wordpress\/wp-content\/uploads\/2024\/08\/Senza-nome-103.png'><img loading=\"lazy\" decoding=\"async\" width=\"150\" height=\"150\" src=\"https:\/\/www.radiopiu.net\/wordpress\/wp-content\/uploads\/2024\/08\/Senza-nome-103-150x150.png\" class=\"attachment-thumbnail size-thumbnail\" alt=\"\" \/><\/a>\n\t\t\t\t<\/dt><\/dl><br style=\"clear: both\" \/>\n\t\t\t<\/div>\n\n<p>&nbsp;<\/p>\n<hr \/>\n<p>&nbsp;<\/p>\n<p>&nbsp;<\/p>\n<p><strong><a class=\"dt-pswp-item\" href=\"https:\/\/www.radiopiu.net\/wordpress\/wp-content\/uploads\/2023\/12\/ANTENNA.png\" data-dt-img-description=\"\" data-large_image_width=\"300\" data-large_image_height=\"166\"><img loading=\"lazy\" decoding=\"async\" class=\" wp-image-366306 alignleft\" src=\"https:\/\/www.radiopiu.net\/wordpress\/wp-content\/uploads\/2023\/12\/ANTENNA.png\" alt=\"\" width=\"175\" height=\"97\" \/><\/a>IERI SERA, DAL TG DI ANTENNA 3, ogni sera alle 19 le anticipazioni alla radio, quello che poi seguirete nel TELEGIORNALE BELLUNESE\u00a0 in onda alle 19.30 sul CANALE 10 del digitale terrestre.\u00a0\u00a0<\/strong><\/p>\n<p>&nbsp;<\/p>\n<p><span style=\"color: #ff0000;\"><strong>\u00a0IERI SERA ALLA RADIO&#8230; LE ANTICIPAZIONI DI\u00a0 STEFANO BOZZI<\/strong><\/span><\/p>\n<audio class=\"wp-audio-shortcode\" id=\"audio-406855-6\" preload=\"none\" style=\"width: 100%;\" controls=\"controls\"><source type=\"audio\/mpeg\" src=\"https:\/\/www.radiopiu.net\/wordpress\/wp-content\/uploads\/2024\/08\/ANTENNA3-16.mp3?_=6\" \/><a href=\"https:\/\/www.radiopiu.net\/wordpress\/wp-content\/uploads\/2024\/08\/ANTENNA3-16.mp3\">https:\/\/www.radiopiu.net\/wordpress\/wp-content\/uploads\/2024\/08\/ANTENNA3-16.mp3<\/a><\/audio>\n<p>&nbsp;<\/p>\n<p>&nbsp;<\/p>\n<hr \/>\n<p>&nbsp;<\/p>\n<blockquote>\n<h3 class=\"entry-title\">ACQUA NON POTABILE A FALCADE, CENCENIGHE E VALLADA<\/h3>\n<\/blockquote>\n<p>A Falcade in Via Cime D\u2019Auta l\u2019acqua erogata dall\u2019acquedotto non \u00e8 potabile e pu\u00f2 essere usata per scopi alimentari solo previa bollitura. Verr\u00e0 effettuato servizio sostitutivo con cisterna c\/o parcheggio Ristorante Pizzeria Livia. A Vallada Agordina nelle localit\u00e0 Toffol, Sacchet, Celat e Mas l&#8217;acqua erogata dall&#8217;acquedotto non \u00e8 potabile e pu\u00f2 essere usata per scopi alimentari solo previa bollitura. Verr\u00e0 effettuato servizio sostitutivo con autobotte vicino alla Chiesa di Celat. A Cencenighe in localit\u00e0 Pr\u00e0 Di Mezzo, Fa\u00e8, Vare Basse e Luxottica l&#8217;acqua erogata dall&#8217;acquedotto non \u00e8 potabile. Verr\u00e0 effettuato servizio sostitutivo con cisterna in localit\u00e0 Pr\u00e0 di Mezzo e Fa\u00e8.<\/p>\n<p>&nbsp;<\/p>\n<blockquote>\n<h3>LAVORI PROGRAMMATI GSP<\/h3>\n<\/blockquote>\n<p>Domani dalle 14 alle 16 verr\u00e0 sospesa l\u2019erogazione dell\u2019acqua a Livonallongo, nelle Vie Precomun e Mesd\u00ec<\/p>\n<p>&nbsp;<\/p>\n<hr \/>\n<p>&nbsp;<\/p>\n<blockquote>\n<h3>CHIUSA LA 563 DEI SALESEI A DIGONERA<\/h3>\n<\/blockquote>\n<p><strong>REDAZIONE<\/strong> La Sp 563 di Salesei chiude di nuovo al traffico. La strada verr\u00e0 interdetta in localit\u00e0 Digonera fino al 6 settembre. La chiusura avverr\u00e0 dal luned\u00ec al venerd\u00ec, dalle 7 alle 18. Negli altri orari verr\u00e0 istituito un senso unico alternato regolato da impianto semaforico e limite di velocit\u00e0 a 30 km\/h, sabati e domeniche compresi.<\/p>\n<p>&nbsp;<\/p>\n<p>&nbsp;<\/p>\n<hr \/>\n<p>&nbsp;<\/p>\n<blockquote>\n<h3>OGGI L&#8217;ULTIMO SALUTO AD ALESSIA<\/h3>\n<\/blockquote>\n<p><strong>BELLUNO <a class=\"dt-pswp-item\" href=\"https:\/\/www.radiopiu.net\/wordpress\/wp-content\/uploads\/2024\/08\/Senza-nome-93.png\" data-dt-img-description=\"\" data-large_image_width=\"542\" data-large_image_height=\"509\"><img loading=\"lazy\" decoding=\"async\" class=\"wp-image-406828 alignleft\" src=\"https:\/\/www.radiopiu.net\/wordpress\/wp-content\/uploads\/2024\/08\/Senza-nome-93-300x282.png\" alt=\"\" width=\"144\" height=\"135\" srcset=\"https:\/\/www.radiopiu.net\/wordpress\/wp-content\/uploads\/2024\/08\/Senza-nome-93-300x282.png 300w, https:\/\/www.radiopiu.net\/wordpress\/wp-content\/uploads\/2024\/08\/Senza-nome-93.png 542w\" sizes=\"auto, (max-width: 144px) 100vw, 144px\" \/><\/a><\/strong> Alessia Vidotto, originaria di Sedico, residente a Belluno,\u00a0 38 anni, \u00e8 morta improvvisamente il 15 agosto mentre era in vacanza in Albania con il compagno Eroldi e il figlio Leo.\u00a0 Alessia era una persona riservata e gentile, amata da tutti. L&#8217;ultimo saluto si terr\u00e0 oggi a Belluno, \u00a0alle 15 nella casa del commiato Caldart in via Cappellari. Da qui la salma proseguir\u00e0 per il cimitero di Prade. \u2014.<\/p>\n<div class=\"articlePlainText\"><strong>LONGARONE<\/strong> Tutti i dipendenti dello stabilimento di Marcolin a Fortogna di Longarone che vorranno partecipare oggi alla cerimonia di addio della loro collega Alessia Vidotto potranno farlo. Dall&#8217;azienda, infatti, proprio ieri mattina \u00e8 venuto il via libera ai lavoratori per la partecipazione al rito.<\/div>\n<p>La stessa azienda si dice \u00abprofondamente addolorata per la scomparsa prematura di Alessia. L&#8217;azienda si unisce, con rispetto, al dolore dei suoi familiari, dei suoi cari, e dei colleghi che lavoravano al suo fianco\u00bb.<\/p>\n<p>&nbsp;<\/p>\n<p>&nbsp;<\/p>\n<hr \/>\n<p>&nbsp;<\/p>\n<blockquote>\n<h2>ciclista 79enne soccorso in elicottero<\/h2>\n<\/blockquote>\n<p><strong>CORTINA <\/strong>Nel primo pomeriggio di ieri \u00a0un ciclista 79enne di Pieve di Cadore \u00e8 rimasto coinvolto in un incidente mentre percorreva la pista del Bike Park Socrepes. L&#8217;uomo \u00e8 caduto durante la discesa, riportando una probabile frattura alla gamba. L&#8217;amico che lo accompagnava ha immediatamente allertato la Centrale del 118, il ciclista \u00e8 stato trasportato all&#8217;ospedale di Belluno per le cure necessarie.<\/p>\n<div><strong>DOLORE AL GINOCCHIO SUL SENTIERO\u00a0<\/strong><\/div>\n<div dir=\"auto\"><\/div>\n<div dir=\"auto\"><strong>CORTINA<\/strong> un&#8217;escursionista della Repubblica Ceca\u00a0 lamentava un dolore al ginocchio. Recuperata a circa 900 metri di quota, la 46enne \u00e8 stata trasportata all&#8217;ospedale di Cortina per accertamenti.<\/div>\n<div dir=\"auto\"><\/div>\n<hr \/>\n<p>&nbsp;<\/p>\n<p>&nbsp;<\/p>\n<blockquote>\n<h2><a class=\"dt-pswp-item\" href=\"https:\/\/www.radiopiu.net\/wordpress\/wp-content\/uploads\/2024\/08\/bd73f50b-bf7f-4587-8288-e4fc23cef4be.jpg\" data-dt-img-description=\"\" data-large_image_width=\"1054\" data-large_image_height=\"593\"><img loading=\"lazy\" decoding=\"async\" class=\"wp-image-406755 alignleft\" src=\"https:\/\/www.radiopiu.net\/wordpress\/wp-content\/uploads\/2024\/08\/bd73f50b-bf7f-4587-8288-e4fc23cef4be-300x169.jpg\" alt=\"\" width=\"192\" height=\"108\" srcset=\"https:\/\/www.radiopiu.net\/wordpress\/wp-content\/uploads\/2024\/08\/bd73f50b-bf7f-4587-8288-e4fc23cef4be-300x169.jpg 300w, https:\/\/www.radiopiu.net\/wordpress\/wp-content\/uploads\/2024\/08\/bd73f50b-bf7f-4587-8288-e4fc23cef4be-1024x576.jpg 1024w, https:\/\/www.radiopiu.net\/wordpress\/wp-content\/uploads\/2024\/08\/bd73f50b-bf7f-4587-8288-e4fc23cef4be-768x432.jpg 768w, https:\/\/www.radiopiu.net\/wordpress\/wp-content\/uploads\/2024\/08\/bd73f50b-bf7f-4587-8288-e4fc23cef4be.jpg 1054w\" sizes=\"auto, (max-width: 192px) 100vw, 192px\" \/><\/a>107 SCALINI NEL RICORDO DI RACHELE<\/h2>\n<\/blockquote>\n<p><strong>CANALE D&#8217;AGORDO<\/strong> La famiglia Costa\u00a0 ringrazia gli organizzatori, i\u00a0 volontari e tutti i partecipanti per l&#8217;ottima riuscita della manifestazione 107 veritical dedicata alla nostra Rachele grazie di cuore anche lei da lass\u00f9 ne sar\u00e0 orgogliosa e felice.<\/p>\n<p>&nbsp;<\/p>\n<p>&nbsp;<\/p>\n<p>&nbsp;<\/p>\n<hr \/>\n<p>&nbsp;<\/p>\n<p>&nbsp;<\/p>\n<blockquote>\n<h2>I CARABINIERI RIPORTANO A CASA LA MADONNA DI LA VALLE AGORDINA<\/h2>\n<\/blockquote>\n<p><strong><a class=\"dt-pswp-item\" href=\"https:\/\/www.radiopiu.net\/wordpress\/wp-content\/uploads\/2024\/08\/61240637-3e1a-4198-ace2-a5de953fefce.jpg\" data-dt-img-description=\"\" data-large_image_width=\"1600\" data-large_image_height=\"1200\"><img loading=\"lazy\" decoding=\"async\" class=\"size-medium wp-image-406959 alignleft\" src=\"https:\/\/www.radiopiu.net\/wordpress\/wp-content\/uploads\/2024\/08\/61240637-3e1a-4198-ace2-a5de953fefce-300x225.jpg\" alt=\"\" width=\"300\" height=\"225\" srcset=\"https:\/\/www.radiopiu.net\/wordpress\/wp-content\/uploads\/2024\/08\/61240637-3e1a-4198-ace2-a5de953fefce-300x225.jpg 300w, https:\/\/www.radiopiu.net\/wordpress\/wp-content\/uploads\/2024\/08\/61240637-3e1a-4198-ace2-a5de953fefce-1024x768.jpg 1024w, https:\/\/www.radiopiu.net\/wordpress\/wp-content\/uploads\/2024\/08\/61240637-3e1a-4198-ace2-a5de953fefce-768x576.jpg 768w, https:\/\/www.radiopiu.net\/wordpress\/wp-content\/uploads\/2024\/08\/61240637-3e1a-4198-ace2-a5de953fefce-1536x1152.jpg 1536w, https:\/\/www.radiopiu.net\/wordpress\/wp-content\/uploads\/2024\/08\/61240637-3e1a-4198-ace2-a5de953fefce.jpg 1600w\" sizes=\"auto, (max-width: 300px) 100vw, 300px\" \/><\/a>LA VALLE<\/strong><\/p>\n<p>&nbsp;<\/p>\n<p>\u00c8 stata ritrovata dai Carabinieri della Sezione Radiomobile di Feltre la statua della Madonna di Col Menadar, scomparsa alcuni giorni fa dal sito in cui era stata collocata. La scoperta \u00e8 avvenuta grazie alla segnalazione di un cittadino che, durante una passeggiata nei pressi del cimitero di Nemeggio, ha notato un manufatto simile alla statua rubata e ha subito allertato il 112. All&#8217;arrivo sul posto, i militari hanno riconosciuto la statua di cui si era parlato nei giorni scorsi e hanno proceduto a verifiche comparative per confermare l&#8217;identit\u00e0 del manufatto. La statua \u00e8 stata prelevata e posta sotto sequestro per consentire lo svolgimento di ulteriori accertamenti. Attualmente, la statua della Madonna di Col Menadar \u00e8 custodita dai Carabinieri presso la Compagnia di Feltre. Fortunatamente, \u00e8 stata ritrovata intatta e non presenta segni di danneggiamento.<\/p>\n<p>Anche il go vernatore Luca Zaia aveva preso posizione, l&#8217;altro giorno, condannando il gesto come <em>\u00abun&#8217;offesa ai sentimenti religiosi di molti, ma anche una profonda mancanza di rispetto verso la nostra storia e le tradizioni culturali radicate nelle comunit\u00e0 montane del Veneto\u00bb.\u00a0<\/em><\/p>\n<h1><\/h1>\n<blockquote>\n<h3 class=\"_title post-title entry-title\"><a class=\"dt-pswp-item\" href=\"https:\/\/www.radiopiu.net\/wordpress\/wp-content\/uploads\/2023\/12\/ANTENNA.png\" data-dt-img-description=\"\" data-large_image_width=\"300\" data-large_image_height=\"166\"><img loading=\"lazy\" decoding=\"async\" class=\"wp-image-366306 alignleft\" src=\"https:\/\/www.radiopiu.net\/wordpress\/wp-content\/uploads\/2023\/12\/ANTENNA.png\" alt=\"\" width=\"152\" height=\"84\" \/><\/a>LA VALLE AGORDINA | RUBATA O \u2018RAPITA\u2019, ANCHE DOPO IL RITROVAMENTO RESTA IL GIALLO DELLA STATUA<\/h3>\n<\/blockquote>\n<p>Intervistati EZIO ZUANEL (SINDACO LA VALLE AGORDINA) (Servizio di\u00a0<a href=\"https:\/\/antennatre.medianordest.it\/redazione\/Stefano-Bozzi\/\">Stefano Bozzi<\/a>)<\/p>\n<p><iframe loading=\"lazy\" title=\"RUBATA O &#039;RAPITA&#039;, ANCHE DOPO IL RITROVAMENTO RESTA IL GIALLO DELLA STATUA  | 26\/08\/2024\" width=\"1200\" height=\"675\" src=\"https:\/\/www.youtube.com\/embed\/qmZAmTX7KgA?feature=oembed\" frameborder=\"0\" allow=\"accelerometer; autoplay; clipboard-write; encrypted-media; gyroscope; picture-in-picture; web-share\" referrerpolicy=\"strict-origin-when-cross-origin\" allowfullscreen><\/iframe><\/p>\n<p>&nbsp;<\/p>\n<p>&nbsp;<\/p>\n<hr \/>\n<p><strong>\u00a0<\/strong><\/p>\n<blockquote>\n<h1>*INCENDIO AD ALTA QUOTA<\/h1>\n<\/blockquote>\n<div class=\"articlePlainText\"><strong>SEDICO<\/strong> Un fulmine ha provocato un incendio\u00a0 sopra Candaten. Ai vigili del fuoco di Belluno alcuni passanti avevano segnalato la presenza di fumo nell&#8217;area alta della zona protetta: un luogo inaccessibile per le squadre dei pompieri e per chiunque altro.<\/div>\n<div class=\"articlePlainText\">Escluso un intervento da terra, \u00e8 intervenuto cos\u00ec l&#8217;elicottero della protezione civile regionale per un primo sopralluogo e la verifica dell&#8217;incendio, la cui estensione \u00e8 stata confermata dalle immagini scattate dal velivolo. La zona interessata \u00e8 quella boschiva della Val Fogar\u00e8. La protezione civile veneta ha anche chiesto l&#8217;intervento di un Canadair per uno spegnimento pi\u00f9 sostanzioso. In serata l&#8217;assessore regionale Gianpaolo Bottacin ha annunciato che l&#8217;incendio \u00e8 sotto controllo, anche se permangono dei fumaioli all&#8217;interno del bruciato. Questa mattina ci sar\u00e0 una bonifica con l&#8217;elicottero.\u2014<\/div>\n<div><strong>IERI ALLA RADIO<\/strong><\/div>\n<p><strong><a class=\"dt-pswp-item\" href=\"https:\/\/www.radiopiu.net\/wordpress\/wp-content\/uploads\/2024\/08\/Senza-nome-100.png\" data-dt-img-description=\"\" data-large_image_width=\"530\" data-large_image_height=\"280\"><img loading=\"lazy\" decoding=\"async\" class=\"size-medium wp-image-406988 alignleft\" src=\"https:\/\/www.radiopiu.net\/wordpress\/wp-content\/uploads\/2024\/08\/Senza-nome-100-300x158.png\" alt=\"\" width=\"300\" height=\"158\" srcset=\"https:\/\/www.radiopiu.net\/wordpress\/wp-content\/uploads\/2024\/08\/Senza-nome-100-300x158.png 300w, https:\/\/www.radiopiu.net\/wordpress\/wp-content\/uploads\/2024\/08\/Senza-nome-100.png 530w\" sizes=\"auto, (max-width: 300px) 100vw, 300px\" \/><\/a>Richiesto l&#8217;intervento dei Canadair<\/strong><\/p>\n<p><strong>ieri ore 16.00 SEDICO<\/strong> Molto sopra Candaten (verso Mas di Sedico) \u00e8 evidente il fumo che sta salendo alle 18.00 di oggi. La segnalazione di Alessio conferma come sia in atto un incendio, forse dovuto ai recenti temporali con lampi e tuoni.<\/p>\n<p><strong>ore 18<\/strong> L&#8217;ASSESSORE ALLA PROTEZIONE CIVILE GIANPAOLO BOTTACIN &#8220;Causa incendio boschivo in Val Fogar\u00e8 (provincia di Belluno) \u00e8 attivo l&#8217;elicottero della Protezione Civile Veneto ed \u00e8 stato chiesto l&#8217;intervento di un velivolo Canadair&#8221;<\/p>\n<p><strong>ore 20<\/strong> Incendio sotto controllo, permangono dei fumaioli all&#8217;interno del bruciato. Domani mattina bonifica con elicottero. Termine operazioni adesso per scadenza effemeridi.<\/p>\n<p><strong>ore 21<\/strong> Sul posto PC Gruppo AIB di Sospirolo con vasca e pompa AIB per approvvigionamento idrico elicottero. Richiesti anche domani (foto ore 21)<\/p>\n<p><strong>foto Alessio Rambaldi, Gianpaolo Bottacin<\/strong><\/p>\n\n\t\t\t<style type='text\/css'>\n\t\t\t\t#gallery-2 {\n\t\t\t\t\tmargin: auto;\n\t\t\t\t}\n\t\t\t\t#gallery-2 .gallery-item {\n\t\t\t\t\tfloat: left;\n\t\t\t\t\tmargin-top: 10px;\n\t\t\t\t\ttext-align: center;\n\t\t\t\t\twidth: 25%;\n\t\t\t\t}\n\t\t\t\t#gallery-2 img {\n\t\t\t\t\tborder: 2px solid #cfcfcf;\n\t\t\t\t}\n\t\t\t\t#gallery-2 .gallery-caption {\n\t\t\t\t\tmargin-left: 0;\n\t\t\t\t}\n\t\t\t\t\/* see gallery_shortcode() in wp-includes\/media.php *\/\n\t\t\t<\/style>\n\t\t<div id='gallery-2' class='dt-gallery-container gallery galleryid-406855 gallery-columns-4 gallery-size-thumbnail'><dl class='gallery-item'>\n\t\t\t\t<dt class='gallery-icon portrait'>\n\t\t\t\t\t<a class=\"rollover rollover-zoom dt-pswp-item\" title=\"ebd25151-1793-4446-8684-9480f26c603d\" data-dt-img-description=\"\" data-large_image_width=\"1200\" data-large_image_height=\"1600\"href='https:\/\/www.radiopiu.net\/wordpress\/wp-content\/uploads\/2024\/08\/ebd25151-1793-4446-8684-9480f26c603d.jpg'><img loading=\"lazy\" decoding=\"async\" width=\"150\" height=\"150\" src=\"https:\/\/www.radiopiu.net\/wordpress\/wp-content\/uploads\/2024\/08\/ebd25151-1793-4446-8684-9480f26c603d-150x150.jpg\" class=\"attachment-thumbnail size-thumbnail\" alt=\"\" \/><\/a>\n\t\t\t\t<\/dt><\/dl><dl class='gallery-item'>\n\t\t\t\t<dt class='gallery-icon portrait'>\n\t\t\t\t\t<a class=\"rollover rollover-zoom dt-pswp-item\" title=\"FOTO GIANPAOLO BOTTACIN\" data-dt-img-description=\"\" data-large_image_width=\"526\" data-large_image_height=\"701\"href='https:\/\/www.radiopiu.net\/wordpress\/wp-content\/uploads\/2024\/08\/457037286_1029789168518157_5794171143926011871_n.jpg'><img loading=\"lazy\" decoding=\"async\" width=\"150\" height=\"150\" src=\"https:\/\/www.radiopiu.net\/wordpress\/wp-content\/uploads\/2024\/08\/457037286_1029789168518157_5794171143926011871_n-150x150.jpg\" class=\"attachment-thumbnail size-thumbnail\" alt=\"\" \/><\/a>\n\t\t\t\t<\/dt><\/dl><dl class='gallery-item'>\n\t\t\t\t<dt class='gallery-icon landscape'>\n\t\t\t\t\t<a class=\"rollover rollover-zoom dt-pswp-item\" title=\"Senza nome\" data-dt-img-description=\"\" data-large_image_width=\"530\" data-large_image_height=\"280\"href='https:\/\/www.radiopiu.net\/wordpress\/wp-content\/uploads\/2024\/08\/Senza-nome-100.png'><img loading=\"lazy\" decoding=\"async\" width=\"150\" height=\"150\" src=\"https:\/\/www.radiopiu.net\/wordpress\/wp-content\/uploads\/2024\/08\/Senza-nome-100-150x150.png\" class=\"attachment-thumbnail size-thumbnail\" alt=\"\" \/><\/a>\n\t\t\t\t<\/dt><\/dl><dl class='gallery-item'>\n\t\t\t\t<dt class='gallery-icon landscape'>\n\t\t\t\t\t<a class=\"rollover rollover-zoom dt-pswp-item\" title=\"aaaaaa\" data-dt-img-description=\"\" data-large_image_width=\"1280\" data-large_image_height=\"960\"href='https:\/\/www.radiopiu.net\/wordpress\/wp-content\/uploads\/2024\/08\/aaaaaa.jpg'><img loading=\"lazy\" decoding=\"async\" width=\"150\" height=\"150\" src=\"https:\/\/www.radiopiu.net\/wordpress\/wp-content\/uploads\/2024\/08\/aaaaaa-150x150.jpg\" class=\"attachment-thumbnail size-thumbnail\" alt=\"\" \/><\/a>\n\t\t\t\t<\/dt><\/dl><br style=\"clear: both\" \/>\n\t\t\t<\/div>\n\n<p><strong>\u00a0video lorenzo de barba\u00a0<\/strong><\/p>\n<p><iframe loading=\"lazy\" title=\"IMG 1162\" width=\"1200\" height=\"675\" src=\"https:\/\/www.youtube.com\/embed\/-6ap8r6A39g?feature=oembed\" frameborder=\"0\" allow=\"accelerometer; autoplay; clipboard-write; encrypted-media; gyroscope; picture-in-picture; web-share\" referrerpolicy=\"strict-origin-when-cross-origin\" allowfullscreen><\/iframe><\/p>\n<p><iframe loading=\"lazy\" title=\"IMG 1168\" width=\"1200\" height=\"675\" src=\"https:\/\/www.youtube.com\/embed\/gkimnQKJnK0?feature=oembed\" frameborder=\"0\" allow=\"accelerometer; autoplay; clipboard-write; encrypted-media; gyroscope; picture-in-picture; web-share\" referrerpolicy=\"strict-origin-when-cross-origin\" allowfullscreen><\/iframe><\/p>\n<p>&nbsp;<\/p>\n<p>&nbsp;<\/p>\n<hr \/>\n<p>&nbsp;<\/p>\n<blockquote>\n<h3>Orso a Arsi\u00e8: Due Apiari Distrutti, Preoccupazione tra i Residenti<\/h3>\n<\/blockquote>\n<p><strong><a class=\"dt-pswp-item\" href=\"https:\/\/www.radiopiu.net\/wordpress\/wp-content\/uploads\/2024\/07\/orso-monte-Roncon-22-luglio-2024.jpg\" data-dt-img-description=\"\" data-large_image_width=\"1024\" data-large_image_height=\"576\"><img loading=\"lazy\" decoding=\"async\" class=\"size-medium wp-image-400836 alignleft\" src=\"https:\/\/www.radiopiu.net\/wordpress\/wp-content\/uploads\/2024\/07\/orso-monte-Roncon-22-luglio-2024-300x169.jpg\" alt=\"\" width=\"300\" height=\"169\" srcset=\"https:\/\/www.radiopiu.net\/wordpress\/wp-content\/uploads\/2024\/07\/orso-monte-Roncon-22-luglio-2024-300x169.jpg 300w, https:\/\/www.radiopiu.net\/wordpress\/wp-content\/uploads\/2024\/07\/orso-monte-Roncon-22-luglio-2024-768x432.jpg 768w, https:\/\/www.radiopiu.net\/wordpress\/wp-content\/uploads\/2024\/07\/orso-monte-Roncon-22-luglio-2024.jpg 1024w\" sizes=\"auto, (max-width: 300px) 100vw, 300px\" \/><\/a>ARSIE&#8217;<\/strong> Nella notte tra sabato e domenica, un orso ha distrutto due apiari nella zona di San Vito ad Arsi\u00e8, segnando la prima incursione dell&#8217;animale in quest&#8217;area. Il primo apiario \u00e8 stato danneggiato in localit\u00e0 Duri, a pochi metri dall&#8217;abitato, e il secondo in localit\u00e0 Casere. I carabinieri forestali hanno confermato che l&#8217;orso ha preso di mira i telai melliferi, attratto dal miele. Il sindaco Ivano Faoro, che aveva recentemente affrontato un attacco di lupi, spera che l&#8217;orso sia solo di passaggio. La situazione \u00e8 monitorata attentamente, ma preoccupa la vicinanza delle incursioni alle abitazioni, soprattutto con l&#8217;incremento del traffico escursionistico in zona.<\/p>\n<div class=\"mt-1 flex gap-3 empty:hidden -ml-2\">\n<div class=\"items-center justify-start rounded-xl p-1 flex\">\n<div class=\"flex items-center\">\n<div class=\"flex\"><\/div>\n<div><\/div>\n<div><\/div>\n<div>\n<hr \/>\n<\/div>\n<blockquote>\n<h2>VACANZE ROVINATE, DERUBATI A JESOLO DURANTE LA NOTTE<\/h2>\n<\/blockquote>\n<div><strong>\u00a0JESOLO-FELTRE<\/strong> Una famiglia feltrina non dimenticher\u00e0 facilmente le ferie estive, purtroppo si porter\u00e0 appresso un triste ricordo. Infatti la famiglia \u00e8 la vittima di un furto perpetrato nella notte nell&#8217;appartamento affittato per le vacanze. Rubati contanti, oggetti preziosi comprese le fedi nuziali.\u00a0 Il furto tra le 3.30\u00a0 della notte e le 7 del mattino e nessuno si sarebbe accorto di nulla.<\/div>\n<div><\/div>\n<\/div>\n<\/div>\n<\/div>\n<p>&nbsp;<\/p>\n<hr \/>\n<p>&nbsp;<\/p>\n<p>&nbsp;<\/p>\n<blockquote>\n<h2><a class=\"dt-pswp-item\" href=\"https:\/\/www.radiopiu.net\/wordpress\/wp-content\/uploads\/2024\/08\/Senza-nome-101.png\" data-dt-img-description=\"\" data-large_image_width=\"610\" data-large_image_height=\"393\"><img loading=\"lazy\" decoding=\"async\" class=\" wp-image-406994 alignleft\" src=\"https:\/\/www.radiopiu.net\/wordpress\/wp-content\/uploads\/2024\/08\/Senza-nome-101-300x193.png\" alt=\"\" width=\"233\" height=\"150\" srcset=\"https:\/\/www.radiopiu.net\/wordpress\/wp-content\/uploads\/2024\/08\/Senza-nome-101-300x193.png 300w, https:\/\/www.radiopiu.net\/wordpress\/wp-content\/uploads\/2024\/08\/Senza-nome-101.png 610w\" sizes=\"auto, (max-width: 233px) 100vw, 233px\" \/><\/a>Commemorazione di Giovanni Paolo I a Canale d&#8217;Agordo<\/h2>\n<\/blockquote>\n<p><strong>CANALE D&#8217;AGORDO<\/strong> Durante la memoria liturgica del beato Giovanni Paolo I a Canale d&#8217;Agordo, il vescovo Renato Marangoni ha esortato la comunit\u00e0 a superare privilegi e supremazie identitarie, sottolineando l&#8217;importanza di condividere gli insegnamenti di &#8220;don Albino&#8221;. Con la presenza di oltre 500 devoti, sindaci e autorit\u00e0 locali, Marangoni ha ricordato la santit\u00e0 di Luciani come un &#8220;pane quotidiano&#8221; per le comunit\u00e0, invitando a un impegno collettivo per portare avanti il sogno di Giovanni Paolo I, segnato dall&#8217;apertura e dalla fraternit\u00e0. La cerimonia ha unito il ricordo delle sofferenze del passato con un richiamo all&#8217;attualit\u00e0, testimoniando il ruolo profetico di Luciani nel dialogo tra Chiese.<\/p>\n<div class=\"mt-1 flex gap-3 empty:hidden -ml-2\">\n<div class=\"items-center justify-start rounded-xl p-1 flex\">\n<div class=\"flex items-center\">\n<div class=\"flex items-center pb-0\">\n<div class=\"[&amp;_svg]:h-full [&amp;_svg]:w-full icon-md h-4 w-4\"><\/div>\n<div><\/div>\n<div><\/div>\n<\/div>\n<\/div>\n<\/div>\n<\/div>\n<p>&nbsp;<\/p>\n<p>&nbsp;<\/p>\n<hr \/>\n<p>&nbsp;<\/p>\n<blockquote>\n<h3>EDILIZIA: CRESCONO LE SOCIETA&#8217; DI CAPITALI, IN CALO LE SOCIET\u00c0 DI PERSONE<\/h3>\n<\/blockquote>\n<p><strong><a class=\"dt-pswp-item\" href=\"https:\/\/www.radiopiu.net\/wordpress\/wp-content\/uploads\/2018\/11\/edile.jpg\" data-dt-img-description=\"\" data-large_image_width=\"1280\" data-large_image_height=\"853\"><img loading=\"lazy\" decoding=\"async\" class=\" wp-image-67422 alignleft\" src=\"https:\/\/www.radiopiu.net\/wordpress\/wp-content\/uploads\/2018\/11\/edile-300x200.jpg\" alt=\"\" width=\"170\" height=\"113\" srcset=\"https:\/\/www.radiopiu.net\/wordpress\/wp-content\/uploads\/2018\/11\/edile-300x200.jpg 300w, https:\/\/www.radiopiu.net\/wordpress\/wp-content\/uploads\/2018\/11\/edile-768x512.jpg 768w, https:\/\/www.radiopiu.net\/wordpress\/wp-content\/uploads\/2018\/11\/edile-1024x682.jpg 1024w, https:\/\/www.radiopiu.net\/wordpress\/wp-content\/uploads\/2018\/11\/edile.jpg 1280w\" sizes=\"auto, (max-width: 170px) 100vw, 170px\" \/><\/a>BELLUNO<\/strong> Il settore delle costruzioni in Italia, pur non conoscendo crisi, affronta nuove sfide legate alle scadenze europee per migliorare l&#8217;efficienza energetica degli edifici entro il 2030 e il 2033, in vista dell&#8217;obiettivo emissioni zero del 2050. Mentre le detrazioni fiscali del 50% per le ristrutturazioni scadono a fine anno senza indicazioni di nuovi incentivi, cresce l&#8217;incertezza tra gli operatori. La provincia di Belluno ha visto un leggero aumento delle imprese edili nel 2024, ma persistono problemi come la carenza di manodopera e il mancato ricambio generazionale. Inoltre, si osserva un incremento delle societ\u00e0 di capitali rispetto alle societ\u00e0 di persone. Gli investimenti in formazione sono essenziali per attrarre giovani e rispondere alle crescenti esigenze del settore.<\/p>\n<p>&nbsp;<\/p>\n<p>&nbsp;<\/p>\n<hr \/>\n<p>&nbsp;<\/p>\n<blockquote>\n<h3>15 ANNI DI AUSER A MEL<\/h3>\n<\/blockquote>\n<p><strong><a class=\"dt-pswp-item\" href=\"https:\/\/www.radiopiu.net\/wordpress\/wp-content\/uploads\/2020\/09\/auser-1.jpg\" data-dt-img-description=\"\" data-large_image_width=\"1772\" data-large_image_height=\"811\"><img loading=\"lazy\" decoding=\"async\" class=\" wp-image-163020 alignleft\" src=\"https:\/\/www.radiopiu.net\/wordpress\/wp-content\/uploads\/2020\/09\/auser-1-300x137.jpg\" alt=\"\" width=\"217\" height=\"99\" srcset=\"https:\/\/www.radiopiu.net\/wordpress\/wp-content\/uploads\/2020\/09\/auser-1-300x137.jpg 300w, https:\/\/www.radiopiu.net\/wordpress\/wp-content\/uploads\/2020\/09\/auser-1-1024x469.jpg 1024w, https:\/\/www.radiopiu.net\/wordpress\/wp-content\/uploads\/2020\/09\/auser-1-768x351.jpg 768w, https:\/\/www.radiopiu.net\/wordpress\/wp-content\/uploads\/2020\/09\/auser-1-1536x703.jpg 1536w, https:\/\/www.radiopiu.net\/wordpress\/wp-content\/uploads\/2020\/09\/auser-1-640x293.jpg 640w, https:\/\/www.radiopiu.net\/wordpress\/wp-content\/uploads\/2020\/09\/auser-1.jpg 1772w\" sizes=\"auto, (max-width: 217px) 100vw, 217px\" \/><\/a>BORGO VALBELLUNA<\/strong> Domenica a Valmaor di Mel sono stati celebrati i 15 anni del Circolo Auser &#8220;Il Sole&#8221;, fondato il 3 febbraio 2009 da sedici soci. L&#8217;evento ha visto la partecipazione di 172 persone, inclusi il sindaco di Borgovalbelluna Stefano Cesa e alcuni assessori. Fondato con l&#8217;obiettivo di supportare la comunit\u00e0, il Circolo ha registrato una crescita costante, passando da 220 iscritti nel primo anno a oltre 800 attuali. Inserito nella rete Auser provinciale, il Circolo \u00e8 diventato un punto di riferimento per anziani e persone fragili, grazie all&#8217;impegno volontario e alla collaborazione con le istituzioni locali.<\/p>\n<p>&nbsp;<\/p>\n<p>&nbsp;<\/p>\n<hr \/>\n<p>&nbsp;<\/p>\n<blockquote>\n<h3>UN INCONTRO A BORCA DI CADORE PER PARLARE DI TREKKING FERROVIARI<\/h3>\n<\/blockquote>\n<p><strong>BORCA DI CADORE<\/strong> L&#8217;evento &#8220;Le nuove Dolomiti&#8221; si terr\u00e0 il 29 agosto all&#8217;Hotel Boite. Al centro del dibattito, moderato dalla giornalista Katia Tafner, vi saranno temi legati a turismo, trasporti, mobilit\u00e0 e sostenibilit\u00e0, con particolare attenzione alle Olimpiadi di Milano Cortina 2026. Il consigliere provinciale Massimo Bortoluzzi e Pierre D&#8217;Alfonso discuteranno di progetti come il Cadore Express e &#8220;Via da Milano&#8221;. L&#8217;evento mira a riflettere sulle sfide e opportunit\u00e0 per il territorio in vista dell&#8217;importante appuntamento olimpico.<\/p>\n<p>&nbsp;<\/p>\n<hr \/>\n<p>&nbsp;<\/p>\n<blockquote>\n<h3>Prima tappa del 2024 per IOGIOCO<\/h3>\n<\/blockquote>\n<p><strong>BELLUNO\u00a0 <\/strong>Il festival multiculturale e intergenerazionale IOGIOCO, ideato da Tib Teatro e ONG &#8220;Insieme si pu\u00f2&#8230;&#8221;, si terr\u00e0 a Belluno dal 25 al 29 settembre. La giovane fotografa bellunese Andrea Caldart \u00e8 partita per la Thailandia per un progetto educativo con bambini di strada, culminando in una mostra fotografica al festival.<\/p>\n<div class=\"mt-1 flex gap-3 empty:hidden -ml-2\">\n<div class=\"flex\"><\/div>\n<\/div>\n<hr \/>\n<p>&nbsp;<\/p>\n<blockquote>\n<h3>IL CUORE DELLA GENEROSITA&#8217; BATTE FORTE A COLDERU&#8217;. GRANDE SUCCESSO PER INVITAEARTE<\/h3>\n<\/blockquote>\n<p><strong>BORGO VALBELLUNA<\/strong> Nonostante un rinvio dovuto alla pioggia, INVITAeARTE si \u00e8 svolto venerd\u00ec scorso a Colder\u00f9, presso la Tenuta vitivinicola Crodarossa. L&#8217;evento benefico, che ha coinvolto circa ottanta persone tra aziende e associazioni locali, ha offerto una serata di teatro, musica ed eccellenze enogastronomiche. Paolo Remini, proprietario della tenuta, e il direttore artistico Danilo Zanin hanno sottolineato l&#8217;importanza della solidariet\u00e0 e dell&#8217;amicizia che ha unito i partecipanti. I fondi raccolti sono stati destinati al progetto &#8220;Una Mano al Futuro&#8221;, a supporto delle attivit\u00e0 parascolastiche per i bambini di Pedavena. L&#8217;evento ha dimostrato la forza della comunit\u00e0 nel fare del bene.<\/p>\n\n\t\t\t<style type='text\/css'>\n\t\t\t\t#gallery-3 {\n\t\t\t\t\tmargin: auto;\n\t\t\t\t}\n\t\t\t\t#gallery-3 .gallery-item {\n\t\t\t\t\tfloat: left;\n\t\t\t\t\tmargin-top: 10px;\n\t\t\t\t\ttext-align: center;\n\t\t\t\t\twidth: 33%;\n\t\t\t\t}\n\t\t\t\t#gallery-3 img {\n\t\t\t\t\tborder: 2px solid #cfcfcf;\n\t\t\t\t}\n\t\t\t\t#gallery-3 .gallery-caption {\n\t\t\t\t\tmargin-left: 0;\n\t\t\t\t}\n\t\t\t\t\/* see gallery_shortcode() in wp-includes\/media.php *\/\n\t\t\t<\/style>\n\t\t<div id='gallery-3' class='dt-gallery-container gallery galleryid-406855 gallery-columns-3 gallery-size-thumbnail'><dl class='gallery-item'>\n\t\t\t\t<dt class='gallery-icon landscape'>\n\t\t\t\t\t<a class=\"rollover rollover-zoom dt-pswp-item\" title=\"Il gruppo di volontari INVITAeARTE\" data-dt-img-description=\"\" data-large_image_width=\"2560\" data-large_image_height=\"1706\"href='https:\/\/www.radiopiu.net\/wordpress\/wp-content\/uploads\/2024\/08\/Il-gruppo-di-volontari-INVITAeARTE-scaled.jpg'><img loading=\"lazy\" decoding=\"async\" width=\"150\" height=\"150\" src=\"https:\/\/www.radiopiu.net\/wordpress\/wp-content\/uploads\/2024\/08\/Il-gruppo-di-volontari-INVITAeARTE-150x150.jpg\" class=\"attachment-thumbnail size-thumbnail\" alt=\"\" \/><\/a>\n\t\t\t\t<\/dt><\/dl><dl class='gallery-item'>\n\t\t\t\t<dt class='gallery-icon landscape'>\n\t\t\t\t\t<a class=\"rollover rollover-zoom dt-pswp-item\" title=\"Degustazione e Vini presso Tenuta Crodarossa di Colder\u00f9 a INVITAeARTE\" data-dt-img-description=\"\" data-large_image_width=\"1600\" data-large_image_height=\"1200\"href='https:\/\/www.radiopiu.net\/wordpress\/wp-content\/uploads\/2024\/08\/Degustazione-e-Vini-presso-Tenuta-Crodarossa-di-Colderu-a-INVITAeARTE.jpg'><img loading=\"lazy\" decoding=\"async\" width=\"150\" height=\"150\" src=\"https:\/\/www.radiopiu.net\/wordpress\/wp-content\/uploads\/2024\/08\/Degustazione-e-Vini-presso-Tenuta-Crodarossa-di-Colderu-a-INVITAeARTE-150x150.jpg\" class=\"attachment-thumbnail size-thumbnail\" alt=\"\" \/><\/a>\n\t\t\t\t<\/dt><\/dl><dl class='gallery-item'>\n\t\t\t\t<dt class='gallery-icon landscape'>\n\t\t\t\t\t<a class=\"rollover rollover-zoom dt-pswp-item\" title=\"Teatro nel Bosco INVITAeARTE\" data-dt-img-description=\"\" data-large_image_width=\"1600\" data-large_image_height=\"1200\"href='https:\/\/www.radiopiu.net\/wordpress\/wp-content\/uploads\/2024\/08\/Teatro-nel-Bosco-INVITAeARTE.jpg'><img loading=\"lazy\" decoding=\"async\" width=\"150\" height=\"150\" src=\"https:\/\/www.radiopiu.net\/wordpress\/wp-content\/uploads\/2024\/08\/Teatro-nel-Bosco-INVITAeARTE-150x150.jpg\" class=\"attachment-thumbnail size-thumbnail\" alt=\"\" \/><\/a>\n\t\t\t\t<\/dt><\/dl><br style=\"clear: both\" \/>\n\t\t\t<\/div>\n\n<p>&nbsp;<\/p>\n<hr \/>\n<p>&nbsp;<\/p>\n<p>&nbsp;<\/p>\n<div class=\"page-title-head hgroup\">\n<blockquote>\n<h3 class=\"entry-title\"><a class=\"dt-pswp-item\" href=\"https:\/\/www.radiopiu.net\/wordpress\/wp-content\/uploads\/2024\/08\/Lisa-Martelli-Andrea-Morghen-e-Loris-Serafini-alla-serata-di-Canale-dAgo.ival--scaled.jpg\" data-dt-img-description=\"\" data-large_image_width=\"2560\" data-large_image_height=\"1440\"><img loading=\"lazy\" decoding=\"async\" class=\" wp-image-406927 alignleft\" src=\"https:\/\/www.radiopiu.net\/wordpress\/wp-content\/uploads\/2024\/08\/Lisa-Martelli-Andrea-Morghen-e-Loris-Serafini-alla-serata-di-Canale-dAgo.ival--300x169.jpg\" alt=\"\" width=\"252\" height=\"142\" srcset=\"https:\/\/www.radiopiu.net\/wordpress\/wp-content\/uploads\/2024\/08\/Lisa-Martelli-Andrea-Morghen-e-Loris-Serafini-alla-serata-di-Canale-dAgo.ival--300x169.jpg 300w, https:\/\/www.radiopiu.net\/wordpress\/wp-content\/uploads\/2024\/08\/Lisa-Martelli-Andrea-Morghen-e-Loris-Serafini-alla-serata-di-Canale-dAgo.ival--1024x576.jpg 1024w, https:\/\/www.radiopiu.net\/wordpress\/wp-content\/uploads\/2024\/08\/Lisa-Martelli-Andrea-Morghen-e-Loris-Serafini-alla-serata-di-Canale-dAgo.ival--768x432.jpg 768w, https:\/\/www.radiopiu.net\/wordpress\/wp-content\/uploads\/2024\/08\/Lisa-Martelli-Andrea-Morghen-e-Loris-Serafini-alla-serata-di-Canale-dAgo.ival--1536x864.jpg 1536w, https:\/\/www.radiopiu.net\/wordpress\/wp-content\/uploads\/2024\/08\/Lisa-Martelli-Andrea-Morghen-e-Loris-Serafini-alla-serata-di-Canale-dAgo.ival--2048x1152.jpg 2048w\" sizes=\"auto, (max-width: 252px) 100vw, 252px\" \/><\/a>Religion Today Film Festival fa tappa a Canale d\u2019Agordo: Omaggio a Papa Luciani e nuovi orizzonti per la 27\u00aa edizione<\/h3>\n<\/blockquote>\n<\/div>\n<div class=\"page-title-breadcrumbs\"><strong>DI LUISA MANFROI\u00a0<\/strong><\/div>\n<div><\/div>\n<p>La 27\u00aa edizione del &#8220;Religion Today Film Festival&#8221; si terr\u00e0 dal 18 al 25 settembre a Trento e in altre localit\u00e0 del Trentino-Alto Adige. Una tappa del festival si \u00e8 svolta il 25 agosto a Canale d&#8217;Agordo, all&#8217;interno del programma estivo dedicato a Papa Luciani, organizzato dal Musal. Durante la serata, alla presenza della presidente Lisa Martelli e del direttore artistico Andrea Morghen, sono stati proiettati i film vincitori della scorsa edizione: &#8220;Jalaldine&#8221; di Hassan Benjelloun e &#8220;Super Jesus&#8221; di Vito Palumbo. L&#8217;incontro ha celebrato il dialogo interreligioso, un tema caro a Papa Giovanni Paolo I, e ha anticipato le nuove direttrici del festival, che punta a coinvolgere i giovani attraverso videogiochi e musica.<\/p>\n<p>&nbsp;<\/p>\n<p>&nbsp;<\/p>\n<hr \/>\n<p>&nbsp;<\/p>\n<blockquote>\n<h3>Commemorazione del 59\u00b0 anniversario della tragedia di Mattmark<\/h3>\n<\/blockquote>\n<p><strong>SEDICO<\/strong> Domenica, a Mas di Sedico, si terr\u00e0 una solenne cerimonia per commemorare il 59\u00b0 anniversario della tragedia di Mattmark, dove 88 lavoratori persero la vita sotto una valanga durante la costruzione della diga in Svizzera. L&#8217;evento, organizzato dalla Famiglia Ex Emigranti &#8220;Monte Pizzocco&#8221;, onorer\u00e0 la memoria delle vittime, tra cui 17 bellunesi.<\/p>\n<p>&nbsp;<\/p>\n<blockquote>\n<div class=\"html-div xdj266r x11i5rnm xat24cr x1mh8g0r xexx8yu x4uap5 x18d9i69 xkhd6sd x6ikm8r x10wlt62\">\n<div class=\"html-div xdj266r x11i5rnm xat24cr x1mh8g0r x14ctfv x1okitfd x1k4qllp x6ikm8r x10wlt62 xerhiuh x1pn3fxy x12xxe5f x1szedp3 x1n2onr6 x1vjfegm x1mzt3pk x13faqbe x1xr0vuk x1jm4cbz x1lmq8lz xrrpcnn x1xtl47e x13fuv20 xu3j5b3 x1q0q8m5 x26u7qi x19livfd x2t687o x3p3xfz x5od304 xp5s12f x11ucwad xgtuqic x155c047\" role=\"presentation\">\n<blockquote>\n<div class=\"html-div xexx8yu x4uap5 x18d9i69 xkhd6sd x1gslohp x11i5rnm x12nagc x1mh8g0r x1yc453h x126k92a x18lvrbx\" dir=\"auto\"><strong><em>Quando tornavo eri felice di rivedere le mie mani nere di fumo bianche d&#8217; amore i new trolls cantavano cos\u00ec in una miniera ed ecco la mia storia di un minatore di un uomo, un padre, mio padre.<\/em><\/strong><\/div>\n<\/blockquote>\n<\/div>\n<div dir=\"auto\">Nel ricordo di mio padre\u00a0 morto nel 1993 di silicosi, <em>Guerrino Bressan.<\/em><\/div>\n<\/div>\n<div dir=\"auto\"><\/div>\n<div dir=\"auto\">LA STORIA, <a href=\"https:\/\/www.centrostudialetheia.it\/migranti\/tra-belgio-e-california\/?utm_source=mailpoet&amp;utm_medium=email&amp;utm_campaign=le-mille-avventure-di-antonio-nadalet_1\">Tra Belgio e California \u2013 Centro Studi sulle migrazioni Aletheia \u2013 ABM (centrostudialetheia.it)<\/a><\/div>\n<div dir=\"auto\"><\/div>\n<div dir=\"auto\"><img loading=\"lazy\" decoding=\"async\" class=\"aligncenter\" src=\"https:\/\/www.radiopiu.net\/wordpress\/wp-content\/uploads\/2024\/08\/7aa3e1a2-dd91-426c-ad20-24635c6e809f.jpg\" width=\"245\" height=\"252\" \/><\/div>\n<p>&nbsp;<\/p><\/blockquote>\n<p>&nbsp;<\/p>\n<hr \/>\n<p>&nbsp;<\/p>\n<blockquote>\n<h3>CALL4IDEAS AL CENTRO CONSORZI DI BELLUNO<\/h3>\n<\/blockquote>\n<p><strong><a class=\"dt-pswp-item\" href=\"https:\/\/www.radiopiu.net\/wordpress\/wp-content\/uploads\/2024\/08\/CENTRO-CONSORZI.png\" data-dt-img-description=\"\" data-large_image_width=\"285\" data-large_image_height=\"117\"><img loading=\"lazy\" decoding=\"async\" class=\" wp-image-406891 alignleft\" src=\"https:\/\/www.radiopiu.net\/wordpress\/wp-content\/uploads\/2024\/08\/CENTRO-CONSORZI.png\" alt=\"\" width=\"173\" height=\"71\" \/><\/a>BELLUNO<\/strong> Il Centro Consorzi, accreditato dalla Regione Veneto, lancia il progetto &#8220;DAL VIRTUALE AL REALE: I AM HERE FOR YOU&#8221;, offrendo ai giovani della provincia di Belluno un&#8217;opportunit\u00e0 unica di partecipare a laboratori tematici retribuiti e di vedere realizzata la propria idea imprenditoriale con un finanziamento di 3.500 euro per l&#8217;idea vincente in ciascuna delle cinque categorie: Sostenibilit\u00e0 e Green Economy, Arte e Creativit\u00e0, Musica e Teatro, Sport e Cultura, Multimedia e Tecnologia Digitale. I partecipanti possono proporre un&#8217;idea per ogni categoria, con selezioni che si terranno tra il 3 e il 30 ottobre presso UrbanHub ContaminationLab a Belluno.<\/p>\n<p>&nbsp;<\/p>\n<p>&nbsp;<\/p>\n<hr \/>\n<p>&nbsp;<\/p>\n<h2><span style=\"color: #ff0000;\">CONSIGLI COMUNALI IN AGORDINO<\/span><\/h2>\n<p><strong>SAN TOMASO<\/strong> Consiglio comunale convocato per domani alle 20. Oltre alla lettura e approvazione dei verbali della seduta precedente, si discuter\u00e0 una variazione urgente al bilancio 2024\/26.<\/p>\n<p>&nbsp;<\/p>\n<p>&nbsp;<\/p>\n<hr \/>\n<p>&nbsp;<\/p>\n<blockquote>\n<h2>CESIOMAGGIORE E LA BICICLETTA, LA SETTIMANA DEI GRANDI EVENTI<\/h2>\n<\/blockquote>\n<p>&nbsp;<\/p>\n<p><a class=\"dt-pswp-item\" href=\"https:\/\/www.radiopiu.net\/wordpress\/wp-content\/uploads\/2024\/08\/724-museodellabicicletta3.jpg\" data-dt-img-description=\"EPSON DSC picture\" data-large_image_width=\"1200\" data-large_image_height=\"900\"><img loading=\"lazy\" decoding=\"async\" class=\" wp-image-406894\" src=\"https:\/\/www.radiopiu.net\/wordpress\/wp-content\/uploads\/2024\/08\/724-museodellabicicletta3-300x225.jpg\" alt=\"\" width=\"165\" height=\"124\" srcset=\"https:\/\/www.radiopiu.net\/wordpress\/wp-content\/uploads\/2024\/08\/724-museodellabicicletta3-300x225.jpg 300w, https:\/\/www.radiopiu.net\/wordpress\/wp-content\/uploads\/2024\/08\/724-museodellabicicletta3-1024x768.jpg 1024w, https:\/\/www.radiopiu.net\/wordpress\/wp-content\/uploads\/2024\/08\/724-museodellabicicletta3-768x576.jpg 768w, https:\/\/www.radiopiu.net\/wordpress\/wp-content\/uploads\/2024\/08\/724-museodellabicicletta3.jpg 1200w\" sizes=\"auto, (max-width: 165px) 100vw, 165px\" \/><\/a><\/p>\n<p><strong>DAL MUSEO DELLA BICICLETTA&#8230;ELISABETTA FELTRIN\u00a0<\/strong><\/p>\n<p>DI MIRKO MEZZACASA<\/p>\n<audio class=\"wp-audio-shortcode\" id=\"audio-406855-7\" preload=\"none\" style=\"width: 100%;\" controls=\"controls\"><source type=\"audio\/mpeg\" src=\"https:\/\/www.radiopiu.net\/wordpress\/wp-content\/uploads\/2024\/08\/ELISABETTA-FELTRIN.mp3?_=7\" \/><a href=\"https:\/\/www.radiopiu.net\/wordpress\/wp-content\/uploads\/2024\/08\/ELISABETTA-FELTRIN.mp3\">https:\/\/www.radiopiu.net\/wordpress\/wp-content\/uploads\/2024\/08\/ELISABETTA-FELTRIN.mp3<\/a><\/audio>\n<p>&nbsp;<\/p>\n<p>&nbsp;<\/p>\n<hr \/>\n<p>&nbsp;<\/p>\n<p><strong><a class=\"dt-pswp-item\" href=\"https:\/\/www.radiopiu.net\/wordpress\/wp-content\/uploads\/2024\/08\/th-6.jpg\" data-dt-img-description=\"\" data-large_image_width=\"225\" data-large_image_height=\"180\"><img loading=\"lazy\" decoding=\"async\" class=\"wp-image-406513 alignleft\" src=\"https:\/\/www.radiopiu.net\/wordpress\/wp-content\/uploads\/2024\/08\/th-6.jpg\" alt=\"\" width=\"143\" height=\"114\" \/><\/a>L&#8217;INTERVISTA in onda sabato 24 agosto<\/strong><\/p>\n<p><strong>OSPITE IL SINDACO DI CESIOMAGGIORE, CARLO ZANELLA.<\/strong><br \/>\n<strong>di Mirko Mezzacasa\u00a0<\/strong><\/p>\n<audio class=\"wp-audio-shortcode\" id=\"audio-406855-8\" preload=\"none\" style=\"width: 100%;\" controls=\"controls\"><source type=\"audio\/mpeg\" src=\"https:\/\/www.radiopiu.net\/wordpress\/wp-content\/uploads\/2024\/08\/carlo-zanella-sindaco.mp3?_=8\" \/><a href=\"https:\/\/www.radiopiu.net\/wordpress\/wp-content\/uploads\/2024\/08\/carlo-zanella-sindaco.mp3\">https:\/\/www.radiopiu.net\/wordpress\/wp-content\/uploads\/2024\/08\/carlo-zanella-sindaco.mp3<\/a><\/audio>\n<p>&nbsp;<\/p>\n<hr \/>\n<p>&nbsp;<\/p>\n<p>&nbsp;<\/p>\n<p><strong> <a class=\"dt-pswp-item\" href=\"https:\/\/www.radiopiu.net\/wordpress\/wp-content\/uploads\/2024\/07\/438128475_822134709955881_4576414774040439864_n.jpg\" data-dt-img-description=\"\" data-large_image_width=\"526\" data-large_image_height=\"278\"><img loading=\"lazy\" decoding=\"async\" class=\" wp-image-405823 alignleft\" src=\"https:\/\/www.radiopiu.net\/wordpress\/wp-content\/uploads\/2024\/07\/438128475_822134709955881_4576414774040439864_n-300x159.jpg\" alt=\"\" width=\"126\" height=\"67\" srcset=\"https:\/\/www.radiopiu.net\/wordpress\/wp-content\/uploads\/2024\/07\/438128475_822134709955881_4576414774040439864_n-300x159.jpg 300w, https:\/\/www.radiopiu.net\/wordpress\/wp-content\/uploads\/2024\/07\/438128475_822134709955881_4576414774040439864_n.jpg 526w\" sizes=\"auto, (max-width: 126px) 100vw, 126px\" \/><\/a>Nel pieno della SETTIMANA DEL CICLISMO: qui si pedala alla grande, tra ciclostoriche, gare dei giovanissimi, itinerari cicloturistici, eventi e spettacoli per famiglie, incontri, giochi e tanto altro tutto a tema\u00a0<\/strong><\/p>\n<h3>L&#8217;INTERVISTA AD ALEX TURRIN UC FOEN<\/h3>\n<p><strong>di mirko mezzacasa\u00a0<\/strong><\/p>\n<audio class=\"wp-audio-shortcode\" id=\"audio-406855-9\" preload=\"none\" style=\"width: 100%;\" controls=\"controls\"><source type=\"audio\/mpeg\" src=\"https:\/\/www.radiopiu.net\/wordpress\/wp-content\/uploads\/2024\/08\/alex-tussin.mp3?_=9\" \/><a href=\"https:\/\/www.radiopiu.net\/wordpress\/wp-content\/uploads\/2024\/08\/alex-tussin.mp3\">https:\/\/www.radiopiu.net\/wordpress\/wp-content\/uploads\/2024\/08\/alex-tussin.mp3<\/a><\/audio>\n<p>&nbsp;<\/p>\n<p>&nbsp;<\/p>\n<hr \/>\n<p>&nbsp;<\/p>\n<blockquote>\n<h3><a class=\"dt-pswp-item\" href=\"https:\/\/www.radiopiu.net\/wordpress\/wp-content\/uploads\/2024\/08\/Marta-Sammartini-scultrice.jpg\" data-dt-img-description=\"\" data-large_image_width=\"1414\" data-large_image_height=\"2000\"><img loading=\"lazy\" decoding=\"async\" class=\" wp-image-406704 alignleft\" src=\"https:\/\/www.radiopiu.net\/wordpress\/wp-content\/uploads\/2024\/08\/Marta-Sammartini-scultrice-212x300.jpg\" alt=\"\" width=\"114\" height=\"161\" srcset=\"https:\/\/www.radiopiu.net\/wordpress\/wp-content\/uploads\/2024\/08\/Marta-Sammartini-scultrice-212x300.jpg 212w, https:\/\/www.radiopiu.net\/wordpress\/wp-content\/uploads\/2024\/08\/Marta-Sammartini-scultrice-724x1024.jpg 724w, https:\/\/www.radiopiu.net\/wordpress\/wp-content\/uploads\/2024\/08\/Marta-Sammartini-scultrice-768x1086.jpg 768w, https:\/\/www.radiopiu.net\/wordpress\/wp-content\/uploads\/2024\/08\/Marta-Sammartini-scultrice-1086x1536.jpg 1086w, https:\/\/www.radiopiu.net\/wordpress\/wp-content\/uploads\/2024\/08\/Marta-Sammartini-scultrice.jpg 1414w\" sizes=\"auto, (max-width: 114px) 100vw, 114px\" \/><\/a>OGGI A PALAZZO FULCIS<\/h3>\n<\/blockquote>\n<p><strong>BELLUNO<\/strong> Oggi alle 18, presso il Museo civico di Palazzo Fulcis, si terr\u00e0 una conferenza dedicata alla scultrice bellunese Marta Sammartini. Lo storico dell&#8217;arte Gianluca Tormen, docente all&#8217;Istituto Catullo di Belluno, approfondir\u00e0 la vita e l&#8217;opera dell&#8217;artista, sottolineando il suo ruolo nel panorama artistico del Novecento. Sammartini, una figura interessante ma poco conosciuta, ha affrontato le difficolt\u00e0 di essere una donna scultrice in un&#8217;epoca dominata dagli uomini. L&#8217;evento si collega alla recente donazione della sua opera &#8220;Madre profuga&#8221;, esposta al museo fino alla fine del mese. Ingresso libero su prenotazione, fino a esaurimento posti.<\/p>\n<p>&nbsp;<\/p>\n<p>&nbsp;<\/p>\n<hr \/>\n<p>&nbsp;<\/p>\n<blockquote>\n<h3>&#8220;RISUONA&#8221;, IN VALLE IMPERINA UN&#8217;ESTATE RADIO&#8230;SA<\/h3>\n<\/blockquote>\n<p><strong><a class=\"dt-pswp-item\" href=\"https:\/\/www.radiopiu.net\/wordpress\/wp-content\/uploads\/2024\/08\/WhatsApp-Image-2024-08-02-at-15.14.11-4.jpeg\" data-dt-img-description=\"\" data-large_image_width=\"1600\" data-large_image_height=\"1047\"><img loading=\"lazy\" decoding=\"async\" class=\"size-medium wp-image-403007 alignleft\" src=\"https:\/\/www.radiopiu.net\/wordpress\/wp-content\/uploads\/2024\/08\/WhatsApp-Image-2024-08-02-at-15.14.11-4-300x196.jpeg\" alt=\"\" width=\"300\" height=\"196\" srcset=\"https:\/\/www.radiopiu.net\/wordpress\/wp-content\/uploads\/2024\/08\/WhatsApp-Image-2024-08-02-at-15.14.11-4-300x196.jpeg 300w, https:\/\/www.radiopiu.net\/wordpress\/wp-content\/uploads\/2024\/08\/WhatsApp-Image-2024-08-02-at-15.14.11-4-1024x670.jpeg 1024w, https:\/\/www.radiopiu.net\/wordpress\/wp-content\/uploads\/2024\/08\/WhatsApp-Image-2024-08-02-at-15.14.11-4-768x503.jpeg 768w, https:\/\/www.radiopiu.net\/wordpress\/wp-content\/uploads\/2024\/08\/WhatsApp-Image-2024-08-02-at-15.14.11-4-1536x1005.jpeg 1536w, https:\/\/www.radiopiu.net\/wordpress\/wp-content\/uploads\/2024\/08\/WhatsApp-Image-2024-08-02-at-15.14.11-4.jpeg 1600w\" sizes=\"auto, (max-width: 300px) 100vw, 300px\" \/><\/a>Cent&#8217;anni di Radio in Mostra a Valle Imperina<\/strong><\/p>\n<p>Dal 1923, anno della prima trasmissione dell\u2019EIAR, sono passati oltre cento anni dalla nascita della radio, un mezzo che ha profondamente influenzato la comunicazione globale. Adattandosi ai cambiamenti tecnologici e sociali, la radio ha evoluto il suo panorama, da EIAR e Rai a radio web moderne. Per celebrare questo secolo di innovazioni, Botol Group e Radio Pi\u00f9 hanno organizzato una mostra dedicata nella suggestiva Valle Imperina, vicino ad Agordo.<\/p>\n<p><strong>&#8220;Risuona&#8221; &#8211; La Mostra<\/strong><\/p>\n<p>Offre un viaggio attraverso l\u2019evoluzione della radio, dai primi apparecchi a valvole ai moderni dispositivi digitali. Oltre alla tecnologia, si esplora l&#8217;impatto sociale e culturale della radio tramite immagini, documenti d\u2019epoca e testimonianze.<\/p>\n<p><strong><a class=\"dt-pswp-item\" href=\"https:\/\/www.radiopiu.net\/wordpress\/wp-content\/uploads\/2024\/08\/WhatsApp-Image-2024-08-02-at-15.14.11-1.jpeg\" data-dt-img-description=\"\" data-large_image_width=\"1600\" data-large_image_height=\"966\"><img loading=\"lazy\" decoding=\"async\" class=\"size-medium wp-image-403004 alignright\" src=\"https:\/\/www.radiopiu.net\/wordpress\/wp-content\/uploads\/2024\/08\/WhatsApp-Image-2024-08-02-at-15.14.11-1-300x181.jpeg\" alt=\"\" width=\"300\" height=\"181\" srcset=\"https:\/\/www.radiopiu.net\/wordpress\/wp-content\/uploads\/2024\/08\/WhatsApp-Image-2024-08-02-at-15.14.11-1-300x181.jpeg 300w, https:\/\/www.radiopiu.net\/wordpress\/wp-content\/uploads\/2024\/08\/WhatsApp-Image-2024-08-02-at-15.14.11-1-1024x618.jpeg 1024w, https:\/\/www.radiopiu.net\/wordpress\/wp-content\/uploads\/2024\/08\/WhatsApp-Image-2024-08-02-at-15.14.11-1-768x464.jpeg 768w, https:\/\/www.radiopiu.net\/wordpress\/wp-content\/uploads\/2024\/08\/WhatsApp-Image-2024-08-02-at-15.14.11-1-1536x927.jpeg 1536w, https:\/\/www.radiopiu.net\/wordpress\/wp-content\/uploads\/2024\/08\/WhatsApp-Image-2024-08-02-at-15.14.11-1.jpeg 1600w\" sizes=\"auto, (max-width: 300px) 100vw, 300px\" \/><\/a>Gli Espositori<\/strong><\/p>\n<p><strong>Franco Ben<\/strong>, fin da giovane, ha sviluppato una passione per la radio smontando e collezionando apparecchi, oggi esposti in Valle Imperina. <strong>Ivano Benvegn\u00f9<\/strong> arricchisce la mostra con la sua vasta collezione di radio d\u2019epoca anche acquistate nei mercatini.<strong> Mirko Mezzacasa<\/strong> ha trasformato la sede di Radio Pi\u00f9 in un museo, ora parzialmente trasferito ai locali del Gruppo Botol, rendendo la sua passione per la radio un impegno di vita.<\/p>\n<p><strong>Il Sito: 600 Anni di Storia e Umanit\u00e0<\/strong><\/p>\n<p>La Miniera di Valle Imperina, nel cuore delle Dolomiti Bellunesi, \u00e8 un importante sito storico industriale. Un tempo fulcro dell\u2019industria mineraria del rame, ora, grazie al Gruppo Botol, sta vivendo una nuova vita come attrazione turistica culturale e mineraria. Questo progetto non solo promuove il turismo, ma preserva anche il patrimonio culturale e umano della Valle, rispondendo all\u2019interesse crescente per i siti industriali storici.<\/p>\n<div class=\"flex flex-grow flex-col max-w-full\">\n<div class=\"min-h-[20px] text-message flex w-full flex-col items-end gap-2 whitespace-pre-wrap break-words [.text-message+&amp;]:mt-5 overflow-x-auto\" dir=\"auto\" data-message-author-role=\"assistant\" data-message-id=\"1c257bd9-274a-478a-a1ed-c080af743465\">\n<div class=\"flex w-full flex-col gap-1 empty:hidden first:pt-[3px]\">\n<div class=\"markdown prose w-full break-words dark:prose-invert dark\">\n<blockquote><p>&nbsp;<\/p><\/blockquote>\n<\/div>\n<\/div>\n<\/div>\n<\/div>\n<hr \/>\n<p>&nbsp;<\/p>\n<blockquote>\n<h3>DAGDA CELTIC FEST: Un Tuffo nel Passato Celtico<\/h3>\n<\/blockquote>\n<p><strong><a class=\"dt-pswp-item\" href=\"https:\/\/www.radiopiu.net\/wordpress\/wp-content\/uploads\/2024\/07\/ee0e70bf-b574-49f2-beb9-4ad574e937e0-1.jpg\" data-dt-img-description=\"BOCCIODROMO AD AGORDO... L'ESTATE CONTINUA\" data-large_image_width=\"1592\" data-large_image_height=\"2048\"><img loading=\"lazy\" decoding=\"async\" class=\" wp-image-402362 alignleft\" src=\"https:\/\/www.radiopiu.net\/wordpress\/wp-content\/uploads\/2024\/07\/ee0e70bf-b574-49f2-beb9-4ad574e937e0-1-233x300.jpg\" alt=\"\" width=\"135\" height=\"174\" srcset=\"https:\/\/www.radiopiu.net\/wordpress\/wp-content\/uploads\/2024\/07\/ee0e70bf-b574-49f2-beb9-4ad574e937e0-1-233x300.jpg 233w, https:\/\/www.radiopiu.net\/wordpress\/wp-content\/uploads\/2024\/07\/ee0e70bf-b574-49f2-beb9-4ad574e937e0-1-796x1024.jpg 796w, https:\/\/www.radiopiu.net\/wordpress\/wp-content\/uploads\/2024\/07\/ee0e70bf-b574-49f2-beb9-4ad574e937e0-1-768x988.jpg 768w, https:\/\/www.radiopiu.net\/wordpress\/wp-content\/uploads\/2024\/07\/ee0e70bf-b574-49f2-beb9-4ad574e937e0-1-1194x1536.jpg 1194w, https:\/\/www.radiopiu.net\/wordpress\/wp-content\/uploads\/2024\/07\/ee0e70bf-b574-49f2-beb9-4ad574e937e0-1.jpg 1592w\" sizes=\"auto, (max-width: 135px) 100vw, 135px\" \/><\/a>AGORDO<\/strong> I grandi eventi al Parco Giochi e bar al bocciodromo di via Paganini ad Agordo<\/p>\n<p><em>30\/31 agosto \/ 1 settembre \u2013 2024 Il <strong>DAGDA CELTIC FEST<\/strong>, Anno 0, \u00e8 pronto a trasportare i visitatori indietro nel tempo, in un viaggio immersivo nella vita degli antichi Celti. Organizzato dal <strong>Clan Trumusio<\/strong>, il festival offrir\u00e0 tre giorni di giochi, didattica e curiosit\u00e0 nel suggestivo campo storico, dando vita a un\u2019esperienza indimenticabile. Il <strong>DAGDA CELTIC FEST<\/strong> \u00e8 un\u2019occasione unica per immergersi nella cultura e nelle tradizioni celtiche, grazie alla ricca programmazione e alla partecipazione di esperti. Con attivit\u00e0 per tutte le et\u00e0 e gusti, l&#8217;evento promette di essere un\u2019esperienza memorabile per chiunque desideri esplorare il mondo dei Celti. Non mancate a questo viaggio nel tempo, dove la storia prende vita attraverso musica, giochi, artigianato e riti antichi.\u00a0<\/em><\/p>\n<p>&nbsp;<\/p>\n<hr \/>\n<p>&nbsp;<\/p>\n<blockquote class=\"wp-embedded-content\" data-secret=\"STTxH0uO3r\"><p><a href=\"https:\/\/www.radiopiu.net\/wordpress\/set3a\/\">EL BAL DEL FIOR, DETTI E MODI DI DIRE  LA RACCOLTA COMPLETA<\/a><\/p><\/blockquote>\n<p><iframe loading=\"lazy\" class=\"wp-embedded-content\" sandbox=\"allow-scripts\" security=\"restricted\" style=\"position: absolute; visibility: hidden;\" title=\"&#8220;EL BAL DEL FIOR, DETTI E MODI DI DIRE  LA RACCOLTA COMPLETA&#8221; &#8212; Radio Pi\u00f9\" src=\"https:\/\/www.radiopiu.net\/wordpress\/set3a\/embed\/#?secret=jPSvTQ0AGl#?secret=STTxH0uO3r\" data-secret=\"STTxH0uO3r\" width=\"600\" height=\"338\" frameborder=\"0\" marginwidth=\"0\" marginheight=\"0\" scrolling=\"no\"><\/iframe><\/p>\n<p>&nbsp;<\/p>\n<hr \/>\n<p>&nbsp;<\/p>\n<p>&nbsp;<\/p>\n<div class=\"page-title-head hgroup\">\n<h1 class=\"entry-title\"><span style=\"color: #ff0000;\">DILLO A RADIO PIU\u2019\u2026.DOMANDE DAL PASSATO, PERCHE\u2019 TANTA FEROCIA A CAVIOLA 80 ANNI FA?<\/span><\/h1>\n<\/div>\n<p><strong><a class=\"dt-pswp-item\" href=\"https:\/\/www.radiopiu.net\/wordpress\/wp-content\/uploads\/2024\/08\/b56dc598-5ac0-40d2-8118-7b058f9c446f.jpg\" data-dt-img-description=\"\" data-large_image_width=\"1600\" data-large_image_height=\"900\"><img loading=\"lazy\" decoding=\"async\" class=\"size-medium wp-image-406949 alignleft\" src=\"https:\/\/www.radiopiu.net\/wordpress\/wp-content\/uploads\/2024\/08\/b56dc598-5ac0-40d2-8118-7b058f9c446f-300x169.jpg\" alt=\"\" width=\"300\" height=\"169\" srcset=\"https:\/\/www.radiopiu.net\/wordpress\/wp-content\/uploads\/2024\/08\/b56dc598-5ac0-40d2-8118-7b058f9c446f-300x169.jpg 300w, https:\/\/www.radiopiu.net\/wordpress\/wp-content\/uploads\/2024\/08\/b56dc598-5ac0-40d2-8118-7b058f9c446f-1024x576.jpg 1024w, https:\/\/www.radiopiu.net\/wordpress\/wp-content\/uploads\/2024\/08\/b56dc598-5ac0-40d2-8118-7b058f9c446f-768x432.jpg 768w, https:\/\/www.radiopiu.net\/wordpress\/wp-content\/uploads\/2024\/08\/b56dc598-5ac0-40d2-8118-7b058f9c446f-1536x864.jpg 1536w, https:\/\/www.radiopiu.net\/wordpress\/wp-content\/uploads\/2024\/08\/b56dc598-5ac0-40d2-8118-7b058f9c446f.jpg 1600w\" sizes=\"auto, (max-width: 300px) 100vw, 300px\" \/><\/a>REDAZIONE <\/strong>\u00a0Non passa anniversario che qualcuno non si ponga delle domande riferite ai tragici fatti di 80 anni fa, quando Caviola brucio\u2019 e troppe persone morirono. Anche quest\u2019anno riceviamo e pubblichiamo. Siamo per\u00f2 andati alla ricerca di un testimone oculare di allora, Angelo Costa, oggi 93enne, ai tempi dell&#8217;eccidio aveva 13 anni e viveva (dopo un periodo a Vittorio Veneto) a Caviola di Falcade. Oggi racconteremo una storia importante.<\/p>\n<p><strong><em>In occasione dell\u2019ottantesimo anniversario dell\u2019eccidio Nazifascista in Valle del Biois, come si verifica ormai da anni, pochissime persone, oltre alle Autorit\u00e0, hanno partecipato alla cerimonia di commemorazione. Perch\u00e9 la popolazione non \u00e8 sensibile a quanto accaduto quel 20 agosto 1944 ?\u00a0<\/em><\/strong><strong><em>Qualche Storico, magari anche Bepi Pellegrinon, che era presente, dovrebbe spiegarci le ragioni e motivi per cui Caviola ha subito questa devastazione. Risulta che la rappresaglia venne effettuata da truppe tedesche in ritirata e che a Caviola erano solo di passaggio per recarsi a Predazzo.\u00a0<\/em><\/strong><strong><em>Quale \u00e8 stato l\u2019episodio che ha fatto scattare tanta ferocia da parte dei tedeschi ?\u00a0<\/em><\/strong><strong><em>Questo \u00e8 quanto vorrebbero sapere i cittadini. Qualcuno \u00e8 in grado di spiegare con chiarezza e verit\u00e0 come realmente si sono svolti i fatti ?<\/em><\/strong><\/p>\n<p><strong><em>Rodolfo Pellegrinon_FALCADE<\/em><\/strong><\/p>\n<p>&nbsp;<\/p>\n<p>&nbsp;<\/p>\n<hr \/>\n<p>&nbsp;<\/p>\n<blockquote>\n<h3>LA SETTIMANA MUSICALE AL TEATRO DINO BUZZATI DI BELLUNO<\/h3>\n<\/blockquote>\n<p><strong><a class=\"dt-pswp-item\" href=\"https:\/\/www.radiopiu.net\/wordpress\/wp-content\/uploads\/2021\/05\/foto-comunale.jpg\" data-dt-img-description=\"\" data-large_image_width=\"1600\" data-large_image_height=\"1237\"><img loading=\"lazy\" decoding=\"async\" class=\" wp-image-210486 alignleft\" src=\"https:\/\/www.radiopiu.net\/wordpress\/wp-content\/uploads\/2021\/05\/foto-comunale-300x232.jpg\" alt=\"\" width=\"203\" height=\"157\" srcset=\"https:\/\/www.radiopiu.net\/wordpress\/wp-content\/uploads\/2021\/05\/foto-comunale-300x232.jpg 300w, https:\/\/www.radiopiu.net\/wordpress\/wp-content\/uploads\/2021\/05\/foto-comunale-1024x792.jpg 1024w, https:\/\/www.radiopiu.net\/wordpress\/wp-content\/uploads\/2021\/05\/foto-comunale-768x594.jpg 768w, https:\/\/www.radiopiu.net\/wordpress\/wp-content\/uploads\/2021\/05\/foto-comunale-1536x1188.jpg 1536w, https:\/\/www.radiopiu.net\/wordpress\/wp-content\/uploads\/2021\/05\/foto-comunale.jpg 1600w\" sizes=\"auto, (max-width: 203px) 100vw, 203px\" \/><\/a>BELLUNO<\/strong> Dal 1 all&#8217;8 settembre 2024, il Teatro \u201cDino Buzzati\u201d di Belluno ospiter\u00e0 la seconda edizione della &#8220;Settimana Musicale&#8221;, un evento dedicato alla musica classica con concerti e masterclass tenuti da musicisti di fama internazionale. L&#8217;evento inaugurer\u00e0 il 1 settembre alle 18 con un concerto che vedr\u00e0 esibirsi i violinisti Kyoko Takezawa e Giovanni Radivo, accompagnati da altri musicisti di spicco, con un programma che include il trio op. 8 di Brahms e il quintetto op. 44 di Schumann. Il ricavato sar\u00e0 devoluto a \u201cCasa tua Due\u201d. Durante la settimana, si terranno masterclass con allievi internazionali e altri concerti, tra cui uno gratuito della pianista Anisa Dazhaeva il 4 settembre. Il 7 settembre, gli allievi delle masterclass si esibiranno in un concerto-maratona, mentre l&#8217;8 settembre il ciclo si concluder\u00e0 con un concerto di Kyoko Takezawa e Edoardo Maria Strabbioli. L&#8217;iniziativa \u00e8 organizzata in collaborazione con diverse istituzioni locali.<\/p>\n<p>&nbsp;<\/p>\n<p>&nbsp;<\/p>\n<hr \/>\n<p>&nbsp;<\/p>\n<blockquote>\n<h3><a class=\"dt-pswp-item\" href=\"https:\/\/www.radiopiu.net\/wordpress\/wp-content\/uploads\/2024\/08\/d044f416-8999-4b03-a1fe-13c0d3430527.jpg\" data-dt-img-description=\"\" data-large_image_width=\"1131\" data-large_image_height=\"1600\"><img loading=\"lazy\" decoding=\"async\" class=\" wp-image-406900 alignleft\" src=\"https:\/\/www.radiopiu.net\/wordpress\/wp-content\/uploads\/2024\/08\/d044f416-8999-4b03-a1fe-13c0d3430527-212x300.jpg\" alt=\"\" width=\"134\" height=\"190\" srcset=\"https:\/\/www.radiopiu.net\/wordpress\/wp-content\/uploads\/2024\/08\/d044f416-8999-4b03-a1fe-13c0d3430527-212x300.jpg 212w, https:\/\/www.radiopiu.net\/wordpress\/wp-content\/uploads\/2024\/08\/d044f416-8999-4b03-a1fe-13c0d3430527-724x1024.jpg 724w, https:\/\/www.radiopiu.net\/wordpress\/wp-content\/uploads\/2024\/08\/d044f416-8999-4b03-a1fe-13c0d3430527-768x1086.jpg 768w, https:\/\/www.radiopiu.net\/wordpress\/wp-content\/uploads\/2024\/08\/d044f416-8999-4b03-a1fe-13c0d3430527-1086x1536.jpg 1086w, https:\/\/www.radiopiu.net\/wordpress\/wp-content\/uploads\/2024\/08\/d044f416-8999-4b03-a1fe-13c0d3430527.jpg 1131w\" sizes=\"auto, (max-width: 134px) 100vw, 134px\" \/><\/a>GIOVEDI ULTIMO APPUNTAMENTO CON LA RASSEGNA ESTIVA DELLE BIBLIOTECHE DELLA VALLE DEL BIOIS<\/h3>\n<\/blockquote>\n<p>Gioved\u00ec, con la presentazione del libro <em>Il saldatore del Vajont<\/em> di Antonio Giacomo Bortoluzzi, si concluder\u00e0 la rassegna estiva di appuntamenti culturali organizzata dalle biblioteche della valle del Biois. Questo ciclo di eventi, organizzato con l&#8217;aiuto dei volontari delle tre biblioteche locali, ha offerto una serie di incontri dedicati alla presentazione di libri e altre attivit\u00e0 culturali. Gli eventi, svoltisi in diverse location della valle, hanno visto la partecipazione di autori locali e nazionali, e sono stati molto apprezzati. I volontari ringraziano gli sponsor e tutti coloro che hanno contribuito al successo della rassegna.<\/p>\n<p>&nbsp;<\/p>\n<hr \/>\n<p>&nbsp;<\/p>\n<blockquote>\n<h3><a class=\"dt-pswp-item\" href=\"https:\/\/www.radiopiu.net\/wordpress\/wp-content\/uploads\/2024\/08\/POST-CRISANTI-5-9.jpg\" data-dt-img-description=\"\" data-large_image_width=\"1414\" data-large_image_height=\"2000\"><img loading=\"lazy\" decoding=\"async\" class=\" wp-image-406583 alignleft\" src=\"https:\/\/www.radiopiu.net\/wordpress\/wp-content\/uploads\/2024\/08\/POST-CRISANTI-5-9-212x300.jpg\" alt=\"\" width=\"134\" height=\"190\" srcset=\"https:\/\/www.radiopiu.net\/wordpress\/wp-content\/uploads\/2024\/08\/POST-CRISANTI-5-9-212x300.jpg 212w, https:\/\/www.radiopiu.net\/wordpress\/wp-content\/uploads\/2024\/08\/POST-CRISANTI-5-9-724x1024.jpg 724w, https:\/\/www.radiopiu.net\/wordpress\/wp-content\/uploads\/2024\/08\/POST-CRISANTI-5-9-768x1086.jpg 768w, https:\/\/www.radiopiu.net\/wordpress\/wp-content\/uploads\/2024\/08\/POST-CRISANTI-5-9-1086x1536.jpg 1086w, https:\/\/www.radiopiu.net\/wordpress\/wp-content\/uploads\/2024\/08\/POST-CRISANTI-5-9.jpg 1414w\" sizes=\"auto, (max-width: 134px) 100vw, 134px\" \/><\/a>UN INCONTRO A FELTRE PER PARLARE DI SANITA&#8217; PUBBLICA<\/h3>\n<\/blockquote>\n<p><strong>FELTRE<\/strong> La Sanit\u00e0 Pubblica Italiana sta affrontando una fase critica, con il rapporto della spesa sanitaria rispetto al PIL che si prevede rimarr\u00e0 al di sotto della media UE e OCSE (7,1%) nei prossimi anni. Dal 1990, con la seconda riforma del sistema sanitario, la sanit\u00e0 \u00e8 stata sempre pi\u00f9 orientata al mercato, con un focus sull&#8217;efficienza economica piuttosto che sulla dimensione collettiva e democratica. Questo ha favorito la crescita della sanit\u00e0 privata, che prioritizza il profitto a scapito della cura, causando difficolt\u00e0 di accesso ai servizi pubblici e rinunce alle cure per molti italiani. Un incontro con esperti discuter\u00e0 queste tematiche, inclusa la carenza di medici di base e le risposte delle comunit\u00e0 locali. L&#8217;appuntamento il 5 settembre in sala Ocri alle 20:15<\/p>\n<p>&nbsp;<\/p>\n<p>&nbsp;<\/p>\n<hr \/>\n<p>&nbsp;<\/p>\n<h3>\u00a0VISITE GUIDATE<\/h3>\n<p>Due appuntamenti con CammiNaturAmbiente di Anacleto Boranga. Sabato 31 Agre ed antico ospizio all&#8217;imbocco della Val Pegolera. Info 0437 948093<\/p>\n\n\t\t\t<style type='text\/css'>\n\t\t\t\t#gallery-4 {\n\t\t\t\t\tmargin: auto;\n\t\t\t\t}\n\t\t\t\t#gallery-4 .gallery-item {\n\t\t\t\t\tfloat: left;\n\t\t\t\t\tmargin-top: 10px;\n\t\t\t\t\ttext-align: center;\n\t\t\t\t\twidth: 33%;\n\t\t\t\t}\n\t\t\t\t#gallery-4 img {\n\t\t\t\t\tborder: 2px solid #cfcfcf;\n\t\t\t\t}\n\t\t\t\t#gallery-4 .gallery-caption {\n\t\t\t\t\tmargin-left: 0;\n\t\t\t\t}\n\t\t\t\t\/* see gallery_shortcode() in wp-includes\/media.php *\/\n\t\t\t<\/style>\n\t\t<div id='gallery-4' class='dt-gallery-container gallery galleryid-406855 gallery-columns-3 gallery-size-thumbnail'><dl class='gallery-item'>\n\t\t\t\t<dt class='gallery-icon portrait'>\n\t\t\t\t\t<a class=\"rollover rollover-zoom dt-pswp-item\" title=\"volantino\" data-dt-img-description=\"\" data-large_image_width=\"1328\" data-large_image_height=\"1903\"href='https:\/\/www.radiopiu.net\/wordpress\/wp-content\/uploads\/2024\/08\/volantino.jpg'><img loading=\"lazy\" decoding=\"async\" width=\"150\" height=\"150\" src=\"https:\/\/www.radiopiu.net\/wordpress\/wp-content\/uploads\/2024\/08\/volantino-150x150.jpg\" class=\"attachment-thumbnail size-thumbnail\" alt=\"\" \/><\/a>\n\t\t\t\t<\/dt><\/dl><dl class='gallery-item'>\n\t\t\t\t<dt class='gallery-icon landscape'>\n\t\t\t\t\t<a class=\"rollover rollover-zoom dt-pswp-item\" title=\"Caglieron selez\" data-dt-img-description=\"\" data-large_image_width=\"1264\" data-large_image_height=\"948\"href='https:\/\/www.radiopiu.net\/wordpress\/wp-content\/uploads\/2024\/08\/Caglieron-selez.jpg'><img loading=\"lazy\" decoding=\"async\" width=\"150\" height=\"150\" src=\"https:\/\/www.radiopiu.net\/wordpress\/wp-content\/uploads\/2024\/08\/Caglieron-selez-150x150.jpg\" class=\"attachment-thumbnail size-thumbnail\" alt=\"\" \/><\/a>\n\t\t\t\t<\/dt><\/dl><dl class='gallery-item'>\n\t\t\t\t<dt class='gallery-icon landscape'>\n\t\t\t\t\t<a class=\"rollover rollover-zoom dt-pswp-item\" title=\"Acero camp - Agre (3)\" data-dt-img-description=\"\" data-large_image_width=\"848\" data-large_image_height=\"636\"href='https:\/\/www.radiopiu.net\/wordpress\/wp-content\/uploads\/2024\/08\/Acero-camp-Agre-3.jpg'><img loading=\"lazy\" decoding=\"async\" width=\"150\" height=\"150\" src=\"https:\/\/www.radiopiu.net\/wordpress\/wp-content\/uploads\/2024\/08\/Acero-camp-Agre-3-150x150.jpg\" class=\"attachment-thumbnail size-thumbnail\" alt=\"\" \/><\/a>\n\t\t\t\t<\/dt><\/dl><br style=\"clear: both\" \/>\n\t\t\t<\/div>\n\n<p>&nbsp;<\/p>\n<hr \/>\n<p>&nbsp;<\/p>\n<p>&nbsp;<\/p>\n<blockquote class=\"wp-embedded-content\" data-secret=\"o9AnwwdQze\"><p><a href=\"https:\/\/www.radiopiu.net\/wordpress\/pirole-de-lenga-la-parola-del-giorno-a-cura-del-musla-raccolta-completa\/\">PIROLE DE LENGA&#8230; LA PAROLA DEL GIORNO A CURA DEL MUSLA -raccolta completa &#8211;<\/a><\/p><\/blockquote>\n<p><iframe loading=\"lazy\" class=\"wp-embedded-content\" sandbox=\"allow-scripts\" security=\"restricted\" style=\"position: absolute; visibility: hidden;\" title=\"&#8220;PIROLE DE LENGA&#8230; LA PAROLA DEL GIORNO A CURA DEL MUSLA -raccolta completa &#8211;&#8221; &#8212; Radio Pi\u00f9\" src=\"https:\/\/www.radiopiu.net\/wordpress\/pirole-de-lenga-la-parola-del-giorno-a-cura-del-musla-raccolta-completa\/embed\/#?secret=4ggFEDtOim#?secret=o9AnwwdQze\" data-secret=\"o9AnwwdQze\" width=\"600\" height=\"338\" frameborder=\"0\" marginwidth=\"0\" marginheight=\"0\" scrolling=\"no\"><\/iframe><\/p>\n<p>&nbsp;<\/p>\n<hr \/>\n<p>&nbsp;<\/p>\n<h2><span style=\"color: #ff6600;\">ALLA RADIO\u00a0<\/span><\/h2>\n<h2><span style=\"color: #333399;\">RITRATTI SONORI, IL PROGRAMMA DI ALESSIA DALL&#8217;O&#8217;<\/span><\/h2>\n<p><span style=\"color: #ff0000;\"><strong><a class=\"dt-pswp-item\" href=\"https:\/\/www.radiopiu.net\/wordpress\/wp-content\/uploads\/2024\/08\/RITRATTI-LINO-SELVATICO.jpg\" data-dt-img-description=\"\" data-large_image_width=\"1600\" data-large_image_height=\"1200\"><img loading=\"lazy\" decoding=\"async\" class=\" wp-image-404841 alignleft\" src=\"https:\/\/www.radiopiu.net\/wordpress\/wp-content\/uploads\/2024\/08\/RITRATTI-LINO-SELVATICO-300x225.jpg\" alt=\"\" width=\"171\" height=\"128\" srcset=\"https:\/\/www.radiopiu.net\/wordpress\/wp-content\/uploads\/2024\/08\/RITRATTI-LINO-SELVATICO-300x225.jpg 300w, https:\/\/www.radiopiu.net\/wordpress\/wp-content\/uploads\/2024\/08\/RITRATTI-LINO-SELVATICO-1024x768.jpg 1024w, https:\/\/www.radiopiu.net\/wordpress\/wp-content\/uploads\/2024\/08\/RITRATTI-LINO-SELVATICO-768x576.jpg 768w, https:\/\/www.radiopiu.net\/wordpress\/wp-content\/uploads\/2024\/08\/RITRATTI-LINO-SELVATICO-1536x1152.jpg 1536w, https:\/\/www.radiopiu.net\/wordpress\/wp-content\/uploads\/2024\/08\/RITRATTI-LINO-SELVATICO.jpg 1600w\" sizes=\"auto, (max-width: 171px) 100vw, 171px\" \/><\/a>PUNTATA 17 LINO SELVATICO<\/strong><\/span><\/p>\n<p>PRIMA PARTE<\/p>\n<audio class=\"wp-audio-shortcode\" id=\"audio-406855-10\" preload=\"none\" style=\"width: 100%;\" controls=\"controls\"><source type=\"audio\/mpeg\" src=\"https:\/\/www.radiopiu.net\/wordpress\/wp-content\/uploads\/2024\/08\/RF1-4.mp3?_=10\" \/><a href=\"https:\/\/www.radiopiu.net\/wordpress\/wp-content\/uploads\/2024\/08\/RF1-4.mp3\">https:\/\/www.radiopiu.net\/wordpress\/wp-content\/uploads\/2024\/08\/RF1-4.mp3<\/a><\/audio>\n<p>&nbsp;<\/p>\n<p>SECONDA PARTE<\/p>\n<audio class=\"wp-audio-shortcode\" id=\"audio-406855-11\" preload=\"none\" style=\"width: 100%;\" controls=\"controls\"><source type=\"audio\/mpeg\" src=\"https:\/\/www.radiopiu.net\/wordpress\/wp-content\/uploads\/2024\/08\/RF2-4.mp3?_=11\" \/><a href=\"https:\/\/www.radiopiu.net\/wordpress\/wp-content\/uploads\/2024\/08\/RF2-4.mp3\">https:\/\/www.radiopiu.net\/wordpress\/wp-content\/uploads\/2024\/08\/RF2-4.mp3<\/a><\/audio>\n<p>&nbsp;<\/p>\n<p>TERZA PARTE<\/p>\n<audio class=\"wp-audio-shortcode\" id=\"audio-406855-12\" preload=\"none\" style=\"width: 100%;\" controls=\"controls\"><source type=\"audio\/mpeg\" src=\"https:\/\/www.radiopiu.net\/wordpress\/wp-content\/uploads\/2024\/08\/RF3-4.mp3?_=12\" \/><a href=\"https:\/\/www.radiopiu.net\/wordpress\/wp-content\/uploads\/2024\/08\/RF3-4.mp3\">https:\/\/www.radiopiu.net\/wordpress\/wp-content\/uploads\/2024\/08\/RF3-4.mp3<\/a><\/audio>\n<p>&nbsp;<\/p>\n<h3>\u00a0LA RACCOLTA COMPLETA <a href=\"https:\/\/www.radiopiu.net\/wordpress\/ritratti-sonori-il-programma-di-alessia-dallo-la-raccolta\/\"><span style=\"color: #3366ff;\">CLICCA QUI<\/span><\/a><\/h3>\n<p>&nbsp;<\/p>\n<hr \/>\n<p>&nbsp;<\/p>\n<h2><span style=\"color: #ff0000;\">OGGI COME IERI di e con SILVIA BALDO<\/span><\/h2>\n<p><img decoding=\"async\" class=\"aligncenter\" src=\"https:\/\/www.radiopiu.net\/wordpress\/wp-content\/uploads\/2023\/09\/309000774_10222572118595513_7956305457803922499_n.jpg\" \/><\/p>\n<p><strong>\u00a0 \u00a0 \u00a0 \u00a0\u00a0<\/strong><\/p>\n<p><strong>PUNTATA DEL 26 AGOSTO<\/strong><\/p>\n<audio class=\"wp-audio-shortcode\" id=\"audio-406855-13\" preload=\"none\" style=\"width: 100%;\" controls=\"controls\"><source type=\"audio\/mpeg\" src=\"https:\/\/www.radiopiu.net\/wordpress\/wp-content\/uploads\/2024\/01\/SIBI-19.mp3?_=13\" \/><a href=\"https:\/\/www.radiopiu.net\/wordpress\/wp-content\/uploads\/2024\/01\/SIBI-19.mp3\">https:\/\/www.radiopiu.net\/wordpress\/wp-content\/uploads\/2024\/01\/SIBI-19.mp3<\/a><\/audio>\n<p>&nbsp;<\/p>\n<h2>LA RACCOLTA COMPLETA <a href=\"https:\/\/www.radiopiu.net\/wordpress\/alle-nove-oggi-come-ieri-di-e-con-silvia-baldo\/\"><span style=\"color: #3366ff;\">CLICCA QUI<\/span><\/a><\/h2>\n<p>&nbsp;<\/p>\n<p>&nbsp;<\/p>\n<hr \/>\n<p>&nbsp;<\/p>\n<h2><a class=\"dt-pswp-item\" href=\"https:\/\/www.radiopiu.net\/wordpress\/wp-content\/uploads\/2023\/07\/SOTTOGUDA-MARMOLADA-PADON-4-1.jpg\" data-dt-img-description=\"\" data-large_image_width=\"2048\" data-large_image_height=\"1152\"><img loading=\"lazy\" decoding=\"async\" class=\" wp-image-344412 alignleft\" src=\"https:\/\/www.radiopiu.net\/wordpress\/wp-content\/uploads\/2023\/07\/SOTTOGUDA-MARMOLADA-PADON-4-1-300x169.jpg\" alt=\"\" width=\"179\" height=\"101\" srcset=\"https:\/\/www.radiopiu.net\/wordpress\/wp-content\/uploads\/2023\/07\/SOTTOGUDA-MARMOLADA-PADON-4-1-300x169.jpg 300w, https:\/\/www.radiopiu.net\/wordpress\/wp-content\/uploads\/2023\/07\/SOTTOGUDA-MARMOLADA-PADON-4-1-1024x576.jpg 1024w, https:\/\/www.radiopiu.net\/wordpress\/wp-content\/uploads\/2023\/07\/SOTTOGUDA-MARMOLADA-PADON-4-1-768x432.jpg 768w, https:\/\/www.radiopiu.net\/wordpress\/wp-content\/uploads\/2023\/07\/SOTTOGUDA-MARMOLADA-PADON-4-1-1536x864.jpg 1536w, https:\/\/www.radiopiu.net\/wordpress\/wp-content\/uploads\/2023\/07\/SOTTOGUDA-MARMOLADA-PADON-4-1.jpg 2048w\" sizes=\"auto, (max-width: 179px) 100vw, 179px\" \/><\/a><span style=\"color: #00ccff;\">SANTO DE DORIGO FA IL PUNTO SUI RITROVAMENTI IN MARMOLADA<\/span><\/h2>\n<p><strong>L&#8217;INTERVISTA A SANTO DE DORIGO<\/strong><\/p>\n<audio class=\"wp-audio-shortcode\" id=\"audio-406855-14\" preload=\"none\" style=\"width: 100%;\" controls=\"controls\"><source type=\"audio\/mpeg\" src=\"https:\/\/www.radiopiu.net\/wordpress\/wp-content\/uploads\/2024\/08\/santo-de-dorigo-totale.mp3?_=14\" \/><a href=\"https:\/\/www.radiopiu.net\/wordpress\/wp-content\/uploads\/2024\/08\/santo-de-dorigo-totale.mp3\">https:\/\/www.radiopiu.net\/wordpress\/wp-content\/uploads\/2024\/08\/santo-de-dorigo-totale.mp3<\/a><\/audio>\n<p>&nbsp;<\/p>\n<hr \/>\n<p>&nbsp;<\/p>\n<h2><span style=\"color: #993366;\"><a class=\"dt-pswp-item\" href=\"https:\/\/www.radiopiu.net\/wordpress\/wp-content\/uploads\/2024\/06\/c2f4f425-e175-4bc7-918a-e3d1330c6c31.jpg\" data-dt-img-description=\"\" data-large_image_width=\"1080\" data-large_image_height=\"907\"><img loading=\"lazy\" decoding=\"async\" class=\" wp-image-393091 alignleft\" src=\"https:\/\/www.radiopiu.net\/wordpress\/wp-content\/uploads\/2024\/06\/c2f4f425-e175-4bc7-918a-e3d1330c6c31-300x252.jpg\" alt=\"\" width=\"119\" height=\"100\" srcset=\"https:\/\/www.radiopiu.net\/wordpress\/wp-content\/uploads\/2024\/06\/c2f4f425-e175-4bc7-918a-e3d1330c6c31-300x252.jpg 300w, https:\/\/www.radiopiu.net\/wordpress\/wp-content\/uploads\/2024\/06\/c2f4f425-e175-4bc7-918a-e3d1330c6c31-1024x860.jpg 1024w, https:\/\/www.radiopiu.net\/wordpress\/wp-content\/uploads\/2024\/06\/c2f4f425-e175-4bc7-918a-e3d1330c6c31-768x645.jpg 768w, https:\/\/www.radiopiu.net\/wordpress\/wp-content\/uploads\/2024\/06\/c2f4f425-e175-4bc7-918a-e3d1330c6c31.jpg 1080w\" sizes=\"auto, (max-width: 119px) 100vw, 119px\" \/><\/a><span style=\"color: #808000;\">ZAINO DA VIAGGIO AL FEMMINILE<\/span><\/span><\/h2>\n<p><strong>IL PROGRAMMA DI PAOLA LANCIATO<\/strong><\/p>\n<p>23\u00b0 PUNTATA: LE CINQUE TERRE<\/p>\n<blockquote class=\"wp-embedded-content\" data-secret=\"mCBfi1j6p3\"><p><a href=\"https:\/\/www.radiopiu.net\/wordpress\/zaino-femminile-lanciato\/\">Zaino da viaggio al femminile<\/a><\/p><\/blockquote>\n<p><iframe loading=\"lazy\" class=\"wp-embedded-content\" sandbox=\"allow-scripts\" security=\"restricted\" style=\"position: absolute; visibility: hidden;\" title=\"&#8220;Zaino da viaggio al femminile&#8221; &#8212; Radio Pi\u00f9\" src=\"https:\/\/www.radiopiu.net\/wordpress\/zaino-femminile-lanciato\/embed\/#?secret=oZQnylcRwp#?secret=mCBfi1j6p3\" data-secret=\"mCBfi1j6p3\" width=\"600\" height=\"338\" frameborder=\"0\" marginwidth=\"0\" marginheight=\"0\" scrolling=\"no\"><\/iframe><\/p>\n<p>&nbsp;<\/p>\n<hr \/>\n<p>&nbsp;<\/p>\n<h2><span style=\"color: #993300;\">I RACCONTI DI PAOLO SOPPELSA<\/span><\/h2>\n<p><strong>IN MONTAGNA<\/strong><\/p>\n<p><strong>AUDIO<\/strong><\/p>\n<audio class=\"wp-audio-shortcode\" id=\"audio-406855-15\" preload=\"none\" style=\"width: 100%;\" controls=\"controls\"><source type=\"audio\/mpeg\" src=\"https:\/\/www.radiopiu.net\/wordpress\/wp-content\/uploads\/2024\/08\/PAOLOS-3.mp3?_=15\" \/><a href=\"https:\/\/www.radiopiu.net\/wordpress\/wp-content\/uploads\/2024\/08\/PAOLOS-3.mp3\">https:\/\/www.radiopiu.net\/wordpress\/wp-content\/uploads\/2024\/08\/PAOLOS-3.mp3<\/a><\/audio>\n<p>&nbsp;<\/p>\n<p><a class=\"dt-pswp-item\" href=\"https:\/\/www.radiopiu.net\/wordpress\/wp-content\/uploads\/2024\/08\/0d740772-2d9f-4ea9-ae71-58e064af626c.jpg\" data-dt-img-description=\"\" data-large_image_width=\"724\" data-large_image_height=\"502\"><img loading=\"lazy\" decoding=\"async\" class=\" wp-image-406778 alignleft\" src=\"https:\/\/www.radiopiu.net\/wordpress\/wp-content\/uploads\/2024\/08\/0d740772-2d9f-4ea9-ae71-58e064af626c-300x208.jpg\" alt=\"\" width=\"197\" height=\"137\" srcset=\"https:\/\/www.radiopiu.net\/wordpress\/wp-content\/uploads\/2024\/08\/0d740772-2d9f-4ea9-ae71-58e064af626c-300x208.jpg 300w, https:\/\/www.radiopiu.net\/wordpress\/wp-content\/uploads\/2024\/08\/0d740772-2d9f-4ea9-ae71-58e064af626c.jpg 724w\" sizes=\"auto, (max-width: 197px) 100vw, 197px\" \/><\/a>Ma cosa ne sapevo, allora, di che cosa avrei trovato su quella montagna quel giorno ammantata di nubi; poco o nulla. Ne conoscevo il nome, sapevo che essa indicava il sud al paese situato all&#8217;incrocio delle valli e dei venti. Sapevo che avrei fatto un po\u2019 di fatica a risalirne i ripidi versanti, che forse avremmo preso pioggia e che magari al mattino saremmo rimasti a letto causa meteo troppo avverso. A tutto ci\u00f2 pensavo durante quel tempo notturno quasi insonne, scandito dai rintocchi della campana che annunciava le ore e le mezze ore. L&#8217;alba, ci present\u00f2 un cielo basso color piombo mentre ci accingevamo a superare la frazione dove dimorano un quarto delle mie radici. Il bosco era carico di umidit\u00e0 della notte e qualche goccia di pioggia ogni tanto andava a poggiarsi sulle foglie dei faggi e dei frassini. Tre respiri accelerati, poche parole e folate di vento umido mentre nasceva un giorno stanco di met\u00e0 agosto. Qualche breve dialogo a rompere quel silenzio che sapeva di pioggia in bilico, e poi la montagna che in quegli attimi sembrava voler insegnare qualcosa a me, giovane quasi neofita di camminate e cime. Silenzi, felci bagnate, rami gocciolanti e nomi di canaloni e costoni illuminati dal lieve chiarore di quell&#8217;alba grigia e stentata. Mentre il giorno completava il suo nascere imparavo a sincronizzare i passi con il respiro, ad ascoltare il battere accelerato del cuore e a prendermi il tempo necessario per ammirare un larice centenario che si slanciava incontro a quel cielo cupo. Dopo circa un paio d&#8217;ore il bosco si apr\u00ec all&#8217;improvviso e apparve la vecchia malga abbandonata. Erano prati che si estendevano fino all\u2019ampia forcella che chiudeva l&#8217;orizzonte ad ovest, erano vecchie mura che raccontavano vite faticose vissute lass\u00f9 dove il silenzio era profondo. Lasciammo la malga e ci inoltrammo in quel bosco di alta quota che si faceva sempre pi\u00f9 rado e poi iniziammo a salire lungo un ripido vallone fino ad incontrarne il suo culmine. Lass\u00f9 trovammo nuvole nuove e severe che risalivano dai profondi borai. Erano nebbie quasi solide, che vorticavano velocemente mentre arrampicavano lungo le aggettanti pareti che sprofondano in quegli inferi misteriosi. Lass\u00f9, in quei momenti, la montagna sembrava chiedere silenzio e rispetto mentre stavamo per iniziare l&#8217;ultima parte di percorso che ci avrebbe condotti al bivacco. Ora i passi si erano fatti prudenti e le parole erano rade e quasi si perdevano in quel mare di nuvole che assorbivano dialoghi e pensieri. Il bivacco rosso si materializz\u00f2 all&#8217;improvviso nella nebbia pesante che stazionava immobile sul pianoro. Il nostro camminare in salita era terminato, la nostra m\u00e9ta era stata raggiunta, e io avevo imparato che per arrivare in cima, occorre mettere un piede dietro l&#8217;altro, con costanza calma e sapienza. I grandi panorami che avrei ammirato tempo dopo, quel giorno erano assenti; l&#8217;Agner, il Civetta, la Moiazza e il Framont erano stati momentaneamente inghiottiti dalle quelle potenti nuvole d&#8217;agosto. Poco importava, ero semplicemente felice di essere lass\u00f9 dove c&#8217;era un bivacco colorato di rosso, dove potevo ammirare delle splendide salamandre gialle e nere e dove avevo sfiorato le nuvole e trovato quella passione per la montagna che mi avrebbe accompagnato per sempre.<\/p>\n<p>&nbsp;<\/p>\n<p>&nbsp;<\/p>\n<hr \/>\n<p>&nbsp;<\/p>\n<blockquote class=\"wp-embedded-content\" data-secret=\"o9AnwwdQze\"><p><a href=\"https:\/\/www.radiopiu.net\/wordpress\/pirole-de-lenga-la-parola-del-giorno-a-cura-del-musla-raccolta-completa\/\">PIROLE DE LENGA&#8230; LA PAROLA DEL GIORNO A CURA DEL MUSLA -raccolta completa &#8211;<\/a><\/p><\/blockquote>\n<p><iframe loading=\"lazy\" class=\"wp-embedded-content\" sandbox=\"allow-scripts\" security=\"restricted\" style=\"position: absolute; visibility: hidden;\" title=\"&#8220;PIROLE DE LENGA&#8230; LA PAROLA DEL GIORNO A CURA DEL MUSLA -raccolta completa &#8211;&#8221; &#8212; Radio Pi\u00f9\" src=\"https:\/\/www.radiopiu.net\/wordpress\/pirole-de-lenga-la-parola-del-giorno-a-cura-del-musla-raccolta-completa\/embed\/#?secret=4ggFEDtOim#?secret=o9AnwwdQze\" data-secret=\"o9AnwwdQze\" width=\"600\" height=\"338\" frameborder=\"0\" marginwidth=\"0\" marginheight=\"0\" scrolling=\"no\"><\/iframe><\/p>\n<p>&nbsp;<\/p>\n<p>&nbsp;<\/p>\n<hr \/>\n<p>&nbsp;<\/p>\n<h2><span style=\"color: #ff0000;\"><a class=\"dt-pswp-item\" href=\"https:\/\/www.radiopiu.net\/wordpress\/wp-content\/uploads\/2018\/09\/appuntamenti.jpeg\" data-dt-img-description=\"\" data-large_image_width=\"800\" data-large_image_height=\"100\"><img loading=\"lazy\" decoding=\"async\" class=\"wp-image-61958 size-full aligncenter\" src=\"https:\/\/www.radiopiu.net\/wordpress\/wp-content\/uploads\/2018\/09\/appuntamenti.jpeg\" alt=\"\" width=\"800\" height=\"100\" srcset=\"https:\/\/www.radiopiu.net\/wordpress\/wp-content\/uploads\/2018\/09\/appuntamenti.jpeg 800w, https:\/\/www.radiopiu.net\/wordpress\/wp-content\/uploads\/2018\/09\/appuntamenti-300x38.jpeg 300w, https:\/\/www.radiopiu.net\/wordpress\/wp-content\/uploads\/2018\/09\/appuntamenti-768x96.jpeg 768w\" sizes=\"auto, (max-width: 800px) 100vw, 800px\" \/><\/a><\/span><\/h2>\n<div>\n<div class=\"\" dir=\"auto\">\n<div id=\":r9h:\" class=\"x1iorvi4 x1pi30zi x1l90r2v x1swvt13\" data-ad-comet-preview=\"message\" data-ad-preview=\"message\">\n\n\t\t\t<style type='text\/css'>\n\t\t\t\t#gallery-5 {\n\t\t\t\t\tmargin: auto;\n\t\t\t\t}\n\t\t\t\t#gallery-5 .gallery-item {\n\t\t\t\t\tfloat: left;\n\t\t\t\t\tmargin-top: 10px;\n\t\t\t\t\ttext-align: center;\n\t\t\t\t\twidth: 25%;\n\t\t\t\t}\n\t\t\t\t#gallery-5 img {\n\t\t\t\t\tborder: 2px solid #cfcfcf;\n\t\t\t\t}\n\t\t\t\t#gallery-5 .gallery-caption {\n\t\t\t\t\tmargin-left: 0;\n\t\t\t\t}\n\t\t\t\t\/* see gallery_shortcode() in wp-includes\/media.php *\/\n\t\t\t<\/style>\n\t\t<div id='gallery-5' class='dt-gallery-container gallery galleryid-406855 gallery-columns-4 gallery-size-thumbnail'><dl class='gallery-item'>\n\t\t\t\t<dt class='gallery-icon portrait'>\n\t\t\t\t\t<a class=\"rollover rollover-zoom dt-pswp-item\" title=\"a2fe8ef0-b734-47c8-be38-ab8205a88b00\" data-dt-img-description=\"\" data-large_image_width=\"1131\" data-large_image_height=\"1600\"href='https:\/\/www.radiopiu.net\/wordpress\/wp-content\/uploads\/2024\/07\/a2fe8ef0-b734-47c8-be38-ab8205a88b00.jpg'><img loading=\"lazy\" decoding=\"async\" width=\"150\" height=\"150\" src=\"https:\/\/www.radiopiu.net\/wordpress\/wp-content\/uploads\/2024\/07\/a2fe8ef0-b734-47c8-be38-ab8205a88b00-150x150.jpg\" class=\"attachment-thumbnail size-thumbnail\" alt=\"\" aria-describedby=\"gallery-5-402154\" \/><\/a>\n\t\t\t\t<\/dt>\n\t\t\t\t\t<dd class='wp-caption-text gallery-caption' id='gallery-5-402154'>\n\t\t\t\t\tDAL 9 AL 31 AGOSTO VOLTAGO E CULTURA\n\t\t\t\t\t<\/dd><\/dl><dl class='gallery-item'>\n\t\t\t\t<dt class='gallery-icon portrait'>\n\t\t\t\t\t<a class=\"rollover rollover-zoom dt-pswp-item\" title=\"concorso-copia_compressed\" data-dt-img-description=\"\" data-large_image_width=\"1240\" data-large_image_height=\"1754\"href='https:\/\/www.radiopiu.net\/wordpress\/wp-content\/uploads\/2024\/07\/concorso-copia_compressed.jpg'><img loading=\"lazy\" decoding=\"async\" width=\"150\" height=\"150\" src=\"https:\/\/www.radiopiu.net\/wordpress\/wp-content\/uploads\/2024\/07\/concorso-copia_compressed-150x150.jpg\" class=\"attachment-thumbnail size-thumbnail\" alt=\"\" aria-describedby=\"gallery-5-401805\" \/><\/a>\n\t\t\t\t<\/dt>\n\t\t\t\t\t<dd class='wp-caption-text gallery-caption' id='gallery-5-401805'>\n\t\t\t\t\tIL CONCORSO FOTOGRAFICO\n\t\t\t\t\t<\/dd><\/dl><dl class='gallery-item'>\n\t\t\t\t<dt class='gallery-icon portrait'>\n\t\t\t\t\t<a class=\"rollover rollover-zoom dt-pswp-item\" title=\"6aaaad58-800e-4990-a3b1-996dabdbe745\" data-dt-img-description=\"\" data-large_image_width=\"1131\" data-large_image_height=\"1600\"href='https:\/\/www.radiopiu.net\/wordpress\/wp-content\/uploads\/2024\/07\/6aaaad58-800e-4990-a3b1-996dabdbe745.jpg'><img loading=\"lazy\" decoding=\"async\" width=\"150\" height=\"150\" src=\"https:\/\/www.radiopiu.net\/wordpress\/wp-content\/uploads\/2024\/07\/6aaaad58-800e-4990-a3b1-996dabdbe745-150x150.jpg\" class=\"attachment-thumbnail size-thumbnail\" alt=\"\" aria-describedby=\"gallery-5-397565\" \/><\/a>\n\t\t\t\t<\/dt>\n\t\t\t\t\t<dd class='wp-caption-text gallery-caption' id='gallery-5-397565'>\n\t\t\t\t\tDAL 20 LUGLIO A VOLTAGO\n\t\t\t\t\t<\/dd><\/dl><dl class='gallery-item'>\n\t\t\t\t<dt class='gallery-icon portrait'>\n\t\t\t\t\t<a class=\"rollover rollover-zoom dt-pswp-item\" title=\"f84567d6-a1d2-47de-9596-ef8505986952\" data-dt-img-description=\"\" data-large_image_width=\"745\" data-large_image_height=\"1073\"href='https:\/\/www.radiopiu.net\/wordpress\/wp-content\/uploads\/2024\/06\/f84567d6-a1d2-47de-9596-ef8505986952.jpg'><img loading=\"lazy\" decoding=\"async\" width=\"150\" height=\"150\" src=\"https:\/\/www.radiopiu.net\/wordpress\/wp-content\/uploads\/2024\/06\/f84567d6-a1d2-47de-9596-ef8505986952-150x150.jpg\" class=\"attachment-thumbnail size-thumbnail\" alt=\"\" aria-describedby=\"gallery-5-396466\" \/><\/a>\n\t\t\t\t<\/dt>\n\t\t\t\t\t<dd class='wp-caption-text gallery-caption' id='gallery-5-396466'>\n\t\t\t\t\tSUMMER GREEN VOLLEY AGORDINO\n\t\t\t\t\t<\/dd><\/dl><br style=\"clear: both\" \/><dl class='gallery-item'>\n\t\t\t\t<dt class='gallery-icon portrait'>\n\t\t\t\t\t<a class=\"rollover rollover-zoom dt-pswp-item\" title=\"b984cf06-49e8-4958-bc23-c0d66e45f366\" data-dt-img-description=\"\" data-large_image_width=\"900\" data-large_image_height=\"1600\"href='https:\/\/www.radiopiu.net\/wordpress\/wp-content\/uploads\/2024\/07\/b984cf06-49e8-4958-bc23-c0d66e45f366.jpg'><img loading=\"lazy\" decoding=\"async\" width=\"150\" height=\"150\" src=\"https:\/\/www.radiopiu.net\/wordpress\/wp-content\/uploads\/2024\/07\/b984cf06-49e8-4958-bc23-c0d66e45f366-150x150.jpg\" class=\"attachment-thumbnail size-thumbnail\" alt=\"\" aria-describedby=\"gallery-5-400399\" \/><\/a>\n\t\t\t\t<\/dt>\n\t\t\t\t\t<dd class='wp-caption-text gallery-caption' id='gallery-5-400399'>\n\t\t\t\t\tALL&#8217;HOTEL VILLA IMPERINA DI AGORDO\n\t\t\t\t\t<\/dd><\/dl><dl class='gallery-item'>\n\t\t\t\t<dt class='gallery-icon portrait'>\n\t\t\t\t\t<a class=\"rollover rollover-zoom dt-pswp-item\" title=\"ee0e70bf-b574-49f2-beb9-4ad574e937e0\" data-dt-img-description=\"\" data-large_image_width=\"1592\" data-large_image_height=\"2048\"href='https:\/\/www.radiopiu.net\/wordpress\/wp-content\/uploads\/2024\/07\/ee0e70bf-b574-49f2-beb9-4ad574e937e0-1.jpg'><img loading=\"lazy\" decoding=\"async\" width=\"150\" height=\"150\" src=\"https:\/\/www.radiopiu.net\/wordpress\/wp-content\/uploads\/2024\/07\/ee0e70bf-b574-49f2-beb9-4ad574e937e0-1-150x150.jpg\" class=\"attachment-thumbnail size-thumbnail\" alt=\"\" aria-describedby=\"gallery-5-402362\" \/><\/a>\n\t\t\t\t<\/dt>\n\t\t\t\t\t<dd class='wp-caption-text gallery-caption' id='gallery-5-402362'>\n\t\t\t\t\tBOCCIODROMO AD AGORDO&#8230; L&#8217;ESTATE CONTINUA\n\t\t\t\t\t<\/dd><\/dl><dl class='gallery-item'>\n\t\t\t\t<dt class='gallery-icon portrait'>\n\t\t\t\t\t<a class=\"rollover rollover-zoom dt-pswp-item\" title=\"453435279_122166255218160070_5477559706341740291_n\" data-dt-img-description=\"\" data-large_image_width=\"526\" data-large_image_height=\"1052\"href='https:\/\/www.radiopiu.net\/wordpress\/wp-content\/uploads\/2024\/08\/453435279_122166255218160070_5477559706341740291_n.jpg'><img loading=\"lazy\" decoding=\"async\" width=\"150\" height=\"150\" src=\"https:\/\/www.radiopiu.net\/wordpress\/wp-content\/uploads\/2024\/08\/453435279_122166255218160070_5477559706341740291_n-150x150.jpg\" class=\"attachment-thumbnail size-thumbnail\" alt=\"\" aria-describedby=\"gallery-5-402925\" \/><\/a>\n\t\t\t\t<\/dt>\n\t\t\t\t\t<dd class='wp-caption-text gallery-caption' id='gallery-5-402925'>\n\t\t\t\t\tL&#8217;ESTATE AL CINEMA DOLOMITI DI FALCADE\n\t\t\t\t\t<\/dd><\/dl><dl class='gallery-item'>\n\t\t\t\t<dt class='gallery-icon portrait'>\n\t\t\t\t\t<a class=\"rollover rollover-zoom dt-pswp-item\" title=\"352b658b-c0db-41f9-b908-65887d9c118f\" data-dt-img-description=\"\" data-large_image_width=\"800\" data-large_image_height=\"1200\"href='https:\/\/www.radiopiu.net\/wordpress\/wp-content\/uploads\/2024\/08\/352b658b-c0db-41f9-b908-65887d9c118f.jpg'><img loading=\"lazy\" decoding=\"async\" width=\"150\" height=\"150\" src=\"https:\/\/www.radiopiu.net\/wordpress\/wp-content\/uploads\/2024\/08\/352b658b-c0db-41f9-b908-65887d9c118f-150x150.jpg\" class=\"attachment-thumbnail size-thumbnail\" alt=\"\" aria-describedby=\"gallery-5-406921\" \/><\/a>\n\t\t\t\t<\/dt>\n\t\t\t\t\t<dd class='wp-caption-text gallery-caption' id='gallery-5-406921'>\n\t\t\t\t\t31 agosto FORCELLA AURINE\n\t\t\t\t\t<\/dd><\/dl><br style=\"clear: both\" \/><dl class='gallery-item'>\n\t\t\t\t<dt class='gallery-icon portrait'>\n\t\t\t\t\t<a class=\"rollover rollover-zoom dt-pswp-item\" title=\"LOC_A3_MOSTRA-RADIO_CMVI\" data-dt-img-description=\"\" data-large_image_width=\"1816\" data-large_image_height=\"2560\"href='https:\/\/www.radiopiu.net\/wordpress\/wp-content\/uploads\/2024\/08\/LOC_A3_MOSTRA-RADIO_CMVI-scaled.jpg'><img loading=\"lazy\" decoding=\"async\" width=\"150\" height=\"150\" src=\"https:\/\/www.radiopiu.net\/wordpress\/wp-content\/uploads\/2024\/08\/LOC_A3_MOSTRA-RADIO_CMVI-150x150.jpg\" class=\"attachment-thumbnail size-thumbnail\" alt=\"\" aria-describedby=\"gallery-5-403450\" \/><\/a>\n\t\t\t\t<\/dt>\n\t\t\t\t\t<dd class='wp-caption-text gallery-caption' id='gallery-5-403450'>\n\t\t\t\t\tLA MOSTRA DELLE RADIO IN VALLE IMPERINA\n\t\t\t\t\t<\/dd><\/dl><dl class='gallery-item'>\n\t\t\t\t<dt class='gallery-icon portrait'>\n\t\t\t\t\t<a class=\"rollover rollover-zoom dt-pswp-item\" title=\"ARSON CORSO\" data-dt-img-description=\"\" data-large_image_width=\"671\" data-large_image_height=\"756\"href='https:\/\/www.radiopiu.net\/wordpress\/wp-content\/uploads\/2024\/08\/ARSON-CORSO.png'><img loading=\"lazy\" decoding=\"async\" width=\"150\" height=\"150\" src=\"https:\/\/www.radiopiu.net\/wordpress\/wp-content\/uploads\/2024\/08\/ARSON-CORSO-150x150.png\" class=\"attachment-thumbnail size-thumbnail\" alt=\"\" aria-describedby=\"gallery-5-403730\" \/><\/a>\n\t\t\t\t<\/dt>\n\t\t\t\t\t<dd class='wp-caption-text gallery-caption' id='gallery-5-403730'>\n\t\t\t\t\tCORSO DI FOTOGRAFIA A FELTRE\n\t\t\t\t\t<\/dd><\/dl><dl class='gallery-item'>\n\t\t\t\t<dt class='gallery-icon portrait'>\n\t\t\t\t\t<a class=\"rollover rollover-zoom dt-pswp-item\" title=\"c442104f-357c-4a86-a34f-8fbcba79b7ec\" data-dt-img-description=\"\" data-large_image_width=\"650\" data-large_image_height=\"800\"href='https:\/\/www.radiopiu.net\/wordpress\/wp-content\/uploads\/2024\/08\/c442104f-357c-4a86-a34f-8fbcba79b7ec.jpg'><img loading=\"lazy\" decoding=\"async\" width=\"150\" height=\"150\" src=\"https:\/\/www.radiopiu.net\/wordpress\/wp-content\/uploads\/2024\/08\/c442104f-357c-4a86-a34f-8fbcba79b7ec-150x150.jpg\" class=\"attachment-thumbnail size-thumbnail\" alt=\"\" aria-describedby=\"gallery-5-404802\" \/><\/a>\n\t\t\t\t<\/dt>\n\t\t\t\t\t<dd class='wp-caption-text gallery-caption' id='gallery-5-404802'>\n\t\t\t\t\tLE SPECIALITA&#8217; DEL RISTOBAR GHEGI\n\t\t\t\t\t<\/dd><\/dl><dl class='gallery-item'>\n\t\t\t\t<dt class='gallery-icon portrait'>\n\t\t\t\t\t<a class=\"rollover rollover-zoom dt-pswp-item\" title=\"download\" data-dt-img-description=\"\" data-large_image_width=\"600\" data-large_image_height=\"849\"href='https:\/\/www.radiopiu.net\/wordpress\/wp-content\/uploads\/2024\/08\/download.jpg'><img loading=\"lazy\" decoding=\"async\" width=\"150\" height=\"150\" src=\"https:\/\/www.radiopiu.net\/wordpress\/wp-content\/uploads\/2024\/08\/download-150x150.jpg\" class=\"attachment-thumbnail size-thumbnail\" alt=\"\" aria-describedby=\"gallery-5-404972\" \/><\/a>\n\t\t\t\t<\/dt>\n\t\t\t\t\t<dd class='wp-caption-text gallery-caption' id='gallery-5-404972'>\n\t\t\t\t\tPROLOCO SEDICO\n\t\t\t\t\t<\/dd><\/dl><br style=\"clear: both\" \/><dl class='gallery-item'>\n\t\t\t\t<dt class='gallery-icon landscape'>\n\t\t\t\t\t<a class=\"rollover rollover-zoom dt-pswp-item\" title=\"b46872fc-6ed8-4cb8-ab0d-ce6542b9bbc5\" data-dt-img-description=\"\" data-large_image_width=\"1518\" data-large_image_height=\"1142\"href='https:\/\/www.radiopiu.net\/wordpress\/wp-content\/uploads\/2024\/08\/b46872fc-6ed8-4cb8-ab0d-ce6542b9bbc5.jpg'><img loading=\"lazy\" decoding=\"async\" width=\"150\" height=\"150\" src=\"https:\/\/www.radiopiu.net\/wordpress\/wp-content\/uploads\/2024\/08\/b46872fc-6ed8-4cb8-ab0d-ce6542b9bbc5-150x150.jpg\" class=\"attachment-thumbnail size-thumbnail\" alt=\"\" aria-describedby=\"gallery-5-404968\" \/><\/a>\n\t\t\t\t<\/dt>\n\t\t\t\t\t<dd class='wp-caption-text gallery-caption' id='gallery-5-404968'>\n\t\t\t\t\tCORRI POI.. ULTIMA TAPPA\n\t\t\t\t\t<\/dd><\/dl><dl class='gallery-item'>\n\t\t\t\t<dt class='gallery-icon portrait'>\n\t\t\t\t\t<a class=\"rollover rollover-zoom dt-pswp-item\" title=\"c4009_Tour_Forestale_PEFC_Tappa_Col_di_Lana\" data-dt-img-description=\"\" data-large_image_width=\"1020\" data-large_image_height=\"1446\"href='https:\/\/www.radiopiu.net\/wordpress\/wp-content\/uploads\/2024\/08\/c4009_Tour_Forestale_PEFC_Tappa_Col_di_Lana.png'><img loading=\"lazy\" decoding=\"async\" width=\"150\" height=\"150\" src=\"https:\/\/www.radiopiu.net\/wordpress\/wp-content\/uploads\/2024\/08\/c4009_Tour_Forestale_PEFC_Tappa_Col_di_Lana-150x150.png\" class=\"attachment-thumbnail size-thumbnail\" alt=\"\" aria-describedby=\"gallery-5-405046\" \/><\/a>\n\t\t\t\t<\/dt>\n\t\t\t\t\t<dd class='wp-caption-text gallery-caption' id='gallery-5-405046'>\n\t\t\t\t\tCON UNCEM A LIVINALLONGO\n\t\t\t\t\t<\/dd><\/dl><dl class='gallery-item'>\n\t\t\t\t<dt class='gallery-icon portrait'>\n\t\t\t\t\t<a class=\"rollover rollover-zoom dt-pswp-item\" title=\"Scrivere di alberi 2024 (1)\" data-dt-img-description=\"\" data-large_image_width=\"1414\" data-large_image_height=\"2000\"href='https:\/\/www.radiopiu.net\/wordpress\/wp-content\/uploads\/2024\/08\/Scrivere-di-alberi-2024-1.png'><img loading=\"lazy\" decoding=\"async\" width=\"150\" height=\"150\" src=\"https:\/\/www.radiopiu.net\/wordpress\/wp-content\/uploads\/2024\/08\/Scrivere-di-alberi-2024-1-150x150.png\" class=\"attachment-thumbnail size-thumbnail\" alt=\"\" aria-describedby=\"gallery-5-406125\" \/><\/a>\n\t\t\t\t<\/dt>\n\t\t\t\t\t<dd class='wp-caption-text gallery-caption' id='gallery-5-406125'>\n\t\t\t\t\tSCRIVERE DI ALBERI\n\t\t\t\t\t<\/dd><\/dl><dl class='gallery-item'>\n\t\t\t\t<dt class='gallery-icon portrait'>\n\t\t\t\t\t<a class=\"rollover rollover-zoom dt-pswp-item\" title=\"d044f416-8999-4b03-a1fe-13c0d3430527\" data-dt-img-description=\"\" data-large_image_width=\"1131\" data-large_image_height=\"1600\"href='https:\/\/www.radiopiu.net\/wordpress\/wp-content\/uploads\/2024\/08\/d044f416-8999-4b03-a1fe-13c0d3430527-1.jpg'><img loading=\"lazy\" decoding=\"async\" width=\"150\" height=\"150\" src=\"https:\/\/www.radiopiu.net\/wordpress\/wp-content\/uploads\/2024\/08\/d044f416-8999-4b03-a1fe-13c0d3430527-1-150x150.jpg\" class=\"attachment-thumbnail size-thumbnail\" alt=\"\" aria-describedby=\"gallery-5-406902\" \/><\/a>\n\t\t\t\t<\/dt>\n\t\t\t\t\t<dd class='wp-caption-text gallery-caption' id='gallery-5-406902'>\n\t\t\t\t\tA CANALE D&#8217;AGORDO\n\t\t\t\t\t<\/dd><\/dl><br style=\"clear: both\" \/>\n\t\t\t<\/div>\n\n<p><b>OGGI E DOMANI AL CINEMA DOLOMITI DI FALCADE IL FILM D&#8217;AZIONE TWISTERS. SPETTACOLI ALLE 21:15<\/b><\/p>\n<\/div>\n<\/div>\n<\/div>\n<p><strong>BELLUNO<\/strong> Il &#8220;Dall\u2019Ardo alla Piave Festival&#8221; si terr\u00e0 il 9 e 30 agosto e si concluder\u00e0 il 6 settembre a Borgo Piave. Il 9 agosto alle 20:30, il gruppo folk Rudem\u00e0 si esibir\u00e0 con un concerto di musica tradizionale veneta e del Nord Italia. Il 30 agosto, alla stessa ora, Sonia Vazza presenter\u00e0 la lettura scenica &#8220;La Cotogna di Istanbul&#8221; con accompagnamento musicale di Paolo Forte, un omaggio al libro di Paolo Rumiz. Il festival \u00e8 organizzato dall\u2019associazione Borgo Piave ETC aps con il supporto di varie associazioni e gruppi locali.<\/p>\n<h2><\/h2>\n<p>&nbsp;<\/p>\n<div><\/div>\n<p>&nbsp;<\/p>\n<hr \/>\n<p>&nbsp;<\/p>\n<p><a class=\"dt-pswp-item\" href=\"https:\/\/www.radiopiu.net\/wordpress\/wp-content\/uploads\/2018\/09\/viabilita.jpeg\" data-dt-img-description=\"\" data-large_image_width=\"800\" data-large_image_height=\"100\"><img loading=\"lazy\" decoding=\"async\" class=\"aligncenter wp-image-61954 size-full\" src=\"https:\/\/www.radiopiu.net\/wordpress\/wp-content\/uploads\/2018\/09\/viabilita.jpeg\" alt=\"\" width=\"800\" height=\"100\" srcset=\"https:\/\/www.radiopiu.net\/wordpress\/wp-content\/uploads\/2018\/09\/viabilita.jpeg 800w, https:\/\/www.radiopiu.net\/wordpress\/wp-content\/uploads\/2018\/09\/viabilita-300x38.jpeg 300w, https:\/\/www.radiopiu.net\/wordpress\/wp-content\/uploads\/2018\/09\/viabilita-768x96.jpeg 768w\" sizes=\"auto, (max-width: 800px) 100vw, 800px\" \/><\/a><\/p>\n<p>&nbsp;<\/p>\n<p><a class=\"dt-pswp-item\" href=\"https:\/\/www.radiopiu.net\/wordpress\/wp-content\/uploads\/2023\/12\/botol-car-service.jpg\" data-dt-img-description=\"\" data-large_image_width=\"600\" data-large_image_height=\"600\"><img loading=\"lazy\" decoding=\"async\" class=\"size-medium wp-image-367044 aligncenter\" src=\"https:\/\/www.radiopiu.net\/wordpress\/wp-content\/uploads\/2023\/12\/botol-car-service-300x300.jpg\" alt=\"\" width=\"300\" height=\"300\" srcset=\"https:\/\/www.radiopiu.net\/wordpress\/wp-content\/uploads\/2023\/12\/botol-car-service-300x300.jpg 300w, https:\/\/www.radiopiu.net\/wordpress\/wp-content\/uploads\/2023\/12\/botol-car-service-150x150.jpg 150w, https:\/\/www.radiopiu.net\/wordpress\/wp-content\/uploads\/2023\/12\/botol-car-service.jpg 600w\" sizes=\"auto, (max-width: 300px) 100vw, 300px\" \/><\/a><\/p>\n<p>&nbsp;<\/p>\n<p>&nbsp;<\/p>\n<h1>BOLLETTINO QUOTIDIANO, CLICCA QUI<\/h1>\n<blockquote class=\"wp-embedded-content\" data-secret=\"WXH07rMrGP\"><p><a href=\"https:\/\/www.radiopiu.net\/wordpress\/viabilita-2\/\">viabilita<\/a><\/p><\/blockquote>\n<p><iframe loading=\"lazy\" class=\"wp-embedded-content\" sandbox=\"allow-scripts\" security=\"restricted\" style=\"position: absolute; visibility: hidden;\" title=\"&#8220;viabilita&#8221; &#8212; Radio Pi\u00f9\" src=\"https:\/\/www.radiopiu.net\/wordpress\/viabilita-2\/embed\/#?secret=xyu6d98IFc#?secret=WXH07rMrGP\" data-secret=\"WXH07rMrGP\" width=\"600\" height=\"338\" frameborder=\"0\" marginwidth=\"0\" marginheight=\"0\" scrolling=\"no\"><\/iframe><\/p>\n<p>&nbsp;<\/p>\n<p>&nbsp;<\/p>\n<hr \/>\n<p>&nbsp;<\/p>\n<p><a class=\"dt-pswp-item\" href=\"https:\/\/www.radiopiu.net\/wordpress\/wp-content\/uploads\/2018\/09\/WhatsApp-Image-2018-09-20-at-16.04.06.jpeg\" data-dt-img-description=\"\" data-large_image_width=\"800\" data-large_image_height=\"100\"><img loading=\"lazy\" decoding=\"async\" class=\"wp-image-61378 size-full aligncenter\" src=\"https:\/\/www.radiopiu.net\/wordpress\/wp-content\/uploads\/2018\/09\/WhatsApp-Image-2018-09-20-at-16.04.06.jpeg\" alt=\"\" width=\"800\" height=\"100\" srcset=\"https:\/\/www.radiopiu.net\/wordpress\/wp-content\/uploads\/2018\/09\/WhatsApp-Image-2018-09-20-at-16.04.06.jpeg 800w, https:\/\/www.radiopiu.net\/wordpress\/wp-content\/uploads\/2018\/09\/WhatsApp-Image-2018-09-20-at-16.04.06-300x38.jpeg 300w, https:\/\/www.radiopiu.net\/wordpress\/wp-content\/uploads\/2018\/09\/WhatsApp-Image-2018-09-20-at-16.04.06-768x96.jpeg 768w\" sizes=\"auto, (max-width: 800px) 100vw, 800px\" \/><\/a><\/p>\n<p><center><\/center><center><\/center><center><\/center><center><\/center><center><\/center><center><\/center>&nbsp;<\/p>\n<p><center><\/center><center><b>OGGI<\/b><\/center>Meno instabile rispetto a luned\u00ec. Nuvolosit\u00e0 variabile meno presente con pi\u00f9 schiarite specie al mattino su Dolomiti, mentre su Prealpi il cielo sar\u00e0 irregolarmente nuvoloso. Nel pomeriggio irregolare nuvolosit\u00e0 cumuliforme per lo pi\u00f9 moderata, localmente a tratti intensa<br \/>\n<b>Precipitazioni: <\/b>Al mattino qualche isolato rovescio\/temporale su Prealpi poco probabile su Dolomiti. Nel pomeriggio probabilit\u00e0 media di isolati rovesci\/temporali<br \/>\n<b>Temperature: <\/b>Temperature pressoch\u00e8 stazionarie o al pi\u00f9 in lieve calo le minime a fondovalle e lieve aumento le massime.<\/p>\n<hr \/>\n<p><center><b>DOMANI<\/b><\/center>Cielo generalmente sereno o poco nuvoloso al mattino con possibili nubi basse fino al primo mattino in alcune valli e consueta nuvolosit\u00e0 cumuliforme al pomeriggio, generalmente modesta o al pi\u00f9 localmente moderata su Prealpi.<br \/>\n<b>Precipitazioni: <\/b>Seppur molto bassa non \u00e8 nulla la probabilit\u00e0 di un rovescio\/temporale nel pomeriggio<br \/>\n<b>Temperature: <\/b>Temperature pressoch\u00e8 stazionarie o in lieve aumento le massime<\/p>\n<hr \/>\n<p><center><b>GIOVEDI<\/b><\/center>Sereno o poco nuvoloso al mattino con qualche nube bassa nelle valli fino all&#8217;alba. Nel pomeriggio modesta al pi\u00f9 localmente moderata nuvolosit\u00e0 cumuliforme e non del tutto escluso un rovescio\/temporale. Temperature massime in lieve aumento.<\/p>\n<hr \/>\n<p><center><b>VENERDI<\/b><\/center>Sereno o poco nuvoloso con modesta attivit\u00e0 cumuliforme nel pomeriggio. Precipitazioni: nel pomeriggio molto bassa la probabilit\u00e0 di un rovescio. Temperature in ulteriore lieve aumento.<\/p>\n<p>&nbsp;<\/p>\n<hr \/>\n<p>&nbsp;<\/p>\n<p><a class=\"dt-pswp-item\" href=\"https:\/\/www.radiopiu.net\/wordpress\/wp-content\/uploads\/2018\/09\/sport.jpg\" data-dt-img-description=\"\" data-large_image_width=\"800\" data-large_image_height=\"100\"><img loading=\"lazy\" decoding=\"async\" class=\"aligncenter wp-image-60761 size-full\" src=\"https:\/\/www.radiopiu.net\/wordpress\/wp-content\/uploads\/2018\/09\/sport.jpg\" alt=\"\" width=\"800\" height=\"100\" srcset=\"https:\/\/www.radiopiu.net\/wordpress\/wp-content\/uploads\/2018\/09\/sport.jpg 800w, https:\/\/www.radiopiu.net\/wordpress\/wp-content\/uploads\/2018\/09\/sport-300x38.jpg 300w, https:\/\/www.radiopiu.net\/wordpress\/wp-content\/uploads\/2018\/09\/sport-768x96.jpg 768w\" sizes=\"auto, (max-width: 800px) 100vw, 800px\" \/><\/a><\/p>\n<p>&nbsp;<\/p>\n<p><span style=\"color: #0000ff;\"><strong>MOTORI<\/strong><\/span><\/p>\n<blockquote>\n<h2>INARRESTABILE MEZZACASA, IL PILOTA DI LA VALLE AL BANCO DI PROVA<\/h2>\n<\/blockquote>\n<p><strong><img loading=\"lazy\" decoding=\"async\" class=\"alignleft\" src=\"https:\/\/www.radiopiu.net\/wordpress\/wp-content\/uploads\/2024\/08\/c7e5fc29-1d2a-46c1-beec-11c71582d657.jpg\" width=\"163\" height=\"109\" \/>LA VALLE AGORDINA<\/strong><\/p>\n<p><strong>DI ROBERTO BONA\u00a0<\/strong><\/p>\n<p>&nbsp;<\/p>\n<p>&nbsp;<\/p>\n<audio class=\"wp-audio-shortcode\" id=\"audio-406855-16\" preload=\"none\" style=\"width: 100%;\" controls=\"controls\"><source type=\"audio\/wav\" src=\"https:\/\/www.radiopiu.net\/wordpress\/wp-content\/uploads\/2024\/08\/MezzacasaVittorioVeneto.wav?_=16\" \/><a href=\"https:\/\/www.radiopiu.net\/wordpress\/wp-content\/uploads\/2024\/08\/MezzacasaVittorioVeneto.wav\">https:\/\/www.radiopiu.net\/wordpress\/wp-content\/uploads\/2024\/08\/MezzacasaVittorioVeneto.wav<\/a><\/audio>\n<p>&nbsp;<\/p>\n<hr \/>\n<p>&nbsp;<\/p>\n<h2><span style=\"color: #ffcc00;\">GOODBYE BY BICICLE&#8230;UN VIAGGIO DALL&#8217;INDIA A SEREN DEL GRAPPA IN BICICLETTA<\/span><\/h2>\n<p><span style=\"color: #ff0000;\"><strong>PUNTATA 27 &#8211; IL TEMPO VOLA IN FRETTA IN SERBIA<\/strong><\/span><\/p>\n<audio class=\"wp-audio-shortcode\" id=\"audio-406855-17\" preload=\"none\" style=\"width: 100%;\" controls=\"controls\"><source type=\"audio\/mpeg\" src=\"https:\/\/www.radiopiu.net\/wordpress\/wp-content\/uploads\/2024\/08\/AIRE-INDIA-PUNTATA-27.mp3?_=17\" \/><a href=\"https:\/\/www.radiopiu.net\/wordpress\/wp-content\/uploads\/2024\/08\/AIRE-INDIA-PUNTATA-27.mp3\">https:\/\/www.radiopiu.net\/wordpress\/wp-content\/uploads\/2024\/08\/AIRE-INDIA-PUNTATA-27.mp3<\/a><\/audio>\n<p>&nbsp;<\/p>\n<p><strong>PER VISITARE I SITI DEI LUOGHI VISITATI, CLICCA SULLE SEGUENTI SCRITTE:\u00a0 <span style=\"color: #3366ff;\"><a href=\"https:\/\/danubecare.uns.ac.rs\/\">DANUBECARE PROJECT<\/a>\u00a0 \u00a0<a href=\"https:\/\/www.instagram.com\/uzbbgd?igsh=cXpkMWV4YnVoaXg4\">ULICE ZA BICIKLISTE<\/a>\u00a0 \u00a0<a href=\"https:\/\/zelenodoba.org\/\">ZELENO DOBA\u00a0<\/a> \u00a0<\/span><\/strong><\/p>\n<p>&nbsp;<\/p>\n\n\t\t\t<style type='text\/css'>\n\t\t\t\t#gallery-6 {\n\t\t\t\t\tmargin: auto;\n\t\t\t\t}\n\t\t\t\t#gallery-6 .gallery-item {\n\t\t\t\t\tfloat: left;\n\t\t\t\t\tmargin-top: 10px;\n\t\t\t\t\ttext-align: center;\n\t\t\t\t\twidth: 25%;\n\t\t\t\t}\n\t\t\t\t#gallery-6 img {\n\t\t\t\t\tborder: 2px solid #cfcfcf;\n\t\t\t\t}\n\t\t\t\t#gallery-6 .gallery-caption {\n\t\t\t\t\tmargin-left: 0;\n\t\t\t\t}\n\t\t\t\t\/* see gallery_shortcode() in wp-includes\/media.php *\/\n\t\t\t<\/style>\n\t\t<div id='gallery-6' class='dt-gallery-container gallery galleryid-406855 gallery-columns-4 gallery-size-thumbnail'><dl class='gallery-item'>\n\t\t\t\t<dt class='gallery-icon landscape'>\n\t\t\t\t\t<a class=\"rollover rollover-zoom dt-pswp-item\" title=\"7910fd97-6830-4949-92fe-12ad96a785fe\" data-dt-img-description=\"\" data-large_image_width=\"2048\" data-large_image_height=\"923\"href='https:\/\/www.radiopiu.net\/wordpress\/wp-content\/uploads\/2024\/08\/7910fd97-6830-4949-92fe-12ad96a785fe.jpg'><img loading=\"lazy\" decoding=\"async\" width=\"150\" height=\"150\" src=\"https:\/\/www.radiopiu.net\/wordpress\/wp-content\/uploads\/2024\/08\/7910fd97-6830-4949-92fe-12ad96a785fe-150x150.jpg\" class=\"attachment-thumbnail size-thumbnail\" alt=\"\" \/><\/a>\n\t\t\t\t<\/dt><\/dl><dl class='gallery-item'>\n\t\t\t\t<dt class='gallery-icon portrait'>\n\t\t\t\t\t<a class=\"rollover rollover-zoom dt-pswp-item\" title=\"8e2a7517-cf14-4a54-938b-ab0cca79355d\" data-dt-img-description=\"\" data-large_image_width=\"1200\" data-large_image_height=\"1600\"href='https:\/\/www.radiopiu.net\/wordpress\/wp-content\/uploads\/2024\/08\/8e2a7517-cf14-4a54-938b-ab0cca79355d.jpg'><img loading=\"lazy\" decoding=\"async\" width=\"150\" height=\"150\" src=\"https:\/\/www.radiopiu.net\/wordpress\/wp-content\/uploads\/2024\/08\/8e2a7517-cf14-4a54-938b-ab0cca79355d-150x150.jpg\" class=\"attachment-thumbnail size-thumbnail\" alt=\"\" \/><\/a>\n\t\t\t\t<\/dt><\/dl><dl class='gallery-item'>\n\t\t\t\t<dt class='gallery-icon landscape'>\n\t\t\t\t\t<a class=\"rollover rollover-zoom dt-pswp-item\" title=\"30bf4631-3670-453d-9477-15ed9d299778\" data-dt-img-description=\"\" data-large_image_width=\"1280\" data-large_image_height=\"960\"href='https:\/\/www.radiopiu.net\/wordpress\/wp-content\/uploads\/2024\/08\/30bf4631-3670-453d-9477-15ed9d299778.jpg'><img loading=\"lazy\" decoding=\"async\" width=\"150\" height=\"150\" src=\"https:\/\/www.radiopiu.net\/wordpress\/wp-content\/uploads\/2024\/08\/30bf4631-3670-453d-9477-15ed9d299778-150x150.jpg\" class=\"attachment-thumbnail size-thumbnail\" alt=\"\" \/><\/a>\n\t\t\t\t<\/dt><\/dl><dl class='gallery-item'>\n\t\t\t\t<dt class='gallery-icon landscape'>\n\t\t\t\t\t<a class=\"rollover rollover-zoom dt-pswp-item\" title=\"c4a4750a-757f-4f14-b9ea-ee6c85bc0a18\" data-dt-img-description=\"\" data-large_image_width=\"1600\" data-large_image_height=\"1200\"href='https:\/\/www.radiopiu.net\/wordpress\/wp-content\/uploads\/2024\/08\/c4a4750a-757f-4f14-b9ea-ee6c85bc0a18.jpg'><img loading=\"lazy\" decoding=\"async\" width=\"150\" height=\"150\" src=\"https:\/\/www.radiopiu.net\/wordpress\/wp-content\/uploads\/2024\/08\/c4a4750a-757f-4f14-b9ea-ee6c85bc0a18-150x150.jpg\" class=\"attachment-thumbnail size-thumbnail\" alt=\"\" \/><\/a>\n\t\t\t\t<\/dt><\/dl><br style=\"clear: both\" \/>\n\t\t\t<\/div>\n\n<p>&nbsp;<\/p>\n<h2>LA RACCOLTA COMPLETA <a href=\"https:\/\/www.radiopiu.net\/wordpress\/goodbye-by-bicicle-un-viaggio-dallindia-a-seren-del-grappa-in-bicicletta-27\/\"><span style=\"color: #3366ff;\">CLICCA QUI<\/span><\/a><\/h2>\n<p>&nbsp;<\/p>\n<p>&nbsp;<\/p>\n<p>&nbsp;<\/p>\n","protected":false},"excerpt":{"rendered":"<p>******* RADIO PIU&#8217;&#8230; IN DAB NEL VENETO! STIAMO PER ESTENDERE LA RETE, NUOVA RIPETIZIONE DEL SEGNALE A VENEZIA &nbsp; ATTENZIONE: LA NUOVA APP PER IOS-IPHONE di Nicola Vettorello https:\/\/apps.apple.com\/it\/app\/radio-pi%C3%B9-emittente-agordina\/id1515939845 ATTENZIONE: LA NUOVA APP RADIO\u00a0 PER ANDROID di Nicola Vettorello https:\/\/play.google.com\/store\/apps\/details?id=net.radiopiu.iniko\u00a0\u00a0\u00a0 &nbsp; &nbsp; &nbsp; OGGI ALLA RADIO&#8230;. ALLE 4 E ALLE 6 LE NOTIZIE DALL&#8217;ITALIA E&hellip;<\/p>\n","protected":false},"author":4,"featured_media":406994,"comment_status":"closed","ping_status":"closed","sticky":false,"template":"","format":"standard","meta":{"_monsterinsights_skip_tracking":false,"_monsterinsights_sitenote_active":false,"_monsterinsights_sitenote_note":"","_monsterinsights_sitenote_category":0,"footnotes":""},"categories":[51,86,49],"tags":[],"class_list":["post-406855","post","type-post","status-publish","format-standard","has-post-thumbnail","hentry","category-evidenza-top","category-gr","category-news-18","category-51","category-86","category-49","description-off"],"img_url":"https:\/\/www.radiopiu.net\/wordpress\/wp-content\/uploads\/2024\/08\/Senza-nome-101.png","_links":{"self":[{"href":"https:\/\/www.radiopiu.net\/wordpress\/wp-json\/wp\/v2\/posts\/406855","targetHints":{"allow":["GET"]}}],"collection":[{"href":"https:\/\/www.radiopiu.net\/wordpress\/wp-json\/wp\/v2\/posts"}],"about":[{"href":"https:\/\/www.radiopiu.net\/wordpress\/wp-json\/wp\/v2\/types\/post"}],"author":[{"embeddable":true,"href":"https:\/\/www.radiopiu.net\/wordpress\/wp-json\/wp\/v2\/users\/4"}],"replies":[{"embeddable":true,"href":"https:\/\/www.radiopiu.net\/wordpress\/wp-json\/wp\/v2\/comments?post=406855"}],"version-history":[{"count":29,"href":"https:\/\/www.radiopiu.net\/wordpress\/wp-json\/wp\/v2\/posts\/406855\/revisions"}],"predecessor-version":[{"id":407005,"href":"https:\/\/www.radiopiu.net\/wordpress\/wp-json\/wp\/v2\/posts\/406855\/revisions\/407005"}],"wp:featuredmedia":[{"embeddable":true,"href":"https:\/\/www.radiopiu.net\/wordpress\/wp-json\/wp\/v2\/media\/406994"}],"wp:attachment":[{"href":"https:\/\/www.radiopiu.net\/wordpress\/wp-json\/wp\/v2\/media?parent=406855"}],"wp:term":[{"taxonomy":"category","embeddable":true,"href":"https:\/\/www.radiopiu.net\/wordpress\/wp-json\/wp\/v2\/categories?post=406855"},{"taxonomy":"post_tag","embeddable":true,"href":"https:\/\/www.radiopiu.net\/wordpress\/wp-json\/wp\/v2\/tags?post=406855"}],"curies":[{"name":"wp","href":"https:\/\/api.w.org\/{rel}","templated":true}]}}