{"id":406863,"date":"2024-08-26T09:57:35","date_gmt":"2024-08-26T07:57:35","guid":{"rendered":"https:\/\/www.radiopiu.net\/wordpress\/?p=406863"},"modified":"2024-08-27T05:46:13","modified_gmt":"2024-08-27T03:46:13","slug":"il-cuore-della-generosita-batte-forte-a-colderu-grande-successo-per-invitaearte","status":"publish","type":"post","link":"https:\/\/www.radiopiu.net\/wordpress\/il-cuore-della-generosita-batte-forte-a-colderu-grande-successo-per-invitaearte\/","title":{"rendered":"IL CUORE DELLA GENEROSITA&#8217; BATTE FORTE A COLDERU&#8217;. GRANDE SUCCESSO PER INVITAEARTE"},"content":{"rendered":"<p>******<\/p>\n<p>di Alessia Dall&#8217;O<\/p>\n<p><strong><a class=\"dt-pswp-item\" href=\"https:\/\/www.radiopiu.net\/wordpress\/wp-content\/uploads\/2024\/08\/Il-gruppo-di-volontari-INVITAeARTE-scaled.jpg\" data-dt-img-description=\"\" data-large_image_width=\"2560\" data-large_image_height=\"1706\"><img loading=\"lazy\" decoding=\"async\" class=\" wp-image-406865 alignleft\" src=\"https:\/\/www.radiopiu.net\/wordpress\/wp-content\/uploads\/2024\/08\/Il-gruppo-di-volontari-INVITAeARTE-300x200.jpg\" alt=\"\" width=\"185\" height=\"123\" srcset=\"https:\/\/www.radiopiu.net\/wordpress\/wp-content\/uploads\/2024\/08\/Il-gruppo-di-volontari-INVITAeARTE-300x200.jpg 300w, https:\/\/www.radiopiu.net\/wordpress\/wp-content\/uploads\/2024\/08\/Il-gruppo-di-volontari-INVITAeARTE-1024x683.jpg 1024w, https:\/\/www.radiopiu.net\/wordpress\/wp-content\/uploads\/2024\/08\/Il-gruppo-di-volontari-INVITAeARTE-768x512.jpg 768w, https:\/\/www.radiopiu.net\/wordpress\/wp-content\/uploads\/2024\/08\/Il-gruppo-di-volontari-INVITAeARTE-1536x1024.jpg 1536w, https:\/\/www.radiopiu.net\/wordpress\/wp-content\/uploads\/2024\/08\/Il-gruppo-di-volontari-INVITAeARTE-2048x1365.jpg 2048w\" sizes=\"auto, (max-width: 185px) 100vw, 185px\" \/><\/a>BORGO VALBELLUNA<\/strong> Nonostante la pioggia lo abbia rimandato di qualche giorno, il calore umano ha scaldato l&#8217;atmosfera a Colder\u00f9, dove lo scorso venerd\u00ec si \u00e8 svolto INVITAeARTE, un evento di beneficenza che ha unito aziende e associazioni locali in una serata dedicata alla solidariet\u00e0 e alla cultura. L&#8217;evento, ospitato presso la suggestiva Tenuta vitivinicola Crodarossa, ha visto la partecipazione di circa ottanta persone, che hanno potuto godere di una serata all&#8217;insegna del teatro, della musica e delle eccellenze enogastronomiche del territorio. &#8220;\u00c8 stato bello vedere cos\u00ec tanti amici uniti per solidariet\u00e0,&#8221; ha dichiarato Paolo Remini, padrone di casa e proprietario della tenuta, situata tra le vigne con una vista mozzafiato sul Parco Nazionale Dolomiti Bellunesi. &#8220;Le persone si sono fatte coinvolgere e hanno contribuito a rendere la serata speciale.&#8221; Il direttore artistico della serata, Danilo Zanin, ha sottolineato come tutto sia nato da un legame profondo di amicizia tra le aziende e le associazioni partecipanti: &#8220;Mi piace definirla un superpotere che aiuta a dividere il peso delle cose brutte e, al contrario, amplia le cose belle, come questa serata.&#8221; Zanin ha spiegato che INVITAeARTE \u00e8 stato un evento privato e su invito, organizzato per offrire una serata piacevole agli amici e, allo stesso tempo, lasciare un segno tangibile a chi \u00e8 pi\u00f9 bisognoso nella comunit\u00e0 locale. \u201cLa presenza di Simone e Samuel, due ragazzi ospiti della Comunit\u00e0 Villa San Francesco, insieme a Yodit, cuoca presso la Cooperativa Arcobaleno che gestisce la comunit\u00e0, ha reso ancora pi\u00f9 significativa la serata: conoscere pi\u00f9 da vicino ogni storia ti aiuta a sentirla meglio e a ricordartela di pi\u00f9 nel quotidiano.\u201d <a class=\"dt-pswp-item\" href=\"https:\/\/www.radiopiu.net\/wordpress\/wp-content\/uploads\/2024\/08\/Degustazione-e-Vini-presso-Tenuta-Crodarossa-di-Colderu-a-INVITAeARTE.jpg\" data-dt-img-description=\"\" data-large_image_width=\"1600\" data-large_image_height=\"1200\"><img loading=\"lazy\" decoding=\"async\" class=\" wp-image-406866 alignright\" src=\"https:\/\/www.radiopiu.net\/wordpress\/wp-content\/uploads\/2024\/08\/Degustazione-e-Vini-presso-Tenuta-Crodarossa-di-Colderu-a-INVITAeARTE-300x225.jpg\" alt=\"\" width=\"199\" height=\"149\" srcset=\"https:\/\/www.radiopiu.net\/wordpress\/wp-content\/uploads\/2024\/08\/Degustazione-e-Vini-presso-Tenuta-Crodarossa-di-Colderu-a-INVITAeARTE-300x225.jpg 300w, https:\/\/www.radiopiu.net\/wordpress\/wp-content\/uploads\/2024\/08\/Degustazione-e-Vini-presso-Tenuta-Crodarossa-di-Colderu-a-INVITAeARTE-1024x768.jpg 1024w, https:\/\/www.radiopiu.net\/wordpress\/wp-content\/uploads\/2024\/08\/Degustazione-e-Vini-presso-Tenuta-Crodarossa-di-Colderu-a-INVITAeARTE-768x576.jpg 768w, https:\/\/www.radiopiu.net\/wordpress\/wp-content\/uploads\/2024\/08\/Degustazione-e-Vini-presso-Tenuta-Crodarossa-di-Colderu-a-INVITAeARTE-1536x1152.jpg 1536w, https:\/\/www.radiopiu.net\/wordpress\/wp-content\/uploads\/2024\/08\/Degustazione-e-Vini-presso-Tenuta-Crodarossa-di-Colderu-a-INVITAeARTE.jpg 1600w\" sizes=\"auto, (max-width: 199px) 100vw, 199px\" \/><\/a>L&#8217;evento ha messo in mostra le eccellenze gastronomiche locali, con una selezione di vini Piwi e autoctoni, accompagnati dai prodotti caseari della Fattoria Bepi Zumelle, le carni della storica Macelleria Sperandio, e i piatti tradizionali delle realt\u00e0 lentiaiesi come l&#8217;Osteria Colder\u00f9, l&#8217;Agriturismo Bon Tajer e l&#8217;Agriturismo Saett\u00e0. A chiudere la serata in dolcezza \u00e8 stato il biscotto speciale creato dal pastry chef Cesare Minella, della pasticceria La Briciola, abbinato al vermouth Man Dea Striga, una novit\u00e0 di Tenuta Crodarossa che sar\u00e0 lanciata nella prossima stagione, oltre al frizzante gin tonic realizzato in collaborazione con Moka\u2019s Spirits, un progetto artigianale nel mondo degli spiriti 100% Borgo Valbelluna. Non solo il palato \u00e8 stato coccolato, ma anche l&#8217;anima, grazie alle letture teatrali della compagnia Anfibi Spaiati e alla meravigliosa voce di Carla Mercante, che ha incantato i presenti. L&#8217;atmosfera \u00e8 stata arricchita dalle tre hostess acconciate &#8220;a tema vino&#8221; dai parrucchieri di Look &amp; Life. L&#8217;evento \u00e8 stato patrocinato dai club LIONS Feltre Host, LEO Club Feltre e Rotaract Feltre, con una menzione speciale da parte di Aldo Bertelle, Direttore della <a class=\"dt-pswp-item\" href=\"https:\/\/www.radiopiu.net\/wordpress\/wp-content\/uploads\/2024\/08\/Teatro-nel-Bosco-INVITAeARTE.jpg\" data-dt-img-description=\"\" data-large_image_width=\"1600\" data-large_image_height=\"1200\"><img loading=\"lazy\" decoding=\"async\" class=\" wp-image-406867 alignleft\" src=\"https:\/\/www.radiopiu.net\/wordpress\/wp-content\/uploads\/2024\/08\/Teatro-nel-Bosco-INVITAeARTE-300x225.jpg\" alt=\"\" width=\"208\" height=\"156\" srcset=\"https:\/\/www.radiopiu.net\/wordpress\/wp-content\/uploads\/2024\/08\/Teatro-nel-Bosco-INVITAeARTE-300x225.jpg 300w, https:\/\/www.radiopiu.net\/wordpress\/wp-content\/uploads\/2024\/08\/Teatro-nel-Bosco-INVITAeARTE-1024x768.jpg 1024w, https:\/\/www.radiopiu.net\/wordpress\/wp-content\/uploads\/2024\/08\/Teatro-nel-Bosco-INVITAeARTE-768x576.jpg 768w, https:\/\/www.radiopiu.net\/wordpress\/wp-content\/uploads\/2024\/08\/Teatro-nel-Bosco-INVITAeARTE-1536x1152.jpg 1536w, https:\/\/www.radiopiu.net\/wordpress\/wp-content\/uploads\/2024\/08\/Teatro-nel-Bosco-INVITAeARTE.jpg 1600w\" sizes=\"auto, (max-width: 208px) 100vw, 208px\" \/><\/a>Comunit\u00e0 Villa San Francesco: &#8220;Ringrazio le attivit\u00e0 che si sono spese nell\u2019organizzazione di questa serata e desidero sottolineare che c\u2019\u00e8 una lunghissima tradizione di collaborazione con il Lions Club, che dagli anni &#8217;70 \u00e8 stato tra i primi a sostenere la nostra comunit\u00e0. In questa occasione speciale, Comunit\u00e0 Villa San Francesco \u00e8 lieta di essere stata nei pensieri dei generosi organizzatori.&#8221; I fondi raccolti durante la serata saranno destinati a &#8220;Una Mano al Futuro&#8221;. \u201cSi tratta di un&#8217;iniziativa che coinvolge bambini del Comune di Pedavena in attivit\u00e0 parascolastiche, in collaborazione con la Comunit\u00e0 pastorale di Facen, Pedavena, Norcen e Travagola.\u201d ha spiegato il direttore. \u201cGrazie alla generosit\u00e0 dei partecipanti, sar\u00e0 possibile acquistare nuove attrezzature ludiche per arricchire gli spazi di gioco dei bambini, offrendo loro un&#8217;opportunit\u00e0 in pi\u00f9 di crescita e<br \/>\nsvago\u201d. INVITAeARTE si \u00e8 rivelato non solo un evento di grande successo, ma un vero e proprio inno alla solidariet\u00e0, che ha dimostrato ancora una volta quanto forte sia il legame tra la comunit\u00e0 di Colder\u00f9 e il territorio che la circonda. Un esempio di come, attraverso l&#8217;amicizia e la collaborazione, si possano fare grandi cose per il bene comune.<\/p>\n<p>&nbsp;<\/p>\n<p>&nbsp;<\/p>\n<p>&nbsp;<\/p>\n<p>********<\/p>\n","protected":false},"excerpt":{"rendered":"<p>****** di Alessia Dall&#8217;O BORGO VALBELLUNA Nonostante la pioggia lo abbia rimandato di qualche giorno, il calore umano ha scaldato l&#8217;atmosfera a Colder\u00f9, dove lo scorso venerd\u00ec si \u00e8 svolto INVITAeARTE, un evento di beneficenza che ha unito aziende e associazioni locali in una serata dedicata alla solidariet\u00e0 e alla cultura. L&#8217;evento, ospitato presso la&hellip;<\/p>\n","protected":false},"author":4,"featured_media":406865,"comment_status":"closed","ping_status":"closed","sticky":false,"template":"","format":"standard","meta":{"_monsterinsights_skip_tracking":false,"_monsterinsights_sitenote_active":false,"_monsterinsights_sitenote_note":"","_monsterinsights_sitenote_category":0,"footnotes":""},"categories":[51,49],"tags":[],"class_list":["post-406863","post","type-post","status-publish","format-standard","has-post-thumbnail","hentry","category-evidenza-top","category-news-18","category-51","category-49","description-off"],"img_url":"https:\/\/www.radiopiu.net\/wordpress\/wp-content\/uploads\/2024\/08\/Il-gruppo-di-volontari-INVITAeARTE-scaled.jpg","_links":{"self":[{"href":"https:\/\/www.radiopiu.net\/wordpress\/wp-json\/wp\/v2\/posts\/406863","targetHints":{"allow":["GET"]}}],"collection":[{"href":"https:\/\/www.radiopiu.net\/wordpress\/wp-json\/wp\/v2\/posts"}],"about":[{"href":"https:\/\/www.radiopiu.net\/wordpress\/wp-json\/wp\/v2\/types\/post"}],"author":[{"embeddable":true,"href":"https:\/\/www.radiopiu.net\/wordpress\/wp-json\/wp\/v2\/users\/4"}],"replies":[{"embeddable":true,"href":"https:\/\/www.radiopiu.net\/wordpress\/wp-json\/wp\/v2\/comments?post=406863"}],"version-history":[{"count":2,"href":"https:\/\/www.radiopiu.net\/wordpress\/wp-json\/wp\/v2\/posts\/406863\/revisions"}],"predecessor-version":[{"id":406874,"href":"https:\/\/www.radiopiu.net\/wordpress\/wp-json\/wp\/v2\/posts\/406863\/revisions\/406874"}],"wp:featuredmedia":[{"embeddable":true,"href":"https:\/\/www.radiopiu.net\/wordpress\/wp-json\/wp\/v2\/media\/406865"}],"wp:attachment":[{"href":"https:\/\/www.radiopiu.net\/wordpress\/wp-json\/wp\/v2\/media?parent=406863"}],"wp:term":[{"taxonomy":"category","embeddable":true,"href":"https:\/\/www.radiopiu.net\/wordpress\/wp-json\/wp\/v2\/categories?post=406863"},{"taxonomy":"post_tag","embeddable":true,"href":"https:\/\/www.radiopiu.net\/wordpress\/wp-json\/wp\/v2\/tags?post=406863"}],"curies":[{"name":"wp","href":"https:\/\/api.w.org\/{rel}","templated":true}]}}