{"id":406926,"date":"2024-08-26T14:55:56","date_gmt":"2024-08-26T12:55:56","guid":{"rendered":"https:\/\/www.radiopiu.net\/wordpress\/?p=406926"},"modified":"2024-08-26T14:55:56","modified_gmt":"2024-08-26T12:55:56","slug":"religion-today-film-festival-fa-tappa-a-canale-dagordo-omaggio-a-papa-luciani-e-nuovi-orizzonti-per-la-27a-edizione","status":"publish","type":"post","link":"https:\/\/www.radiopiu.net\/wordpress\/religion-today-film-festival-fa-tappa-a-canale-dagordo-omaggio-a-papa-luciani-e-nuovi-orizzonti-per-la-27a-edizione\/","title":{"rendered":"Religion Today Film Festival fa tappa a Canale d&#8217;Agordo: Omaggio a Papa Luciani e nuovi orizzonti per la 27\u00aa edizione"},"content":{"rendered":"<p>**<\/p>\n<p>&nbsp;<\/p>\n<p><strong>di LUISA MANFROI<\/strong><\/p>\n<p><strong><a class=\"dt-pswp-item\" href=\"https:\/\/www.radiopiu.net\/wordpress\/wp-content\/uploads\/2024\/08\/Lisa-Martelli-Andrea-Morghen-e-Loris-Serafini-alla-serata-di-Canale-dAgo.ival--scaled.jpg\" data-dt-img-description=\"\" data-large_image_width=\"2560\" data-large_image_height=\"1440\"><img loading=\"lazy\" decoding=\"async\" class=\"size-medium wp-image-406927 alignleft\" src=\"https:\/\/www.radiopiu.net\/wordpress\/wp-content\/uploads\/2024\/08\/Lisa-Martelli-Andrea-Morghen-e-Loris-Serafini-alla-serata-di-Canale-dAgo.ival--300x169.jpg\" alt=\"\" width=\"300\" height=\"169\" srcset=\"https:\/\/www.radiopiu.net\/wordpress\/wp-content\/uploads\/2024\/08\/Lisa-Martelli-Andrea-Morghen-e-Loris-Serafini-alla-serata-di-Canale-dAgo.ival--300x169.jpg 300w, https:\/\/www.radiopiu.net\/wordpress\/wp-content\/uploads\/2024\/08\/Lisa-Martelli-Andrea-Morghen-e-Loris-Serafini-alla-serata-di-Canale-dAgo.ival--1024x576.jpg 1024w, https:\/\/www.radiopiu.net\/wordpress\/wp-content\/uploads\/2024\/08\/Lisa-Martelli-Andrea-Morghen-e-Loris-Serafini-alla-serata-di-Canale-dAgo.ival--768x432.jpg 768w, https:\/\/www.radiopiu.net\/wordpress\/wp-content\/uploads\/2024\/08\/Lisa-Martelli-Andrea-Morghen-e-Loris-Serafini-alla-serata-di-Canale-dAgo.ival--1536x864.jpg 1536w, https:\/\/www.radiopiu.net\/wordpress\/wp-content\/uploads\/2024\/08\/Lisa-Martelli-Andrea-Morghen-e-Loris-Serafini-alla-serata-di-Canale-dAgo.ival--2048x1152.jpg 2048w\" sizes=\"auto, (max-width: 300px) 100vw, 300px\" \/><\/a>CANALE D&#8217;AGORDO<\/strong> La prestigiosa manifestazione internazionale &#8220;Religion Today Film Festival&#8221;, giunta alla sua 27\u00aa edizione, si terr\u00e0 dal 18 al 25 settembre a Trento e in alcune localit\u00e0 della provincia (Arco, Dro, Lavarone, Baselga di Pin\u00e8), oltre che a Bolzano. Come parte di questo evento, domenica 25 agosto si \u00e8 svolta una tappa presso la Sala Emigranti di Canale d&#8217;Agordo. L&#8217;iniziativa \u00e8 stata inserita all&#8217;interno del programma estivo dedicato a Papa Luciani, organizzato dal Musal \u2013 Museo Albino Luciani. Alla serata hanno partecipato la presidente Lisa Martelli e il direttore artistico Andrea Morghen e sono stati proiettati i due film vincitori della precedente edizione: \u201cJalaldine\u201d di Hassan Benjelloun (Marocco) e \u201cSuper Jesus\u201d di Vito Palumbo. Loris Serafini, direttore della Fondazione Papa Luciani di Canale d&#8217;Agordo e curatore scientifico del Museo Albino Luciani, ha aperto l&#8217;incontro salutando i presenti e sottolineando l&#8217;apertura verso altre religioni dimostrata da Papa Giovanni Paolo I nel suo breve pontificato. Serafini \u00e8 promotore di molteplici iniziative, tra cui la commemorazione dei duecento anni dalla nascita di don Antonio Della Lucia e appuntamenti estivi culminati con la Memoria liturgica del Beato Giovanni Paolo I nel 46\u00b0 anniversario della sua elezione a Pontefice il 26 agosto. Lisa Martelli, presidente del \u201cReligion Today Film Festival\u201d da un anno, ha ricordato il lavoro svolto dai suoi predecessori e ha parlato del dialogo e dell\u2019apertura che contraddistinguono la rassegna cinematografica che ha come poster una vignetta del fumettista Altan. Ha inoltre anticipato le nuove direttrici della manifestazione che puntano a coinvolgere i giovani attraverso canali come i videogiochi e la musica per parlare di spiritualit\u00e0 alle nuove generazioni. Quest\u2019anno, il festival celebrer\u00e0 anche i vent\u2019anni del film \u201cLa passione di Cristo\u201d di Mel Gibson con ospiti speciali.<br \/>\nIl direttore artistico Andrea Morghen ha ripercorso la storia del festival, nato nel 1997, evidenziando come rappresenti un&#8217;importante occasione di confronto tra persone di diverse nazionalit\u00e0. Ha spiegato che \u00e8 itinerante portando le sue esperienze e pellicole pure al di fuori dell\u2019Italia, in luoghi come Gerusalemme, Teheran e Nepal, inclusi territori di conflitto, con l\u2019obiettivo di costruire ponti di pace tra popoli in guerra. Infine, prima della proiezione, Morghen ha illustrato le motivazioni che hanno portato alla scelta dei due film che si sono imposti durante la scorsa edizione. Dalla sua istituzione nel 1997, il festival ha accolto pi\u00f9 di 18.000 film e documentari, coinvolto 2.200 artisti e registi da tutto il mondo e attirato pi\u00f9 di 50.000 spettatori.<\/p>\n<p>&nbsp;<\/p>\n<p>&nbsp;<\/p>\n<hr \/>\n<p>&nbsp;<\/p>\n","protected":false},"excerpt":{"rendered":"<p>** &nbsp; di LUISA MANFROI CANALE D&#8217;AGORDO La prestigiosa manifestazione internazionale &#8220;Religion Today Film Festival&#8221;, giunta alla sua 27\u00aa edizione, si terr\u00e0 dal 18 al 25 settembre a Trento e in alcune localit\u00e0 della provincia (Arco, Dro, Lavarone, Baselga di Pin\u00e8), oltre che a Bolzano. Come parte di questo evento, domenica 25 agosto si \u00e8&hellip;<\/p>\n","protected":false},"author":4,"featured_media":406927,"comment_status":"closed","ping_status":"closed","sticky":false,"template":"","format":"standard","meta":{"_monsterinsights_skip_tracking":false,"_monsterinsights_sitenote_active":false,"_monsterinsights_sitenote_note":"","_monsterinsights_sitenote_category":0,"footnotes":""},"categories":[49],"tags":[],"class_list":["post-406926","post","type-post","status-publish","format-standard","has-post-thumbnail","hentry","category-news-18","category-49","description-off"],"img_url":"https:\/\/www.radiopiu.net\/wordpress\/wp-content\/uploads\/2024\/08\/Lisa-Martelli-Andrea-Morghen-e-Loris-Serafini-alla-serata-di-Canale-dAgo.ival--scaled.jpg","_links":{"self":[{"href":"https:\/\/www.radiopiu.net\/wordpress\/wp-json\/wp\/v2\/posts\/406926","targetHints":{"allow":["GET"]}}],"collection":[{"href":"https:\/\/www.radiopiu.net\/wordpress\/wp-json\/wp\/v2\/posts"}],"about":[{"href":"https:\/\/www.radiopiu.net\/wordpress\/wp-json\/wp\/v2\/types\/post"}],"author":[{"embeddable":true,"href":"https:\/\/www.radiopiu.net\/wordpress\/wp-json\/wp\/v2\/users\/4"}],"replies":[{"embeddable":true,"href":"https:\/\/www.radiopiu.net\/wordpress\/wp-json\/wp\/v2\/comments?post=406926"}],"version-history":[{"count":1,"href":"https:\/\/www.radiopiu.net\/wordpress\/wp-json\/wp\/v2\/posts\/406926\/revisions"}],"predecessor-version":[{"id":406928,"href":"https:\/\/www.radiopiu.net\/wordpress\/wp-json\/wp\/v2\/posts\/406926\/revisions\/406928"}],"wp:featuredmedia":[{"embeddable":true,"href":"https:\/\/www.radiopiu.net\/wordpress\/wp-json\/wp\/v2\/media\/406927"}],"wp:attachment":[{"href":"https:\/\/www.radiopiu.net\/wordpress\/wp-json\/wp\/v2\/media?parent=406926"}],"wp:term":[{"taxonomy":"category","embeddable":true,"href":"https:\/\/www.radiopiu.net\/wordpress\/wp-json\/wp\/v2\/categories?post=406926"},{"taxonomy":"post_tag","embeddable":true,"href":"https:\/\/www.radiopiu.net\/wordpress\/wp-json\/wp\/v2\/tags?post=406926"}],"curies":[{"name":"wp","href":"https:\/\/api.w.org\/{rel}","templated":true}]}}