{"id":406930,"date":"2024-08-27T05:38:21","date_gmt":"2024-08-27T03:38:21","guid":{"rendered":"https:\/\/www.radiopiu.net\/wordpress\/?p=406930"},"modified":"2024-08-27T05:48:00","modified_gmt":"2024-08-27T03:48:00","slug":"incidente-a-cortina-dampezzo-ciclista-79enne-soccorso-in-elicottero","status":"publish","type":"post","link":"https:\/\/www.radiopiu.net\/wordpress\/incidente-a-cortina-dampezzo-ciclista-79enne-soccorso-in-elicottero\/","title":{"rendered":"Incidente a Cortina d&#8217;Ampezzo: ciclista 79enne soccorso in elicottero"},"content":{"rendered":"<p>***<\/p>\n<p><strong>CORTINA<\/strong> Oggi, intorno alle 12.40, un ciclista 79enne di Pieve di Cadore \u00e8 rimasto coinvolto in un incidente mentre percorreva la pista del Bike Park Socrepes. L&#8217;uomo \u00e8 caduto durante la discesa, riportando una probabile frattura alla gamba. L&#8217;amico che lo accompagnava ha immediatamente allertato la Centrale del 118. Sul posto \u00e8 intervenuto l&#8217;elicottero Falco, atterrato in localit\u00e0 Son dei Prades. Il tecnico di elisoccorso e l&#8217;\u00e9quipe medica hanno raggiunto a piedi il ferito, immobilizzandogli l&#8217;arto infortunato. Dopo essere stato caricato in barella, il ciclista \u00e8 stato trasportato all&#8217;ospedale di Belluno per le cure necessarie.<\/p>\n<p>&nbsp;<\/p>\n<div><strong>DOLORE AL GINOCCHIO SUL SENTIERO\u00a0<\/strong><\/div>\n<div dir=\"auto\"><\/div>\n<div dir=\"auto\"><strong>CORTINA<\/strong> Attorno alle 16 l&#8217;elicottero del Suem di Pieve di Cadore \u00e8 volato sul sentiero 215 del Sorapis, per un&#8217;escursionista della Repubblica Ceca che lamentava un dolore al ginocchio. Recuperata a circa 900 metri di quota, la 46enne \u00e8 stata trasportata all&#8217;ospedale di Cortina per accertamenti.<\/div>\n<p>&nbsp;<\/p>\n<p>&nbsp;<\/p>\n<hr \/>\n<p>&nbsp;<\/p>\n","protected":false},"excerpt":{"rendered":"<p>*** CORTINA Oggi, intorno alle 12.40, un ciclista 79enne di Pieve di Cadore \u00e8 rimasto coinvolto in un incidente mentre percorreva la pista del Bike Park Socrepes. L&#8217;uomo \u00e8 caduto durante la discesa, riportando una probabile frattura alla gamba. L&#8217;amico che lo accompagnava ha immediatamente allertato la Centrale del 118. Sul posto \u00e8 intervenuto l&#8217;elicottero&hellip;<\/p>\n","protected":false},"author":4,"featured_media":345295,"comment_status":"closed","ping_status":"closed","sticky":false,"template":"","format":"standard","meta":{"_monsterinsights_skip_tracking":false,"_monsterinsights_sitenote_active":false,"_monsterinsights_sitenote_note":"","_monsterinsights_sitenote_category":0,"footnotes":""},"categories":[51,49],"tags":[],"class_list":["post-406930","post","type-post","status-publish","format-standard","has-post-thumbnail","hentry","category-evidenza-top","category-news-18","category-51","category-49","description-off"],"img_url":"https:\/\/www.radiopiu.net\/wordpress\/wp-content\/uploads\/2023\/07\/eli-3.jpg","_links":{"self":[{"href":"https:\/\/www.radiopiu.net\/wordpress\/wp-json\/wp\/v2\/posts\/406930","targetHints":{"allow":["GET"]}}],"collection":[{"href":"https:\/\/www.radiopiu.net\/wordpress\/wp-json\/wp\/v2\/posts"}],"about":[{"href":"https:\/\/www.radiopiu.net\/wordpress\/wp-json\/wp\/v2\/types\/post"}],"author":[{"embeddable":true,"href":"https:\/\/www.radiopiu.net\/wordpress\/wp-json\/wp\/v2\/users\/4"}],"replies":[{"embeddable":true,"href":"https:\/\/www.radiopiu.net\/wordpress\/wp-json\/wp\/v2\/comments?post=406930"}],"version-history":[{"count":2,"href":"https:\/\/www.radiopiu.net\/wordpress\/wp-json\/wp\/v2\/posts\/406930\/revisions"}],"predecessor-version":[{"id":406972,"href":"https:\/\/www.radiopiu.net\/wordpress\/wp-json\/wp\/v2\/posts\/406930\/revisions\/406972"}],"wp:featuredmedia":[{"embeddable":true,"href":"https:\/\/www.radiopiu.net\/wordpress\/wp-json\/wp\/v2\/media\/345295"}],"wp:attachment":[{"href":"https:\/\/www.radiopiu.net\/wordpress\/wp-json\/wp\/v2\/media?parent=406930"}],"wp:term":[{"taxonomy":"category","embeddable":true,"href":"https:\/\/www.radiopiu.net\/wordpress\/wp-json\/wp\/v2\/categories?post=406930"},{"taxonomy":"post_tag","embeddable":true,"href":"https:\/\/www.radiopiu.net\/wordpress\/wp-json\/wp\/v2\/tags?post=406930"}],"curies":[{"name":"wp","href":"https:\/\/api.w.org\/{rel}","templated":true}]}}