{"id":406965,"date":"2024-08-28T05:42:12","date_gmt":"2024-08-28T03:42:12","guid":{"rendered":"https:\/\/www.radiopiu.net\/wordpress\/?p=406965"},"modified":"2024-08-28T05:49:29","modified_gmt":"2024-08-28T03:49:29","slug":"missione-compiuta-spento-lincendio-in-val-fogare","status":"publish","type":"post","link":"https:\/\/www.radiopiu.net\/wordpress\/missione-compiuta-spento-lincendio-in-val-fogare\/","title":{"rendered":"MISSIONE COMPIUTA, SPENTO L&#8217;INCENDIO IN VAL FOGARE&#8217;"},"content":{"rendered":"<p>*<\/p>\n<blockquote><p><em>&#8220;Bonifica completata. Permangono dei fumaioli all&#8217;interno del bruciato. Si eseguir\u00e0 un monitoraggio da terra ogni 40 minuti. Si prevede in ogni caso un volo di monitoraggio alle ore 13:00&#8221;<\/em><\/p>\n<p>NELLE PAROLE dell&#8217;assessore Gianpaolo Bottacini la situazione sopra Candaten (Sedico)\u00a0 dove ieri pomeriggio \u00e8 scoppiato un incendio<\/p><\/blockquote>\n<p><strong>ALLA RADIO<\/strong><\/p>\n<audio class=\"wp-audio-shortcode\" id=\"audio-406965-1\" preload=\"none\" style=\"width: 100%;\" controls=\"controls\"><source type=\"audio\/mpeg\" src=\"https:\/\/www.radiopiu.net\/wordpress\/wp-content\/uploads\/2024\/08\/BOTTA.mp3?_=1\" \/><a href=\"https:\/\/www.radiopiu.net\/wordpress\/wp-content\/uploads\/2024\/08\/BOTTA.mp3\">https:\/\/www.radiopiu.net\/wordpress\/wp-content\/uploads\/2024\/08\/BOTTA.mp3<\/a><\/audio>\n<p>&nbsp;<\/p>\n<hr \/>\n<p>&nbsp;<\/p>\n<p><strong>IERI ALLA RADIO<\/strong><\/p>\n<p><strong>INCENDIO AD ALTA QUOTA<\/strong><\/p>\n<div class=\"articlePlainText\"><strong>SEDICO<\/strong> Un fulmine ha provocato un incendio\u00a0 sopra Candaten. Ai vigili del fuoco di Belluno alcuni passanti avevano segnalato la presenza di fumo nell&#8217;area alta della zona protetta: un luogo inaccessibile per le squadre dei pompieri e per chiunque altro.<\/div>\n<div class=\"articlePlainText\">Escluso un intervento da terra, \u00e8 intervenuto cos\u00ec l&#8217;elicottero della protezione civile regionale per un primo sopralluogo e la verifica dell&#8217;incendio, la cui estensione \u00e8 stata confermata dalle immagini scattate dal velivolo. La zona interessata \u00e8 quella boschiva della Val Fogar\u00e8. La protezione civile veneta ha anche chiesto l&#8217;intervento di un Canadair per uno spegnimento pi\u00f9 sostanzioso. In serata l&#8217;assessore regionale Gianpaolo Bottacin ha annunciato che l&#8217;incendio \u00e8 sotto controllo, anche se permangono dei fumaioli all&#8217;interno del bruciato. Questa mattina ci sar\u00e0 una bonifica con l&#8217;elicottero.\u2014<\/div>\n<div><\/div>\n<div><strong>IERI ALLA RADIO<\/strong><\/div>\n<p><strong><a class=\"dt-pswp-item\" href=\"https:\/\/www.radiopiu.net\/wordpress\/wp-content\/uploads\/2024\/08\/Senza-nome-100.png\" data-dt-img-description=\"\" data-large_image_width=\"530\" data-large_image_height=\"280\"><img loading=\"lazy\" decoding=\"async\" class=\"size-medium wp-image-406988 alignleft\" src=\"https:\/\/www.radiopiu.net\/wordpress\/wp-content\/uploads\/2024\/08\/Senza-nome-100-300x158.png\" alt=\"\" width=\"300\" height=\"158\" srcset=\"https:\/\/www.radiopiu.net\/wordpress\/wp-content\/uploads\/2024\/08\/Senza-nome-100-300x158.png 300w, https:\/\/www.radiopiu.net\/wordpress\/wp-content\/uploads\/2024\/08\/Senza-nome-100.png 530w\" sizes=\"auto, (max-width: 300px) 100vw, 300px\" \/><\/a>Richiesto l&#8217;intervento dei Canadair<\/strong><\/p>\n<p><strong>ore 16.00 SEDICO<\/strong> Molto sopra Candaten (verso Mas di Sedico) \u00e8 evidente il fumo che sta salendo alle 18.00 di oggi. La segnalazione di Alessio conferma come sia in atto un incendio, forse dovuto ai recenti temporali con lampi e tuoni.<\/p>\n<p><strong>ore 18<\/strong> L&#8217;ASSESSORE ALLA PROTEZIONE CIVILE GIANPAOLO BOTTACIN &#8220;Causa incendio boschivo in Val Fogar\u00e8 (provincia di Belluno) \u00e8 attivo l&#8217;elicottero della Protezione Civile Veneto ed \u00e8 stato chiesto l&#8217;intervento di un velivolo Canadair&#8221;<\/p>\n<p><strong>ore 20<\/strong> Incendio sotto controllo, permangono dei fumaioli all&#8217;interno del bruciato. Domani mattina bonifica con elicottero. Termine operazioni adesso per scadenza effemeridi.<\/p>\n<p><strong>ore 21<\/strong> Sul posto PC Gruppo AIB di Sospirolo con vasca e pompa AIB per approvvigionamento idrico elicottero. Richiesti anche domani (foto ore 21)<\/p>\n<p>&nbsp;<\/p>\n<p><strong><a class=\"dt-pswp-item\" href=\"https:\/\/www.radiopiu.net\/wordpress\/wp-content\/uploads\/2024\/08\/Senza-nome-98.png\" data-dt-img-description=\"\" data-large_image_width=\"589\" data-large_image_height=\"335\"><img loading=\"lazy\" decoding=\"async\" class=\"alignnone wp-image-406966 size-full\" src=\"https:\/\/www.radiopiu.net\/wordpress\/wp-content\/uploads\/2024\/08\/Senza-nome-98.png\" alt=\"\" width=\"589\" height=\"335\" srcset=\"https:\/\/www.radiopiu.net\/wordpress\/wp-content\/uploads\/2024\/08\/Senza-nome-98.png 589w, https:\/\/www.radiopiu.net\/wordpress\/wp-content\/uploads\/2024\/08\/Senza-nome-98-300x171.png 300w\" sizes=\"auto, (max-width: 589px) 100vw, 589px\" \/><\/a>foto Alessio Rambaldi<\/strong><\/p>\n<p>&nbsp;<\/p>\n<p><strong>\u00a0foto gianpaolo bottacin<\/strong><\/p>\n\n\t\t\t<style type='text\/css'>\n\t\t\t\t#gallery-1 {\n\t\t\t\t\tmargin: auto;\n\t\t\t\t}\n\t\t\t\t#gallery-1 .gallery-item {\n\t\t\t\t\tfloat: left;\n\t\t\t\t\tmargin-top: 10px;\n\t\t\t\t\ttext-align: center;\n\t\t\t\t\twidth: 50%;\n\t\t\t\t}\n\t\t\t\t#gallery-1 img {\n\t\t\t\t\tborder: 2px solid #cfcfcf;\n\t\t\t\t}\n\t\t\t\t#gallery-1 .gallery-caption {\n\t\t\t\t\tmargin-left: 0;\n\t\t\t\t}\n\t\t\t\t\/* see gallery_shortcode() in wp-includes\/media.php *\/\n\t\t\t<\/style>\n\t\t<div id='gallery-1' class='dt-gallery-container gallery galleryid-406965 gallery-columns-2 gallery-size-medium'><dl class='gallery-item'>\n\t\t\t\t<dt class='gallery-icon portrait'>\n\t\t\t\t\t<a class=\"rollover rollover-zoom dt-pswp-item\" title=\"c4631097-f8dc-4168-b9f8-cb3f2ba061a7\" data-dt-img-description=\"\" data-large_image_width=\"1200\" data-large_image_height=\"1600\"href='https:\/\/www.radiopiu.net\/wordpress\/wp-content\/uploads\/2024\/08\/c4631097-f8dc-4168-b9f8-cb3f2ba061a7.jpg'><img loading=\"lazy\" decoding=\"async\" width=\"225\" height=\"300\" src=\"https:\/\/www.radiopiu.net\/wordpress\/wp-content\/uploads\/2024\/08\/c4631097-f8dc-4168-b9f8-cb3f2ba061a7-225x300.jpg\" class=\"attachment-medium size-medium\" alt=\"\" srcset=\"https:\/\/www.radiopiu.net\/wordpress\/wp-content\/uploads\/2024\/08\/c4631097-f8dc-4168-b9f8-cb3f2ba061a7-225x300.jpg 225w, https:\/\/www.radiopiu.net\/wordpress\/wp-content\/uploads\/2024\/08\/c4631097-f8dc-4168-b9f8-cb3f2ba061a7-768x1024.jpg 768w, https:\/\/www.radiopiu.net\/wordpress\/wp-content\/uploads\/2024\/08\/c4631097-f8dc-4168-b9f8-cb3f2ba061a7-1152x1536.jpg 1152w, https:\/\/www.radiopiu.net\/wordpress\/wp-content\/uploads\/2024\/08\/c4631097-f8dc-4168-b9f8-cb3f2ba061a7.jpg 1200w\" sizes=\"auto, (max-width: 225px) 100vw, 225px\" \/><\/a>\n\t\t\t\t<\/dt><\/dl><dl class='gallery-item'>\n\t\t\t\t<dt class='gallery-icon portrait'>\n\t\t\t\t\t<a class=\"rollover rollover-zoom dt-pswp-item\" title=\"2b460d37-be92-4a6f-8287-cba9a07b6b01\" data-dt-img-description=\"\" data-large_image_width=\"1200\" data-large_image_height=\"1600\"href='https:\/\/www.radiopiu.net\/wordpress\/wp-content\/uploads\/2024\/08\/2b460d37-be92-4a6f-8287-cba9a07b6b01.jpg'><img loading=\"lazy\" decoding=\"async\" width=\"225\" height=\"300\" src=\"https:\/\/www.radiopiu.net\/wordpress\/wp-content\/uploads\/2024\/08\/2b460d37-be92-4a6f-8287-cba9a07b6b01-225x300.jpg\" class=\"attachment-medium size-medium\" alt=\"\" srcset=\"https:\/\/www.radiopiu.net\/wordpress\/wp-content\/uploads\/2024\/08\/2b460d37-be92-4a6f-8287-cba9a07b6b01-225x300.jpg 225w, https:\/\/www.radiopiu.net\/wordpress\/wp-content\/uploads\/2024\/08\/2b460d37-be92-4a6f-8287-cba9a07b6b01-768x1024.jpg 768w, https:\/\/www.radiopiu.net\/wordpress\/wp-content\/uploads\/2024\/08\/2b460d37-be92-4a6f-8287-cba9a07b6b01-1152x1536.jpg 1152w, https:\/\/www.radiopiu.net\/wordpress\/wp-content\/uploads\/2024\/08\/2b460d37-be92-4a6f-8287-cba9a07b6b01.jpg 1200w\" sizes=\"auto, (max-width: 225px) 100vw, 225px\" \/><\/a>\n\t\t\t\t<\/dt><\/dl><br style=\"clear: both\" \/>\n\t\t\t<\/div>\n\n<p><strong>\u00a0video lorenzo de barba<\/strong><\/p>\n<p><iframe loading=\"lazy\" title=\"IMG 1162\" width=\"1200\" height=\"675\" src=\"https:\/\/www.youtube.com\/embed\/-6ap8r6A39g?feature=oembed\" frameborder=\"0\" allow=\"accelerometer; autoplay; clipboard-write; encrypted-media; gyroscope; picture-in-picture; web-share\" referrerpolicy=\"strict-origin-when-cross-origin\" allowfullscreen><\/iframe><\/p>\n<p><iframe loading=\"lazy\" title=\"IMG 1168\" width=\"1200\" height=\"675\" src=\"https:\/\/www.youtube.com\/embed\/gkimnQKJnK0?feature=oembed\" frameborder=\"0\" allow=\"accelerometer; autoplay; clipboard-write; encrypted-media; gyroscope; picture-in-picture; web-share\" referrerpolicy=\"strict-origin-when-cross-origin\" allowfullscreen><\/iframe><\/p>\n<p>&nbsp;<\/p>\n","protected":false},"excerpt":{"rendered":"<p>* &#8220;Bonifica completata. Permangono dei fumaioli all&#8217;interno del bruciato. Si eseguir\u00e0 un monitoraggio da terra ogni 40 minuti. Si prevede in ogni caso un volo di monitoraggio alle ore 13:00&#8221; NELLE PAROLE dell&#8217;assessore Gianpaolo Bottacini la situazione sopra Candaten (Sedico)\u00a0 dove ieri pomeriggio \u00e8 scoppiato un incendio ALLA RADIO &nbsp; &nbsp; IERI ALLA RADIO INCENDIO&hellip;<\/p>\n","protected":false},"author":4,"featured_media":406988,"comment_status":"closed","ping_status":"closed","sticky":false,"template":"","format":"standard","meta":{"_monsterinsights_skip_tracking":false,"_monsterinsights_sitenote_active":false,"_monsterinsights_sitenote_note":"","_monsterinsights_sitenote_category":0,"footnotes":""},"categories":[51,49],"tags":[],"class_list":["post-406965","post","type-post","status-publish","format-standard","has-post-thumbnail","hentry","category-evidenza-top","category-news-18","category-51","category-49","description-off"],"img_url":"https:\/\/www.radiopiu.net\/wordpress\/wp-content\/uploads\/2024\/08\/Senza-nome-100.png","_links":{"self":[{"href":"https:\/\/www.radiopiu.net\/wordpress\/wp-json\/wp\/v2\/posts\/406965","targetHints":{"allow":["GET"]}}],"collection":[{"href":"https:\/\/www.radiopiu.net\/wordpress\/wp-json\/wp\/v2\/posts"}],"about":[{"href":"https:\/\/www.radiopiu.net\/wordpress\/wp-json\/wp\/v2\/types\/post"}],"author":[{"embeddable":true,"href":"https:\/\/www.radiopiu.net\/wordpress\/wp-json\/wp\/v2\/users\/4"}],"replies":[{"embeddable":true,"href":"https:\/\/www.radiopiu.net\/wordpress\/wp-json\/wp\/v2\/comments?post=406965"}],"version-history":[{"count":12,"href":"https:\/\/www.radiopiu.net\/wordpress\/wp-json\/wp\/v2\/posts\/406965\/revisions"}],"predecessor-version":[{"id":407038,"href":"https:\/\/www.radiopiu.net\/wordpress\/wp-json\/wp\/v2\/posts\/406965\/revisions\/407038"}],"wp:featuredmedia":[{"embeddable":true,"href":"https:\/\/www.radiopiu.net\/wordpress\/wp-json\/wp\/v2\/media\/406988"}],"wp:attachment":[{"href":"https:\/\/www.radiopiu.net\/wordpress\/wp-json\/wp\/v2\/media?parent=406965"}],"wp:term":[{"taxonomy":"category","embeddable":true,"href":"https:\/\/www.radiopiu.net\/wordpress\/wp-json\/wp\/v2\/categories?post=406965"},{"taxonomy":"post_tag","embeddable":true,"href":"https:\/\/www.radiopiu.net\/wordpress\/wp-json\/wp\/v2\/tags?post=406965"}],"curies":[{"name":"wp","href":"https:\/\/api.w.org\/{rel}","templated":true}]}}