{"id":406995,"date":"2024-08-27T05:39:41","date_gmt":"2024-08-27T03:39:41","guid":{"rendered":"https:\/\/www.radiopiu.net\/wordpress\/?p=406995"},"modified":"2024-08-27T05:47:47","modified_gmt":"2024-08-27T03:47:47","slug":"orso-a-arsie-due-apiari-distrutti-preoccupazione-tra-i-residenti","status":"publish","type":"post","link":"https:\/\/www.radiopiu.net\/wordpress\/orso-a-arsie-due-apiari-distrutti-preoccupazione-tra-i-residenti\/","title":{"rendered":"Orso a Arsi\u00e8: Due Apiari Distrutti, Preoccupazione tra i Residenti"},"content":{"rendered":"<p>***<\/p>\n<p>&nbsp;<\/p>\n<blockquote>\n<h3><\/h3>\n<\/blockquote>\n<p><strong><a class=\"dt-pswp-item\" href=\"https:\/\/www.radiopiu.net\/wordpress\/wp-content\/uploads\/2024\/07\/orso-monte-Roncon-22-luglio-2024.jpg\" data-dt-img-description=\"\" data-large_image_width=\"1024\" data-large_image_height=\"576\"><img loading=\"lazy\" decoding=\"async\" class=\"size-medium wp-image-400836 alignleft\" src=\"https:\/\/www.radiopiu.net\/wordpress\/wp-content\/uploads\/2024\/07\/orso-monte-Roncon-22-luglio-2024-300x169.jpg\" alt=\"\" width=\"300\" height=\"169\" srcset=\"https:\/\/www.radiopiu.net\/wordpress\/wp-content\/uploads\/2024\/07\/orso-monte-Roncon-22-luglio-2024-300x169.jpg 300w, https:\/\/www.radiopiu.net\/wordpress\/wp-content\/uploads\/2024\/07\/orso-monte-Roncon-22-luglio-2024-768x432.jpg 768w, https:\/\/www.radiopiu.net\/wordpress\/wp-content\/uploads\/2024\/07\/orso-monte-Roncon-22-luglio-2024.jpg 1024w\" sizes=\"auto, (max-width: 300px) 100vw, 300px\" \/><\/a>ARSIE&#8217;<\/strong> Nella notte tra sabato e domenica, un orso ha distrutto due apiari nella zona di San Vito ad Arsi\u00e8, segnando la prima incursione dell&#8217;animale in quest&#8217;area. Il primo apiario \u00e8 stato danneggiato in localit\u00e0 Duri, a pochi metri dall&#8217;abitato, e il secondo in localit\u00e0 Casere. I carabinieri forestali hanno confermato che l&#8217;orso ha preso di mira i telai melliferi, attratto dal miele. Il sindaco Ivano Faoro, che aveva recentemente affrontato un attacco di lupi, spera che l&#8217;orso sia solo di passaggio. La situazione \u00e8 monitorata attentamente, ma preoccupa la vicinanza delle incursioni alle abitazioni, soprattutto con l&#8217;incremento del traffico escursionistico in zona.<\/p>\n<p>&nbsp;<\/p>\n<p>&nbsp;<\/p>\n<p>&nbsp;<\/p>\n<hr \/>\n<p>&nbsp;<\/p>\n","protected":false},"excerpt":{"rendered":"<p>*** &nbsp; ARSIE&#8217; Nella notte tra sabato e domenica, un orso ha distrutto due apiari nella zona di San Vito ad Arsi\u00e8, segnando la prima incursione dell&#8217;animale in quest&#8217;area. Il primo apiario \u00e8 stato danneggiato in localit\u00e0 Duri, a pochi metri dall&#8217;abitato, e il secondo in localit\u00e0 Casere. I carabinieri forestali hanno confermato che l&#8217;orso&hellip;<\/p>\n","protected":false},"author":4,"featured_media":400836,"comment_status":"closed","ping_status":"closed","sticky":false,"template":"","format":"standard","meta":{"_monsterinsights_skip_tracking":false,"_monsterinsights_sitenote_active":false,"_monsterinsights_sitenote_note":"","_monsterinsights_sitenote_category":0,"footnotes":""},"categories":[51,49],"tags":[],"class_list":["post-406995","post","type-post","status-publish","format-standard","has-post-thumbnail","hentry","category-evidenza-top","category-news-18","category-51","category-49","description-off"],"img_url":"https:\/\/www.radiopiu.net\/wordpress\/wp-content\/uploads\/2024\/07\/orso-monte-Roncon-22-luglio-2024.jpg","_links":{"self":[{"href":"https:\/\/www.radiopiu.net\/wordpress\/wp-json\/wp\/v2\/posts\/406995","targetHints":{"allow":["GET"]}}],"collection":[{"href":"https:\/\/www.radiopiu.net\/wordpress\/wp-json\/wp\/v2\/posts"}],"about":[{"href":"https:\/\/www.radiopiu.net\/wordpress\/wp-json\/wp\/v2\/types\/post"}],"author":[{"embeddable":true,"href":"https:\/\/www.radiopiu.net\/wordpress\/wp-json\/wp\/v2\/users\/4"}],"replies":[{"embeddable":true,"href":"https:\/\/www.radiopiu.net\/wordpress\/wp-json\/wp\/v2\/comments?post=406995"}],"version-history":[{"count":1,"href":"https:\/\/www.radiopiu.net\/wordpress\/wp-json\/wp\/v2\/posts\/406995\/revisions"}],"predecessor-version":[{"id":406996,"href":"https:\/\/www.radiopiu.net\/wordpress\/wp-json\/wp\/v2\/posts\/406995\/revisions\/406996"}],"wp:featuredmedia":[{"embeddable":true,"href":"https:\/\/www.radiopiu.net\/wordpress\/wp-json\/wp\/v2\/media\/400836"}],"wp:attachment":[{"href":"https:\/\/www.radiopiu.net\/wordpress\/wp-json\/wp\/v2\/media?parent=406995"}],"wp:term":[{"taxonomy":"category","embeddable":true,"href":"https:\/\/www.radiopiu.net\/wordpress\/wp-json\/wp\/v2\/categories?post=406995"},{"taxonomy":"post_tag","embeddable":true,"href":"https:\/\/www.radiopiu.net\/wordpress\/wp-json\/wp\/v2\/tags?post=406995"}],"curies":[{"name":"wp","href":"https:\/\/api.w.org\/{rel}","templated":true}]}}