{"id":407003,"date":"2024-08-27T07:55:22","date_gmt":"2024-08-27T05:55:22","guid":{"rendered":"https:\/\/www.radiopiu.net\/wordpress\/?p=407003"},"modified":"2024-08-27T05:44:15","modified_gmt":"2024-08-27T03:44:15","slug":"rassegna-stampa-locale-dal-1983-dai-giornali-ma-non-solo","status":"publish","type":"post","link":"https:\/\/www.radiopiu.net\/wordpress\/rassegna-stampa-locale-dal-1983-dai-giornali-ma-non-solo\/","title":{"rendered":"rassegna stampa locale dal 1983, dai giornali&#8230; ma non solo"},"content":{"rendered":"<p><a class=\"dt-pswp-item\" href=\"https:\/\/www.radiopiu.net\/wordpress\/wp-content\/uploads\/2024\/08\/b56dc598-5ac0-40d2-8118-7b058f9c446f.jpg\" data-dt-img-description=\"\" data-large_image_width=\"1600\" data-large_image_height=\"900\"><img loading=\"lazy\" decoding=\"async\" class=\"size-medium wp-image-406949 alignleft\" src=\"https:\/\/www.radiopiu.net\/wordpress\/wp-content\/uploads\/2024\/08\/b56dc598-5ac0-40d2-8118-7b058f9c446f-300x169.jpg\" alt=\"\" width=\"300\" height=\"169\" srcset=\"https:\/\/www.radiopiu.net\/wordpress\/wp-content\/uploads\/2024\/08\/b56dc598-5ac0-40d2-8118-7b058f9c446f-300x169.jpg 300w, https:\/\/www.radiopiu.net\/wordpress\/wp-content\/uploads\/2024\/08\/b56dc598-5ac0-40d2-8118-7b058f9c446f-1024x576.jpg 1024w, https:\/\/www.radiopiu.net\/wordpress\/wp-content\/uploads\/2024\/08\/b56dc598-5ac0-40d2-8118-7b058f9c446f-768x432.jpg 768w, https:\/\/www.radiopiu.net\/wordpress\/wp-content\/uploads\/2024\/08\/b56dc598-5ac0-40d2-8118-7b058f9c446f-1536x864.jpg 1536w, https:\/\/www.radiopiu.net\/wordpress\/wp-content\/uploads\/2024\/08\/b56dc598-5ac0-40d2-8118-7b058f9c446f.jpg 1600w\" sizes=\"auto, (max-width: 300px) 100vw, 300px\" \/><\/a>OGGI ALLA RADIO&#8230;. ALLE 4 E ALLE 6 LE NOTIZIE DALL&#8217;ITALIA E DAL MONDO 6.15 PIROLE DE LENGA A CURA DEL MUSLA 7.20 EL BAL DEL FIORI, DETTI E TRADIZIONI DI GIULIANA DA RONCH 8.05 LA RASSEGNA STAMPA LOCALE 8.30\u00a0 PIU SIAMO MARINA DONA&#8217; \u00a0 900 LA MUSICA COUNTRY DI ALEX NASCINBEN\u00a0 9.40 VIABILITA&#8217; CON BOTOL CAR SERVICE (AGORDO-SEDICO-FELTRE)\u00a0 10 30 STORIA, L&#8217;ECCIDIO A CAVIOLA, IL TESTIMONE OCULARE, ANGELO COSTA (FOTO) \u00a0\u00a012.00 VA TUTTO LISCIO\u00a0 12.30 GIORNALE RADIO PRINCIPALE\u00a0 13.10 FRANCO ROCCON, ASSESSORE COMUNALE A BELLUNO \u00a013.20 TRE PEZZI DI MARINA DONA&#8217; 14.00 ZAINO IN SPALLA CON CLAUDIO PRA ED EVA GABRIELI\u00a015.00\u00a0 PIU MUSICA DI MARINA DONA&#8217;\u00a0 16 IL ROCK DI MARCO COSTANTINI 1645 LE HIT DI MIRCO BENCIVENNI 18.00 PIU&#8217; DANCE LE SELEZIONI CHE FANNO SALTARE DI DJ JACK, JACOPO DEL TEDESCO\u00a019 LE ANTICIPAZIONI DAL TG DI ANTENNA 3 DI TIZIANA BOLOGNANI<\/p>\n<p><a class=\"dt-pswp-item\" href=\"https:\/\/www.radiopiu.net\/wordpress\/wp-content\/uploads\/2024\/08\/Senza-nome-93.png\" data-dt-img-description=\"\" data-large_image_width=\"542\" data-large_image_height=\"509\"><img loading=\"lazy\" decoding=\"async\" class=\"size-medium wp-image-406828 alignleft\" src=\"https:\/\/www.radiopiu.net\/wordpress\/wp-content\/uploads\/2024\/08\/Senza-nome-93-300x282.png\" alt=\"\" width=\"300\" height=\"282\" srcset=\"https:\/\/www.radiopiu.net\/wordpress\/wp-content\/uploads\/2024\/08\/Senza-nome-93-300x282.png 300w, https:\/\/www.radiopiu.net\/wordpress\/wp-content\/uploads\/2024\/08\/Senza-nome-93.png 542w\" sizes=\"auto, (max-width: 300px) 100vw, 300px\" \/><\/a>OGGI L&#8217;ULTIMO SALUTO AD ALESSIA<br \/>\nBELLUNO<br \/>\nAlessia Vidotto, originaria di Sedico, residente a Belluno,\u00a0 38 anni, \u00e8 morta improvvisamente il 15 agosto mentre era in vacanza in Albania con il compagno Eroldi e il figlio Leo.\u00a0 Alessia era una persona riservata e gentile, amata da tutti. L&#8217;ultimo saluto si terr\u00e0 oggi a Belluno, \u00a0alle 15 nella casa del commiato Caldart in via Cappellari. Da qui la salma proseguir\u00e0 per il cimitero di Prade.<br \/>\nLONGARONE Tutti i dipendenti dello stabilimento di Marcolin a Fortogna di Longarone che vorranno partecipare oggi alla cerimonia di addio della loro collega Alessia Vidotto potranno farlo. Dall&#8217;azienda, infatti, proprio ieri mattina \u00e8 venuto il via libera ai lavoratori per la partecipazione al rito.<br \/>\nLa stessa azienda si dice \u00abprofondamente addolorata per la scomparsa prematura di Alessia. L&#8217;azienda si unisce, con rispetto, al dolore dei suoi familiari, dei suoi cari, e dei colleghi che lavoravano al suo fianco\u00bb.<\/p>\n<p>ciclista 79enne soccorso in elicottero<br \/>\nCORTINA Nel primo pomeriggio di ieri \u00a0un ciclista 79enne di Pieve di Cadore \u00e8 rimasto coinvolto in un incidente mentre percorreva la pista del Bike Park Socrepes. L&#8217;uomo \u00e8 caduto durante la discesa, riportando una probabile frattura alla gamba. L&#8217;amico che lo accompagnava ha immediatamente allertato la Centrale del 118, il ciclista \u00e8 stato trasportato all&#8217;ospedale di Belluno per le cure necessarie.<\/p>\n<p>DOLORE AL GINOCCHIO SUL SENTIERO<br \/>\nCORTINA un&#8217;escursionista della Repubblica Ceca\u00a0 lamentava un dolore al ginocchio. Recuperata a circa 900 metri di quota, la 46enne \u00e8 stata trasportata all&#8217;ospedale di Cortina per accertamenti.<br \/>\n107 SCALINI NEL RICORDO DI RACHELE<\/p>\n<p>CANALE D&#8217;AGORDO La famiglia Costa\u00a0 ringrazia gli organizzatori, i\u00a0 volontari e tutti i partecipanti per l&#8217;ottima riuscita della manifestazione 107 veritical dedicata alla nostra Rachele grazie di cuore anche lei da lass\u00f9 ne sar\u00e0 orgogliosa e felice.<\/p>\n<p><a class=\"dt-pswp-item\" href=\"https:\/\/www.radiopiu.net\/wordpress\/wp-content\/uploads\/2024\/08\/Senza-nome-104.png\" data-dt-img-description=\"\" data-large_image_width=\"536\" data-large_image_height=\"294\"><img loading=\"lazy\" decoding=\"async\" class=\"size-medium wp-image-407000 alignleft\" src=\"https:\/\/www.radiopiu.net\/wordpress\/wp-content\/uploads\/2024\/08\/Senza-nome-104-300x165.png\" alt=\"\" width=\"300\" height=\"165\" srcset=\"https:\/\/www.radiopiu.net\/wordpress\/wp-content\/uploads\/2024\/08\/Senza-nome-104-300x165.png 300w, https:\/\/www.radiopiu.net\/wordpress\/wp-content\/uploads\/2024\/08\/Senza-nome-104.png 536w\" sizes=\"auto, (max-width: 300px) 100vw, 300px\" \/><\/a>I CARABINIERI RIPORTANO A CASA LA MADONNA DI LA VALLE AGORDINA<br \/>\n\u00c8 stata ritrovata dai Carabinieri della Sezione Radiomobile di Feltre la statua della Madonna di Col Menadar, scomparsa alcuni giorni fa dal sito in cui era stata collocata. La scoperta \u00e8 avvenuta grazie alla segnalazione di un cittadino che, durante una passeggiata nei pressi del cimitero di Nemeggio, ha notato un manufatto simile alla statua rubata e ha subito allertato il 112.<\/p>\n<p>INCENDIO AD ALTA QUOTA<br \/>\nSEDICO Un fulmine ha provocato un incendio\u00a0 sopra Candaten. Ai vigili del fuoco di Belluno alcuni passanti avevano segnalato la presenza di fumo nell&#8217;area alta della zona protetta: un luogo inaccessibile per le squadre dei pompieri e per chiunque altro.<br \/>\nEscluso un intervento da terra, \u00e8 intervenuto cos\u00ec l&#8217;elicottero della protezione civile regionale per un primo sopralluogo e la verifica dell&#8217;incendio, Questa mattina bonifica con l&#8217;elicottero.<\/p>\n<p>Orso a Arsi\u00e8: Due Apiari Distrutti, Preoccupazione tra i Residenti<br \/>\nARSIE&#8217; Nella notte tra sabato e domenica, un orso ha distrutto due apiari nella zona di San Vito ad Arsi\u00e8, segnando la prima incursione dell&#8217;animale in quest&#8217;area. La situazione \u00e8 monitorata attentamente, ma preoccupa la vicinanza delle incursioni alle abitazioni, soprattutto con l&#8217;incremento del traffico escursionistico in zona.<\/p>\n<p>VACANZE ROVINATE, DERUBATI A JESOLO DURANTE LA NOTTE<br \/>\nJESOLO-FELTRE Una famiglia feltrina non dimenticher\u00e0 facilmente le ferie estive, purtroppo si porter\u00e0 appresso un triste ricordo. Infatti la famiglia \u00e8 la vittima di un furto perpetrato nella notte nell&#8217;appartamento affittato per le vacanze. Rubati contanti, oggetti preziosi comprese le fedi nuziali.\u00a0 Il furto tra le 3.30\u00a0 della notte e le 7 del mattino e nessuno si sarebbe accorto di nulla.<\/p>\n<p><a class=\"dt-pswp-item\" href=\"https:\/\/www.radiopiu.net\/wordpress\/wp-content\/uploads\/2024\/08\/Senza-nome-102.png\" data-dt-img-description=\"\" data-large_image_width=\"577\" data-large_image_height=\"360\"><img loading=\"lazy\" decoding=\"async\" class=\"size-medium wp-image-406998 alignleft\" src=\"https:\/\/www.radiopiu.net\/wordpress\/wp-content\/uploads\/2024\/08\/Senza-nome-102-300x187.png\" alt=\"\" width=\"300\" height=\"187\" srcset=\"https:\/\/www.radiopiu.net\/wordpress\/wp-content\/uploads\/2024\/08\/Senza-nome-102-300x187.png 300w, https:\/\/www.radiopiu.net\/wordpress\/wp-content\/uploads\/2024\/08\/Senza-nome-102.png 577w\" sizes=\"auto, (max-width: 300px) 100vw, 300px\" \/><\/a>Commemorazione di Giovanni Paolo I<br \/>\nCANALE D&#8217;AGORDO Durante la memoria liturgica del beato Giovanni Paolo I a Canale d&#8217;Agordo, il vescovo Renato Marangoni ha esortato la comunit\u00e0 a superare privilegi e supremazie identitarie, sottolineando l&#8217;importanza di condividere gli insegnamenti di &#8220;don Albino&#8221;. Con la presenza di oltre 500 devoti, sindaci e autorit\u00e0 locali, Marangoni ha ricordato la santit\u00e0 di Luciani come un &#8220;pane quotidiano&#8221; per le comunit\u00e0, invitando a un impegno collettivo per portare avanti il sogno di Giovanni Paolo I, segnato dall&#8217;apertura e dalla fraternit\u00e0.<\/p>\n<p>EDILIZIA: CRESCONO LE SOCIETA&#8217; DI CAPITALI, IN CALO LE SOCIET\u00c0 DI PERSONE<br \/>\nBELLUNO Il settore delle costruzioni in Italia, pur non conoscendo crisi, affronta nuove sfide legate alle scadenze europee per migliorare l&#8217;efficienza energetica degli edifici entro il 2030 e il 2033, in vista dell&#8217;obiettivo emissioni zero del 2050. Mentre le detrazioni fiscali del 50% per le ristrutturazioni scadono a fine anno senza indicazioni di nuovi incentivi, cresce l&#8217;incertezza tra gli operatori.<\/p>\n<p>IL CUORE DELLA GENEROSITA&#8217; BATTE FORTE A COLDERU&#8217;. GRANDE SUCCESSO PER INVITAEARTE<br \/>\nBORGO VALBELLUNA Nonostante un rinvio dovuto alla pioggia, INVITAeARTE si \u00e8 svolto venerd\u00ec scorso a Colder\u00f9, presso la Tenuta vitivinicola Crodarossa. L&#8217;evento benefico, che ha coinvolto circa ottanta persone tra aziende e associazioni locali, ha offerto una serata di teatro, musica ed eccellenze enogastronomiche.<\/p>\n<p>OGGI A PALAZZO FULCIS<br \/>\nBELLUNO Oggi alle 18, presso il Museo civico di Palazzo Fulcis, si terr\u00e0 una conferenza dedicata alla scultrice bellunese Marta Sammartini.<\/p>\n<p>&nbsp;<\/p>\n<p>&nbsp;<\/p>\n<p>&nbsp;<\/p>\n<p>&nbsp;<\/p>\n<p>&nbsp;<\/p>\n","protected":false},"excerpt":{"rendered":"<p>OGGI ALLA RADIO&#8230;. ALLE 4 E ALLE 6 LE NOTIZIE DALL&#8217;ITALIA E DAL MONDO 6.15 PIROLE DE LENGA A CURA DEL MUSLA 7.20 EL BAL DEL FIORI, DETTI E TRADIZIONI DI GIULIANA DA RONCH 8.05 LA RASSEGNA STAMPA LOCALE 8.30\u00a0 PIU SIAMO MARINA DONA&#8217; \u00a0 900 LA MUSICA COUNTRY DI ALEX NASCINBEN\u00a0 9.40 VIABILITA&#8217; CON&hellip;<\/p>\n","protected":false},"author":4,"featured_media":407000,"comment_status":"closed","ping_status":"closed","sticky":false,"template":"","format":"standard","meta":{"_monsterinsights_skip_tracking":false,"_monsterinsights_sitenote_active":false,"_monsterinsights_sitenote_note":"","_monsterinsights_sitenote_category":0,"footnotes":""},"categories":[104,49,142],"tags":[],"class_list":["post-407003","post","type-post","status-publish","format-standard","has-post-thumbnail","hentry","category-evidenza_3","category-news-18","category-rassegna-stampa","category-104","category-49","category-142","description-off"],"img_url":"https:\/\/www.radiopiu.net\/wordpress\/wp-content\/uploads\/2024\/08\/Senza-nome-104.png","_links":{"self":[{"href":"https:\/\/www.radiopiu.net\/wordpress\/wp-json\/wp\/v2\/posts\/407003","targetHints":{"allow":["GET"]}}],"collection":[{"href":"https:\/\/www.radiopiu.net\/wordpress\/wp-json\/wp\/v2\/posts"}],"about":[{"href":"https:\/\/www.radiopiu.net\/wordpress\/wp-json\/wp\/v2\/types\/post"}],"author":[{"embeddable":true,"href":"https:\/\/www.radiopiu.net\/wordpress\/wp-json\/wp\/v2\/users\/4"}],"replies":[{"embeddable":true,"href":"https:\/\/www.radiopiu.net\/wordpress\/wp-json\/wp\/v2\/comments?post=407003"}],"version-history":[{"count":1,"href":"https:\/\/www.radiopiu.net\/wordpress\/wp-json\/wp\/v2\/posts\/407003\/revisions"}],"predecessor-version":[{"id":407004,"href":"https:\/\/www.radiopiu.net\/wordpress\/wp-json\/wp\/v2\/posts\/407003\/revisions\/407004"}],"wp:featuredmedia":[{"embeddable":true,"href":"https:\/\/www.radiopiu.net\/wordpress\/wp-json\/wp\/v2\/media\/407000"}],"wp:attachment":[{"href":"https:\/\/www.radiopiu.net\/wordpress\/wp-json\/wp\/v2\/media?parent=407003"}],"wp:term":[{"taxonomy":"category","embeddable":true,"href":"https:\/\/www.radiopiu.net\/wordpress\/wp-json\/wp\/v2\/categories?post=407003"},{"taxonomy":"post_tag","embeddable":true,"href":"https:\/\/www.radiopiu.net\/wordpress\/wp-json\/wp\/v2\/tags?post=407003"}],"curies":[{"name":"wp","href":"https:\/\/api.w.org\/{rel}","templated":true}]}}