{"id":407164,"date":"2024-08-28T11:28:55","date_gmt":"2024-08-28T09:28:55","guid":{"rendered":"https:\/\/www.radiopiu.net\/wordpress\/?p=407164"},"modified":"2024-08-28T11:30:00","modified_gmt":"2024-08-28T09:30:00","slug":"il-progetto-restor-bl","status":"publish","type":"post","link":"https:\/\/www.radiopiu.net\/wordpress\/il-progetto-restor-bl\/","title":{"rendered":"IL RECUPERO DI DUE AREE UMIDE CON IL PROGETTO RESTOR BL"},"content":{"rendered":"<p>*******<\/p>\n<p>&nbsp;<\/p>\n<p><strong><a class=\"dt-pswp-item\" href=\"https:\/\/www.radiopiu.net\/wordpress\/wp-content\/uploads\/2024\/08\/Lach-Torond-Gosaldo.jpg\" data-dt-img-description=\"\" data-large_image_width=\"2560\" data-large_image_height=\"1600\"><img loading=\"lazy\" decoding=\"async\" class=\" wp-image-407198 alignleft\" src=\"https:\/\/www.radiopiu.net\/wordpress\/wp-content\/uploads\/2024\/08\/Lach-Torond-Gosaldo-300x188.jpg\" alt=\"\" width=\"177\" height=\"111\" srcset=\"https:\/\/www.radiopiu.net\/wordpress\/wp-content\/uploads\/2024\/08\/Lach-Torond-Gosaldo-300x188.jpg 300w, https:\/\/www.radiopiu.net\/wordpress\/wp-content\/uploads\/2024\/08\/Lach-Torond-Gosaldo-1024x640.jpg 1024w, https:\/\/www.radiopiu.net\/wordpress\/wp-content\/uploads\/2024\/08\/Lach-Torond-Gosaldo-768x480.jpg 768w, https:\/\/www.radiopiu.net\/wordpress\/wp-content\/uploads\/2024\/08\/Lach-Torond-Gosaldo-1536x960.jpg 1536w, https:\/\/www.radiopiu.net\/wordpress\/wp-content\/uploads\/2024\/08\/Lach-Torond-Gosaldo-2048x1280.jpg 2048w\" sizes=\"auto, (max-width: 177px) 100vw, 177px\" \/><\/a>BELLUNO<\/strong> Il ripristino di due importanti aree umide del territorio provinciale pu\u00f2 entrare nel vivo. Nelle scorse settimane infatti \u00e8 arrivata l\u2019ufficialit\u00e0 del finanziamento da parte di Cariverona del progetto \u201cRestor BL\u201d, con cui la Provincia ha partecipato al bando \u201cCapitale Naturale 2024\u201d, insieme ai Comuni di Gosaldo, Voltago e Ponte nelle Alpi. Il progetto vale all\u2019incirca 370mila euro e prevede un cofinanziamento di 75mila euro da parte degli enti locali e della Provincia. \u201cRestor BL\u201d prevede alcune azioni dal forte taglio applicativo, da realizzare nell&#8217;arco temporale di 3 anni, per il ripristino di due importanti complessi di zone umide e ambienti forestali che necessitano di interventi urgenti: si tratta di Lac Torond (area di torbiera tra Gosaldo e Voltago) e le risorgive di Soccher (Ponte nelle Alpi), facenti parte della Rete Ecologica provinciale. L\u2019obiettivo \u00e8 quello di contribuire alla tutela e al ripristino della biodiversit\u00e0, con particolare attenzione alle specie protette o minacciate e agli habitat di interesse comunitario. Va considerato infatti che le zone umide sono ecosistemi caratterizzati dalla presenza regolare o permanente di acqua, e in cui la vegetazione \u00e8 composta prevalentemente da specie adattate all\u2019allagamento. Tuttavia, le zone umide, estremamente fragili, sono considerate a forte rischio in tutto il mondo: pi\u00f9 del 50% \u00e8 andato perduto negli ultimi due secoli. La Provincia parteciper\u00e0 in tutte le azioni del progetto, e gestir\u00e0 insieme al Tesaf (Dipartimento territorio e sistemi agro forestali dell\u2019Universit\u00e0 di Padova) la preparazione di linee guida per la valutazione dell\u2019impatto sulle zone umide di progetti in sede di valutazione di impatto e di incidenza ambientale, anche con iniziative di formazione per i tecnici comunali e i progettisti. Inoltre, metter\u00e0 a disposizione anche il suo personale dei servizi Via ed Ecologia, a supporto dei Comuni.<\/p>\n<p><strong>IL PROGETTO<\/strong><\/p>\n<p><a class=\"dt-pswp-item\" href=\"https:\/\/www.radiopiu.net\/wordpress\/wp-content\/uploads\/2024\/08\/risorgive-soccher-scaled.jpg\" data-dt-img-description=\"\" data-large_image_width=\"2560\" data-large_image_height=\"1600\"><img loading=\"lazy\" decoding=\"async\" class=\" wp-image-407199 alignright\" src=\"https:\/\/www.radiopiu.net\/wordpress\/wp-content\/uploads\/2024\/08\/risorgive-soccher-300x188.jpg\" alt=\"\" width=\"204\" height=\"128\" srcset=\"https:\/\/www.radiopiu.net\/wordpress\/wp-content\/uploads\/2024\/08\/risorgive-soccher-300x188.jpg 300w, https:\/\/www.radiopiu.net\/wordpress\/wp-content\/uploads\/2024\/08\/risorgive-soccher-1024x640.jpg 1024w, https:\/\/www.radiopiu.net\/wordpress\/wp-content\/uploads\/2024\/08\/risorgive-soccher-768x480.jpg 768w, https:\/\/www.radiopiu.net\/wordpress\/wp-content\/uploads\/2024\/08\/risorgive-soccher-1536x960.jpg 1536w, https:\/\/www.radiopiu.net\/wordpress\/wp-content\/uploads\/2024\/08\/risorgive-soccher-2048x1280.jpg 2048w\" sizes=\"auto, (max-width: 204px) 100vw, 204px\" \/><\/a>Capofila di \u201cRestor BL\u201d \u00e8 il Comune di Gosaldo, dove insiste l\u2019area pi\u00f9 estesa del progetto (che riguarda in parte anche Voltago). Si tratta delle torbiere di Lac Torond e Bosco del Poi (tra Gosaldo e Voltago), che a seguito della tempesta Vaia e delle operazioni di recupero degli schianti sono state intaccate e danneggiate. Un\u2019importante indagine idrogeologica dovr\u00e0 precedere l&#8217;individuazione delle soluzioni progettuali, che potranno comprendere piccoli scavi per mantenere il sistema idraulico di torbiera, il ripristino dei solchi e la protezione del suolo, la definizione di una strategia di gestione dell\u2019ambiente forestale, la piantumazione di nuovi alberi. L\u2019altra linea di progetto riguarda Ponte nelle Alpi e pi\u00f9 precisamente le risorgive di Soccher, un mosaico di ambienti umidi nell\u2019area a ridosso del Piave ricchi di diversit\u00e0 faunistica e floristica (in particolare con la presenza di siti riproduttivi degli anfibi). Il sito \u00e8 stato compromesso dalla costruzione di un canale per la sicurezza idraulica che collega il Cellina con il Piave, tanto da essere andato in secca. Tra le possibili soluzioni c\u2019\u00e8 la realizzazione di nuove pozze e il ripristino delle funzionalit\u00e0 idrauliche dell\u2019area.<\/p>\n<p>&nbsp;<\/p>\n<p>&nbsp;<\/p>\n<p>&nbsp;<\/p>\n<p>&nbsp;<\/p>\n<p>*********<\/p>\n","protected":false},"excerpt":{"rendered":"<p>******* &nbsp; BELLUNO Il ripristino di due importanti aree umide del territorio provinciale pu\u00f2 entrare nel vivo. Nelle scorse settimane infatti \u00e8 arrivata l\u2019ufficialit\u00e0 del finanziamento da parte di Cariverona del progetto \u201cRestor BL\u201d, con cui la Provincia ha partecipato al bando \u201cCapitale Naturale 2024\u201d, insieme ai Comuni di Gosaldo, Voltago e Ponte nelle Alpi.&hellip;<\/p>\n","protected":false},"author":4,"featured_media":407198,"comment_status":"closed","ping_status":"closed","sticky":false,"template":"","format":"standard","meta":{"_monsterinsights_skip_tracking":false,"_monsterinsights_sitenote_active":false,"_monsterinsights_sitenote_note":"","_monsterinsights_sitenote_category":0,"footnotes":""},"categories":[49],"tags":[],"class_list":["post-407164","post","type-post","status-publish","format-standard","has-post-thumbnail","hentry","category-news-18","category-49","description-off"],"img_url":"https:\/\/www.radiopiu.net\/wordpress\/wp-content\/uploads\/2024\/08\/Lach-Torond-Gosaldo.jpg","_links":{"self":[{"href":"https:\/\/www.radiopiu.net\/wordpress\/wp-json\/wp\/v2\/posts\/407164","targetHints":{"allow":["GET"]}}],"collection":[{"href":"https:\/\/www.radiopiu.net\/wordpress\/wp-json\/wp\/v2\/posts"}],"about":[{"href":"https:\/\/www.radiopiu.net\/wordpress\/wp-json\/wp\/v2\/types\/post"}],"author":[{"embeddable":true,"href":"https:\/\/www.radiopiu.net\/wordpress\/wp-json\/wp\/v2\/users\/4"}],"replies":[{"embeddable":true,"href":"https:\/\/www.radiopiu.net\/wordpress\/wp-json\/wp\/v2\/comments?post=407164"}],"version-history":[{"count":1,"href":"https:\/\/www.radiopiu.net\/wordpress\/wp-json\/wp\/v2\/posts\/407164\/revisions"}],"predecessor-version":[{"id":407200,"href":"https:\/\/www.radiopiu.net\/wordpress\/wp-json\/wp\/v2\/posts\/407164\/revisions\/407200"}],"wp:featuredmedia":[{"embeddable":true,"href":"https:\/\/www.radiopiu.net\/wordpress\/wp-json\/wp\/v2\/media\/407198"}],"wp:attachment":[{"href":"https:\/\/www.radiopiu.net\/wordpress\/wp-json\/wp\/v2\/media?parent=407164"}],"wp:term":[{"taxonomy":"category","embeddable":true,"href":"https:\/\/www.radiopiu.net\/wordpress\/wp-json\/wp\/v2\/categories?post=407164"},{"taxonomy":"post_tag","embeddable":true,"href":"https:\/\/www.radiopiu.net\/wordpress\/wp-json\/wp\/v2\/tags?post=407164"}],"curies":[{"name":"wp","href":"https:\/\/api.w.org\/{rel}","templated":true}]}}