{"id":407226,"date":"2024-08-29T05:39:49","date_gmt":"2024-08-29T03:39:49","guid":{"rendered":"https:\/\/www.radiopiu.net\/wordpress\/?p=407226"},"modified":"2024-08-29T05:45:32","modified_gmt":"2024-08-29T03:45:32","slug":"tre-escursionisti-soccorsi-in-diverse-localita-montane","status":"publish","type":"post","link":"https:\/\/www.radiopiu.net\/wordpress\/tre-escursionisti-soccorsi-in-diverse-localita-montane\/","title":{"rendered":"Tre escursionisti soccorsi in diverse localit\u00e0 montane"},"content":{"rendered":"<p>**<\/p>\n<blockquote><p><em><strong>INTERVENTI IN MONTAGNA: SOCCORSO ALPINO IN AZIONE NEL BELLUNESE<\/strong><\/em><\/p><\/blockquote>\n<p>REDAZIONE Tre interventi a supporto di escursionisti in difficolt\u00e0. Alle 13.30, il Soccorso alpino di <strong>Alleghe &#8211; Val Fiorentina<\/strong> \u00e8 intervenuto presso la cascata del Ru de Rialt a Masar\u00e8 per un escursionista ceco di 26 anni che si era procurato un trauma al piede. Successivamente, l&#8217;elicottero del Suem di Pieve di Cadore \u00e8 stato chiamato presso il Rifugio Pomedes a <strong>Cortina<\/strong>, dove un 77enne di Roma, caduto e feritosi al volto, \u00e8 stato trasportato d&#8217;urgenza a Belluno. Infine, il Soccorso alpino di <strong>Pieve di Cadore<\/strong> ha soccorso una 76enne di Castiglion Fiorentino, caduta mentre scendeva dal Monte Rite, accompagnandola all&#8217;ospedale di Pieve di Cadore.<\/p>\n<div class=\"mt-1 flex gap-3 empty:hidden -ml-2\">\n<div class=\"items-center justify-start rounded-xl p-1 flex\">\n<div class=\"flex items-center\"><button class=\"rounded-lg text-token-text-secondary hover:bg-token-main-surface-secondary\" aria-label=\"Read Aloud\"><\/button><button class=\"rounded-lg text-token-text-secondary hover:bg-token-main-surface-secondary\" aria-label=\"Copia\"><\/button><button class=\"rounded-lg text-token-text-secondary hover:bg-token-main-surface-secondary\" aria-label=\"Rigenera\"><\/button><\/p>\n<div class=\"flex\"><\/div>\n<div class=\"flex items-center pb-0\">\n<div class=\"[&amp;_svg]:h-full [&amp;_svg]:w-full icon-md h-4 w-4\"><\/div>\n<\/div>\n<\/div>\n<\/div>\n<\/div>\n","protected":false},"excerpt":{"rendered":"<p>** INTERVENTI IN MONTAGNA: SOCCORSO ALPINO IN AZIONE NEL BELLUNESE REDAZIONE Tre interventi a supporto di escursionisti in difficolt\u00e0. Alle 13.30, il Soccorso alpino di Alleghe &#8211; Val Fiorentina \u00e8 intervenuto presso la cascata del Ru de Rialt a Masar\u00e8 per un escursionista ceco di 26 anni che si era procurato un trauma al piede.&hellip;<\/p>\n","protected":false},"author":4,"featured_media":380539,"comment_status":"closed","ping_status":"closed","sticky":false,"template":"","format":"standard","meta":{"_monsterinsights_skip_tracking":false,"_monsterinsights_sitenote_active":false,"_monsterinsights_sitenote_note":"","_monsterinsights_sitenote_category":0,"footnotes":""},"categories":[51,49],"tags":[],"class_list":["post-407226","post","type-post","status-publish","format-standard","has-post-thumbnail","hentry","category-evidenza-top","category-news-18","category-51","category-49","description-off"],"img_url":"https:\/\/www.radiopiu.net\/wordpress\/wp-content\/uploads\/2024\/03\/salt-croce-verde-val-biois-1.jpg","_links":{"self":[{"href":"https:\/\/www.radiopiu.net\/wordpress\/wp-json\/wp\/v2\/posts\/407226","targetHints":{"allow":["GET"]}}],"collection":[{"href":"https:\/\/www.radiopiu.net\/wordpress\/wp-json\/wp\/v2\/posts"}],"about":[{"href":"https:\/\/www.radiopiu.net\/wordpress\/wp-json\/wp\/v2\/types\/post"}],"author":[{"embeddable":true,"href":"https:\/\/www.radiopiu.net\/wordpress\/wp-json\/wp\/v2\/users\/4"}],"replies":[{"embeddable":true,"href":"https:\/\/www.radiopiu.net\/wordpress\/wp-json\/wp\/v2\/comments?post=407226"}],"version-history":[{"count":1,"href":"https:\/\/www.radiopiu.net\/wordpress\/wp-json\/wp\/v2\/posts\/407226\/revisions"}],"predecessor-version":[{"id":407227,"href":"https:\/\/www.radiopiu.net\/wordpress\/wp-json\/wp\/v2\/posts\/407226\/revisions\/407227"}],"wp:featuredmedia":[{"embeddable":true,"href":"https:\/\/www.radiopiu.net\/wordpress\/wp-json\/wp\/v2\/media\/380539"}],"wp:attachment":[{"href":"https:\/\/www.radiopiu.net\/wordpress\/wp-json\/wp\/v2\/media?parent=407226"}],"wp:term":[{"taxonomy":"category","embeddable":true,"href":"https:\/\/www.radiopiu.net\/wordpress\/wp-json\/wp\/v2\/categories?post=407226"},{"taxonomy":"post_tag","embeddable":true,"href":"https:\/\/www.radiopiu.net\/wordpress\/wp-json\/wp\/v2\/tags?post=407226"}],"curies":[{"name":"wp","href":"https:\/\/api.w.org\/{rel}","templated":true}]}}