{"id":407231,"date":"2024-08-28T23:59:47","date_gmt":"2024-08-28T21:59:47","guid":{"rendered":"https:\/\/www.radiopiu.net\/wordpress\/?p=407231"},"modified":"2024-08-29T05:47:31","modified_gmt":"2024-08-29T03:47:31","slug":"ufficializzato-il-calendario-di-terza-categoria-esordio-dellagordina-con-lauronzo","status":"publish","type":"post","link":"https:\/\/www.radiopiu.net\/wordpress\/ufficializzato-il-calendario-di-terza-categoria-esordio-dellagordina-con-lauronzo\/","title":{"rendered":"UFFICIALIZZATO IL CALENDARIO DI TERZA CATEGORIA. ESORDIO DELL&#8217;AGORDINA CON L&#8217;AURONZO"},"content":{"rendered":"<p>******<\/p>\n<p>&nbsp;<\/p>\n<p><strong>REDAZIONE<\/strong> La LND sezione di Belluno ha ufficializzato nelle ultime ore il calendario della terza Categoria dove milita l&#8217;Agordina. Un campionato che inizier\u00e0 il 15 settembre e terminer\u00e0 il 18 maggio 2025. 14 le squadre iscritte al torneo provinciale, 26 le giornate da giocare. Il girone di andata inizier\u00e0 dunque il 15 settembre per terminare l&#8217;8 dicembre. Una lunga pausa invernale di due mesi prima che le squadre ritornino in campo per il girone di ritorno che inizier\u00e0 il 16 febbraio. In programma solo una domenica di pausa in occasione delle festivit\u00e0 pasquali. Agordina che esordir\u00e0 in trasferta contro l&#8217;Auronzo.<\/p>\n<p><a class=\"dt-pswp-item\" href=\"https:\/\/www.radiopiu.net\/wordpress\/wp-content\/uploads\/2024\/08\/SCR-20240828-tuqp.png\" data-dt-img-description=\"\" data-large_image_width=\"2696\" data-large_image_height=\"1816\"><img loading=\"lazy\" decoding=\"async\" class=\"alignnone wp-image-407232 size-large\" src=\"https:\/\/www.radiopiu.net\/wordpress\/wp-content\/uploads\/2024\/08\/SCR-20240828-tuqp-1024x690.png\" alt=\"\" width=\"1024\" height=\"690\" srcset=\"https:\/\/www.radiopiu.net\/wordpress\/wp-content\/uploads\/2024\/08\/SCR-20240828-tuqp-1024x690.png 1024w, https:\/\/www.radiopiu.net\/wordpress\/wp-content\/uploads\/2024\/08\/SCR-20240828-tuqp-300x202.png 300w, https:\/\/www.radiopiu.net\/wordpress\/wp-content\/uploads\/2024\/08\/SCR-20240828-tuqp-768x517.png 768w, https:\/\/www.radiopiu.net\/wordpress\/wp-content\/uploads\/2024\/08\/SCR-20240828-tuqp-1536x1035.png 1536w, https:\/\/www.radiopiu.net\/wordpress\/wp-content\/uploads\/2024\/08\/SCR-20240828-tuqp-2048x1380.png 2048w\" sizes=\"auto, (max-width: 1024px) 100vw, 1024px\" \/><\/a><\/p>\n<p>&nbsp;<\/p>\n<p>&nbsp;<\/p>\n<p>*********<\/p>\n","protected":false},"excerpt":{"rendered":"<p>****** &nbsp; REDAZIONE La LND sezione di Belluno ha ufficializzato nelle ultime ore il calendario della terza Categoria dove milita l&#8217;Agordina. Un campionato che inizier\u00e0 il 15 settembre e terminer\u00e0 il 18 maggio 2025. 14 le squadre iscritte al torneo provinciale, 26 le giornate da giocare. Il girone di andata inizier\u00e0 dunque il 15 settembre&hellip;<\/p>\n","protected":false},"author":4,"featured_media":360218,"comment_status":"closed","ping_status":"closed","sticky":false,"template":"","format":"standard","meta":{"_monsterinsights_skip_tracking":false,"_monsterinsights_sitenote_active":false,"_monsterinsights_sitenote_note":"","_monsterinsights_sitenote_category":0,"footnotes":""},"categories":[104,49],"tags":[],"class_list":["post-407231","post","type-post","status-publish","format-standard","has-post-thumbnail","hentry","category-evidenza_3","category-news-18","category-104","category-49","description-off"],"img_url":"https:\/\/www.radiopiu.net\/wordpress\/wp-content\/uploads\/2023\/11\/calcio.jpg","_links":{"self":[{"href":"https:\/\/www.radiopiu.net\/wordpress\/wp-json\/wp\/v2\/posts\/407231","targetHints":{"allow":["GET"]}}],"collection":[{"href":"https:\/\/www.radiopiu.net\/wordpress\/wp-json\/wp\/v2\/posts"}],"about":[{"href":"https:\/\/www.radiopiu.net\/wordpress\/wp-json\/wp\/v2\/types\/post"}],"author":[{"embeddable":true,"href":"https:\/\/www.radiopiu.net\/wordpress\/wp-json\/wp\/v2\/users\/4"}],"replies":[{"embeddable":true,"href":"https:\/\/www.radiopiu.net\/wordpress\/wp-json\/wp\/v2\/comments?post=407231"}],"version-history":[{"count":1,"href":"https:\/\/www.radiopiu.net\/wordpress\/wp-json\/wp\/v2\/posts\/407231\/revisions"}],"predecessor-version":[{"id":407233,"href":"https:\/\/www.radiopiu.net\/wordpress\/wp-json\/wp\/v2\/posts\/407231\/revisions\/407233"}],"wp:featuredmedia":[{"embeddable":true,"href":"https:\/\/www.radiopiu.net\/wordpress\/wp-json\/wp\/v2\/media\/360218"}],"wp:attachment":[{"href":"https:\/\/www.radiopiu.net\/wordpress\/wp-json\/wp\/v2\/media?parent=407231"}],"wp:term":[{"taxonomy":"category","embeddable":true,"href":"https:\/\/www.radiopiu.net\/wordpress\/wp-json\/wp\/v2\/categories?post=407231"},{"taxonomy":"post_tag","embeddable":true,"href":"https:\/\/www.radiopiu.net\/wordpress\/wp-json\/wp\/v2\/tags?post=407231"}],"curies":[{"name":"wp","href":"https:\/\/api.w.org\/{rel}","templated":true}]}}