{"id":407260,"date":"2024-08-29T05:38:20","date_gmt":"2024-08-29T03:38:20","guid":{"rendered":"https:\/\/www.radiopiu.net\/wordpress\/?p=407260"},"modified":"2024-08-29T07:45:51","modified_gmt":"2024-08-29T05:45:51","slug":"oggi-ad-agordo-laddio-a-mirella-ongaro","status":"publish","type":"post","link":"https:\/\/www.radiopiu.net\/wordpress\/oggi-ad-agordo-laddio-a-mirella-ongaro\/","title":{"rendered":"OGGI AD AGORDO L&#8217;ADDIO A MIRELLA ONGARO"},"content":{"rendered":"<p>**<\/p>\n<p><strong>AGORDO<\/strong><\/p>\n<blockquote><p><img loading=\"lazy\" decoding=\"async\" class=\"alignleft\" src=\"https:\/\/www.radiopiu.net\/wordpress\/wp-content\/uploads\/2024\/08\/457380887_1244306116580370_4217830376981811566_n.jpg\" width=\"280\" height=\"234\" \/><strong>La redazione di Radio Pi\u00f9 \u00e8 vicina alla famiglia Guadagnini con un forte abbraccio a Fabio, prima voce storica dell&#8217;emittente Radio Pi\u00f9.<\/strong><\/p><\/blockquote>\n<p>Oggi alle 15.30 Agordo dar\u00e0 l&#8217;ultimo saluto a Mirella Ongaro, classe 1936, per molti \u00e8 ancora il volto noto della Pizzeria di via 27 aprile difronte all&#8217;allora\u00a0 caserma degli Alpini, Pizzeria gestita con il marito Federico Guadagnini.<\/p>\n<div class=\"x9f619 x1n2onr6 x1ja2u2z x78zum5 x2lah0s x1qughib x1qjc9v5 xozqiw3 x1q0g3np x1pi30zi x1swvt13 xyamay9 xykv574 xbmpl8g x4cne27 xifccgj\">\n<div class=\"x9f619 x1n2onr6 x1ja2u2z x78zum5 xdt5ytf x193iq5w xeuugli x1r8uery x1iyjqo2 xs83m0k xsyo7zv x16hj40l x10b6aqq x1yrsyyn\">\n<div class=\"x2b8uid x80vd3b x1q0q8m5 xso031l x1l90r2v\"><em><strong><span class=\"x193iq5w xeuugli x13faqbe x1vvkbs x1xmvt09 x1lliihq x1s928wv xhkezso x1gmr53x x1cpjm7i x1fgarty x1943h6x xudqn12 x3x7a5m x6prxxf xvq8zen xo1l8bm xzsf02u\" dir=\"auto\">&#8220;faccio volontariato felicemente pensionata e diversamente giovane&#8221;<\/span><\/strong><\/em><\/div>\n<\/div>\n<\/div>\n<div class=\"x9f619 x1n2onr6 x1ja2u2z x78zum5 x2lah0s x1qughib x1qjc9v5 xozqiw3 x1q0g3np x1pi30zi x1swvt13 xyamay9 xykv574 xbmpl8g x4cne27 xifccgj\">\n<div class=\"x9f619 x1n2onr6 x1ja2u2z x78zum5 xdt5ytf x193iq5w xeuugli x1r8uery x1iyjqo2 xs83m0k xsyo7zv x16hj40l x10b6aqq x1yrsyyn\">\n<div class=\"x9f619 x1n2onr6 x1ja2u2z x78zum5 x2lah0s x1nhvcw1 x1qjc9v5 xozqiw3 x1q0g3np xexx8yu xykv574 xbmpl8g x4cne27 xifccgj\"><\/div>\n<\/div>\n<\/div>\n<p>Mirella, la mamma di\u00a0 Manuela e Fabio. Mirella bench\u00e9 alle prese con un nemico implacabile, ha lottato con tutte le sue forze e non ha smesso di trasferire ai figli la sua energia e la sua determinazione nel guidare il proprio destino fino all\u2019ultimo. Negli ultimi anni dopo una vita di lavoro Mirella aveva\u00a0 anche dato la sua disponibilit\u00e0 all&#8217;Auser di Agordo in un gesto di grande altruismo, volontaria importante, impegnata del direttivo.<\/p>\n<p><em>&#8220;D\u2019altronde, mamma era fatta cos\u00ec<\/em> &#8211; dicono i figli &#8211;\u00a0 <em>un concentrato di energia, di forza di volont\u00e0, di amore, simpatia e generosit\u00e0. Siamo certi che vi avrebbe voluto salutare cos\u00ec: con un sorriso radioso e le braccia aperte, perch\u00e9 \u00e8 cos\u00ec, diceva, che si affronta la vita e perch\u00e8 \u201cla vita non \u00e8 aspettare che passi la tempesta, ma imparare a ballare sotto la pioggia\u201d (Mahatma Gandhi)&#8221;.<\/em><\/p>\n<div class=\"x11i5rnm xat24cr x1mh8g0r x1vvkbs xtlvy1s x126k92a\">\n<div dir=\"auto\">Dalla famiglia grazie di cuore a tutti: parenti, amici, al personale del reparto di Pneumologia dell\u2019ospedale S. Bassiano di Bassano del Grappa. Il rito funebre si terr\u00e0 alla Chiesa Arcidiaconale\u00a0 Agordo alle 15.30.<\/div>\n<\/div>\n<div dir=\"auto\"><\/div>\n<div dir=\"auto\"><\/div>\n<div dir=\"auto\">\n<hr \/>\n<\/div>\n","protected":false},"excerpt":{"rendered":"<p>** AGORDO La redazione di Radio Pi\u00f9 \u00e8 vicina alla famiglia Guadagnini con un forte abbraccio a Fabio, prima voce storica dell&#8217;emittente Radio Pi\u00f9. Oggi alle 15.30 Agordo dar\u00e0 l&#8217;ultimo saluto a Mirella Ongaro, classe 1936, per molti \u00e8 ancora il volto noto della Pizzeria di via 27 aprile difronte all&#8217;allora\u00a0 caserma degli Alpini, Pizzeria&hellip;<\/p>\n","protected":false},"author":4,"featured_media":407262,"comment_status":"closed","ping_status":"closed","sticky":false,"template":"","format":"standard","meta":{"_monsterinsights_skip_tracking":false,"_monsterinsights_sitenote_active":false,"_monsterinsights_sitenote_note":"","_monsterinsights_sitenote_category":0,"footnotes":""},"categories":[104,49],"tags":[],"class_list":["post-407260","post","type-post","status-publish","format-standard","has-post-thumbnail","hentry","category-evidenza_3","category-news-18","category-104","category-49","description-off"],"img_url":"https:\/\/www.radiopiu.net\/wordpress\/wp-content\/uploads\/2024\/08\/457380887_1244306116580370_4217830376981811566_n.jpg","_links":{"self":[{"href":"https:\/\/www.radiopiu.net\/wordpress\/wp-json\/wp\/v2\/posts\/407260","targetHints":{"allow":["GET"]}}],"collection":[{"href":"https:\/\/www.radiopiu.net\/wordpress\/wp-json\/wp\/v2\/posts"}],"about":[{"href":"https:\/\/www.radiopiu.net\/wordpress\/wp-json\/wp\/v2\/types\/post"}],"author":[{"embeddable":true,"href":"https:\/\/www.radiopiu.net\/wordpress\/wp-json\/wp\/v2\/users\/4"}],"replies":[{"embeddable":true,"href":"https:\/\/www.radiopiu.net\/wordpress\/wp-json\/wp\/v2\/comments?post=407260"}],"version-history":[{"count":7,"href":"https:\/\/www.radiopiu.net\/wordpress\/wp-json\/wp\/v2\/posts\/407260\/revisions"}],"predecessor-version":[{"id":407285,"href":"https:\/\/www.radiopiu.net\/wordpress\/wp-json\/wp\/v2\/posts\/407260\/revisions\/407285"}],"wp:featuredmedia":[{"embeddable":true,"href":"https:\/\/www.radiopiu.net\/wordpress\/wp-json\/wp\/v2\/media\/407262"}],"wp:attachment":[{"href":"https:\/\/www.radiopiu.net\/wordpress\/wp-json\/wp\/v2\/media?parent=407260"}],"wp:term":[{"taxonomy":"category","embeddable":true,"href":"https:\/\/www.radiopiu.net\/wordpress\/wp-json\/wp\/v2\/categories?post=407260"},{"taxonomy":"post_tag","embeddable":true,"href":"https:\/\/www.radiopiu.net\/wordpress\/wp-json\/wp\/v2\/tags?post=407260"}],"curies":[{"name":"wp","href":"https:\/\/api.w.org\/{rel}","templated":true}]}}