{"id":407272,"date":"2024-08-29T07:55:19","date_gmt":"2024-08-29T05:55:19","guid":{"rendered":"https:\/\/www.radiopiu.net\/wordpress\/?p=407272"},"modified":"2024-08-29T06:16:51","modified_gmt":"2024-08-29T04:16:51","slug":"dal-1983-ogni-giorno-alle-8-del-mattino-la-rassegna-stampa-locale-di-mirko-mezzacasa-2","status":"publish","type":"post","link":"https:\/\/www.radiopiu.net\/wordpress\/dal-1983-ogni-giorno-alle-8-del-mattino-la-rassegna-stampa-locale-di-mirko-mezzacasa-2\/","title":{"rendered":"dal 1983 ogni giorno alle 8 del mattino&#8230; LA RASSEGNA STAMPA LOCALE DI MIRKO MEZZACASA"},"content":{"rendered":"<p>***<\/p>\n<p><a class=\"dt-pswp-item\" href=\"https:\/\/www.radiopiu.net\/wordpress\/wp-content\/uploads\/2024\/08\/88ab367a-83a6-4e06-8866-0394dca8c7aa.jpg\" data-dt-img-description=\"\" data-large_image_width=\"1080\" data-large_image_height=\"1159\"><img loading=\"lazy\" decoding=\"async\" class=\"wp-image-407235 alignleft\" src=\"https:\/\/www.radiopiu.net\/wordpress\/wp-content\/uploads\/2024\/08\/88ab367a-83a6-4e06-8866-0394dca8c7aa-280x300.jpg\" alt=\"\" width=\"128\" height=\"137\" srcset=\"https:\/\/www.radiopiu.net\/wordpress\/wp-content\/uploads\/2024\/08\/88ab367a-83a6-4e06-8866-0394dca8c7aa-280x300.jpg 280w, https:\/\/www.radiopiu.net\/wordpress\/wp-content\/uploads\/2024\/08\/88ab367a-83a6-4e06-8866-0394dca8c7aa-954x1024.jpg 954w, https:\/\/www.radiopiu.net\/wordpress\/wp-content\/uploads\/2024\/08\/88ab367a-83a6-4e06-8866-0394dca8c7aa-768x824.jpg 768w, https:\/\/www.radiopiu.net\/wordpress\/wp-content\/uploads\/2024\/08\/88ab367a-83a6-4e06-8866-0394dca8c7aa.jpg 1080w\" sizes=\"auto, (max-width: 128px) 100vw, 128px\" \/><\/a>OGGI ALLA RADIO\u2026. ALLE 4 E ALLE 6 LE NOTIZIE DALL\u2019ITALIA E DAL MONDO 6.15 PIROLE DE LENGA A CURA DEL MUSLA 7.20 EL BAL DEL FIORI, DETTI E TRADIZIONI DI GIULIANA DA RONCH 8.05 LA RASSEGNA STAMPA LOCALE 8.30 PIU SIAMO CON MARINA DONA 900 IL COUNTRY DI ALEX NASCINBEN 9.40 VIABILITA\u2019 CON BOTOL CAR SERVICE (AGORDO-SEDICO-FELTRE) 10 30 moreno de val e jose gaiardo presentano la tre giorni di festa a San Tomaso, la festa dell\u2019orzo 12.00 VA TUTTO LISCIO 12.30 GIORNALE RADIO PRINCIPALE 13.10 13.20 TRE PEZZI DI MARINA DONA\u2019 14.00 zaino in spalla con Claudio Pra ed Eva Gabrieli 15.00 TIME FOR ME CON MARINA DONA\u2019 OSPITE RASPA 16 10 IL ROCK DI MARCO COSTANTINI 1645 LE HIT DI MIRCO BENCIVENNI 18.00 PIU\u2019 DANCE LE SELEZIONI CHE FANNO SALTARE DI DJ JACK, JACOPO DEL TEDESCO 19 LE ANTICIPAZIONI DAL TG DI ANTENNA 3 DI TIZIANA BOLOGNANI<\/p>\n<p><img loading=\"lazy\" decoding=\"async\" class=\"alignleft\" src=\"https:\/\/www.radiopiu.net\/wordpress\/wp-content\/uploads\/2024\/08\/Senza-nome-113.png\" width=\"298\" height=\"191\" \/>OSPITALE: BOTTO ALL\u2019ORA DELLA COLAZIONE<br \/>\nOSPITALE Alle 6 di ieri mattina incidente lungo la strada principale ad Ospitale di Cadore. Nel sinistro coinvolte 4 auto, una ribaltatasi. Sono state prese in cura cinque persone tra i 25 e gli 86 anni, tutti di Treviso, ma tutti hanno rifiutato il trasporto in ospedale, evidentemente nessuno in condizioni preoccupanti. Disagi al traffico con deviazioni sulla vecchia strada.<\/p>\n<p>INTERVENTI IN MONTAGNA: SOCCORSO ALPINO IN AZIONE NEL BELLUNESE<br \/>\nTre interventi a supporto di escursionisti in difficolt\u00e0. Ieri il Soccorso alpino di Alleghe \u2013 Val Fiorentina \u00e8 intervenuto presso la cascata del Ru de Rialt a Masar\u00e8 per un escursionista ceco di 26 anni che si era procurato un trauma al piede. Successivamente, l\u2019elicottero del Suem di Pieve di Cadore \u00e8 stato chiamato presso il Rifugio Pomedes a Cortina, dove un 77enne di Roma, caduto e feritosi al volto, \u00e8 stato trasportato d\u2019urgenza a Belluno. Infine, il Soccorso alpino di Pieve di Cadore ha soccorso una 76enne di Castiglion Fiorentino, caduta mentre scendeva dal Monte Rite, accompagnandola all\u2019ospedale di Pieve di Cadore.<\/p>\n<p>Violenta Aggressione alla Stazione Ferroviaria: 42enne Marocchino in Gravi Condizioni<br \/>\nFELTRE Una violenta colluttazione \u00e8 avvenuta alla stazione ferroviaria, culminata con il grave ferimento di un 42enne marocchino, trasportato d\u2019urgenza all\u2019ospedale di Treviso in elicottero a causa di un\u2019emorragia interna. L\u2019episodio si \u00e8 verificato intorno alle 14:30, quando un 29enne di Lentiai avrebbe aggredito l\u2019uomo colpendolo alla testa con una bottiglia, seguita da una serie di calci al corpo. Il marocchino, ubriaco ma tranquillo prima dell\u2019aggressione, \u00e8 stato soccorso e trasferito in condizioni critiche. Il 29enne \u00e8 stato portato in caserma dai carabinieri per accertamenti. Le indagini proseguono, anche attraverso l\u2019analisi delle telecamere di sorveglianza, per chiarire le circostanze che hanno portato a questa drammatica aggressione.<\/p>\n<p><a class=\"dt-pswp-item\" href=\"https:\/\/www.radiopiu.net\/wordpress\/wp-content\/uploads\/2024\/08\/457380887_1244306116580370_4217830376981811566_n.jpg\" data-dt-img-description=\"\" data-large_image_width=\"600\" data-large_image_height=\"502\"><img loading=\"lazy\" decoding=\"async\" class=\"size-medium wp-image-407262 alignleft\" src=\"https:\/\/www.radiopiu.net\/wordpress\/wp-content\/uploads\/2024\/08\/457380887_1244306116580370_4217830376981811566_n-300x251.jpg\" alt=\"\" width=\"300\" height=\"251\" srcset=\"https:\/\/www.radiopiu.net\/wordpress\/wp-content\/uploads\/2024\/08\/457380887_1244306116580370_4217830376981811566_n-300x251.jpg 300w, https:\/\/www.radiopiu.net\/wordpress\/wp-content\/uploads\/2024\/08\/457380887_1244306116580370_4217830376981811566_n.jpg 600w\" sizes=\"auto, (max-width: 300px) 100vw, 300px\" \/><\/a>OGGI L\u2019ADDIO A MIRELLA ONGARO<br \/>\nAGORDO Oggi alle 15.30 Agordo dar\u00e0 l\u2019ultimo saluto a Mirella Ongaro, classe 1936, per molti \u00e8 ancora il volto nuovo della Pizzeria di via 27 aprile difronte alla allora caserma degli alpini, Pizzeria gestita con il marito Federico Guadagnini.<br \/>\nMirella, la mamma di Manuela e Fabio. Mirella bench\u00e9 alle prese con un nemico implacabile, ha lottato con tutte le sue forze e non ha smesso di trasferire ai figli la sua energia e la sua determinazione nel guidare il proprio destino fino all\u2019ultimo. Negli ultimi anni dopo una vita di lavoro Mirella aveva anche dato la sua disponibilit\u00e0 all\u2019Auser di Agordo in un gesto di grande altruismo. La redazione di Radio Pi\u00f9 \u00e8 vicina alla famiglia Guadagnini con un forte abbraccio a Fabio, prima voce storica dell\u2019emittente Radio Pi\u00f9.<\/p>\n<p>Caos Traffico a Pont: \u00abSituazione Oltre il Limite, Serve un Tavolo d\u2019Urgenza\u00bb<br \/>\nBUSCHE Il consigliere comunale e segretario provinciale del Partito Democratico, Alessandro Del Bianco, lancia l\u2019allarme sulla situazione del traffico a Pont, peggiorata dopo Ferragosto a causa dei lavori sul cavalcaferrovia. \u00abCi sono code di oltre mezz\u2019ora in entrambi i sensi di marcia nei momenti peggiori\u00bb, dichiara Del Bianco al Corriere delle Alpi, criticando la gestione a livello comunale e provinciale.<\/p>\n<p>Truffa dei Finti Carabinieri a Sedico: Il Comune corre ai ripari<br \/>\nSEDICO Un anziano di Sedico \u00e8 stato vittima di una truffa telefonica, in cui finti carabinieri hanno richiesto denaro per un presunto incidente del figlio. Per prevenire ulteriori raggiri, l\u2019amministrazione comunale ha avviato una campagna di sensibilizzazione tramite un volantinaggio al mercato settimanale, mirata soprattutto agli anziani e alle persone sole. Il sindaco Christian Roldo ha sottolineato l\u2019importanza di raggiungere chi \u00e8 meno pratico di internet, collaborando con i carabinieri e coinvolgendo i circoli anziani per diffondere il messaggio<\/p>\n<p>Processo per violenza sessuale di gruppo: da rifare per composizione irregolare del collegio giudicante<br \/>\nBELLUNO Il processo per violenza sessuale di gruppo contro i calciatori Federico De Min, Santiago Guido Visentin e Matteo Verdicchio sar\u00e0 rifatto. La Cassazione ha annullato la precedente assoluzione a causa della presenza di un giudice onorario nel collegio, vietata per legge. Il nuovo processo d\u2019appello \u00e8 fissato per il 16 settembre, ma il collegio giudicante dovr\u00e0 essere riformato, poich\u00e9 i giudici togati Coniglio e Montalto sono incompatibili. Il processo, gi\u00e0 complicato, potrebbe durare a lungo. Gli imputati, inizialmente assolti, rischiano nuovamente la condanna, mentre la parte civile torner\u00e0 a chiedere un risarcimento di 150 mila euro<\/p>\n<p><a class=\"dt-pswp-item\" href=\"https:\/\/www.radiopiu.net\/wordpress\/wp-content\/uploads\/2024\/08\/Senza-nome-114.png\" data-dt-img-description=\"\" data-large_image_width=\"256\" data-large_image_height=\"198\"><img loading=\"lazy\" decoding=\"async\" class=\"size-full wp-image-407274 alignleft\" src=\"https:\/\/www.radiopiu.net\/wordpress\/wp-content\/uploads\/2024\/08\/Senza-nome-114.png\" alt=\"\" width=\"256\" height=\"198\" \/><\/a>Colletta per il Ricorso al Tar: Dolomiti Bellunesi Sostiene un Giovane Tifoso Daspato<br \/>\nBELLUNO La Dolomiti Bellunesi si mobilita per aiutare un giovane tifoso daspato dal questore Francesco Zerilli per aver acceso un fumogeno durante una partita di Serie D contro il Treviso. Per annullare il divieto di accesso alle manifestazioni sportive, il tifoso dovr\u00e0 presentare un ricorso al Tar, un\u2019azione legale costosa. La societ\u00e0 intende dimostrare che il fumogeno, acceso per festeggiare un gol, non era pericoloso. Il Daspo dura un anno, e i tempi della giustizia potrebbero rendere il ricorso tardivo.<\/p>\n<p>Truffa ad Anziano per 100mila Euro: Marocchino Accusato<br \/>\nFELTRE Abdelfattah El Omari, un cittadino marocchino residente a Pedavena, \u00e8 accusato di aver truffato un anziano di Feltre per 100mila euro utilizzando la cosiddetta \u201cstrategia della misericordia\u201d. L\u2019accusa sostiene che El Omari, dal 2020 al giugno 2022, abbia convinto la vittima a dargli denaro per spese mediche, bollette e altri bisogni inventati. Difeso dagli avvocati Davide Fent e Giuseppe Fantauzzi, l\u2019imputato affronter\u00e0 l\u2019udienza preliminare a ottobre, dove si decider\u00e0 se procedere a processo.<\/p>\n<p>IL RECUPERO DI DUE AREE UMIDE CON IL PROGETTO RESTOR BL<br \/>\nBELLUNO Il progetto \u201cRestor BL\u201d, finanziato da Cariverona con circa 370mila euro, mira al ripristino di due importanti aree umide nella provincia: le torbiere di Lac Torond (tra Gosaldo e Voltago) e le risorgive di Soccher (Ponte nelle Alpi). Il progetto, della durata di 3 anni, prevede interventi per la tutela della biodiversit\u00e0 e degli habitat minacciati, compresi scavi per mantenere il sistema idraulico e la piantumazione di nuovi alberi.<\/p>\n<p>Commemorazione del 59\u00b0 anniversario della tragedia di Mattmark<br \/>\nSEDICO Domenica, a Mas di Sedico, si terr\u00e0 una solenne cerimonia per commemorare il 59\u00b0 anniversario della tragedia di Mattmark, dove 88 lavoratori persero la vita sotto una valanga durante la costruzione della diga in Svizzera. L\u2019evento, organizzato dalla Famiglia Ex Emigranti \u201cMonte Pizzocco\u201d, onorer\u00e0 la memoria delle vittime, tra cui 17 bellunesi.<\/p>\n<p>&nbsp;<\/p>\n<p>&nbsp;<\/p>\n<p>&nbsp;<\/p>\n<p>&nbsp;<\/p>\n<p>&nbsp;<\/p>\n<p>&nbsp;<\/p>\n<p>&nbsp;<\/p>\n","protected":false},"excerpt":{"rendered":"<p>*** OGGI ALLA RADIO\u2026. ALLE 4 E ALLE 6 LE NOTIZIE DALL\u2019ITALIA E DAL MONDO 6.15 PIROLE DE LENGA A CURA DEL MUSLA 7.20 EL BAL DEL FIORI, DETTI E TRADIZIONI DI GIULIANA DA RONCH 8.05 LA RASSEGNA STAMPA LOCALE 8.30 PIU SIAMO CON MARINA DONA 900 IL COUNTRY DI ALEX NASCINBEN 9.40 VIABILITA\u2019 CON&hellip;<\/p>\n","protected":false},"author":4,"featured_media":407273,"comment_status":"closed","ping_status":"closed","sticky":false,"template":"","format":"standard","meta":{"_monsterinsights_skip_tracking":false,"_monsterinsights_sitenote_active":false,"_monsterinsights_sitenote_note":"","_monsterinsights_sitenote_category":0,"footnotes":""},"categories":[104,49,142],"tags":[],"class_list":["post-407272","post","type-post","status-publish","format-standard","has-post-thumbnail","hentry","category-evidenza_3","category-news-18","category-rassegna-stampa","category-104","category-49","category-142","description-off"],"img_url":"https:\/\/www.radiopiu.net\/wordpress\/wp-content\/uploads\/2024\/08\/Senza-nome-113.png","_links":{"self":[{"href":"https:\/\/www.radiopiu.net\/wordpress\/wp-json\/wp\/v2\/posts\/407272","targetHints":{"allow":["GET"]}}],"collection":[{"href":"https:\/\/www.radiopiu.net\/wordpress\/wp-json\/wp\/v2\/posts"}],"about":[{"href":"https:\/\/www.radiopiu.net\/wordpress\/wp-json\/wp\/v2\/types\/post"}],"author":[{"embeddable":true,"href":"https:\/\/www.radiopiu.net\/wordpress\/wp-json\/wp\/v2\/users\/4"}],"replies":[{"embeddable":true,"href":"https:\/\/www.radiopiu.net\/wordpress\/wp-json\/wp\/v2\/comments?post=407272"}],"version-history":[{"count":1,"href":"https:\/\/www.radiopiu.net\/wordpress\/wp-json\/wp\/v2\/posts\/407272\/revisions"}],"predecessor-version":[{"id":407275,"href":"https:\/\/www.radiopiu.net\/wordpress\/wp-json\/wp\/v2\/posts\/407272\/revisions\/407275"}],"wp:featuredmedia":[{"embeddable":true,"href":"https:\/\/www.radiopiu.net\/wordpress\/wp-json\/wp\/v2\/media\/407273"}],"wp:attachment":[{"href":"https:\/\/www.radiopiu.net\/wordpress\/wp-json\/wp\/v2\/media?parent=407272"}],"wp:term":[{"taxonomy":"category","embeddable":true,"href":"https:\/\/www.radiopiu.net\/wordpress\/wp-json\/wp\/v2\/categories?post=407272"},{"taxonomy":"post_tag","embeddable":true,"href":"https:\/\/www.radiopiu.net\/wordpress\/wp-json\/wp\/v2\/tags?post=407272"}],"curies":[{"name":"wp","href":"https:\/\/api.w.org\/{rel}","templated":true}]}}