{"id":407287,"date":"2024-08-30T05:36:34","date_gmt":"2024-08-30T03:36:34","guid":{"rendered":"https:\/\/www.radiopiu.net\/wordpress\/?p=407287"},"modified":"2024-08-30T08:58:38","modified_gmt":"2024-08-30T06:58:38","slug":"giornale-radiopiu-30-agosto-2024-direttore-mirko-mezzacasada-41-anni-25-giugno-1983-25-giugno-2024","status":"publish","type":"post","link":"https:\/\/www.radiopiu.net\/wordpress\/giornale-radiopiu-30-agosto-2024-direttore-mirko-mezzacasada-41-anni-25-giugno-1983-25-giugno-2024\/","title":{"rendered":"GIORNALE RADIOPIU 30 AGOSTO 2024 DIRETTORE MIRKO MEZZACASA\u2026DA 41 ANNI 25 GIUGNO 1983-25 GIUGNO 2024"},"content":{"rendered":"<p>*******<\/p>\n<p>&nbsp;<\/p>\n<div class=\"page-title-head hgroup\">\n<h1 style=\"text-align: center;\">RADIO PIU&#8217;&#8230; IN DAB NEL VENETO! STIAMO PER ESTENDERE LA RETE, NUOVA RIPETIZIONE DEL SEGNALE A VENEZIA<\/h1>\n<\/div>\n<div style=\"width: 1200px;\" class=\"wp-video\"><video class=\"wp-video-shortcode\" id=\"video-407287-1\" width=\"1200\" height=\"675\" preload=\"metadata\" controls=\"controls\"><source type=\"video\/mp4\" src=\"https:\/\/www.radiopiu.net\/wordpress\/wp-content\/uploads\/2024\/08\/WhatsApp-Video-2024-08-26-at-19.18.47-1.mp4?_=1\" \/><a href=\"https:\/\/www.radiopiu.net\/wordpress\/wp-content\/uploads\/2024\/08\/WhatsApp-Video-2024-08-26-at-19.18.47-1.mp4\">https:\/\/www.radiopiu.net\/wordpress\/wp-content\/uploads\/2024\/08\/WhatsApp-Video-2024-08-26-at-19.18.47-1.mp4<\/a><\/video><\/div>\n<p>&nbsp;<\/p>\n<p>&nbsp;<\/p>\n<p><em><span style=\"color: #ff0000;\">ATTENZIONE: LA NUOVA APP PER IOS-IPHONE di Nicola Vettorello <\/span><\/em><a href=\"https:\/\/apps.apple.com\/it\/app\/radio-pi%C3%B9-emittente-agordina\/id1515939845\">https:\/\/apps.apple.com\/it\/app\/radio-pi%C3%B9-emittente-agordina\/id1515939845<\/a><\/p>\n<p><em style=\"color: #ff0000;\">ATTENZIONE: LA NUOVA APP RADIO\u00a0 PER ANDROID di Nicola Vettorello<\/em><\/p>\n<p><a href=\"https:\/\/play.google.com\/store\/apps\/details?id=net.radiopiu.iniko\" target=\"_blank\" rel=\"noopener noreferrer\">https:\/\/play.google.com\/store\/apps\/details?id=net.radiopiu.iniko\u00a0\u00a0\u00a0<\/a><\/p>\n<p>&nbsp;<\/p>\n<p>&nbsp;<\/p>\n<hr \/>\n<p>&nbsp;<\/p>\n<p><strong><a class=\"dt-pswp-item\" href=\"https:\/\/www.radiopiu.net\/wordpress\/wp-content\/uploads\/2024\/08\/0c715370-708d-4e27-bfbc-8f73840fd988.jpg\" data-dt-img-description=\"bar parco giochi SABATO 7\" data-large_image_width=\"1131\" data-large_image_height=\"1600\"><img loading=\"lazy\" decoding=\"async\" class=\" wp-image-407355 alignleft\" src=\"https:\/\/www.radiopiu.net\/wordpress\/wp-content\/uploads\/2024\/08\/0c715370-708d-4e27-bfbc-8f73840fd988-212x300.jpg\" alt=\"\" width=\"156\" height=\"221\" srcset=\"https:\/\/www.radiopiu.net\/wordpress\/wp-content\/uploads\/2024\/08\/0c715370-708d-4e27-bfbc-8f73840fd988-212x300.jpg 212w, https:\/\/www.radiopiu.net\/wordpress\/wp-content\/uploads\/2024\/08\/0c715370-708d-4e27-bfbc-8f73840fd988-724x1024.jpg 724w, https:\/\/www.radiopiu.net\/wordpress\/wp-content\/uploads\/2024\/08\/0c715370-708d-4e27-bfbc-8f73840fd988-768x1086.jpg 768w, https:\/\/www.radiopiu.net\/wordpress\/wp-content\/uploads\/2024\/08\/0c715370-708d-4e27-bfbc-8f73840fd988-1086x1536.jpg 1086w, https:\/\/www.radiopiu.net\/wordpress\/wp-content\/uploads\/2024\/08\/0c715370-708d-4e27-bfbc-8f73840fd988.jpg 1131w\" sizes=\"auto, (max-width: 156px) 100vw, 156px\" \/><\/a>OGGI ALLA RADIO&#8230;.<\/strong> <span style=\"color: #ff0000;\">ALLE 4 E ALLE 6<\/span> LE NOTIZIE DALL&#8217;ITALIA E DAL MONDO<span style=\"color: #ff0000;\"> 6.15<\/span> PIROLE DE LENGA A CURA DEL MUSLA<span style=\"color: #ff0000;\"> 7.20<\/span> EL BAL DEL FIORI, DETTI E TRADIZIONI DI GIULIANA DA RONCH <span style=\"color: #ff0000;\">8.05<\/span> LA RASSEGNA STAMPA LOCALE<span style=\"color: #ff0000;\"> 8.30<span style=\"color: #000000;\"> PIU SIAMO CON MARINA DONA <\/span><\/span><span style=\"color: #ff0000;\"><span style=\"color: #000000;\">\u00a0<\/span><\/span><span style=\"color: #ff0000;\">9.40<\/span> VIABILITA&#8217; CON BOTOL CAR SERVICE (AGORDO-SEDICO-FELTRE)\u00a0 <span style=\"color: #ff0000;\">10 30<\/span>\u00a0 FINE SETTIMANA ETNICO AL BAR DELLE BOCCE, LO SPECIALE CON MARINA DONA&#8217;\u00a0 <span style=\"color: #ff0000;\">12.00<\/span> VA TUTTO LISCIO\u00a0 <span style=\"color: #ff0000;\">12.30<\/span> GIORNALE RADIO PRINCIPALE <span style=\"color: #ff0000;\">13.10<\/span>\u00a0\u00a0<span style=\"color: #ff0000;\">13.20<\/span> TRE PEZZI DI MARINA DONA&#8217; <span style=\"color: #ff0000;\">\u00a0<\/span><span style=\"color: #ff0000;\">14.00 GOLDEN CLASSICO MARCO EDELVAIS <\/span><span style=\"color: #ff0000;\">15.00<\/span>\u00a0 WEEK END MARINA C&#8217;E&#8217; \u00a0\u00a0<span style=\"color: #ff0000;\">16 10<\/span> IL ROCK DI MARCO COSTANTINI <span style=\"color: #ff0000;\">1645<\/span> LE HIT DI MIRCO BENCIVENNI <span style=\"color: #ff0000;\">18.00<\/span> PIU&#8217; DANCE LE SELEZIONI CHE FANNO SALTARE DI DJ JACK, JACOPO DEL TEDESCO \u00a0\u00a0<span style=\"color: #ff0000;\">19<\/span> LE ANTICIPAZIONI DAL TG DI ANTENNA 3 DI TIZIANA BOLOGNANI<span style=\"color: #ff0000;\"> \u00a0<\/span><\/p>\n<p><strong>rassegna stampa nazionale,<\/strong> ogni giorno alle 5 e alle 6 del mattino<br \/>\ngiornali locali 7 rassegna stampa flash, 8 rassegna stampa, gr flash alle 10 e alle 11, principale 12.30. Informazione pomerIggio alle 15 (speciale) 16, 17, 18. Giornale radio nazionale: ogni ora dalle 5 del mattino, alle 20 della sera.<\/p>\n<p>&nbsp;<\/p>\n<hr \/>\n<p>&nbsp;<\/p>\n<div class=\"x11i5rnm xat24cr x1mh8g0r x1vvkbs xtlvy1s x126k92a\">\n<div dir=\"auto\">\n<div dir=\"auto\">\n<p><strong><a class=\"dt-pswp-item\" href=\"https:\/\/www.radiopiu.net\/wordpress\/wp-content\/uploads\/2024\/02\/2d44e751-d8a8-461b-8e22-d8e4e853b032.jpg\" data-dt-img-description=\"\" data-large_image_width=\"1600\" data-large_image_height=\"1200\"><img loading=\"lazy\" decoding=\"async\" class=\"wp-image-373307 alignleft\" src=\"https:\/\/www.radiopiu.net\/wordpress\/wp-content\/uploads\/2024\/02\/2d44e751-d8a8-461b-8e22-d8e4e853b032-300x225.jpg\" alt=\"\" width=\"105\" height=\"79\" srcset=\"https:\/\/www.radiopiu.net\/wordpress\/wp-content\/uploads\/2024\/02\/2d44e751-d8a8-461b-8e22-d8e4e853b032-300x225.jpg 300w, https:\/\/www.radiopiu.net\/wordpress\/wp-content\/uploads\/2024\/02\/2d44e751-d8a8-461b-8e22-d8e4e853b032-1024x768.jpg 1024w, https:\/\/www.radiopiu.net\/wordpress\/wp-content\/uploads\/2024\/02\/2d44e751-d8a8-461b-8e22-d8e4e853b032-768x576.jpg 768w, https:\/\/www.radiopiu.net\/wordpress\/wp-content\/uploads\/2024\/02\/2d44e751-d8a8-461b-8e22-d8e4e853b032-1536x1152.jpg 1536w, https:\/\/www.radiopiu.net\/wordpress\/wp-content\/uploads\/2024\/02\/2d44e751-d8a8-461b-8e22-d8e4e853b032.jpg 1600w\" sizes=\"auto, (max-width: 105px) 100vw, 105px\" \/><\/a>EL BAL DEL FIOR, DI GIULIANA DA RONCH, 30 AGOSTO<\/strong><strong>\u00a02024<\/strong><\/p>\n<audio class=\"wp-audio-shortcode\" id=\"audio-407287-1\" preload=\"none\" style=\"width: 100%;\" controls=\"controls\"><source type=\"audio\/mpeg\" src=\"https:\/\/www.radiopiu.net\/wordpress\/wp-content\/uploads\/2024\/08\/GVE-3.mp3?_=1\" \/><a href=\"https:\/\/www.radiopiu.net\/wordpress\/wp-content\/uploads\/2024\/08\/GVE-3.mp3\">https:\/\/www.radiopiu.net\/wordpress\/wp-content\/uploads\/2024\/08\/GVE-3.mp3<\/a><\/audio>\n<p>&nbsp;<\/p>\n<\/div>\n<\/div>\n<hr \/>\n<p>&nbsp;<\/p>\n<p>&nbsp;<\/p>\n<h1><span style=\"color: #ff0000;\"><a class=\"dt-pswp-item\" href=\"https:\/\/www.radiopiu.net\/wordpress\/wp-content\/uploads\/2024\/06\/th-5.jpg\" data-dt-img-description=\"\" data-large_image_width=\"326\" data-large_image_height=\"180\"><img loading=\"lazy\" decoding=\"async\" class=\"size-medium wp-image-395881 alignleft\" src=\"https:\/\/www.radiopiu.net\/wordpress\/wp-content\/uploads\/2024\/06\/th-5-300x166.jpg\" alt=\"\" width=\"300\" height=\"166\" srcset=\"https:\/\/www.radiopiu.net\/wordpress\/wp-content\/uploads\/2024\/06\/th-5-300x166.jpg 300w, https:\/\/www.radiopiu.net\/wordpress\/wp-content\/uploads\/2024\/06\/th-5.jpg 326w\" sizes=\"auto, (max-width: 300px) 100vw, 300px\" \/><\/a><\/span><\/h1>\n<h1><\/h1>\n<h1><\/h1>\n<h1><span style=\"color: #000000;\">30 agosto&#8230; alla radio l&#8217;almanacco\u00a0<\/span><\/h1>\n<audio class=\"wp-audio-shortcode\" id=\"audio-407287-2\" preload=\"none\" style=\"width: 100%;\" controls=\"controls\"><source type=\"audio\/mpeg\" src=\"https:\/\/www.radiopiu.net\/wordpress\/wp-content\/uploads\/2024\/08\/ALMANACCONEW-24.mp3?_=2\" \/><a href=\"https:\/\/www.radiopiu.net\/wordpress\/wp-content\/uploads\/2024\/08\/ALMANACCONEW-24.mp3\">https:\/\/www.radiopiu.net\/wordpress\/wp-content\/uploads\/2024\/08\/ALMANACCONEW-24.mp3<\/a><\/audio>\n<p>&nbsp;<\/p>\n<p>&nbsp;<\/p>\n<div dir=\"auto\">\n<hr \/>\n<\/div>\n<\/div>\n<blockquote>\n<blockquote>\n<h1><span style=\"color: #ff0000;\">\u00a0<\/span><\/h1>\n<h1><span style=\"color: #ff0000;\">I podcast informativi del mattino &#8211; audio &#8211;\u00a0\u00a0<\/span><\/h1>\n<\/blockquote>\n<p><strong><a class=\"dt-pswp-item\" href=\"https:\/\/www.radiopiu.net\/wordpress\/wp-content\/uploads\/2023\/11\/th-10.jpg\" data-dt-img-description=\"\" data-large_image_width=\"320\" data-large_image_height=\"180\"><img loading=\"lazy\" decoding=\"async\" class=\"wp-image-362866 alignleft\" src=\"https:\/\/www.radiopiu.net\/wordpress\/wp-content\/uploads\/2023\/11\/th-10-300x169.jpg\" alt=\"\" width=\"185\" height=\"104\" srcset=\"https:\/\/www.radiopiu.net\/wordpress\/wp-content\/uploads\/2023\/11\/th-10-300x169.jpg 300w, https:\/\/www.radiopiu.net\/wordpress\/wp-content\/uploads\/2023\/11\/th-10.jpg 320w\" sizes=\"auto, (max-width: 185px) 100vw, 185px\" \/><\/a>LA RASSEGNA STAMPA NAZIONALE ALLA RADIO, OGNI GIORNO ALLE 5 E ALLE 6 DEL MATTINO <span style=\"color: #0000ff;\">viene pubblicata alle 6.00 <span style=\"color: #ff0000;\">DIRETTA RADIO\u00a0 \u00a0\u00a0<\/span><\/span><\/strong><\/p><\/blockquote>\n<p>&nbsp;<\/p>\n<p><strong>NOTIZIE DELLA NOTTE<br \/>\n<\/strong><\/p>\n<p><strong>Il Nicaragua<\/strong> riforma il codice penale <strong>Borsa:<\/strong> Hong Kong positiva, apre a +0,05% <strong>Trump,<\/strong> Harris una marxista, non la vedo come una leader\u00a0 <strong>Usa:<\/strong> esecuzione in Florida, la prima nello stato dal 1996 <strong>Procura messicana<\/strong> dice di aver perso le tracce figlio del Chapo <strong>ONU<\/strong>: &#8216;Ok a pausa umanitaria a Gaza per vaccinazione antipolio&#8217;<\/p>\n<h2>AUDIO dalle 6 del mattino<\/h2>\n<audio class=\"wp-audio-shortcode\" id=\"audio-407287-3\" preload=\"none\" style=\"width: 100%;\" controls=\"controls\"><source type=\"audio\/mpeg\" src=\"https:\/\/www.radiopiu.net\/wordpress\/wp-content\/uploads\/2024\/08\/GIORNALEDELLESEI-23.mp3?_=3\" \/><a href=\"https:\/\/www.radiopiu.net\/wordpress\/wp-content\/uploads\/2024\/08\/GIORNALEDELLESEI-23.mp3\">https:\/\/www.radiopiu.net\/wordpress\/wp-content\/uploads\/2024\/08\/GIORNALEDELLESEI-23.mp3<\/a><\/audio>\n<p>&nbsp;<\/p>\n<p>&nbsp;<\/p>\n<hr \/>\n<p>&nbsp;<\/p>\n<h1 style=\"text-align: center;\"><span style=\"color: #ff0000;\">I podcast informativi del mattino &#8211; audio &#8211;\u00a0<\/span><\/h1>\n<p><strong><a class=\"dt-pswp-item\" href=\"https:\/\/www.radiopiu.net\/wordpress\/wp-content\/uploads\/2023\/12\/images.png\" data-dt-img-description=\"\" data-large_image_width=\"316\" data-large_image_height=\"160\"><img loading=\"lazy\" decoding=\"async\" class=\"wp-image-367008 alignleft\" src=\"https:\/\/www.radiopiu.net\/wordpress\/wp-content\/uploads\/2023\/12\/images-300x152.png\" alt=\"\" width=\"235\" height=\"119\" srcset=\"https:\/\/www.radiopiu.net\/wordpress\/wp-content\/uploads\/2023\/12\/images-300x152.png 300w, https:\/\/www.radiopiu.net\/wordpress\/wp-content\/uploads\/2023\/12\/images.png 316w\" sizes=\"auto, (max-width: 235px) 100vw, 235px\" \/><\/a>OGNI GIORNO ALLE SETTE DEL MATTINO, LA RASSEGNA STAMPA LOCALE FLASH&#8230; PER CHI VA IN FRETTA. I TITOLI DAI GIORNALI E DAL SITO WWW.RADIOPIU.NET <span style=\"color: #0000ff;\">viene pubblicato alle 7.00<\/span> <span style=\"color: #ff0000;\">DIRETTA RADIO\u00a0<\/span><\/strong><\/p>\n<p><em><span style=\"color: #ff0000;\">per chi va in fretta&#8230; tante notizie in pochi minuti. L&#8217;informazione locale alla radio, ogni ora dalle 7 del mattino alle 19 della sera.<\/span><\/em><\/p>\n<p>&nbsp;<\/p>\n<h1>AUDIO dalle 7 del mattino<\/h1>\n<audio class=\"wp-audio-shortcode\" id=\"audio-407287-4\" preload=\"none\" style=\"width: 100%;\" controls=\"controls\"><source type=\"audio\/mpeg\" src=\"https:\/\/www.radiopiu.net\/wordpress\/wp-content\/uploads\/2024\/08\/GF07-22.mp3?_=4\" \/><a href=\"https:\/\/www.radiopiu.net\/wordpress\/wp-content\/uploads\/2024\/08\/GF07-22.mp3\">https:\/\/www.radiopiu.net\/wordpress\/wp-content\/uploads\/2024\/08\/GF07-22.mp3<\/a><\/audio>\n<p>&nbsp;<\/p>\n<hr \/>\n<p>&nbsp;<\/p>\n<h1><\/h1>\n<h1 style=\"text-align: center;\"><span style=\"color: #ff0000;\"><a class=\"dt-pswp-item\" href=\"https:\/\/www.radiopiu.net\/wordpress\/wp-content\/uploads\/2022\/01\/026c3f9d-dae9-4040-a3c1-a6530231bcc3.jpg\" data-dt-img-description=\"\" data-large_image_width=\"1152\" data-large_image_height=\"2048\"><img loading=\"lazy\" decoding=\"async\" class=\"wp-image-251839 alignleft\" src=\"https:\/\/www.radiopiu.net\/wordpress\/wp-content\/uploads\/2022\/01\/026c3f9d-dae9-4040-a3c1-a6530231bcc3-169x300.jpg\" alt=\"\" width=\"100\" height=\"177\" srcset=\"https:\/\/www.radiopiu.net\/wordpress\/wp-content\/uploads\/2022\/01\/026c3f9d-dae9-4040-a3c1-a6530231bcc3-169x300.jpg 169w, https:\/\/www.radiopiu.net\/wordpress\/wp-content\/uploads\/2022\/01\/026c3f9d-dae9-4040-a3c1-a6530231bcc3-576x1024.jpg 576w, https:\/\/www.radiopiu.net\/wordpress\/wp-content\/uploads\/2022\/01\/026c3f9d-dae9-4040-a3c1-a6530231bcc3-768x1365.jpg 768w, https:\/\/www.radiopiu.net\/wordpress\/wp-content\/uploads\/2022\/01\/026c3f9d-dae9-4040-a3c1-a6530231bcc3-864x1536.jpg 864w, https:\/\/www.radiopiu.net\/wordpress\/wp-content\/uploads\/2022\/01\/026c3f9d-dae9-4040-a3c1-a6530231bcc3.jpg 1152w\" sizes=\"auto, (max-width: 100px) 100vw, 100px\" \/><\/a>I podcast informativi del mattino &#8211; audio &#8211;\u00a0<\/span><\/h1>\n<blockquote><p><strong>GIORNALE RADIO NAZIONALE, EDIZIONE DELLE SETTE <span style=\"color: #0000ff;\">viene pubblicato alle 7.05 <span style=\"color: #ff0000;\">DIRETTA RADIO\u00a0<\/span><\/span><\/strong><\/p><\/blockquote>\n<p><strong>il giornale radionazionale e&#8217; in onda ogni ora, dalle sette del mattino alle venti della sera\u00a0 \u00a0<\/strong><\/p>\n<p><strong>Arrestato in Argentina<\/strong> l&#8217;ex Br Bertulazzi, sequestr\u00f2 Costa Deve scontare 27 anni. E&#8217; latitante dal 1980. Meloni: &#8216;Apprezzamento per le autorit\u00e0 argentine&#8217; \u00a0 <strong>TORINO<\/strong> Un anno fa 5 operai travolti e uccisi sui binari, l&#8217;inchiesta non \u00e8 chiusa <strong>Frana nel Casertano<\/strong>, proseguono le ricerche dei due dispersi Ancora nessuna traccia di madre e figlio <strong>Omicidio in provincia di Pavia,<\/strong> un 54enne \u00e8 stato ucciso in casa Disposto il fermo per i due conviventi della vittima <strong>Weekend ancora di piena estate<\/strong> con notti tropicali e massime fino a 39 gradi Bollente inizio di settembre con l\u2019anticiclone africano Caronte <strong>Suicidio assistito,<\/strong> Martina Oppelli denuncia l&#8217;Asl per tortura: &#8220;Valuto sempre l&#8217;ipotesi di andare all&#8217;estero&#8221;<\/p>\n<h2>AUDIO dalle sette del mattino, ogni ora alla radio<\/h2>\n<audio class=\"wp-audio-shortcode\" id=\"audio-407287-5\" preload=\"none\" style=\"width: 100%;\" controls=\"controls\"><source type=\"audio\/mpeg\" src=\"https:\/\/www.radiopiu.net\/wordpress\/wp-content\/uploads\/2024\/08\/giornale07-22.mp3?_=5\" \/><a href=\"https:\/\/www.radiopiu.net\/wordpress\/wp-content\/uploads\/2024\/08\/giornale07-22.mp3\">https:\/\/www.radiopiu.net\/wordpress\/wp-content\/uploads\/2024\/08\/giornale07-22.mp3<\/a><\/audio>\n<p>&nbsp;<\/p>\n<p>&nbsp;<\/p>\n<hr \/>\n<p>&nbsp;<\/p>\n<p>&nbsp;<\/p>\n<h1><span style=\"color: #ff0000;\">I podcast informativi del mattino &#8211; video &#8211;\u00a0<\/span><\/h1>\n<h2><strong><a class=\"dt-pswp-item\" href=\"https:\/\/www.radiopiu.net\/wordpress\/wp-content\/uploads\/2023\/12\/th-10.jpg\" data-dt-img-description=\"\" data-large_image_width=\"245\" data-large_image_height=\"180\"><img loading=\"lazy\" decoding=\"async\" class=\" wp-image-367395 alignleft\" src=\"https:\/\/www.radiopiu.net\/wordpress\/wp-content\/uploads\/2023\/12\/th-10.jpg\" alt=\"\" width=\"166\" height=\"122\" \/><\/a>RASSEGNA STAMPA LOCALE, ORE OTTO 05<\/strong><\/h2>\n<h2><strong> <span style=\"color: #0000ff;\">viene\u00a0 <\/span><\/strong><strong><span style=\"color: #0000ff;\">pubblicata alle 8.05 <span style=\"color: #ff0000;\">DIRETTA RADIO\u00a0\u00a0<\/span><\/span><\/strong><\/h2>\n<p><strong>DI MIRKO MEZZACASA\u00a0 \u00a0<\/strong><button class=\"rounded-lg text-token-text-secondary hover:bg-token-main-surface-secondary\"><\/button><\/p>\n<p><strong>OGGI SUL Corriere delle Alpi E NOTIZIARI DI Radio Pi\u00f9\u00a0<\/strong><\/p>\n<p>&nbsp;<\/p>\n<h2><span style=\"color: #ff0000;\"><strong>VIDEO\u00a0 \u00a0in diretta dalle 8 del mattino\u00a0<\/strong><\/span><\/h2>\n\n\t\t\t<style type='text\/css'>\n\t\t\t\t#gallery-1 {\n\t\t\t\t\tmargin: auto;\n\t\t\t\t}\n\t\t\t\t#gallery-1 .gallery-item {\n\t\t\t\t\tfloat: left;\n\t\t\t\t\tmargin-top: 10px;\n\t\t\t\t\ttext-align: center;\n\t\t\t\t\twidth: 33%;\n\t\t\t\t}\n\t\t\t\t#gallery-1 img {\n\t\t\t\t\tborder: 2px solid #cfcfcf;\n\t\t\t\t}\n\t\t\t\t#gallery-1 .gallery-caption {\n\t\t\t\t\tmargin-left: 0;\n\t\t\t\t}\n\t\t\t\t\/* see gallery_shortcode() in wp-includes\/media.php *\/\n\t\t\t<\/style>\n\t\t<div id='gallery-1' class='dt-gallery-container gallery galleryid-407287 gallery-columns-3 gallery-size-thumbnail'><dl class='gallery-item'>\n\t\t\t\t<dt class='gallery-icon landscape'>\n\t\t\t\t\t<a class=\"rollover rollover-zoom dt-pswp-item\" title=\"Senza nome\" data-dt-img-description=\"\" data-large_image_width=\"239\" data-large_image_height=\"156\"href='https:\/\/www.radiopiu.net\/wordpress\/wp-content\/uploads\/2024\/08\/Senza-nome-119.png'><img loading=\"lazy\" decoding=\"async\" width=\"150\" height=\"150\" src=\"https:\/\/www.radiopiu.net\/wordpress\/wp-content\/uploads\/2024\/08\/Senza-nome-119-150x150.png\" class=\"attachment-thumbnail size-thumbnail\" alt=\"\" \/><\/a>\n\t\t\t\t<\/dt><\/dl><dl class='gallery-item'>\n\t\t\t\t<dt class='gallery-icon landscape'>\n\t\t\t\t\t<a class=\"rollover rollover-zoom dt-pswp-item\" title=\"Senza nome\" data-dt-img-description=\"\" data-large_image_width=\"504\" data-large_image_height=\"196\"href='https:\/\/www.radiopiu.net\/wordpress\/wp-content\/uploads\/2024\/08\/Senza-nome-118.png'><img loading=\"lazy\" decoding=\"async\" width=\"150\" height=\"150\" src=\"https:\/\/www.radiopiu.net\/wordpress\/wp-content\/uploads\/2024\/08\/Senza-nome-118-150x150.png\" class=\"attachment-thumbnail size-thumbnail\" alt=\"\" \/><\/a>\n\t\t\t\t<\/dt><\/dl><dl class='gallery-item'>\n\t\t\t\t<dt class='gallery-icon landscape'>\n\t\t\t\t\t<a class=\"rollover rollover-zoom dt-pswp-item\" title=\"Senza nome\" data-dt-img-description=\"\" data-large_image_width=\"544\" data-large_image_height=\"319\"href='https:\/\/www.radiopiu.net\/wordpress\/wp-content\/uploads\/2024\/08\/Senza-nome-120.png'><img loading=\"lazy\" decoding=\"async\" width=\"150\" height=\"150\" src=\"https:\/\/www.radiopiu.net\/wordpress\/wp-content\/uploads\/2024\/08\/Senza-nome-120-150x150.png\" class=\"attachment-thumbnail size-thumbnail\" alt=\"\" \/><\/a>\n\t\t\t\t<\/dt><\/dl><br style=\"clear: both\" \/>\n\t\t\t<\/div>\n\n<p>&nbsp;<\/p>\n<hr \/>\n<p>&nbsp;<\/p>\n<p>&nbsp;<\/p>\n<p><strong><a class=\"dt-pswp-item\" href=\"https:\/\/www.radiopiu.net\/wordpress\/wp-content\/uploads\/2023\/12\/ANTENNA.png\" data-dt-img-description=\"\" data-large_image_width=\"300\" data-large_image_height=\"166\"><img loading=\"lazy\" decoding=\"async\" class=\" wp-image-366306 alignleft\" src=\"https:\/\/www.radiopiu.net\/wordpress\/wp-content\/uploads\/2023\/12\/ANTENNA.png\" alt=\"\" width=\"175\" height=\"97\" \/><\/a>IERI SERA, DAL TG DI ANTENNA 3, ogni sera alle 19 le anticipazioni alla radio, quello che poi seguirete nel TELEGIORNALE BELLUNESE\u00a0 in onda alle 19.30 sul CANALE 10 del digitale terrestre.\u00a0\u00a0<\/strong><\/p>\n<p>&nbsp;<\/p>\n<p><span style=\"color: #ff0000;\"><strong>\u00a0IERI SERA ALLA RADIO&#8230; LE ANTICIPAZIONI DI\u00a0 STEFANO BOZZI<\/strong><\/span><\/p>\n<audio class=\"wp-audio-shortcode\" id=\"audio-407287-6\" preload=\"none\" style=\"width: 100%;\" controls=\"controls\"><source type=\"audio\/mpeg\" src=\"https:\/\/www.radiopiu.net\/wordpress\/wp-content\/uploads\/2024\/08\/ANTENNA3-19.mp3?_=6\" \/><a href=\"https:\/\/www.radiopiu.net\/wordpress\/wp-content\/uploads\/2024\/08\/ANTENNA3-19.mp3\">https:\/\/www.radiopiu.net\/wordpress\/wp-content\/uploads\/2024\/08\/ANTENNA3-19.mp3<\/a><\/audio>\n<p>&nbsp;<\/p>\n<p>&nbsp;<\/p>\n<hr \/>\n<p>&nbsp;<\/p>\n<blockquote>\n<h3 class=\"entry-title\">ACQUA\u00a0 POTABILE A FALCADE, CENCENIGHE E VALLADA<\/h3>\n<\/blockquote>\n<p>Gestione Servizi Pubblici informa che a<strong>\u00a0VALLADA AGORDINA<\/strong>\u00a0nelle localit\u00e0 TOFFOL, SACCHET, CELAT e MAS. A\u00a0\u00a0<strong>FALCADE<\/strong>\u00a0in VIA CIME D\u2019AUTA. A\u00a0\u00a0<strong>CENCENIGHE\u00a0<\/strong>\u00a0nelle localit\u00e0 FAE\u2019, VARE BASSE, LUXOTTICA e PRA\u2019 DI MEZZO l\u2019acqua erogata dall\u2019acquedotto \u00e8 di nuovo potabile e pu\u00f2 essere usata, quindi, per scopi alimentari.<\/p>\n<blockquote>\n<h3>LAVORI PROGRAMMATI BIM GSP<\/h3>\n<\/blockquote>\n<p><strong>SAN TOMASO<\/strong> Luned\u00ec dalle 8 alle 12 verr\u00e0 sospesa l\u2019erogazione dell\u2019acqua a San Tomaso, in Localit\u00e0 Ronch<\/p>\n<p>&nbsp;<\/p>\n<hr \/>\n<p>&nbsp;<\/p>\n<blockquote>\n<h3>CHIUSA LA 563 DEI SALESEI A DIGONERA<\/h3>\n<\/blockquote>\n<p><strong>REDAZIONE<\/strong> La Sp 563 di Salesei chiude di nuovo al traffico. La strada verr\u00e0 interdetta in localit\u00e0 Digonera fino al 6 settembre. La chiusura avverr\u00e0 dal luned\u00ec al venerd\u00ec, dalle 7 alle 18. Negli altri orari verr\u00e0 istituito un senso unico alternato regolato da impianto semaforico e limite di velocit\u00e0 a 30 km\/h, sabati e domeniche compresi.<\/p>\n<p>&nbsp;<\/p>\n<p>&nbsp;<\/p>\n<hr \/>\n<p>&nbsp;<\/p>\n<blockquote>\n<h3>MALORE AL BAR, ELICOTTERO IN RIVA AL LAGO. SOCCORSO UN UOMO A SAN TOMASO<\/h3>\n<\/blockquote>\n<p><img loading=\"lazy\" decoding=\"async\" class=\"alignleft\" src=\"https:\/\/www.radiopiu.net\/wordpress\/wp-content\/uploads\/2024\/08\/Senza-nome-115.png\" width=\"193\" height=\"126\" \/><strong>ALLEGHE<\/strong> Un uomo di 68 anni di Alano di Piave \u00e8 ricoverato a Belluno con un codice di media gravit\u00e0. Alle 6.30 del mattino, durante una normale giornata di lavoro, l&#8217;uomo si \u00e8 sentito male mentre stava facendo colazione in centro. Immediato l&#8217;intervento della Croce Verde di Alleghe, allertato l&#8217;elicottero, Falco2 ha portato l&#8217;uomo al San Martino di Belluno.<\/p>\n<p><strong>SAN TOMASO<\/strong> Subito dopo le 9:30 di ieri l&#8217;elicottero Falco 1 \u00e8 volato a Cencenighe per un uomo di 73 che aveva accusato un malore a San Tomaso. L&#8217;uomo \u00e8 stato portato all&#8217;ospedale di Belluno per gli accertamenti.<\/p>\n<p><strong>LAMON<\/strong> Malore alle 11.30 di ieri mattina, soccorso un anziano 92enne portato in ospedale da Falco2 con un codice di media gravit\u00e0<\/p>\n<p>&nbsp;<\/p>\n<hr \/>\n<p>&nbsp;<\/p>\n<blockquote>\n<h2><\/h2>\n<h2>CADE CON LA MOUNTAIN BIKE<\/h2>\n<\/blockquote>\n<div dir=\"ltr\">\n<div dir=\"auto\"><strong>LIVINALLONGO\u00a0<\/strong> Attorno alle 16 il Soccorso alpino di Livinallongo \u00e8 intervenuto in supporto all&#8217;ambulanza, lungo il sentiero 637, che da localit\u00e0 Burz scende ad Arabba, per una ciclista caduta con la mountain bike. La 39enne tedesca, che aveva riportato un taglio sul ginocchio e una probabile contusione al gomito e stata medicata, caricata sul mezzo e trasportata in ospedale.<\/div>\n<\/div>\n<div dir=\"ltr\"><\/div>\n<blockquote>\n<h1 dir=\"ltr\">SOCCORSO CERCATORE DI FUNGHI NEI BOSCHI DI DOMEGGE<\/h1>\n<\/blockquote>\n<div dir=\"ltr\"><\/div>\n<div dir=\"ltr\"><strong>DOMEGGE\u00a0<\/strong> Passato mezzogiorno il Soccorso alpino del Centro Cadore \u00e8 stato attivato, in seguito alla chiamata di una signora, che aveva perso di vista il marito con cui era a funghi, nei boschi sopra la strada, a 200 metri di distanza dalla Grotta del lupo. La moglie, che ne sentiva i richiami, aveva inoltre detto che con il marito c&#8217;era anche il loro cagnolino. Arrivata sul posto una squadra ha individuato il 66enne di Calalzo di Cadore (BL), che era scivolato riportando escoriazioni e contusioni. Raggiunti da una seconda squadra con la barella, i soccorritori hanno caricato l&#8217;infortunato e lo hanno trasportato fino alla strada, dove \u00e8 sopraggiunta l&#8217;ambulanza che lo ha accompagnato all&#8217;ospedale di Pieve di Cadore. Il cane nel frattempo era tornato da solo dalla padrona.<\/div>\n<p>&nbsp;<\/p>\n<p>&nbsp;<\/p>\n<hr \/>\n<p>&nbsp;<\/p>\n<p>&nbsp;<\/p>\n<div class=\"group\/conversation-turn relative flex w-full min-w-0 flex-col agent-turn\">\n<div class=\"flex-col gap-1 md:gap-3\">\n<div class=\"flex max-w-full flex-col flex-grow\">\n<div class=\"min-h-[20px] text-message flex w-full flex-col items-end gap-2 break-words [.text-message+&amp;]:mt-5 overflow-x-auto whitespace-normal\" dir=\"auto\" data-message-author-role=\"assistant\" data-message-id=\"c9acc898-6c45-4a2b-b360-2c646b317963\">\n<div class=\"flex w-full flex-col gap-1 empty:hidden first:pt-[3px]\">\n<div class=\"markdown prose w-full break-words dark:prose-invert dark\">\n<blockquote><p><strong>Arrestato 28enne a Montebelluna: Inseguimento, resistenza, guida senza patente e appropriazione indebita<\/strong><\/p><\/blockquote>\n<p><strong><a class=\"dt-pswp-item\" href=\"https:\/\/www.radiopiu.net\/wordpress\/wp-content\/uploads\/2023\/12\/adff62d8-42da-4b2e-8aae-522a5ff02b4a.jpg\" data-dt-img-description=\"\" data-large_image_width=\"2048\" data-large_image_height=\"1536\"><img loading=\"lazy\" decoding=\"async\" class=\" wp-image-366646 alignleft\" src=\"https:\/\/www.radiopiu.net\/wordpress\/wp-content\/uploads\/2023\/12\/adff62d8-42da-4b2e-8aae-522a5ff02b4a-300x225.jpg\" alt=\"\" width=\"216\" height=\"162\" srcset=\"https:\/\/www.radiopiu.net\/wordpress\/wp-content\/uploads\/2023\/12\/adff62d8-42da-4b2e-8aae-522a5ff02b4a-300x225.jpg 300w, https:\/\/www.radiopiu.net\/wordpress\/wp-content\/uploads\/2023\/12\/adff62d8-42da-4b2e-8aae-522a5ff02b4a-1024x768.jpg 1024w, https:\/\/www.radiopiu.net\/wordpress\/wp-content\/uploads\/2023\/12\/adff62d8-42da-4b2e-8aae-522a5ff02b4a-768x576.jpg 768w, https:\/\/www.radiopiu.net\/wordpress\/wp-content\/uploads\/2023\/12\/adff62d8-42da-4b2e-8aae-522a5ff02b4a-1536x1152.jpg 1536w, https:\/\/www.radiopiu.net\/wordpress\/wp-content\/uploads\/2023\/12\/adff62d8-42da-4b2e-8aae-522a5ff02b4a.jpg 2048w\" sizes=\"auto, (max-width: 216px) 100vw, 216px\" \/><\/a>MONTEBELLUNA<\/strong> Nella notte del 29 agosto, i Carabinieri del Nucleo Radiomobile della Compagnia di Montebelluna hanno arrestato un 28enne di Feltre per resistenza a pubblico ufficiale, appropriazione indebita, reiterazione della guida senza patente e rifiuto dell\u2019accertamento dello stato di ebbrezza. Alla guida di un\u2019auto lungo la S.R. \u201cFeltrina\u201d, l&#8217;uomo ha tentato di sfuggire a un controllo aumentando la velocit\u00e0, ma \u00e8 stato fermato dopo un inseguimento a Pederobba. La patente era stata revocata e l\u2019auto, affidatagli da un conoscente per lavori di meccanica, \u00e8 stata restituita al proprietario che ha querelato il feltrino per appropriazione indebita. L\u2019arrestato \u00e8 stato poi rimesso in libert\u00e0 su disposizione del P.M. della Procura di Treviso.<\/p>\n<\/div>\n<\/div>\n<\/div>\n<\/div>\n<\/div>\n<\/div>\n<p>&nbsp;<\/p>\n<p>&nbsp;<\/p>\n<hr \/>\n<p>&nbsp;<\/p>\n<p>&nbsp;<\/p>\n<blockquote><p><strong><a class=\"dt-pswp-item\" href=\"https:\/\/www.radiopiu.net\/wordpress\/wp-content\/uploads\/2024\/08\/th-7.jpg\" data-dt-img-description=\"\" data-large_image_width=\"240\" data-large_image_height=\"180\"><img loading=\"lazy\" decoding=\"async\" class=\" wp-image-407389 alignleft\" src=\"https:\/\/www.radiopiu.net\/wordpress\/wp-content\/uploads\/2024\/08\/th-7.jpg\" alt=\"\" width=\"159\" height=\"119\" \/><\/a>Aggressione a Feltre: un arresto e un ricovero in ospedale<\/strong><\/p><\/blockquote>\n<p><strong>FELTRE <\/strong>Un 29enne di Lentiai \u00e8 stato arrestato per resistenza a pubblico ufficiale dopo una violenta colluttazione alla stazione ferroviaria di Feltre, che ha lasciato un 42enne marocchino, residente a Feltre, gravemente ferito. L&#8217;aggressore ha colpito la vittima con una bottiglia rotta e calci. Il ferito \u00e8 ora ricoverato in Terapia intensiva neurochirurgica al Ca&#8217; Foncello di Treviso, in condizioni stabili. L&#8217;arrestato \u00e8 in attesa di udienza per la convalida della custodia cautelare<\/p>\n<div class=\"mt-1 flex gap-3 empty:hidden -ml-2\">\n<div class=\"items-center justify-start rounded-xl p-1 flex\">\n<div class=\"flex items-center\">\n<div class=\"flex\"><\/div>\n<blockquote>\n<h3>REPLICA AD ALANO<\/h3>\n<p><strong>SETTEVILLE<\/strong> Un&#8217;altra rissa ad Alano, le conseguenze sono\u00a0 gravi. Litigio violento tra due uomini, due marocchini di 19 e 37 anni sono stati soccorsi e portati in ospedale a Feltre con ferite di media gravit\u00e0<\/p><\/blockquote>\n<div><\/div>\n<div><\/div>\n<div>\n<hr \/>\n<\/div>\n<div><\/div>\n<div>\n<blockquote><p><strong><a class=\"dt-pswp-item\" href=\"https:\/\/www.radiopiu.net\/wordpress\/wp-content\/uploads\/2023\/08\/th-10.jpg\" data-dt-img-description=\"\" data-large_image_width=\"273\" data-large_image_height=\"180\"><img loading=\"lazy\" decoding=\"async\" class=\" wp-image-349551 alignleft\" src=\"https:\/\/www.radiopiu.net\/wordpress\/wp-content\/uploads\/2023\/08\/th-10.jpg\" alt=\"\" width=\"228\" height=\"150\" \/><\/a>Morte di Gianfranco Alberti: indagini in corso<\/strong><\/p><\/blockquote>\n<p><strong>CORTINA<\/strong><\/p>\n<div class=\"flex max-w-full flex-col flex-grow\">\n<div class=\"min-h-[20px] text-message flex w-full flex-col items-end gap-2 break-words [.text-message+&amp;]:mt-5 overflow-x-auto whitespace-normal\" dir=\"auto\" data-message-author-role=\"assistant\" data-message-id=\"186c677e-10e8-4179-9ed5-44ccf5b47f65\">\n<div class=\"flex w-full flex-col gap-1 empty:hidden first:pt-[3px]\">\n<div class=\"markdown prose w-full break-words dark:prose-invert dark\">\n<p>Gianfranco Alberti \u00e8 deceduto per emotorace causato da dissezione dell&#8217;aorta, come rilevato dal medico legale Antonello Cirnelli nell&#8217;autopsia. L&#8217;uomo, 79 anni, era stato dimesso dall&#8217;ospedale di Belluno dopo un intervento cardiaco e ha avuto un malore fatale poco dopo essere tornato a casa. L&#8217;inchiesta, ancora senza indagati, esaminer\u00e0 se i cardiologi avrebbero potuto identificare e prevenire il problema, valutando eventuali responsabilit\u00e0 per omicidio colposo in ambito sanitario.<\/p>\n<\/div>\n<\/div>\n<\/div>\n<\/div>\n<div class=\"mt-1 flex gap-3 empty:hidden -ml-2\">\n<div class=\"items-center justify-start rounded-xl p-1 flex\">\n<div class=\"flex items-center\">\n<div class=\"flex items-center pb-0\">\n<div class=\"[&amp;_svg]:h-full [&amp;_svg]:w-full icon-md h-4 w-4\"><\/div>\n<\/div>\n<\/div>\n<\/div>\n<\/div>\n<\/div>\n<div><\/div>\n<div><\/div>\n<\/div>\n<\/div>\n<\/div>\n<hr \/>\n<p>&nbsp;<\/p>\n<blockquote>\n<h3>SARA&#8217; CATTURATA LA LUPA NEL TREVIGIANO. BOND (FCC) AVVISA CHE IL PROBLEMA E&#8217; ANCHE NEL BELLUNESE MA NON SOLO<\/h3>\n<\/blockquote>\n<p><strong><a class=\"dt-pswp-item\" href=\"https:\/\/www.radiopiu.net\/wordpress\/wp-content\/uploads\/2021\/07\/LUPO.jpg\" data-dt-img-description=\"\" data-large_image_width=\"1920\" data-large_image_height=\"1357\"><img loading=\"lazy\" decoding=\"async\" class=\" wp-image-220371 alignleft\" src=\"https:\/\/www.radiopiu.net\/wordpress\/wp-content\/uploads\/2021\/07\/LUPO-300x212.jpg\" alt=\"\" width=\"152\" height=\"107\" srcset=\"https:\/\/www.radiopiu.net\/wordpress\/wp-content\/uploads\/2021\/07\/LUPO-300x212.jpg 300w, https:\/\/www.radiopiu.net\/wordpress\/wp-content\/uploads\/2021\/07\/LUPO-1024x724.jpg 1024w, https:\/\/www.radiopiu.net\/wordpress\/wp-content\/uploads\/2021\/07\/LUPO-768x543.jpg 768w, https:\/\/www.radiopiu.net\/wordpress\/wp-content\/uploads\/2021\/07\/LUPO-1536x1086.jpg 1536w, https:\/\/www.radiopiu.net\/wordpress\/wp-content\/uploads\/2021\/07\/LUPO.jpg 1920w\" sizes=\"auto, (max-width: 152px) 100vw, 152px\" \/><\/a>BELLUNO<\/strong> Come si apprende dagli organi di informazione, il lupo avvistato nei giorni scorsi nel Trevigiano, pi\u00f9 precisamente in un\u2019area del comune di San Polo di Piave sar\u00e0 dunque catturato. Lo ha deciso il vertice tenutosi presso la Prefettura di Treviso a cui hanno preso parte enti ed istituzioni del territorio, tra cui alcuni sindaci, a seguito delle preoccupazioni emerse tra gli stessi amministratori e molti cittadini.<\/p>\n<p><strong>IL PRESIDENTE DEL COMITATO DI GESTIONE DEL FONDO COMUNI CONFINANTI DARIO BOND<\/strong><\/p>\n<audio class=\"wp-audio-shortcode\" id=\"audio-407287-7\" preload=\"none\" style=\"width: 100%;\" controls=\"controls\"><source type=\"audio\/mpeg\" src=\"https:\/\/www.radiopiu.net\/wordpress\/wp-content\/uploads\/2024\/08\/bond-lupo.mp3?_=7\" \/><a href=\"https:\/\/www.radiopiu.net\/wordpress\/wp-content\/uploads\/2024\/08\/bond-lupo.mp3\">https:\/\/www.radiopiu.net\/wordpress\/wp-content\/uploads\/2024\/08\/bond-lupo.mp3<\/a><\/audio>\n<p>&nbsp;<\/p>\n<hr \/>\n<p>&nbsp;<\/p>\n<blockquote>\n<h2>Dubbi sull&#8217;avvio del Consorzio forestale Dolomiti<\/h2>\n<\/blockquote>\n<p><strong><img loading=\"lazy\" decoding=\"async\" class=\"alignleft\" src=\"https:\/\/www.radiopiu.net\/wordpress\/wp-content\/uploads\/2023\/09\/Arabba_Fodom_Turismo_ph_Roberto_De_Pellegrin_web-13-1.jpg\" width=\"200\" height=\"133\" \/>LIVINALLONGO<\/strong><\/p>\n<p><strong>DI LORENZO SORATROI<\/strong><\/p>\n<div class=\"flex max-w-full flex-col flex-grow\">\n<div class=\"min-h-[20px] text-message flex w-full flex-col items-end gap-2 break-words [.text-message+&amp;]:mt-5 overflow-x-auto whitespace-normal\" dir=\"auto\" data-message-author-role=\"assistant\" data-message-id=\"1acb1f14-c778-4693-89e7-bd32342d753a\">\n<div class=\"flex w-full flex-col gap-1 empty:hidden first:pt-[3px]\">\n<div class=\"markdown prose w-full break-words dark:prose-invert dark\">\n<p>L&#8217;amministrazione Nagler esprime riserve sulla creazione del Consorzio forestale Dolomiti, progetto avviato dalla precedente amministrazione Grones. Sebbene l&#8217;idea non sia abbandonata, il sindaco Oscar Nagler sottolinea che la sostenibilit\u00e0 finanziaria del consorzio \u00e8 garantita solo per i primi due o tre anni, dopo i quali potrebbe gravare sul bilancio comunale. La giunta ha quindi deciso di procedere con cautela, affidando la gestione dei lotti boschivi a professionisti esterni per il momento.<\/p>\n<p>AUDIO<\/p>\n<\/div>\n<\/div>\n<\/div>\n<\/div>\n<audio class=\"wp-audio-shortcode\" id=\"audio-407287-8\" preload=\"none\" style=\"width: 100%;\" controls=\"controls\"><source type=\"audio\/wav\" src=\"https:\/\/www.radiopiu.net\/wordpress\/wp-content\/uploads\/2024\/08\/lorenzo-1.wav?_=8\" \/><a href=\"https:\/\/www.radiopiu.net\/wordpress\/wp-content\/uploads\/2024\/08\/lorenzo-1.wav\">https:\/\/www.radiopiu.net\/wordpress\/wp-content\/uploads\/2024\/08\/lorenzo-1.wav<\/a><\/audio>\n<p>&nbsp;<\/p>\n<hr \/>\n<p>&nbsp;<\/p>\n<blockquote>\n<h3>QUOTA ANNUALE DEL FONDO COMUNI CONFINANTI: LA GIUNTA D\u00c0 IL VIA LIBERA AL PROGETTO DA 500 MILA EURO<\/h3>\n<\/blockquote>\n<p><strong><a class=\"dt-pswp-item\" href=\"https:\/\/www.radiopiu.net\/wordpress\/wp-content\/uploads\/2024\/08\/Via-Martiri-della-Liberta.jpg\" data-dt-img-description=\"\" data-large_image_width=\"1920\" data-large_image_height=\"1080\"><img loading=\"lazy\" decoding=\"async\" class=\" wp-image-407347 alignleft\" src=\"https:\/\/www.radiopiu.net\/wordpress\/wp-content\/uploads\/2024\/08\/Via-Martiri-della-Liberta-300x169.jpg\" alt=\"\" width=\"211\" height=\"119\" srcset=\"https:\/\/www.radiopiu.net\/wordpress\/wp-content\/uploads\/2024\/08\/Via-Martiri-della-Liberta-300x169.jpg 300w, https:\/\/www.radiopiu.net\/wordpress\/wp-content\/uploads\/2024\/08\/Via-Martiri-della-Liberta-1024x576.jpg 1024w, https:\/\/www.radiopiu.net\/wordpress\/wp-content\/uploads\/2024\/08\/Via-Martiri-della-Liberta-768x432.jpg 768w, https:\/\/www.radiopiu.net\/wordpress\/wp-content\/uploads\/2024\/08\/Via-Martiri-della-Liberta-1536x864.jpg 1536w, https:\/\/www.radiopiu.net\/wordpress\/wp-content\/uploads\/2024\/08\/Via-Martiri-della-Liberta.jpg 1920w\" sizes=\"auto, (max-width: 211px) 100vw, 211px\" \/><\/a>FELTRE<\/strong> L&#8217;Amministrazione comunale di Feltre finanzier\u00e0 tre interventi grazie al Fondo dei Comuni Confinanti, pari a 500 mila euro. Il progetto mira a migliorare la rete infrastrutturale stradale con lavori di manutenzione straordinaria in varie zone della citt\u00e0, tra cui vie Carso, Casonetto, Centrale, Paolina, Vallina, Piazzale della Lana, Pra&#8217; del Moro e Celarda. Inoltre, \u00e8 prevista la realizzazione di una nuova illuminazione pubblica in via Belluno-Borgo Ruga e il rifacimento dei percorsi pedonali di viale Martiri della Libert\u00e0, danneggiati dalla tempesta Vaia. I lavori inizieranno nella primavera del prossimo anno.<\/p>\n<p>&nbsp;<\/p>\n<hr \/>\n<p>&nbsp;<\/p>\n<blockquote>\n<h3 class=\"_title post-title entry-title\">INCONTRO COMUNE-BASE DI AVIANO, PACE E DISARMO: \u2018DALLE ARMI SOLO CONFLITTI\u2019<\/h3>\n<\/blockquote>\n<p>\u2013 Intervistati FRANCESCO MASUT (COORDINAMENTO PROVINCIALE \u2018PACE E DISARMO\u2019 BELLUNO) (Servizio di\u00a0<a href=\"https:\/\/antennatre.medianordest.it\/redazione\/Stefano-Bozzi\/\">Stefano Bozzi<\/a><\/p>\n<p><iframe loading=\"lazy\" title=\"INCONTRO COMUNE-BASE DI AVIANO, PACE E DISARMO: &#039;DALLE ARMI SOLO CONFLITTI&#039; | 29\/08\/2024\" width=\"1200\" height=\"675\" src=\"https:\/\/www.youtube.com\/embed\/XiyYzym6Uhk?feature=oembed\" frameborder=\"0\" allow=\"accelerometer; autoplay; clipboard-write; encrypted-media; gyroscope; picture-in-picture; web-share\" referrerpolicy=\"strict-origin-when-cross-origin\" allowfullscreen><\/iframe><\/p>\n<p>&nbsp;<\/p>\n<hr \/>\n<p>&nbsp;<\/p>\n<blockquote>\n<h3>GDF BELLUNO: LA SICUREZZA IN MONTAGNA SPIEGATA AI RAGAZZI DEI CENTRI ESTIVI DEL CADORE E DEL COMELICO<\/h3>\n<\/blockquote>\n<p><strong>BELLUNO <\/strong>La Stazione del Soccorso Alpino della Guardia di Finanza di Auronzo di Cadore ha avuto un&#8217;estate intensa, intervenendo in numerose operazioni di soccorso e organizzando incontri formativi per i ragazzi dei centri estivi del Comelico e del Cadore. Questi incontri, realizzati con la collaborazione delle unit\u00e0 cinofile, includevano dimostrazioni di ricerca di dispersi in ambienti boschivi, insegnando ai giovani i comportamenti corretti in montagna. L&#8217;attivit\u00e0 ha sottolineato l&#8217;importanza del rispetto per l&#8217;ambiente montano e ha messo in luce il prezioso ruolo del S.A.G.F. nella protezione e nella salvaguardia della vita umana in aree impervie.<\/p>\n\n\t\t\t<style type='text\/css'>\n\t\t\t\t#gallery-2 {\n\t\t\t\t\tmargin: auto;\n\t\t\t\t}\n\t\t\t\t#gallery-2 .gallery-item {\n\t\t\t\t\tfloat: left;\n\t\t\t\t\tmargin-top: 10px;\n\t\t\t\t\ttext-align: center;\n\t\t\t\t\twidth: 33%;\n\t\t\t\t}\n\t\t\t\t#gallery-2 img {\n\t\t\t\t\tborder: 2px solid #cfcfcf;\n\t\t\t\t}\n\t\t\t\t#gallery-2 .gallery-caption {\n\t\t\t\t\tmargin-left: 0;\n\t\t\t\t}\n\t\t\t\t\/* see gallery_shortcode() in wp-includes\/media.php *\/\n\t\t\t<\/style>\n\t\t<div id='gallery-2' class='dt-gallery-container gallery galleryid-407287 gallery-columns-3 gallery-size-medium'><dl class='gallery-item'>\n\t\t\t\t<dt class='gallery-icon landscape'>\n\t\t\t\t\t<a class=\"rollover rollover-zoom dt-pswp-item\" title=\"foto1\" data-dt-img-description=\"\" data-large_image_width=\"2560\" data-large_image_height=\"1920\"href='https:\/\/www.radiopiu.net\/wordpress\/wp-content\/uploads\/2024\/08\/foto1-scaled.jpg'><img loading=\"lazy\" decoding=\"async\" width=\"300\" height=\"225\" src=\"https:\/\/www.radiopiu.net\/wordpress\/wp-content\/uploads\/2024\/08\/foto1-300x225.jpg\" class=\"attachment-medium size-medium\" alt=\"\" srcset=\"https:\/\/www.radiopiu.net\/wordpress\/wp-content\/uploads\/2024\/08\/foto1-300x225.jpg 300w, https:\/\/www.radiopiu.net\/wordpress\/wp-content\/uploads\/2024\/08\/foto1-1024x768.jpg 1024w, https:\/\/www.radiopiu.net\/wordpress\/wp-content\/uploads\/2024\/08\/foto1-768x576.jpg 768w, https:\/\/www.radiopiu.net\/wordpress\/wp-content\/uploads\/2024\/08\/foto1-1536x1152.jpg 1536w, https:\/\/www.radiopiu.net\/wordpress\/wp-content\/uploads\/2024\/08\/foto1-2048x1536.jpg 2048w\" sizes=\"auto, (max-width: 300px) 100vw, 300px\" \/><\/a>\n\t\t\t\t<\/dt><\/dl><dl class='gallery-item'>\n\t\t\t\t<dt class='gallery-icon landscape'>\n\t\t\t\t\t<a class=\"rollover rollover-zoom dt-pswp-item\" title=\"foto2\" data-dt-img-description=\"\" data-large_image_width=\"1599\" data-large_image_height=\"899\"href='https:\/\/www.radiopiu.net\/wordpress\/wp-content\/uploads\/2024\/08\/foto2.jpg'><img loading=\"lazy\" decoding=\"async\" width=\"300\" height=\"169\" src=\"https:\/\/www.radiopiu.net\/wordpress\/wp-content\/uploads\/2024\/08\/foto2-300x169.jpg\" class=\"attachment-medium size-medium\" alt=\"\" srcset=\"https:\/\/www.radiopiu.net\/wordpress\/wp-content\/uploads\/2024\/08\/foto2-300x169.jpg 300w, https:\/\/www.radiopiu.net\/wordpress\/wp-content\/uploads\/2024\/08\/foto2-1024x576.jpg 1024w, https:\/\/www.radiopiu.net\/wordpress\/wp-content\/uploads\/2024\/08\/foto2-768x432.jpg 768w, https:\/\/www.radiopiu.net\/wordpress\/wp-content\/uploads\/2024\/08\/foto2-1536x864.jpg 1536w, https:\/\/www.radiopiu.net\/wordpress\/wp-content\/uploads\/2024\/08\/foto2.jpg 1599w\" sizes=\"auto, (max-width: 300px) 100vw, 300px\" \/><\/a>\n\t\t\t\t<\/dt><\/dl><dl class='gallery-item'>\n\t\t\t\t<dt class='gallery-icon landscape'>\n\t\t\t\t\t<a class=\"rollover rollover-zoom dt-pswp-item\" title=\"foto3\" data-dt-img-description=\"\" data-large_image_width=\"1599\" data-large_image_height=\"899\"href='https:\/\/www.radiopiu.net\/wordpress\/wp-content\/uploads\/2024\/08\/foto3.jpg'><img loading=\"lazy\" decoding=\"async\" width=\"300\" height=\"169\" src=\"https:\/\/www.radiopiu.net\/wordpress\/wp-content\/uploads\/2024\/08\/foto3-300x169.jpg\" class=\"attachment-medium size-medium\" alt=\"\" srcset=\"https:\/\/www.radiopiu.net\/wordpress\/wp-content\/uploads\/2024\/08\/foto3-300x169.jpg 300w, https:\/\/www.radiopiu.net\/wordpress\/wp-content\/uploads\/2024\/08\/foto3-1024x576.jpg 1024w, https:\/\/www.radiopiu.net\/wordpress\/wp-content\/uploads\/2024\/08\/foto3-768x432.jpg 768w, https:\/\/www.radiopiu.net\/wordpress\/wp-content\/uploads\/2024\/08\/foto3-1536x864.jpg 1536w, https:\/\/www.radiopiu.net\/wordpress\/wp-content\/uploads\/2024\/08\/foto3.jpg 1599w\" sizes=\"auto, (max-width: 300px) 100vw, 300px\" \/><\/a>\n\t\t\t\t<\/dt><\/dl><br style=\"clear: both\" \/>\n\t\t\t<\/div>\n\n<p>&nbsp;<\/p>\n<hr \/>\n<p>&nbsp;<\/p>\n<blockquote>\n<h3>CARA ANAS E ISTITUZIONI LOCALI, SINCERAMENTE? &#8220;NON NE POSSIAMO PIU'&#8221;<\/h3>\n<h3><em>&#8220;Da notare la congestione attuale&#8230;tutti fermi a partire da Busche&#8221;<\/em><\/h3>\n<h3><em>&#8220;Attualmente da Feltre la colonna parte dall&#8217;area Cucagas&#8221;<\/em><\/h3>\n<\/blockquote>\n<p><img decoding=\"async\" src=\"https:\/\/www.radiopiu.net\/wordpress\/wp-content\/uploads\/2024\/08\/Senza-nome-116.png\" \/><\/p>\n<p>&nbsp;<\/p>\n<p><strong>REDAZIONE<\/strong> <em>Nella chat a supporto della storica Viabilit\u00e0 Provincia di Belluno, da giorni \u00e8 in corso un dibattito. Si evince che la gente \u00e8 arrabbiata, tanto. Forse uno sguardo ai tanti messaggi potrebbe aiutare chi ha &#8220;potere&#8221; a mettere in atto soluzioni. Anche se la chat si riconosce in &#8220;quattro ciacole in libert\u00e0&#8221; quello che oggi proprio non serve sono le ciacole di chi il &#8220;potere&#8221; non lo sta esercitando nel modo migliore, o almeno quello pi\u00f9 gradito dall&#8217;elettore. Fossero sfuggite le chiacchierate, abbiamo pensato di sottolinearle.<\/em><\/p>\n<p>Scusate&#8230;ma se ad oggi siamo cosi che per passare bisogna attendere dai 10 ai 15 minuti&#8230;a settembre con le scuole..alle 7.30 che coda ci sar\u00e0? Chi ha pensato il cantiere non pu\u00f2 prevedere un rimborso dei proprietari adiacenti la strada ed allargarla per permettere una continuit\u00e0 di marcia? Si parla della bretella tra busche e pont<\/p>\n<div class=\"content-inner with-subheader\" dir=\"auto\">\n<div class=\"text-content clearfix with-meta\" dir=\"auto\">Secondo me \u00e8 possibile con una occupazione temporanea (quindi non esproprio per pubblica utilit\u00e0) di una porzione di terreno adeguata allo scopo; e relativo riconoscimento di congruo indennizzo al\/i proprietario\/i.<br \/>\nSe questo \u00e8 vero; se lo pensiamo noi da utenti, perch\u00e9 non ci pensano e, anzi, non ci ha pensato Anas, per tempo?<\/div>\n<div class=\"text-content clearfix with-meta\" dir=\"auto\">\n<p>Non sono del mestiere quindi non sono in grado di dirti in termini di legislazione cosa si pu\u00f2 fare&#8230;ma quello che mi chiedo \u00e9&#8230;perch\u00e9 ci sono arrivato io che sono ignorante come una piastrella e non chi ha &#8220;pensato&#8221; il cantiere?Altra domanda&#8230;ma i mezzi di soccorso? Se mi faccio male e scopro che l&#8217;ambulanza ha avuto difficolt\u00e0 a passare&#8230;<\/p>\n<\/div>\n<div dir=\"auto\">Basterebbe che qualche giornalista veda queste discussioni e ne faccia un un&#8217;articolo sensato tanto da scatenare l&#8217;interesse<\/div>\n<\/div>\n<div dir=\"auto\"><\/div>\n<div dir=\"auto\">A questo punto continueremo cosi&#8230;il giorno che iniziano le scuole per\u00f2 mi prendo ferie solo per sedermi sulla rotonda di busche con la sdraio e vedere che succede&#8230;<\/div>\n<div class=\"Reactions\" dir=\"ltr\"><\/div>\n<div dir=\"ltr\">E le tempistiche vendute al popolo in merito alla disponibilit\u00e0, non dell&#8217;opera completa, (che delle malte non c&#8217;\u00e8 ne frega!) ma dell&#8217;impalcato agibile con relativo piano viabile, sono credibili?<\/div>\n<div dir=\"ltr\"><\/div>\n<div dir=\"ltr\">Domanda forse stupida: ma fare invece l&#8217;altra strada? Sp12 &#8211; sp13? Da Santa Giustina municipio a Feltre, passando per Cesiomaggiore si fa in neanche 20 minuti invece di 40-45. Risposta Fattibile ma non \u00e9 una soluzione adeguata per tutti&#8230;perch\u00e9 se tutti facessero cosi sposti solo il problema al semaforo di can<\/div>\n<div class=\"Reactions\" dir=\"ltr\"><\/div>\n<p dir=\"ltr\">Sabato mattina scorso (il tamponamento era gi\u00e0 risolto) la colonna da Feltre partiva dal concessionario Dalla Gasperina, con tanto di moviere sulla rotonda di Nemeggio che non faceva giustamente fermare le auto in mezzo alla rotonda stessa, non oso immaginare come sar\u00e0 con le scuole aperte, fortuna che non abito pi\u00f9 a Feltre<\/p>\n<hr \/>\n<blockquote>\n<h2><strong>\u00a0<\/strong><\/h2>\n<h2><strong>Mini idroelettrico: necessit\u00e0 di chiarimenti per sbloccare la situazione<\/strong><\/h2>\n<\/blockquote>\n<p><a class=\"dt-pswp-item\" href=\"https:\/\/www.radiopiu.net\/wordpress\/wp-content\/uploads\/2019\/02\/mini-idroelettrico.jpg\" data-dt-img-description=\"\" data-large_image_width=\"615\" data-large_image_height=\"439\"><img loading=\"lazy\" decoding=\"async\" class=\"wp-image-75526 alignleft\" src=\"https:\/\/www.radiopiu.net\/wordpress\/wp-content\/uploads\/2019\/02\/mini-idroelettrico-300x214.jpg\" alt=\"\" width=\"192\" height=\"137\" srcset=\"https:\/\/www.radiopiu.net\/wordpress\/wp-content\/uploads\/2019\/02\/mini-idroelettrico-300x214.jpg 300w, https:\/\/www.radiopiu.net\/wordpress\/wp-content\/uploads\/2019\/02\/mini-idroelettrico.jpg 615w\" sizes=\"auto, (max-width: 192px) 100vw, 192px\" \/><\/a><strong>BELLUNO<\/strong> Il presidente della Provincia di Belluno ha sottolineato l&#8217;urgenza di un chiarimento sistematico sulla questione del mini idroelettrico, dopo il parere dell&#8217;Antitrust (AGCM). La Provincia aveva chiesto regole uniformi per il rinnovo delle concessioni scadute degli impianti mini idroelettrici, ma AGCM ha ritenuto la posizione provinciale in contrasto con la normativa sulla concorrenza, chiedendo procedure competitive. Il presidente Roberto Padrin e il consigliere Massimo Bortoluzzi hanno espresso dubbi sull\u2019interpretazione delle regole e hanno annunciato la volont\u00e0 di approfondire la questione, appoggiando la Regione Veneto per sollecitare una modifica normativa a livello statale. L\u2019obiettivo \u00e8 tutelare l\u2019interesse pubblico e sbloccare la situazione.<\/p>\n<div class=\"mt-1 flex gap-3 empty:hidden -ml-2\">\n<div class=\"items-center justify-start rounded-xl p-1 flex\">\n<div class=\"flex items-center\">\n<div class=\"flex\">IL CONSIGLIERE DELEGATO MASSIMO BORTOLUZZI<br \/>\n<audio class=\"wp-audio-shortcode\" id=\"audio-407287-9\" preload=\"none\" style=\"width: 100%;\" controls=\"controls\"><source type=\"audio\/mpeg\" src=\"https:\/\/www.radiopiu.net\/wordpress\/wp-content\/uploads\/2024\/08\/BORTOLUZI.mp3?_=9\" \/><a href=\"https:\/\/www.radiopiu.net\/wordpress\/wp-content\/uploads\/2024\/08\/BORTOLUZI.mp3\">https:\/\/www.radiopiu.net\/wordpress\/wp-content\/uploads\/2024\/08\/BORTOLUZI.mp3<\/a><\/audio>\n<\/div>\n<div class=\"flex items-center pb-0\">\n<div class=\"[&amp;_svg]:h-full [&amp;_svg]:w-full icon-md h-4 w-4\"><\/div>\n<div>\n<hr \/>\n<\/div>\n<div><\/div>\n<div>\n<blockquote><p><strong>La sfida dell\u2019idroelettrico: un\u2019opportunit\u00e0 da cogliere per Belluno<\/strong><\/p><\/blockquote>\n<p><em><strong>BELLUNO<\/strong> Tomaso Pettazzi, nel suo intervento, evidenzia come la querelle tra la Provincia di Belluno e l&#8217;AGCM sull\u2019idroelettrico richiami l&#8217;attenzione su temi cruciali e pi\u00f9 ampi per la comunit\u00e0 bellunese. Pettazzi ricorda che nel 2029 scadranno le concessioni trentennali per la gestione di centrali idroelettriche, oggi nelle mani di grandi gruppi industriali. Belluno, una delle province pi\u00f9 energivore d&#8217;Italia, ha l&#8217;opportunit\u00e0 di subentrare nella gestione di queste centrali, potendo cos\u00ec sfruttare a proprio vantaggio l&#8217;enorme potenziale energetico del territorio. Pettazzi invita l\u2019Amministrazione provinciale a farsi promotrice di iniziative volte a stimolare le forze economiche locali, sottolineando che tale opportunit\u00e0 potrebbe rappresentare un passo significativo verso una maggiore autonomia economica per la provincia.<\/em><\/p>\n<\/div>\n<div>\u00a0<strong>L&#8217;OPINIONE<\/strong><\/div>\n<div>\n<p><strong>DI TOMASO PETTAZZI<\/strong><\/p>\n<p><a class=\"dt-pswp-item\" href=\"https:\/\/www.radiopiu.net\/wordpress\/wp-content\/uploads\/2020\/04\/CENTRALE-IDROELETTRICA.jpg\" data-dt-img-description=\"\" data-large_image_width=\"1920\" data-large_image_height=\"859\"><img loading=\"lazy\" decoding=\"async\" class=\"size-medium wp-image-131968 alignleft\" src=\"https:\/\/www.radiopiu.net\/wordpress\/wp-content\/uploads\/2020\/04\/CENTRALE-IDROELETTRICA-300x134.jpg\" alt=\"\" width=\"300\" height=\"134\" srcset=\"https:\/\/www.radiopiu.net\/wordpress\/wp-content\/uploads\/2020\/04\/CENTRALE-IDROELETTRICA-300x134.jpg 300w, https:\/\/www.radiopiu.net\/wordpress\/wp-content\/uploads\/2020\/04\/CENTRALE-IDROELETTRICA-1024x458.jpg 1024w, https:\/\/www.radiopiu.net\/wordpress\/wp-content\/uploads\/2020\/04\/CENTRALE-IDROELETTRICA-768x344.jpg 768w, https:\/\/www.radiopiu.net\/wordpress\/wp-content\/uploads\/2020\/04\/CENTRALE-IDROELETTRICA-1536x687.jpg 1536w, https:\/\/www.radiopiu.net\/wordpress\/wp-content\/uploads\/2020\/04\/CENTRALE-IDROELETTRICA.jpg 1920w\" sizes=\"auto, (max-width: 300px) 100vw, 300px\" \/><\/a>La \u201cquerelle\u201d tra Provincia di Belluno ed AGCM (Agenzia garante della Concorrenza e del Mercato) mi ricorda il vecchio proverbio \u201cQuando il saggio indica la luna, lo stolto guarda il dito\u201d. Lungi da me definirmi saggio. Ma ricordare ancora una volta che ci si dovrebbe confrontare con questioni similari, ma di dimensioni ben superiori e con ricadute sulla collettivit\u00e0 bellunese infinitamente pi\u00f9 impattanti, beh\u2026 questo mi sento di ribadirlo. Perch\u00e9 il problema dell\u2019idroelettrico \u00e8 da anni un mio pallino fisso. Ho scritto ai media innumerevoli lettere, con scarsi risultati di ascolto da parte di chi di dovere. Ma non ho mai gettato la spugna. Come in questa occasione. Riporto qui sotto l\u2019ennesima lettera spedita ai giornali provinciali (stampati e parlati) in data 30 maggio u.s., sperando susciti maggior attenzione. \u201cRepetita juvant\u201d, dicevano gli antichi Romani. Lascio giudicare al lettore.\u00a0 Chi non ricorda le \u201clenzuolate\u201d di Bersani? Nel 1999 era ministro dell\u2019industria (in quota Democratici di Sinistra) e in poco tempo realizz\u00f2 una delle pi\u00f9 importanti rivoluzioni \u201cliberali\u201d dell\u2019Italia repubblicana. Accenno, tra molte, la portabilit\u00e0 del mutuo, la cancellazione dei costi di ricarica dei telefonini, la nascita delle parafarmacie, in genere finalmente l\u2019apertura del mercato alla concorrenza. Ma quella che ritengo pi\u00f9 importante \u00e8 certamente la liberalizzazione del settore elettrico, specie l\u2019idroelettrico, fino ad allora monopolio dell\u2019Enel. Tra non molto, a fine marzo 2029, scadranno parecchie delle concessioni trentennali allora riconosciute a importanti gruppi industriali come Edison, Eni, ecc. La societ\u00e0 bellunese avrebbe fin d\u2019ora la ghiotta possibilit\u00e0 di subentrare a queste societ\u00e0 nella gestione delle numerose centrali site nel nostro territorio che producono un enorme quantit\u00e0 di energia, che \u00e8 di circa 230 GWh, pari quasi il doppio di quanto consumiamo e corrispondente al 5% del consumo delle famiglie italiane. E\u2019 come se ogni Bellunese producesse 19.000 KWh, a confronto con Trento e Bolzano\/Bozen che non raggiungono i 10.000 KWh. A suo tempo le due Province Autonome, grazie a una disponibilit\u00e0 economica non indifferente e alla loro legislazione indipendente, non solo mantennero le esistenti, ma pure ottennero di gran parte delle restanti. Il che port\u00f2 ad una procedura di infrazione da parte della UE, che naufrag\u00f2 nel nulla. Porto come esempio Primiero Energia S.p.A. Societ\u00e0 che produce utili non indifferenti, tali da poter distribuire energia al territorio con prezzi inferiori alla media e che addirittura in questi ultimi anni di costanti aumenti dovuti ad inflazione e guerra in Ucraina, s\u2019\u00e8 permessa di mantenere inalterati i prezzi nel territorio. Ebbene, la Provincia di Belluno, che si posiziona tra le prime 10 province industrializzate d\u2019Italia, \u00e8 molto energivora e avrebbe tutta la convenienza a subentrare nella gestione delle concessioni in scadenza. La data del 2029 \u00e8 un soffio se pensiamo alla complicazione delle procedure burocratiche necessarie.\u00a0Invito quindi l\u2019Amministrazione provinciale a proporsi fin d\u2019ora come elemento stimolatore di tutte quelle forze economiche interessate a raggiungere quello scopo. Siano esse industriali, commerciali, finanziarie, agricole, addirittura semplici cittadini intesi come detentori di risparmi familiari. Ricordo che il Bellunese vanta una media di depositi bancari tra le pi\u00f9 elevate. La forma potrebbe essere societaria, cooperativistica, crowdfunding. Se non lo potr\u00e0 lei, invito altre organizzazioni a farlo. Se pensiamo all\u2019Autonomia da molti auspicata, sarebbe una occasione unica per raggiungerla dal punto di vista economico. La posta in gioco sono centinaia di milioni di \u20ac all\u2019anno. I dati da me riportati sono facilmente reperibili nel web.<\/p>\n<p>&nbsp;<\/p>\n<p>&nbsp;<\/p>\n<\/div>\n<div>\n<hr \/>\n<\/div>\n<div><\/div>\n<div>\n<div class=\"flex-shrink-0 flex flex-col relative items-end\">\n<div>\n<div class=\"pt-0\">\n<div class=\"gizmo-bot-avatar flex h-8 w-8 items-center justify-center overflow-hidden rounded-full\">\n<div class=\"relative p-1 rounded-sm flex items-center justify-center bg-token-main-surface-primary text-token-text-primary h-8 w-8\"><\/div>\n<\/div>\n<\/div>\n<\/div>\n<\/div>\n<div class=\"group\/conversation-turn relative flex w-full min-w-0 flex-col agent-turn\">\n<div class=\"flex-col gap-1 md:gap-3\">\n<div class=\"flex max-w-full flex-col flex-grow\">\n<div class=\"min-h-[20px] text-message flex w-full flex-col items-end gap-2 break-words [.text-message+&amp;]:mt-5 overflow-x-auto whitespace-normal\" dir=\"auto\" data-message-author-role=\"assistant\" data-message-id=\"e95cfa8d-d102-4269-be34-1197879ed3db\">\n<div class=\"flex w-full flex-col gap-1 empty:hidden first:pt-[3px]\">\n<div class=\"markdown prose w-full break-words dark:prose-invert dark\">\n<blockquote><p><strong>Fondi di confine: respinta la proposta di finanziare la pista da bob di Cortina<\/strong><\/p><\/blockquote>\n<p>Il consiglio provinciale di Belluno ha respinto l&#8217;ordine del giorno del gruppo Futura Centrosinistra Bellunese, che proponeva di utilizzare i Fondi di confine per le spese di gestione post-olimpica della pista da bob di Cortina. Il presidente della Provincia ha ribadito che la decisione spetta ai sindaci dei Comuni confinanti e contigui, non alla Provincia. La proposta \u00e8 stata giudicata fuori focus, poich\u00e9 richiedeva azioni gi\u00e0 avviate ma non ancora concluse.<\/p>\n<\/div>\n<\/div>\n<\/div>\n<\/div>\n<\/div>\n<\/div>\n<\/div>\n<div><\/div>\n<div><\/div>\n<div><\/div>\n<\/div>\n<\/div>\n<\/div>\n<\/div>\n<hr \/>\n<blockquote>\n<h3><\/h3>\n<h3>INCIVILTA&#8217; IN RIVA AL LAGO, &#8220;LA GENTE SE NE VA, LE SQUAZE RESTA<\/h3>\n<\/blockquote>\n<p><strong>ALLEGHE<\/strong> Unico commento, la sempre attuale canzone di Gianni Secco e Giorgio Fornasier, i Belumat.<\/p>\n<p>L&#8217;estate:<\/p>\n<p>Co d&#8217;ist\u00e0 vien la caldana, riva xente in sima al monte;<\/p>\n<div class=\"ll-14-2\">L&#8217;arie b\u00f2ne l&#8217;\u00e8 l\u00e0 pronte sol par farse respir\u00e0r.<\/div>\n<div class=\"ll-14-3\">Le marende le sparisse, sgrugna e scana le ganasse.<\/div>\n<div class=\"ll-14-4\">Resta un cesso de scoasse: cicche, piat e bursol\u00f2t.<\/div>\n<p>La gente se ne va&#8230; la merda resta qua!<\/p>\n<p>V\u00e0ra che roba, qua, vilico! C\u00f2ssa ti dixi ti de tuta &#8216;sta porcar\u00eca, ah?<\/p>\n<p dir=\"auto\"><strong>PIZZA CON VISTA LAGO&#8230;DALLA COMODA PANCHINA, NON MALE COME IDEA. PECCATO CHE LE BUONE IDEE ABBIANO LE GAMBE CORTE<\/strong><\/p>\n\n\t\t\t<style type='text\/css'>\n\t\t\t\t#gallery-3 {\n\t\t\t\t\tmargin: auto;\n\t\t\t\t}\n\t\t\t\t#gallery-3 .gallery-item {\n\t\t\t\t\tfloat: left;\n\t\t\t\t\tmargin-top: 10px;\n\t\t\t\t\ttext-align: center;\n\t\t\t\t\twidth: 33%;\n\t\t\t\t}\n\t\t\t\t#gallery-3 img {\n\t\t\t\t\tborder: 2px solid #cfcfcf;\n\t\t\t\t}\n\t\t\t\t#gallery-3 .gallery-caption {\n\t\t\t\t\tmargin-left: 0;\n\t\t\t\t}\n\t\t\t\t\/* see gallery_shortcode() in wp-includes\/media.php *\/\n\t\t\t<\/style>\n\t\t<div id='gallery-3' class='dt-gallery-container gallery galleryid-407287 gallery-columns-3 gallery-size-thumbnail'><dl class='gallery-item'>\n\t\t\t\t<dt class='gallery-icon portrait'>\n\t\t\t\t\t<a class=\"rollover rollover-zoom dt-pswp-item\" title=\"457038761_915469830598164_5079317618464235115_n\" data-dt-img-description=\"\" data-large_image_width=\"1125\" data-large_image_height=\"2000\"href='https:\/\/www.radiopiu.net\/wordpress\/wp-content\/uploads\/2024\/08\/457038761_915469830598164_5079317618464235115_n.jpg'><img loading=\"lazy\" decoding=\"async\" width=\"150\" height=\"150\" src=\"https:\/\/www.radiopiu.net\/wordpress\/wp-content\/uploads\/2024\/08\/457038761_915469830598164_5079317618464235115_n-150x150.jpg\" class=\"attachment-thumbnail size-thumbnail\" alt=\"\" \/><\/a>\n\t\t\t\t<\/dt><\/dl><dl class='gallery-item'>\n\t\t\t\t<dt class='gallery-icon landscape'>\n\t\t\t\t\t<a class=\"rollover rollover-zoom dt-pswp-item\" title=\"457358513_915469827264831_3390392506519500373_n\" data-dt-img-description=\"\" data-large_image_width=\"2000\" data-large_image_height=\"1125\"href='https:\/\/www.radiopiu.net\/wordpress\/wp-content\/uploads\/2024\/08\/457358513_915469827264831_3390392506519500373_n.jpg'><img loading=\"lazy\" decoding=\"async\" width=\"150\" height=\"150\" src=\"https:\/\/www.radiopiu.net\/wordpress\/wp-content\/uploads\/2024\/08\/457358513_915469827264831_3390392506519500373_n-150x150.jpg\" class=\"attachment-thumbnail size-thumbnail\" alt=\"\" \/><\/a>\n\t\t\t\t<\/dt><\/dl><dl class='gallery-item'>\n\t\t\t\t<dt class='gallery-icon landscape'>\n\t\t\t\t\t<a class=\"rollover rollover-zoom dt-pswp-item\" title=\"457033118_915469807264833_3448581854046131957_n\" data-dt-img-description=\"\" data-large_image_width=\"2000\" data-large_image_height=\"1125\"href='https:\/\/www.radiopiu.net\/wordpress\/wp-content\/uploads\/2024\/08\/457033118_915469807264833_3448581854046131957_n.jpg'><img loading=\"lazy\" decoding=\"async\" width=\"150\" height=\"150\" src=\"https:\/\/www.radiopiu.net\/wordpress\/wp-content\/uploads\/2024\/08\/457033118_915469807264833_3448581854046131957_n-150x150.jpg\" class=\"attachment-thumbnail size-thumbnail\" alt=\"\" \/><\/a>\n\t\t\t\t<\/dt><\/dl><br style=\"clear: both\" \/>\n\t\t\t<\/div>\n\n<p>&nbsp;<\/p>\n<hr \/>\n<p>&nbsp;<\/p>\n<blockquote>\n<h3>IL CERVO DALLA COLLANA INDESIDERATA<\/h3>\n<\/blockquote>\n<p><strong>SAN TOMASO<\/strong> Dieci giorni dopo la prima segnalazione una conferma: il cervo di San Tomaso finito con il collo nel bidoncino dell&#8217;umido \u00e8 ancora.. nei guai. La foto di ieri sera di\u00a0 Eliana lo conferma<\/p>\n<p><a class=\"dt-pswp-item\" href=\"https:\/\/www.radiopiu.net\/wordpress\/wp-content\/uploads\/2024\/08\/314b7bc0-f08e-411b-9333-849b8692a9ab.jpg\" data-dt-img-description=\"\" data-large_image_width=\"2048\" data-large_image_height=\"2048\"><img loading=\"lazy\" decoding=\"async\" class=\"size-medium wp-image-407385 aligncenter\" src=\"https:\/\/www.radiopiu.net\/wordpress\/wp-content\/uploads\/2024\/08\/314b7bc0-f08e-411b-9333-849b8692a9ab-300x300.jpg\" alt=\"\" width=\"300\" height=\"300\" srcset=\"https:\/\/www.radiopiu.net\/wordpress\/wp-content\/uploads\/2024\/08\/314b7bc0-f08e-411b-9333-849b8692a9ab-300x300.jpg 300w, https:\/\/www.radiopiu.net\/wordpress\/wp-content\/uploads\/2024\/08\/314b7bc0-f08e-411b-9333-849b8692a9ab-1024x1024.jpg 1024w, https:\/\/www.radiopiu.net\/wordpress\/wp-content\/uploads\/2024\/08\/314b7bc0-f08e-411b-9333-849b8692a9ab-150x150.jpg 150w, https:\/\/www.radiopiu.net\/wordpress\/wp-content\/uploads\/2024\/08\/314b7bc0-f08e-411b-9333-849b8692a9ab-768x768.jpg 768w, https:\/\/www.radiopiu.net\/wordpress\/wp-content\/uploads\/2024\/08\/314b7bc0-f08e-411b-9333-849b8692a9ab-1536x1536.jpg 1536w, https:\/\/www.radiopiu.net\/wordpress\/wp-content\/uploads\/2024\/08\/314b7bc0-f08e-411b-9333-849b8692a9ab.jpg 2048w\" sizes=\"auto, (max-width: 300px) 100vw, 300px\" \/><\/a><\/p>\n<p>&nbsp;<\/p>\n<p><strong>ARCHIVIO 19 AGOSTO 2024<\/strong><\/p>\n<p><strong>SAN TOMASO<\/strong> Un cervo affamato, comunque n po&#8217; troppo curioso,\u00a0 \u00e8 finito con il collo in un bidone dell&#8217;umido a San Tomaso, a 200 metri dalla palestra di roccia, salendo da Avoscan. Probabilmente attratto dall&#8217;odore del cibo, l&#8217;animale ha infilato il collo nel contenitore, rimanendo intrappolato.<\/p>\n\n\t\t\t<style type='text\/css'>\n\t\t\t\t#gallery-4 {\n\t\t\t\t\tmargin: auto;\n\t\t\t\t}\n\t\t\t\t#gallery-4 .gallery-item {\n\t\t\t\t\tfloat: left;\n\t\t\t\t\tmargin-top: 10px;\n\t\t\t\t\ttext-align: center;\n\t\t\t\t\twidth: 50%;\n\t\t\t\t}\n\t\t\t\t#gallery-4 img {\n\t\t\t\t\tborder: 2px solid #cfcfcf;\n\t\t\t\t}\n\t\t\t\t#gallery-4 .gallery-caption {\n\t\t\t\t\tmargin-left: 0;\n\t\t\t\t}\n\t\t\t\t\/* see gallery_shortcode() in wp-includes\/media.php *\/\n\t\t\t<\/style>\n\t\t<div id='gallery-4' class='dt-gallery-container gallery galleryid-407287 gallery-columns-2 gallery-size-medium'><dl class='gallery-item'>\n\t\t\t\t<dt class='gallery-icon landscape'>\n\t\t\t\t\t<a class=\"rollover rollover-zoom dt-pswp-item\" title=\"838b7b58-1a12-4b79-bc23-2f3275fcbec2\" data-dt-img-description=\"\" data-large_image_width=\"1600\" data-large_image_height=\"1200\"href='https:\/\/www.radiopiu.net\/wordpress\/wp-content\/uploads\/2024\/08\/838b7b58-1a12-4b79-bc23-2f3275fcbec2.jpg'><img loading=\"lazy\" decoding=\"async\" width=\"300\" height=\"225\" src=\"https:\/\/www.radiopiu.net\/wordpress\/wp-content\/uploads\/2024\/08\/838b7b58-1a12-4b79-bc23-2f3275fcbec2-300x225.jpg\" class=\"attachment-medium size-medium\" alt=\"\" srcset=\"https:\/\/www.radiopiu.net\/wordpress\/wp-content\/uploads\/2024\/08\/838b7b58-1a12-4b79-bc23-2f3275fcbec2-300x225.jpg 300w, https:\/\/www.radiopiu.net\/wordpress\/wp-content\/uploads\/2024\/08\/838b7b58-1a12-4b79-bc23-2f3275fcbec2-1024x768.jpg 1024w, https:\/\/www.radiopiu.net\/wordpress\/wp-content\/uploads\/2024\/08\/838b7b58-1a12-4b79-bc23-2f3275fcbec2-768x576.jpg 768w, https:\/\/www.radiopiu.net\/wordpress\/wp-content\/uploads\/2024\/08\/838b7b58-1a12-4b79-bc23-2f3275fcbec2-1536x1152.jpg 1536w, https:\/\/www.radiopiu.net\/wordpress\/wp-content\/uploads\/2024\/08\/838b7b58-1a12-4b79-bc23-2f3275fcbec2.jpg 1600w\" sizes=\"auto, (max-width: 300px) 100vw, 300px\" \/><\/a>\n\t\t\t\t<\/dt><\/dl><dl class='gallery-item'>\n\t\t\t\t<dt class='gallery-icon landscape'>\n\t\t\t\t\t<a class=\"rollover rollover-zoom dt-pswp-item\" title=\"fa68498d-ee0a-4134-b0f5-6da20a5cc74e\" data-dt-img-description=\"\" data-large_image_width=\"1600\" data-large_image_height=\"1200\"href='https:\/\/www.radiopiu.net\/wordpress\/wp-content\/uploads\/2024\/08\/fa68498d-ee0a-4134-b0f5-6da20a5cc74e.jpg'><img loading=\"lazy\" decoding=\"async\" width=\"300\" height=\"225\" src=\"https:\/\/www.radiopiu.net\/wordpress\/wp-content\/uploads\/2024\/08\/fa68498d-ee0a-4134-b0f5-6da20a5cc74e-300x225.jpg\" class=\"attachment-medium size-medium\" alt=\"\" srcset=\"https:\/\/www.radiopiu.net\/wordpress\/wp-content\/uploads\/2024\/08\/fa68498d-ee0a-4134-b0f5-6da20a5cc74e-300x225.jpg 300w, https:\/\/www.radiopiu.net\/wordpress\/wp-content\/uploads\/2024\/08\/fa68498d-ee0a-4134-b0f5-6da20a5cc74e-1024x768.jpg 1024w, https:\/\/www.radiopiu.net\/wordpress\/wp-content\/uploads\/2024\/08\/fa68498d-ee0a-4134-b0f5-6da20a5cc74e-768x576.jpg 768w, https:\/\/www.radiopiu.net\/wordpress\/wp-content\/uploads\/2024\/08\/fa68498d-ee0a-4134-b0f5-6da20a5cc74e-1536x1152.jpg 1536w, https:\/\/www.radiopiu.net\/wordpress\/wp-content\/uploads\/2024\/08\/fa68498d-ee0a-4134-b0f5-6da20a5cc74e.jpg 1600w\" sizes=\"auto, (max-width: 300px) 100vw, 300px\" \/><\/a>\n\t\t\t\t<\/dt><\/dl><br style=\"clear: both\" \/>\n\t\t\t<\/div>\n\n<p>&nbsp;<\/p>\n<p>***<\/p>\n<blockquote>\n<h1>DILLO A RADIO PIU&#8217;&#8230; PANE AI CERVI<\/h1>\n<\/blockquote>\n<p><strong>Riceviamo a pubblichiamo<\/strong><\/p>\n<p>&nbsp;<\/p>\n<p>sono rimasta allibita nel vedere tutto questo pane con quello che costa buttato sotto il ponte che da Digonera va verso Pieve di Livinallongo probabilmente come cibo per i cervi e si sa che non possono mangiarlo ma la gente \u00e8 talmente intelligente. E pensare che ci sono persone che non hanno i soldi per comprarlo.<\/p>\n<p><strong>Claudia Digonera<\/strong><\/p>\n<p>&nbsp;<\/p>\n<p><a class=\"dt-pswp-item\" href=\"https:\/\/www.radiopiu.net\/wordpress\/wp-content\/uploads\/2024\/08\/0e1895dc-514a-4d8c-9e87-487c0fd23eda.jpg\" data-dt-img-description=\"\" data-large_image_width=\"1600\" data-large_image_height=\"1200\"><img loading=\"lazy\" decoding=\"async\" class=\"alignnone wp-image-407412 size-large\" src=\"https:\/\/www.radiopiu.net\/wordpress\/wp-content\/uploads\/2024\/08\/0e1895dc-514a-4d8c-9e87-487c0fd23eda-1024x768.jpg\" alt=\"\" width=\"1024\" height=\"768\" srcset=\"https:\/\/www.radiopiu.net\/wordpress\/wp-content\/uploads\/2024\/08\/0e1895dc-514a-4d8c-9e87-487c0fd23eda-1024x768.jpg 1024w, https:\/\/www.radiopiu.net\/wordpress\/wp-content\/uploads\/2024\/08\/0e1895dc-514a-4d8c-9e87-487c0fd23eda-300x225.jpg 300w, https:\/\/www.radiopiu.net\/wordpress\/wp-content\/uploads\/2024\/08\/0e1895dc-514a-4d8c-9e87-487c0fd23eda-768x576.jpg 768w, https:\/\/www.radiopiu.net\/wordpress\/wp-content\/uploads\/2024\/08\/0e1895dc-514a-4d8c-9e87-487c0fd23eda-1536x1152.jpg 1536w, https:\/\/www.radiopiu.net\/wordpress\/wp-content\/uploads\/2024\/08\/0e1895dc-514a-4d8c-9e87-487c0fd23eda.jpg 1600w\" sizes=\"auto, (max-width: 1024px) 100vw, 1024px\" \/><\/a><\/p>\n<p>&nbsp;<\/p>\n<p>&nbsp;<\/p>\n<hr \/>\n<p>&nbsp;<\/p>\n<blockquote>\n<h3>DOMANI AL MUSAL DI CANALE D&#8217;AGORDO<\/h3>\n<\/blockquote>\n<p><strong><a class=\"dt-pswp-item\" href=\"https:\/\/www.radiopiu.net\/wordpress\/wp-content\/uploads\/2024\/08\/Antonio-Preziosi-direttore-Tg2-scaled.jpeg\" data-dt-img-description=\"\" data-large_image_width=\"2560\" data-large_image_height=\"1707\"><img loading=\"lazy\" decoding=\"async\" class=\" wp-image-407329 alignleft\" src=\"https:\/\/www.radiopiu.net\/wordpress\/wp-content\/uploads\/2024\/08\/Antonio-Preziosi-direttore-Tg2-300x200.jpeg\" alt=\"\" width=\"188\" height=\"125\" srcset=\"https:\/\/www.radiopiu.net\/wordpress\/wp-content\/uploads\/2024\/08\/Antonio-Preziosi-direttore-Tg2-300x200.jpeg 300w, https:\/\/www.radiopiu.net\/wordpress\/wp-content\/uploads\/2024\/08\/Antonio-Preziosi-direttore-Tg2-1024x683.jpeg 1024w, https:\/\/www.radiopiu.net\/wordpress\/wp-content\/uploads\/2024\/08\/Antonio-Preziosi-direttore-Tg2-768x512.jpeg 768w, https:\/\/www.radiopiu.net\/wordpress\/wp-content\/uploads\/2024\/08\/Antonio-Preziosi-direttore-Tg2-1536x1024.jpeg 1536w, https:\/\/www.radiopiu.net\/wordpress\/wp-content\/uploads\/2024\/08\/Antonio-Preziosi-direttore-Tg2-2048x1366.jpeg 2048w\" sizes=\"auto, (max-width: 188px) 100vw, 188px\" \/><\/a>CANALE D&#8217;AGORDO<\/strong> Domani, al Museo Albino Luciani di Canale d&#8217;Agordo, si terr\u00e0 un incontro dedicato al beato papa Giovanni Paolo I, con la partecipazione del giornalista Antonio Preziosi direttore del TG2. Preziosi presenter\u00e0 i suoi libri &#8220;Indimenticabile&#8221; e &#8220;Il sorriso del Papa&#8221;, che esplorano la vita e il breve pontificato di Albino Luciani. Le opere offrono una riflessione sull&#8217;innovazione e l&#8217;eredit\u00e0 spirituale lasciata da Giovanni Paolo I, affrontando anche il mistero della sua morte. La serata sar\u00e0 arricchita dal Coro Comelico, che eseguir\u00e0 brani, tra cui una canzone dedicata al papa.<\/p>\n<p>&nbsp;<\/p>\n<p>&nbsp;<\/p>\n<hr \/>\n<p>&nbsp;<\/p>\n<blockquote>\n<h3>Commemorazione del 59\u00b0 anniversario della tragedia di Mattmark<\/h3>\n<\/blockquote>\n<p><strong>SEDICO<\/strong> Domenica, a Mas di Sedico, si terr\u00e0 una solenne cerimonia per commemorare il 59\u00b0 anniversario della tragedia di Mattmark, dove 88 lavoratori persero la vita sotto una valanga durante la costruzione della diga in Svizzera. L&#8217;evento, organizzato dalla Famiglia Ex Emigranti &#8220;Monte Pizzocco&#8221;, onorer\u00e0 la memoria delle vittime, tra cui 17 bellunesi.<\/p>\n<p>&nbsp;<\/p>\n<p>&nbsp;<\/p>\n<hr \/>\n<p>&nbsp;<\/p>\n<blockquote>\n<h3>UNA DOMENICA IN MEMORIA DI ENZIO &#8220;CENCIO&#8221; MASOCH<\/h3>\n<\/blockquote>\n<p><strong><a class=\"dt-pswp-item\" href=\"https:\/\/www.radiopiu.net\/wordpress\/wp-content\/uploads\/2018\/03\/GOSALDO.jpg\" data-dt-img-description=\"\" data-large_image_width=\"267\" data-large_image_height=\"200\"><img loading=\"lazy\" decoding=\"async\" class=\" wp-image-45573 alignleft\" src=\"https:\/\/www.radiopiu.net\/wordpress\/wp-content\/uploads\/2018\/03\/GOSALDO.jpg\" alt=\"\" width=\"186\" height=\"139\" \/><\/a>DI GIANNI SANTOMASO<\/strong><\/p>\n<p><strong>GOSALDO<\/strong> In memoria di Cencio e a sostegno dell\u2019Airc-Associazione italiana ricerca sul cancro. Con questi scopi torna domenica a partire dalle 12 la giornata organizzata sotto il tendone al Don di Gosaldo da un gruppo di persone della comunit\u00e0 locale che, come l\u2019anno scorso, vogliono ricordare il loro amico Enzo \u201cCencio\u201d Masoch morto il 31 gennaio 2023 a soli 73 anni. Un anno fa vennero raccolti ben 1490 euro che furono poi devoluti alla Fondazione Airc. Domenica da mezzogiorno in poi sotto il tendono si potranno nuovamente mangiare vari piatti tipici: gli gnocchi con la ricotta affumicata, i canederli di spinaci e formaggio, i canederli con la zucca, la trippa, la polenta e baccal\u00e0, bevande\u00a0e\u00a0dolci.<\/p>\n<p>&nbsp;<\/p>\n<hr \/>\n<p>&nbsp;<\/p>\n<p>&nbsp;<\/p>\n<blockquote>\n<h3><a class=\"dt-pswp-item\" href=\"https:\/\/www.radiopiu.net\/wordpress\/wp-content\/uploads\/2024\/08\/DSC_0005-scaled.jpg\" data-dt-img-description=\"\" data-large_image_width=\"2560\" data-large_image_height=\"1440\"><img loading=\"lazy\" decoding=\"async\" class=\"size-medium wp-image-407356 alignleft\" src=\"https:\/\/www.radiopiu.net\/wordpress\/wp-content\/uploads\/2024\/08\/DSC_0005-300x169.jpg\" alt=\"\" width=\"300\" height=\"169\" srcset=\"https:\/\/www.radiopiu.net\/wordpress\/wp-content\/uploads\/2024\/08\/DSC_0005-300x169.jpg 300w, https:\/\/www.radiopiu.net\/wordpress\/wp-content\/uploads\/2024\/08\/DSC_0005-1024x576.jpg 1024w, https:\/\/www.radiopiu.net\/wordpress\/wp-content\/uploads\/2024\/08\/DSC_0005-768x432.jpg 768w, https:\/\/www.radiopiu.net\/wordpress\/wp-content\/uploads\/2024\/08\/DSC_0005-1536x864.jpg 1536w, https:\/\/www.radiopiu.net\/wordpress\/wp-content\/uploads\/2024\/08\/DSC_0005-2048x1152.jpg 2048w\" sizes=\"auto, (max-width: 300px) 100vw, 300px\" \/><\/a>LA COMMEMORAZIONE DEI CADUTI<\/h3>\n<\/blockquote>\n<p>La Sezione di Belluno del Club Alpino Italiano comunica che il prossimo <strong>sabato 14 settembre<\/strong> alle ore 11 presso il rifugio 7\u00b0 Alpini al Pis Pilon, sotto le maestose pareti della Schiara, si terr\u00e0 la annuale Cerimonia per la commemorazione dei Caduti della Montagna e dei nostri Alpini, con una Santa Messa che sar\u00e0 celebrata da Mons. Renato Marangoni Vescovo di Belluno-Feltre presso la adiacente Cappella della Regina Alpinorum. Sono invitati a partecipare tutti gli amici della montagna.<\/p>\n<p>&nbsp;<\/p>\n<p>&nbsp;<\/p>\n<hr \/>\n<p>&nbsp;<\/p>\n<blockquote>\n<h3><a class=\"dt-pswp-item\" href=\"https:\/\/www.radiopiu.net\/wordpress\/wp-content\/uploads\/2024\/08\/locandina-corso-affido-2024_28.08.24.jpg\" data-dt-img-description=\"\" data-large_image_width=\"1240\" data-large_image_height=\"1753\"><img loading=\"lazy\" decoding=\"async\" class=\" wp-image-407211 alignleft\" src=\"https:\/\/www.radiopiu.net\/wordpress\/wp-content\/uploads\/2024\/08\/locandina-corso-affido-2024_28.08.24-212x300.jpg\" alt=\"\" width=\"115\" height=\"163\" srcset=\"https:\/\/www.radiopiu.net\/wordpress\/wp-content\/uploads\/2024\/08\/locandina-corso-affido-2024_28.08.24-212x300.jpg 212w, https:\/\/www.radiopiu.net\/wordpress\/wp-content\/uploads\/2024\/08\/locandina-corso-affido-2024_28.08.24-724x1024.jpg 724w, https:\/\/www.radiopiu.net\/wordpress\/wp-content\/uploads\/2024\/08\/locandina-corso-affido-2024_28.08.24-768x1086.jpg 768w, https:\/\/www.radiopiu.net\/wordpress\/wp-content\/uploads\/2024\/08\/locandina-corso-affido-2024_28.08.24-1087x1536.jpg 1087w, https:\/\/www.radiopiu.net\/wordpress\/wp-content\/uploads\/2024\/08\/locandina-corso-affido-2024_28.08.24.jpg 1240w\" sizes=\"auto, (max-width: 115px) 100vw, 115px\" \/><\/a>CORSI PER L&#8217;AFFIDO FAMIGLIARE<\/h3>\n<\/blockquote>\n<p><strong>BELLUNO<\/strong> I Centri per l&#8217;Affido e la Solidariet\u00e0 Familiare (CASF) dell&#8217;Ulss 1 Dolomiti hanno organizzato un corso online di informazione e formazione sull&#8217;affido familiare, rivolto a chiunque sia interessato a diventare famiglia affidataria. Il corso si terr\u00e0 il 26 settembre, 3 ottobre e 10 ottobre 2024 dalle 17.45 alle 19.30. La partecipazione \u00e8 gratuita e le iscrizioni sono aperte fino al 23 settembre. Nel 2023, 32 bambini\/adolescenti nella provincia di Belluno sono stati accolti in affido, di cui 26 in modalit\u00e0 residenziale e 6 in affido diurno, dimostrando l&#8217;importanza di avere nuove famiglie disposte a offrire sostegno. L&#8217;affido pu\u00f2 variare in forma e durata, sempre con l&#8217;accompagnamento degli operatori del CASF.<\/p>\n<p>&nbsp;<\/p>\n<hr \/>\n<blockquote>\n<h3><\/h3>\n<h3>&#8220;RISUONA&#8221;, IN VALLE IMPERINA UN&#8217;ESTATE RADIO&#8230;SA<\/h3>\n<\/blockquote>\n<p><strong><a class=\"dt-pswp-item\" href=\"https:\/\/www.radiopiu.net\/wordpress\/wp-content\/uploads\/2024\/08\/WhatsApp-Image-2024-08-02-at-15.14.11-4.jpeg\" data-dt-img-description=\"\" data-large_image_width=\"1600\" data-large_image_height=\"1047\"><img loading=\"lazy\" decoding=\"async\" class=\"size-medium wp-image-403007 alignleft\" src=\"https:\/\/www.radiopiu.net\/wordpress\/wp-content\/uploads\/2024\/08\/WhatsApp-Image-2024-08-02-at-15.14.11-4-300x196.jpeg\" alt=\"\" width=\"300\" height=\"196\" srcset=\"https:\/\/www.radiopiu.net\/wordpress\/wp-content\/uploads\/2024\/08\/WhatsApp-Image-2024-08-02-at-15.14.11-4-300x196.jpeg 300w, https:\/\/www.radiopiu.net\/wordpress\/wp-content\/uploads\/2024\/08\/WhatsApp-Image-2024-08-02-at-15.14.11-4-1024x670.jpeg 1024w, https:\/\/www.radiopiu.net\/wordpress\/wp-content\/uploads\/2024\/08\/WhatsApp-Image-2024-08-02-at-15.14.11-4-768x503.jpeg 768w, https:\/\/www.radiopiu.net\/wordpress\/wp-content\/uploads\/2024\/08\/WhatsApp-Image-2024-08-02-at-15.14.11-4-1536x1005.jpeg 1536w, https:\/\/www.radiopiu.net\/wordpress\/wp-content\/uploads\/2024\/08\/WhatsApp-Image-2024-08-02-at-15.14.11-4.jpeg 1600w\" sizes=\"auto, (max-width: 300px) 100vw, 300px\" \/><\/a>Cent&#8217;anni di Radio in Mostra a Valle Imperina<\/strong><\/p>\n<p>Dal 1923, anno della prima trasmissione dell\u2019EIAR, sono passati oltre cento anni dalla nascita della radio, un mezzo che ha profondamente influenzato la comunicazione globale. Adattandosi ai cambiamenti tecnologici e sociali, la radio ha evoluto il suo panorama, da EIAR e Rai a radio web moderne. Per celebrare questo secolo di innovazioni, Botol Group e Radio Pi\u00f9 hanno organizzato una mostra dedicata nella suggestiva Valle Imperina, vicino ad Agordo.<\/p>\n<p><strong>&#8220;Risuona&#8221; &#8211; La Mostra<\/strong><\/p>\n<p>Offre un viaggio attraverso l\u2019evoluzione della radio, dai primi apparecchi a valvole ai moderni dispositivi digitali. Oltre alla tecnologia, si esplora l&#8217;impatto sociale e culturale della radio tramite immagini, documenti d\u2019epoca e testimonianze.<\/p>\n<p><strong><a class=\"dt-pswp-item\" href=\"https:\/\/www.radiopiu.net\/wordpress\/wp-content\/uploads\/2024\/08\/WhatsApp-Image-2024-08-02-at-15.14.11-1.jpeg\" data-dt-img-description=\"\" data-large_image_width=\"1600\" data-large_image_height=\"966\"><img loading=\"lazy\" decoding=\"async\" class=\"size-medium wp-image-403004 alignright\" src=\"https:\/\/www.radiopiu.net\/wordpress\/wp-content\/uploads\/2024\/08\/WhatsApp-Image-2024-08-02-at-15.14.11-1-300x181.jpeg\" alt=\"\" width=\"300\" height=\"181\" srcset=\"https:\/\/www.radiopiu.net\/wordpress\/wp-content\/uploads\/2024\/08\/WhatsApp-Image-2024-08-02-at-15.14.11-1-300x181.jpeg 300w, https:\/\/www.radiopiu.net\/wordpress\/wp-content\/uploads\/2024\/08\/WhatsApp-Image-2024-08-02-at-15.14.11-1-1024x618.jpeg 1024w, https:\/\/www.radiopiu.net\/wordpress\/wp-content\/uploads\/2024\/08\/WhatsApp-Image-2024-08-02-at-15.14.11-1-768x464.jpeg 768w, https:\/\/www.radiopiu.net\/wordpress\/wp-content\/uploads\/2024\/08\/WhatsApp-Image-2024-08-02-at-15.14.11-1-1536x927.jpeg 1536w, https:\/\/www.radiopiu.net\/wordpress\/wp-content\/uploads\/2024\/08\/WhatsApp-Image-2024-08-02-at-15.14.11-1.jpeg 1600w\" sizes=\"auto, (max-width: 300px) 100vw, 300px\" \/><\/a>Gli Espositori<\/strong><\/p>\n<p><strong>Franco Ben<\/strong>, fin da giovane, ha sviluppato una passione per la radio smontando e collezionando apparecchi, oggi esposti in Valle Imperina. <strong>Ivano Benvegn\u00f9<\/strong> arricchisce la mostra con la sua vasta collezione di radio d\u2019epoca anche acquistate nei mercatini.<strong> Mirko Mezzacasa<\/strong> ha trasformato la sede di Radio Pi\u00f9 in un museo, ora parzialmente trasferito ai locali del Gruppo Botol, rendendo la sua passione per la radio un impegno di vita.<\/p>\n<p><strong>Il Sito: 600 Anni di Storia e Umanit\u00e0<\/strong><\/p>\n<p>La Miniera di Valle Imperina, nel cuore delle Dolomiti Bellunesi, \u00e8 un importante sito storico industriale. Un tempo fulcro dell\u2019industria mineraria del rame, ora, grazie al Gruppo Botol, sta vivendo una nuova vita come attrazione turistica culturale e mineraria. Questo progetto non solo promuove il turismo, ma preserva anche il patrimonio culturale e umano della Valle, rispondendo all\u2019interesse crescente per i siti industriali storici.<\/p>\n<div class=\"flex flex-grow flex-col max-w-full\">\n<div class=\"min-h-[20px] text-message flex w-full flex-col items-end gap-2 whitespace-pre-wrap break-words [.text-message+&amp;]:mt-5 overflow-x-auto\" dir=\"auto\" data-message-author-role=\"assistant\" data-message-id=\"1c257bd9-274a-478a-a1ed-c080af743465\">\n<div class=\"flex w-full flex-col gap-1 empty:hidden first:pt-[3px]\">\n<div class=\"markdown prose w-full break-words dark:prose-invert dark\">\n<blockquote><p>&nbsp;<\/p><\/blockquote>\n<\/div>\n<\/div>\n<\/div>\n<\/div>\n<hr \/>\n<p>&nbsp;<\/p>\n<blockquote>\n<h3>DAGDA CELTIC FEST: Un Tuffo nel Passato Celtico<\/h3>\n<\/blockquote>\n<p><strong><a class=\"dt-pswp-item\" href=\"https:\/\/www.radiopiu.net\/wordpress\/wp-content\/uploads\/2024\/07\/ee0e70bf-b574-49f2-beb9-4ad574e937e0-1.jpg\" data-dt-img-description=\"BOCCIODROMO AD AGORDO... L'ESTATE CONTINUA\" data-large_image_width=\"1592\" data-large_image_height=\"2048\"><img loading=\"lazy\" decoding=\"async\" class=\" wp-image-402362 alignleft\" src=\"https:\/\/www.radiopiu.net\/wordpress\/wp-content\/uploads\/2024\/07\/ee0e70bf-b574-49f2-beb9-4ad574e937e0-1-233x300.jpg\" alt=\"\" width=\"135\" height=\"174\" srcset=\"https:\/\/www.radiopiu.net\/wordpress\/wp-content\/uploads\/2024\/07\/ee0e70bf-b574-49f2-beb9-4ad574e937e0-1-233x300.jpg 233w, https:\/\/www.radiopiu.net\/wordpress\/wp-content\/uploads\/2024\/07\/ee0e70bf-b574-49f2-beb9-4ad574e937e0-1-796x1024.jpg 796w, https:\/\/www.radiopiu.net\/wordpress\/wp-content\/uploads\/2024\/07\/ee0e70bf-b574-49f2-beb9-4ad574e937e0-1-768x988.jpg 768w, https:\/\/www.radiopiu.net\/wordpress\/wp-content\/uploads\/2024\/07\/ee0e70bf-b574-49f2-beb9-4ad574e937e0-1-1194x1536.jpg 1194w, https:\/\/www.radiopiu.net\/wordpress\/wp-content\/uploads\/2024\/07\/ee0e70bf-b574-49f2-beb9-4ad574e937e0-1.jpg 1592w\" sizes=\"auto, (max-width: 135px) 100vw, 135px\" \/><\/a>AGORDO<\/strong> I grandi eventi al Parco Giochi e bar al bocciodromo di via Paganini ad Agordo<\/p>\n<p><em>30\/31 agosto \/ 1 settembre \u2013 2024 Il <strong>DAGDA CELTIC FEST<\/strong>, Anno 0, \u00e8 pronto a trasportare i visitatori indietro nel tempo, in un viaggio immersivo nella vita degli antichi Celti. Organizzato dal <strong>Clan Trumusio<\/strong>, il festival offrir\u00e0 tre giorni di giochi, didattica e curiosit\u00e0 nel suggestivo campo storico, dando vita a un\u2019esperienza indimenticabile. Il <strong>DAGDA CELTIC FEST<\/strong> \u00e8 un\u2019occasione unica per immergersi nella cultura e nelle tradizioni celtiche, grazie alla ricca programmazione e alla partecipazione di esperti. Con attivit\u00e0 per tutte le et\u00e0 e gusti, l&#8217;evento promette di essere un\u2019esperienza memorabile per chiunque desideri esplorare il mondo dei Celti. Non mancate a questo viaggio nel tempo, dove la storia prende vita attraverso musica, giochi, artigianato e riti antichi.\u00a0<\/em><\/p>\n<p>&nbsp;<\/p>\n<p>&nbsp;<\/p>\n<hr \/>\n<p>&nbsp;<\/p>\n<blockquote>\n<h3>LA SETTIMANA MUSICALE AL TEATRO DINO BUZZATI DI BELLUNO<\/h3>\n<\/blockquote>\n<p><strong><a class=\"dt-pswp-item\" href=\"https:\/\/www.radiopiu.net\/wordpress\/wp-content\/uploads\/2021\/05\/foto-comunale.jpg\" data-dt-img-description=\"\" data-large_image_width=\"1600\" data-large_image_height=\"1237\"><img loading=\"lazy\" decoding=\"async\" class=\" wp-image-210486 alignleft\" src=\"https:\/\/www.radiopiu.net\/wordpress\/wp-content\/uploads\/2021\/05\/foto-comunale-300x232.jpg\" alt=\"\" width=\"203\" height=\"157\" srcset=\"https:\/\/www.radiopiu.net\/wordpress\/wp-content\/uploads\/2021\/05\/foto-comunale-300x232.jpg 300w, https:\/\/www.radiopiu.net\/wordpress\/wp-content\/uploads\/2021\/05\/foto-comunale-1024x792.jpg 1024w, https:\/\/www.radiopiu.net\/wordpress\/wp-content\/uploads\/2021\/05\/foto-comunale-768x594.jpg 768w, https:\/\/www.radiopiu.net\/wordpress\/wp-content\/uploads\/2021\/05\/foto-comunale-1536x1188.jpg 1536w, https:\/\/www.radiopiu.net\/wordpress\/wp-content\/uploads\/2021\/05\/foto-comunale.jpg 1600w\" sizes=\"auto, (max-width: 203px) 100vw, 203px\" \/><\/a>BELLUNO<\/strong> Dal 1 all&#8217;8 settembre 2024, il Teatro \u201cDino Buzzati\u201d di Belluno ospiter\u00e0 la seconda edizione della &#8220;Settimana Musicale&#8221;, un evento dedicato alla musica classica con concerti e masterclass tenuti da musicisti di fama internazionale. L&#8217;evento inaugurer\u00e0 il 1 settembre alle 18 con un concerto che vedr\u00e0 esibirsi i violinisti Kyoko Takezawa e Giovanni Radivo, accompagnati da altri musicisti di spicco, con un programma che include il trio op. 8 di Brahms e il quintetto op. 44 di Schumann. Il ricavato sar\u00e0 devoluto a \u201cCasa tua Due\u201d. Durante la settimana, si terranno masterclass con allievi internazionali e altri concerti, tra cui uno gratuito della pianista Anisa Dazhaeva il 4 settembre. Il 7 settembre, gli allievi delle masterclass si esibiranno in un concerto-maratona, mentre l&#8217;8 settembre il ciclo si concluder\u00e0 con un concerto di Kyoko Takezawa e Edoardo Maria Strabbioli. L&#8217;iniziativa \u00e8 organizzata in collaborazione con diverse istituzioni locali.<\/p>\n<p>&nbsp;<\/p>\n<p>&nbsp;<\/p>\n<hr \/>\n<p>&nbsp;<\/p>\n<blockquote>\n<h3><a class=\"dt-pswp-item\" href=\"https:\/\/www.radiopiu.net\/wordpress\/wp-content\/uploads\/2024\/08\/POST-CRISANTI-5-9.jpg\" data-dt-img-description=\"\" data-large_image_width=\"1414\" data-large_image_height=\"2000\"><img loading=\"lazy\" decoding=\"async\" class=\" wp-image-406583 alignleft\" src=\"https:\/\/www.radiopiu.net\/wordpress\/wp-content\/uploads\/2024\/08\/POST-CRISANTI-5-9-212x300.jpg\" alt=\"\" width=\"134\" height=\"190\" srcset=\"https:\/\/www.radiopiu.net\/wordpress\/wp-content\/uploads\/2024\/08\/POST-CRISANTI-5-9-212x300.jpg 212w, https:\/\/www.radiopiu.net\/wordpress\/wp-content\/uploads\/2024\/08\/POST-CRISANTI-5-9-724x1024.jpg 724w, https:\/\/www.radiopiu.net\/wordpress\/wp-content\/uploads\/2024\/08\/POST-CRISANTI-5-9-768x1086.jpg 768w, https:\/\/www.radiopiu.net\/wordpress\/wp-content\/uploads\/2024\/08\/POST-CRISANTI-5-9-1086x1536.jpg 1086w, https:\/\/www.radiopiu.net\/wordpress\/wp-content\/uploads\/2024\/08\/POST-CRISANTI-5-9.jpg 1414w\" sizes=\"auto, (max-width: 134px) 100vw, 134px\" \/><\/a>UN INCONTRO A FELTRE PER PARLARE DI SANITA&#8217; PUBBLICA<\/h3>\n<\/blockquote>\n<p><strong>FELTRE<\/strong> La Sanit\u00e0 Pubblica Italiana sta affrontando una fase critica, con il rapporto della spesa sanitaria rispetto al PIL che si prevede rimarr\u00e0 al di sotto della media UE e OCSE (7,1%) nei prossimi anni. Dal 1990, con la seconda riforma del sistema sanitario, la sanit\u00e0 \u00e8 stata sempre pi\u00f9 orientata al mercato, con un focus sull&#8217;efficienza economica piuttosto che sulla dimensione collettiva e democratica. Questo ha favorito la crescita della sanit\u00e0 privata, che prioritizza il profitto a scapito della cura, causando difficolt\u00e0 di accesso ai servizi pubblici e rinunce alle cure per molti italiani. Un incontro con esperti discuter\u00e0 queste tematiche, inclusa la carenza di medici di base e le risposte delle comunit\u00e0 locali. L&#8217;appuntamento il 5 settembre in sala Ocri alle 20:15<\/p>\n<p>&nbsp;<\/p>\n<hr \/>\n<p>&nbsp;<\/p>\n<h1 class=\"gdlr-blog-title\"><a class=\"dt-pswp-item\" href=\"https:\/\/www.radiopiu.net\/wordpress\/wp-content\/uploads\/2024\/08\/WhatsApp-Image-2024-08-28-at-16.44.36-768x1024-1.jpg\" data-dt-img-description=\"\" data-large_image_width=\"768\" data-large_image_height=\"1024\"><img loading=\"lazy\" decoding=\"async\" class=\"wp-image-407380 alignleft\" src=\"https:\/\/www.radiopiu.net\/wordpress\/wp-content\/uploads\/2024\/08\/WhatsApp-Image-2024-08-28-at-16.44.36-768x1024-1-225x300.jpg\" alt=\"\" width=\"153\" height=\"204\" srcset=\"https:\/\/www.radiopiu.net\/wordpress\/wp-content\/uploads\/2024\/08\/WhatsApp-Image-2024-08-28-at-16.44.36-768x1024-1-225x300.jpg 225w, https:\/\/www.radiopiu.net\/wordpress\/wp-content\/uploads\/2024\/08\/WhatsApp-Image-2024-08-28-at-16.44.36-768x1024-1.jpg 768w\" sizes=\"auto, (max-width: 153px) 100vw, 153px\" \/><\/a>Le Muse e le Dolomiti cercano un nuovo collaboratore<\/h1>\n<div class=\"gdlr-blog-info gdlr-info\">\n<p><em>&#8220;Dopo quattro anni di stretta collaborazione e crescita assieme, la nostra collaboratrice Elisa ci lascia per seguire progetti e sogni nuovi&#8221;. <\/em>L&#8217;associazione cerca dunque un nuovo collaboratore \/ una nuova collaboratrice negli ambiti dell\u2019amministrazione e della produzione artistica, per una media di 10 ore a settimana. Appello rivolto\u00a0 a persone residenti nella zona operativa interregionale \u201cnucleo\u201d dell\u2019Associazione: Agordino, Fiemme e Fassa. Per tutti i dettagli (descrizione compiti,\u00a0profilo richiesto, indicazioni per la modalit\u00e0 di candidarsi e altro),\u00a0<a href=\"https:\/\/www.musedolomiti.it\/wp-content\/uploads\/2024\/08\/MuseDolomiti_AperturaCollaboratore2024.pdf\" target=\"_blank\" rel=\"noopener\">scarica qui l\u2019annuncio in pdf.<\/a><\/p>\n<p><strong>Le candidature saranno accettate fino a marted\u00ec sera 10 settembre 2024. <\/strong>Per info o dubbi: 342 9147711.<\/p>\n<\/div>\n<p>&nbsp;<\/p>\n<p>&nbsp;<\/p>\n<p>&nbsp;<\/p>\n<hr \/>\n<p>&nbsp;<\/p>\n<blockquote>\n<h3>TRA LE CHINE DELLA SCHIARA<\/h3>\n<\/blockquote>\n<p><strong>BELLUNO<\/strong> Il ciclo di incontri &#8220;Tra le chine della Schiara&#8221; prosegue dopo il successo del primo appuntamento, organizzato dal Parco Nazionale Dolomiti Bellunesi in collaborazione con i rifugi Bianchet, 7\u00b0 Alpini e Pian de Fontana. Durante tre giornate, i partecipanti esploreranno i sentieri della Schiara, con racconti di Luca Sovilla e disegni in china di Marco Dall\u2019Armi. Gli incontri nei rifugi sono gratuiti e aperti a tutti, mentre le escursioni guidate gratuite richiedono prenotazione per un massimo di 25 persone. Il prossimo evento si terr\u00e0 il 31 agosto al rifugio 7\u00b0 Alpini.<\/p>\n<p>&nbsp;<\/p>\n<p>&nbsp;<\/p>\n<hr \/>\n<p>&nbsp;<\/p>\n<blockquote>\n<h3>POM&amp;PER A MOLDOI DE SOSPIROI<\/h3>\n<\/blockquote>\n<p><strong>SOSPIROLO<\/strong> Domenica, nella splendida Villa Sandi-Zasso di Moldoi a Sospirolo, si terr\u00e0 l&#8217;evento &#8220;Pom &amp; Per a Moldoi de Sospiroi&#8221;, organizzato dalla Pro loco &#8220;Monti del Sole&#8221; con il patrocinio del Comune di Sospirolo. La giornata prevede una vasta esposizione di prodotti ortofrutticoli e artigianato, mostre, un convegno sullo zafferano delle Dolomiti con Lidia Maoret, visite guidate alle colture e alla villa, giochi tradizionali, e la proiezione di docufilm del Bio Film Festival. Il gran finale sar\u00e0 un concerto con il compositore Luca Musolesi e la flautista Stefania Ippolito. L\u2019evento \u00e8 dedicato alla memoria di Carlo Zasso, agronomo e amministratore pubblico.<\/p>\n\n\t\t\t<style type='text\/css'>\n\t\t\t\t#gallery-5 {\n\t\t\t\t\tmargin: auto;\n\t\t\t\t}\n\t\t\t\t#gallery-5 .gallery-item {\n\t\t\t\t\tfloat: left;\n\t\t\t\t\tmargin-top: 10px;\n\t\t\t\t\ttext-align: center;\n\t\t\t\t\twidth: 50%;\n\t\t\t\t}\n\t\t\t\t#gallery-5 img {\n\t\t\t\t\tborder: 2px solid #cfcfcf;\n\t\t\t\t}\n\t\t\t\t#gallery-5 .gallery-caption {\n\t\t\t\t\tmargin-left: 0;\n\t\t\t\t}\n\t\t\t\t\/* see gallery_shortcode() in wp-includes\/media.php *\/\n\t\t\t<\/style>\n\t\t<div id='gallery-5' class='dt-gallery-container gallery galleryid-407287 gallery-columns-2 gallery-size-medium'><dl class='gallery-item'>\n\t\t\t\t<dt class='gallery-icon landscape'>\n\t\t\t\t\t<a class=\"rollover rollover-zoom dt-pswp-item\" title=\"1\" data-dt-img-description=\"\" data-large_image_width=\"1102\" data-large_image_height=\"726\"href='https:\/\/www.radiopiu.net\/wordpress\/wp-content\/uploads\/2024\/08\/1.png'><img loading=\"lazy\" decoding=\"async\" width=\"300\" height=\"198\" src=\"https:\/\/www.radiopiu.net\/wordpress\/wp-content\/uploads\/2024\/08\/1-300x198.png\" class=\"attachment-medium size-medium\" alt=\"\" srcset=\"https:\/\/www.radiopiu.net\/wordpress\/wp-content\/uploads\/2024\/08\/1-300x198.png 300w, https:\/\/www.radiopiu.net\/wordpress\/wp-content\/uploads\/2024\/08\/1-1024x675.png 1024w, https:\/\/www.radiopiu.net\/wordpress\/wp-content\/uploads\/2024\/08\/1-768x506.png 768w, https:\/\/www.radiopiu.net\/wordpress\/wp-content\/uploads\/2024\/08\/1.png 1102w\" sizes=\"auto, (max-width: 300px) 100vw, 300px\" \/><\/a>\n\t\t\t\t<\/dt><\/dl><dl class='gallery-item'>\n\t\t\t\t<dt class='gallery-icon landscape'>\n\t\t\t\t\t<a class=\"rollover rollover-zoom dt-pswp-item\" title=\"2\" data-dt-img-description=\"\" data-large_image_width=\"1083\" data-large_image_height=\"713\"href='https:\/\/www.radiopiu.net\/wordpress\/wp-content\/uploads\/2024\/08\/2.png'><img loading=\"lazy\" decoding=\"async\" width=\"300\" height=\"198\" src=\"https:\/\/www.radiopiu.net\/wordpress\/wp-content\/uploads\/2024\/08\/2-300x198.png\" class=\"attachment-medium size-medium\" alt=\"\" srcset=\"https:\/\/www.radiopiu.net\/wordpress\/wp-content\/uploads\/2024\/08\/2-300x198.png 300w, https:\/\/www.radiopiu.net\/wordpress\/wp-content\/uploads\/2024\/08\/2-1024x674.png 1024w, https:\/\/www.radiopiu.net\/wordpress\/wp-content\/uploads\/2024\/08\/2-768x506.png 768w, https:\/\/www.radiopiu.net\/wordpress\/wp-content\/uploads\/2024\/08\/2.png 1083w\" sizes=\"auto, (max-width: 300px) 100vw, 300px\" \/><\/a>\n\t\t\t\t<\/dt><\/dl><br style=\"clear: both\" \/>\n\t\t\t<\/div>\n\n<p>&nbsp;<\/p>\n<p>&nbsp;<\/p>\n<hr \/>\n<p><strong><span style=\"color: #ff0000;\">\u00a0<\/span><\/strong><\/p>\n<blockquote><p><strong><span style=\"color: #ff0000;\">TRAMONTO AL CHERZ CON CENA<\/span><\/strong><\/p><\/blockquote>\n<p><strong>AGORDO<\/strong> La sezione agordina del Cai per domani ha organizzato un&#8217;escursione (alpinismo giovanile) sull&#8217;altopiano del Cherz, alle 15 ritrovo ad Agordo, 16.15 inizio escursione da Passo Campolongo, in serata cena tipica allHotel Monte Cherz. Accompagnatrice Giuliana Da Ronch<\/p>\n<p>&nbsp;<\/p>\n<p>&nbsp;<\/p>\n<hr \/>\n<p>&nbsp;<\/p>\n<h3>\u00a0VISITE GUIDATE<\/h3>\n<p>Due appuntamenti con CammiNaturAmbiente di Anacleto Boranga. Sabato 31 Agre ed antico ospizio all&#8217;imbocco della Val Pegolera. Info 0437 948093<\/p>\n\n\t\t\t<style type='text\/css'>\n\t\t\t\t#gallery-6 {\n\t\t\t\t\tmargin: auto;\n\t\t\t\t}\n\t\t\t\t#gallery-6 .gallery-item {\n\t\t\t\t\tfloat: left;\n\t\t\t\t\tmargin-top: 10px;\n\t\t\t\t\ttext-align: center;\n\t\t\t\t\twidth: 33%;\n\t\t\t\t}\n\t\t\t\t#gallery-6 img {\n\t\t\t\t\tborder: 2px solid #cfcfcf;\n\t\t\t\t}\n\t\t\t\t#gallery-6 .gallery-caption {\n\t\t\t\t\tmargin-left: 0;\n\t\t\t\t}\n\t\t\t\t\/* see gallery_shortcode() in wp-includes\/media.php *\/\n\t\t\t<\/style>\n\t\t<div id='gallery-6' class='dt-gallery-container gallery galleryid-407287 gallery-columns-3 gallery-size-thumbnail'><dl class='gallery-item'>\n\t\t\t\t<dt class='gallery-icon portrait'>\n\t\t\t\t\t<a class=\"rollover rollover-zoom dt-pswp-item\" title=\"volantino\" data-dt-img-description=\"\" data-large_image_width=\"1328\" data-large_image_height=\"1903\"href='https:\/\/www.radiopiu.net\/wordpress\/wp-content\/uploads\/2024\/08\/volantino.jpg'><img loading=\"lazy\" decoding=\"async\" width=\"150\" height=\"150\" src=\"https:\/\/www.radiopiu.net\/wordpress\/wp-content\/uploads\/2024\/08\/volantino-150x150.jpg\" class=\"attachment-thumbnail size-thumbnail\" alt=\"\" \/><\/a>\n\t\t\t\t<\/dt><\/dl><dl class='gallery-item'>\n\t\t\t\t<dt class='gallery-icon landscape'>\n\t\t\t\t\t<a class=\"rollover rollover-zoom dt-pswp-item\" title=\"Caglieron selez\" data-dt-img-description=\"\" data-large_image_width=\"1264\" data-large_image_height=\"948\"href='https:\/\/www.radiopiu.net\/wordpress\/wp-content\/uploads\/2024\/08\/Caglieron-selez.jpg'><img loading=\"lazy\" decoding=\"async\" width=\"150\" height=\"150\" src=\"https:\/\/www.radiopiu.net\/wordpress\/wp-content\/uploads\/2024\/08\/Caglieron-selez-150x150.jpg\" class=\"attachment-thumbnail size-thumbnail\" alt=\"\" \/><\/a>\n\t\t\t\t<\/dt><\/dl><dl class='gallery-item'>\n\t\t\t\t<dt class='gallery-icon landscape'>\n\t\t\t\t\t<a class=\"rollover rollover-zoom dt-pswp-item\" title=\"Acero camp - Agre (3)\" data-dt-img-description=\"\" data-large_image_width=\"848\" data-large_image_height=\"636\"href='https:\/\/www.radiopiu.net\/wordpress\/wp-content\/uploads\/2024\/08\/Acero-camp-Agre-3.jpg'><img loading=\"lazy\" decoding=\"async\" width=\"150\" height=\"150\" src=\"https:\/\/www.radiopiu.net\/wordpress\/wp-content\/uploads\/2024\/08\/Acero-camp-Agre-3-150x150.jpg\" class=\"attachment-thumbnail size-thumbnail\" alt=\"\" \/><\/a>\n\t\t\t\t<\/dt><\/dl><br style=\"clear: both\" \/>\n\t\t\t<\/div>\n\n<p>&nbsp;<\/p>\n<p>&nbsp;<\/p>\n<hr \/>\n<p>&nbsp;<\/p>\n<h2><strong><span style=\"color: #ff0000;\">L&#8217;OPINIONE&#8230;DI FRANCO PIACENTINI<\/span><\/strong><\/h2>\n<p>Il fine agosto 2024 sar\u00e0 tristemente ricordato per la recente contemporanea morte di tre straordinari sindacalisti della CGIL: Ottoviano Del Turco, segretario nazionale CGIL , affianc\u00f2 Luciano Lama; Gino Carlesso, segretario regionale CGIL del Veneto; Elio Maccato, delegato sindacale e militante CGIL Camera del Lavoro Padova. Anche se in ambiti e luoghi diversi, comunque, tra loro c&#8217;\u00e8 stato un forte e convinto legame ideale, che ha unito il loro impegno sindacale CGIL. Tutti tre nella (ex) componente socialista. Molti iscritti, delegati e dirigenti CGIL, di quella componente sindacale socialista, riformista e progressista, si riconoscevano nei valori costituzionali di Riccardo Lombardi. Anche a questi tre &#8220;compagni&#8221; CGIL (Ottoviano &#8211; Gino &#8211; Elio) un grande ringraziamento per il loro importante impegno sui versanti dei diritti delle lavoratrici e dei lavoratori e delle pensionate e dei pensionati.<\/p>\n<p>&nbsp;<\/p>\n<p>&nbsp;<\/p>\n<hr \/>\n<p>&nbsp;<\/p>\n<h2><span style=\"color: #ff6600;\">ALLA RADIO\u00a0<\/span><\/h2>\n<h2><span style=\"color: #99cc00;\">TORNA LA FESTA DELL&#8217;ORZO E DELLA BIRRA ARTIGIANALE A SAN TOMASO<\/span><\/h2>\n<p><strong><a class=\"dt-pswp-item\" href=\"https:\/\/www.radiopiu.net\/wordpress\/wp-content\/uploads\/2024\/08\/10.jpg\" data-dt-img-description=\"\" data-large_image_width=\"1158\" data-large_image_height=\"1600\"><img loading=\"lazy\" decoding=\"async\" class=\" wp-image-407177 alignleft\" src=\"https:\/\/www.radiopiu.net\/wordpress\/wp-content\/uploads\/2024\/08\/10-217x300.jpg\" alt=\"\" width=\"122\" height=\"169\" srcset=\"https:\/\/www.radiopiu.net\/wordpress\/wp-content\/uploads\/2024\/08\/10-217x300.jpg 217w, https:\/\/www.radiopiu.net\/wordpress\/wp-content\/uploads\/2024\/08\/10-741x1024.jpg 741w, https:\/\/www.radiopiu.net\/wordpress\/wp-content\/uploads\/2024\/08\/10-768x1061.jpg 768w, https:\/\/www.radiopiu.net\/wordpress\/wp-content\/uploads\/2024\/08\/10-1112x1536.jpg 1112w, https:\/\/www.radiopiu.net\/wordpress\/wp-content\/uploads\/2024\/08\/10.jpg 1158w\" sizes=\"auto, (max-width: 122px) 100vw, 122px\" \/><\/a>DI MIRKO MEZZACASA<\/strong><\/p>\n<p>OSPITI: Moreno De Val e Jos\u00e8 Gaiardo<\/p>\n<audio class=\"wp-audio-shortcode\" id=\"audio-407287-10\" preload=\"none\" style=\"width: 100%;\" controls=\"controls\"><source type=\"audio\/mpeg\" src=\"https:\/\/www.radiopiu.net\/wordpress\/wp-content\/uploads\/2024\/08\/san-tomaso-2024-festa.mp3?_=10\" \/><a href=\"https:\/\/www.radiopiu.net\/wordpress\/wp-content\/uploads\/2024\/08\/san-tomaso-2024-festa.mp3\">https:\/\/www.radiopiu.net\/wordpress\/wp-content\/uploads\/2024\/08\/san-tomaso-2024-festa.mp3<\/a><\/audio>\n<p>&nbsp;<\/p>\n<hr \/>\n<p>&nbsp;<\/p>\n<h2><span style=\"color: #ff00ff;\">TIME 4 ME&#8230;CON RASPA<\/span><\/h2>\n<p><strong><a class=\"dt-pswp-item\" href=\"https:\/\/www.radiopiu.net\/wordpress\/wp-content\/uploads\/2024\/08\/88ab367a-83a6-4e06-8866-0394dca8c7aa.jpg\" data-dt-img-description=\"\" data-large_image_width=\"1080\" data-large_image_height=\"1159\"><img loading=\"lazy\" decoding=\"async\" class=\" wp-image-407235 alignleft\" src=\"https:\/\/www.radiopiu.net\/wordpress\/wp-content\/uploads\/2024\/08\/88ab367a-83a6-4e06-8866-0394dca8c7aa-280x300.jpg\" alt=\"\" width=\"198\" height=\"212\" srcset=\"https:\/\/www.radiopiu.net\/wordpress\/wp-content\/uploads\/2024\/08\/88ab367a-83a6-4e06-8866-0394dca8c7aa-280x300.jpg 280w, https:\/\/www.radiopiu.net\/wordpress\/wp-content\/uploads\/2024\/08\/88ab367a-83a6-4e06-8866-0394dca8c7aa-954x1024.jpg 954w, https:\/\/www.radiopiu.net\/wordpress\/wp-content\/uploads\/2024\/08\/88ab367a-83a6-4e06-8866-0394dca8c7aa-768x824.jpg 768w, https:\/\/www.radiopiu.net\/wordpress\/wp-content\/uploads\/2024\/08\/88ab367a-83a6-4e06-8866-0394dca8c7aa.jpg 1080w\" sizes=\"auto, (max-width: 198px) 100vw, 198px\" \/><\/a>DI MARINA DONA&#8217;<\/strong><\/p>\n<p>OSPITE: Raspa<\/p>\n<p>PRIMA PARTE<\/p>\n<audio class=\"wp-audio-shortcode\" id=\"audio-407287-11\" preload=\"none\" style=\"width: 100%;\" controls=\"controls\"><source type=\"audio\/mpeg\" src=\"https:\/\/www.radiopiu.net\/wordpress\/wp-content\/uploads\/2024\/08\/TIME1-2.mp3?_=11\" \/><a href=\"https:\/\/www.radiopiu.net\/wordpress\/wp-content\/uploads\/2024\/08\/TIME1-2.mp3\">https:\/\/www.radiopiu.net\/wordpress\/wp-content\/uploads\/2024\/08\/TIME1-2.mp3<\/a><\/audio>\n<p>&nbsp;<\/p>\n<p>SECONDA PARTE<\/p>\n<audio class=\"wp-audio-shortcode\" id=\"audio-407287-12\" preload=\"none\" style=\"width: 100%;\" controls=\"controls\"><source type=\"audio\/mpeg\" src=\"https:\/\/www.radiopiu.net\/wordpress\/wp-content\/uploads\/2024\/08\/TIME2-2.mp3?_=12\" \/><a href=\"https:\/\/www.radiopiu.net\/wordpress\/wp-content\/uploads\/2024\/08\/TIME2-2.mp3\">https:\/\/www.radiopiu.net\/wordpress\/wp-content\/uploads\/2024\/08\/TIME2-2.mp3<\/a><\/audio>\n<p>&nbsp;<\/p>\n<p>TERZA PARTE<\/p>\n<audio class=\"wp-audio-shortcode\" id=\"audio-407287-13\" preload=\"none\" style=\"width: 100%;\" controls=\"controls\"><source type=\"audio\/mpeg\" src=\"https:\/\/www.radiopiu.net\/wordpress\/wp-content\/uploads\/2024\/08\/TIME3-2.mp3?_=13\" \/><a href=\"https:\/\/www.radiopiu.net\/wordpress\/wp-content\/uploads\/2024\/08\/TIME3-2.mp3\">https:\/\/www.radiopiu.net\/wordpress\/wp-content\/uploads\/2024\/08\/TIME3-2.mp3<\/a><\/audio>\n<p>&nbsp;<\/p>\n<hr \/>\n<p>&nbsp;<\/p>\n<h2><span style=\"color: #993366;\"><a class=\"dt-pswp-item\" href=\"https:\/\/www.radiopiu.net\/wordpress\/wp-content\/uploads\/2024\/06\/c2f4f425-e175-4bc7-918a-e3d1330c6c31.jpg\" data-dt-img-description=\"\" data-large_image_width=\"1080\" data-large_image_height=\"907\"><img loading=\"lazy\" decoding=\"async\" class=\" wp-image-393091 alignleft\" src=\"https:\/\/www.radiopiu.net\/wordpress\/wp-content\/uploads\/2024\/06\/c2f4f425-e175-4bc7-918a-e3d1330c6c31-300x252.jpg\" alt=\"\" width=\"119\" height=\"100\" srcset=\"https:\/\/www.radiopiu.net\/wordpress\/wp-content\/uploads\/2024\/06\/c2f4f425-e175-4bc7-918a-e3d1330c6c31-300x252.jpg 300w, https:\/\/www.radiopiu.net\/wordpress\/wp-content\/uploads\/2024\/06\/c2f4f425-e175-4bc7-918a-e3d1330c6c31-1024x860.jpg 1024w, https:\/\/www.radiopiu.net\/wordpress\/wp-content\/uploads\/2024\/06\/c2f4f425-e175-4bc7-918a-e3d1330c6c31-768x645.jpg 768w, https:\/\/www.radiopiu.net\/wordpress\/wp-content\/uploads\/2024\/06\/c2f4f425-e175-4bc7-918a-e3d1330c6c31.jpg 1080w\" sizes=\"auto, (max-width: 119px) 100vw, 119px\" \/><\/a><span style=\"color: #808000;\">ZAINO DA VIAGGIO AL FEMMINILE<\/span><\/span><\/h2>\n<p><strong>IL PROGRAMMA DI PAOLA LANCIATO<\/strong><\/p>\n<p>23\u00b0 PUNTATA: LE CINQUE TERRE<\/p>\n<blockquote class=\"wp-embedded-content\" data-secret=\"8b5iaTrZRr\"><p><a href=\"https:\/\/www.radiopiu.net\/wordpress\/zaino-femminile-lanciato\/\">Zaino da viaggio al femminile<\/a><\/p><\/blockquote>\n<p><iframe loading=\"lazy\" class=\"wp-embedded-content\" sandbox=\"allow-scripts\" security=\"restricted\" style=\"position: absolute; visibility: hidden;\" title=\"&#8220;Zaino da viaggio al femminile&#8221; &#8212; Radio Pi\u00f9\" src=\"https:\/\/www.radiopiu.net\/wordpress\/zaino-femminile-lanciato\/embed\/#?secret=e9OFQOBkmc#?secret=8b5iaTrZRr\" data-secret=\"8b5iaTrZRr\" width=\"600\" height=\"338\" frameborder=\"0\" marginwidth=\"0\" marginheight=\"0\" scrolling=\"no\"><\/iframe><\/p>\n<p>&nbsp;<\/p>\n<hr \/>\n<p>&nbsp;<\/p>\n<blockquote class=\"wp-embedded-content\" data-secret=\"6Tbrpll4Mj\"><p><a href=\"https:\/\/www.radiopiu.net\/wordpress\/pirole-de-lenga-la-parola-del-giorno-a-cura-del-musla-raccolta-completa\/\">PIROLE DE LENGA&#8230; LA PAROLA DEL GIORNO A CURA DEL MUSLA -raccolta completa &#8211;<\/a><\/p><\/blockquote>\n<p><iframe loading=\"lazy\" class=\"wp-embedded-content\" sandbox=\"allow-scripts\" security=\"restricted\" style=\"position: absolute; visibility: hidden;\" title=\"&#8220;PIROLE DE LENGA&#8230; LA PAROLA DEL GIORNO A CURA DEL MUSLA -raccolta completa &#8211;&#8221; &#8212; Radio Pi\u00f9\" src=\"https:\/\/www.radiopiu.net\/wordpress\/pirole-de-lenga-la-parola-del-giorno-a-cura-del-musla-raccolta-completa\/embed\/#?secret=PaoOOaOgde#?secret=6Tbrpll4Mj\" data-secret=\"6Tbrpll4Mj\" width=\"600\" height=\"338\" frameborder=\"0\" marginwidth=\"0\" marginheight=\"0\" scrolling=\"no\"><\/iframe><\/p>\n<p>&nbsp;<\/p>\n<p>&nbsp;<\/p>\n<hr \/>\n<p>&nbsp;<\/p>\n<h2><span style=\"color: #ff0000;\"><a class=\"dt-pswp-item\" href=\"https:\/\/www.radiopiu.net\/wordpress\/wp-content\/uploads\/2018\/09\/appuntamenti.jpeg\" data-dt-img-description=\"\" data-large_image_width=\"800\" data-large_image_height=\"100\"><img loading=\"lazy\" decoding=\"async\" class=\"wp-image-61958 size-full aligncenter\" src=\"https:\/\/www.radiopiu.net\/wordpress\/wp-content\/uploads\/2018\/09\/appuntamenti.jpeg\" alt=\"\" width=\"800\" height=\"100\" srcset=\"https:\/\/www.radiopiu.net\/wordpress\/wp-content\/uploads\/2018\/09\/appuntamenti.jpeg 800w, https:\/\/www.radiopiu.net\/wordpress\/wp-content\/uploads\/2018\/09\/appuntamenti-300x38.jpeg 300w, https:\/\/www.radiopiu.net\/wordpress\/wp-content\/uploads\/2018\/09\/appuntamenti-768x96.jpeg 768w\" sizes=\"auto, (max-width: 800px) 100vw, 800px\" \/><\/a><\/span><\/h2>\n<div>\n<div class=\"\" dir=\"auto\">\n<div id=\":r9h:\" class=\"x1iorvi4 x1pi30zi x1l90r2v x1swvt13\" data-ad-comet-preview=\"message\" data-ad-preview=\"message\">\n\n\t\t\t<style type='text\/css'>\n\t\t\t\t#gallery-7 {\n\t\t\t\t\tmargin: auto;\n\t\t\t\t}\n\t\t\t\t#gallery-7 .gallery-item {\n\t\t\t\t\tfloat: left;\n\t\t\t\t\tmargin-top: 10px;\n\t\t\t\t\ttext-align: center;\n\t\t\t\t\twidth: 25%;\n\t\t\t\t}\n\t\t\t\t#gallery-7 img {\n\t\t\t\t\tborder: 2px solid #cfcfcf;\n\t\t\t\t}\n\t\t\t\t#gallery-7 .gallery-caption {\n\t\t\t\t\tmargin-left: 0;\n\t\t\t\t}\n\t\t\t\t\/* see gallery_shortcode() in wp-includes\/media.php *\/\n\t\t\t<\/style>\n\t\t<div id='gallery-7' class='dt-gallery-container gallery galleryid-407287 gallery-columns-4 gallery-size-thumbnail'><dl class='gallery-item'>\n\t\t\t\t<dt class='gallery-icon portrait'>\n\t\t\t\t\t<a class=\"rollover rollover-zoom dt-pswp-item\" title=\"edd72a1c-4d5d-4172-a401-812a0b77ddb7\" data-dt-img-description=\"\" data-large_image_width=\"1131\" data-large_image_height=\"1600\"href='https:\/\/www.radiopiu.net\/wordpress\/wp-content\/uploads\/2024\/08\/edd72a1c-4d5d-4172-a401-812a0b77ddb7.jpg'><img loading=\"lazy\" decoding=\"async\" width=\"150\" height=\"150\" src=\"https:\/\/www.radiopiu.net\/wordpress\/wp-content\/uploads\/2024\/08\/edd72a1c-4d5d-4172-a401-812a0b77ddb7-150x150.jpg\" class=\"attachment-thumbnail size-thumbnail\" alt=\"\" aria-describedby=\"gallery-7-407104\" \/><\/a>\n\t\t\t\t<\/dt>\n\t\t\t\t\t<dd class='wp-caption-text gallery-caption' id='gallery-7-407104'>\n\t\t\t\t\tSABATO 7 SETTEMBRE BAR DELLE BOCCE, AGORDO\n\t\t\t\t\t<\/dd><\/dl><dl class='gallery-item'>\n\t\t\t\t<dt class='gallery-icon portrait'>\n\t\t\t\t\t<a class=\"rollover rollover-zoom dt-pswp-item\" title=\"0c715370-708d-4e27-bfbc-8f73840fd988\" data-dt-img-description=\"\" data-large_image_width=\"1131\" data-large_image_height=\"1600\"href='https:\/\/www.radiopiu.net\/wordpress\/wp-content\/uploads\/2024\/08\/0c715370-708d-4e27-bfbc-8f73840fd988.jpg'><img loading=\"lazy\" decoding=\"async\" width=\"150\" height=\"150\" src=\"https:\/\/www.radiopiu.net\/wordpress\/wp-content\/uploads\/2024\/08\/0c715370-708d-4e27-bfbc-8f73840fd988-150x150.jpg\" class=\"attachment-thumbnail size-thumbnail\" alt=\"\" aria-describedby=\"gallery-7-407355\" \/><\/a>\n\t\t\t\t<\/dt>\n\t\t\t\t\t<dd class='wp-caption-text gallery-caption' id='gallery-7-407355'>\n\t\t\t\t\tbar parco giochi SABATO 7\n\t\t\t\t\t<\/dd><\/dl><dl class='gallery-item'>\n\t\t\t\t<dt class='gallery-icon portrait'>\n\t\t\t\t\t<a class=\"rollover rollover-zoom dt-pswp-item\" title=\"concorso-copia_compressed\" data-dt-img-description=\"\" data-large_image_width=\"1240\" data-large_image_height=\"1754\"href='https:\/\/www.radiopiu.net\/wordpress\/wp-content\/uploads\/2024\/07\/concorso-copia_compressed.jpg'><img loading=\"lazy\" decoding=\"async\" width=\"150\" height=\"150\" src=\"https:\/\/www.radiopiu.net\/wordpress\/wp-content\/uploads\/2024\/07\/concorso-copia_compressed-150x150.jpg\" class=\"attachment-thumbnail size-thumbnail\" alt=\"\" aria-describedby=\"gallery-7-401805\" \/><\/a>\n\t\t\t\t<\/dt>\n\t\t\t\t\t<dd class='wp-caption-text gallery-caption' id='gallery-7-401805'>\n\t\t\t\t\tIL CONCORSO FOTOGRAFICO\n\t\t\t\t\t<\/dd><\/dl><dl class='gallery-item'>\n\t\t\t\t<dt class='gallery-icon portrait'>\n\t\t\t\t\t<a class=\"rollover rollover-zoom dt-pswp-item\" title=\"f84567d6-a1d2-47de-9596-ef8505986952\" data-dt-img-description=\"\" data-large_image_width=\"745\" data-large_image_height=\"1073\"href='https:\/\/www.radiopiu.net\/wordpress\/wp-content\/uploads\/2024\/06\/f84567d6-a1d2-47de-9596-ef8505986952.jpg'><img loading=\"lazy\" decoding=\"async\" width=\"150\" height=\"150\" src=\"https:\/\/www.radiopiu.net\/wordpress\/wp-content\/uploads\/2024\/06\/f84567d6-a1d2-47de-9596-ef8505986952-150x150.jpg\" class=\"attachment-thumbnail size-thumbnail\" alt=\"\" aria-describedby=\"gallery-7-396466\" \/><\/a>\n\t\t\t\t<\/dt>\n\t\t\t\t\t<dd class='wp-caption-text gallery-caption' id='gallery-7-396466'>\n\t\t\t\t\tSUMMER GREEN VOLLEY AGORDINO\n\t\t\t\t\t<\/dd><\/dl><br style=\"clear: both\" \/><dl class='gallery-item'>\n\t\t\t\t<dt class='gallery-icon portrait'>\n\t\t\t\t\t<a class=\"rollover rollover-zoom dt-pswp-item\" title=\"b984cf06-49e8-4958-bc23-c0d66e45f366\" data-dt-img-description=\"\" data-large_image_width=\"900\" data-large_image_height=\"1600\"href='https:\/\/www.radiopiu.net\/wordpress\/wp-content\/uploads\/2024\/07\/b984cf06-49e8-4958-bc23-c0d66e45f366.jpg'><img loading=\"lazy\" decoding=\"async\" width=\"150\" height=\"150\" src=\"https:\/\/www.radiopiu.net\/wordpress\/wp-content\/uploads\/2024\/07\/b984cf06-49e8-4958-bc23-c0d66e45f366-150x150.jpg\" class=\"attachment-thumbnail size-thumbnail\" alt=\"\" aria-describedby=\"gallery-7-400399\" \/><\/a>\n\t\t\t\t<\/dt>\n\t\t\t\t\t<dd class='wp-caption-text gallery-caption' id='gallery-7-400399'>\n\t\t\t\t\tALL&#8217;HOTEL VILLA IMPERINA DI AGORDO\n\t\t\t\t\t<\/dd><\/dl><dl class='gallery-item'>\n\t\t\t\t<dt class='gallery-icon portrait'>\n\t\t\t\t\t<a class=\"rollover rollover-zoom dt-pswp-item\" title=\"ee0e70bf-b574-49f2-beb9-4ad574e937e0\" data-dt-img-description=\"\" data-large_image_width=\"1592\" data-large_image_height=\"2048\"href='https:\/\/www.radiopiu.net\/wordpress\/wp-content\/uploads\/2024\/07\/ee0e70bf-b574-49f2-beb9-4ad574e937e0-1.jpg'><img loading=\"lazy\" decoding=\"async\" width=\"150\" height=\"150\" src=\"https:\/\/www.radiopiu.net\/wordpress\/wp-content\/uploads\/2024\/07\/ee0e70bf-b574-49f2-beb9-4ad574e937e0-1-150x150.jpg\" class=\"attachment-thumbnail size-thumbnail\" alt=\"\" aria-describedby=\"gallery-7-402362\" \/><\/a>\n\t\t\t\t<\/dt>\n\t\t\t\t\t<dd class='wp-caption-text gallery-caption' id='gallery-7-402362'>\n\t\t\t\t\tBOCCIODROMO AD AGORDO&#8230; L&#8217;ESTATE CONTINUA\n\t\t\t\t\t<\/dd><\/dl><dl class='gallery-item'>\n\t\t\t\t<dt class='gallery-icon portrait'>\n\t\t\t\t\t<a class=\"rollover rollover-zoom dt-pswp-item\" title=\"453435279_122166255218160070_5477559706341740291_n\" data-dt-img-description=\"\" data-large_image_width=\"526\" data-large_image_height=\"1052\"href='https:\/\/www.radiopiu.net\/wordpress\/wp-content\/uploads\/2024\/08\/453435279_122166255218160070_5477559706341740291_n.jpg'><img loading=\"lazy\" decoding=\"async\" width=\"150\" height=\"150\" src=\"https:\/\/www.radiopiu.net\/wordpress\/wp-content\/uploads\/2024\/08\/453435279_122166255218160070_5477559706341740291_n-150x150.jpg\" class=\"attachment-thumbnail size-thumbnail\" alt=\"\" aria-describedby=\"gallery-7-402925\" \/><\/a>\n\t\t\t\t<\/dt>\n\t\t\t\t\t<dd class='wp-caption-text gallery-caption' id='gallery-7-402925'>\n\t\t\t\t\tL&#8217;ESTATE AL CINEMA DOLOMITI DI FALCADE\n\t\t\t\t\t<\/dd><\/dl><dl class='gallery-item'>\n\t\t\t\t<dt class='gallery-icon portrait'>\n\t\t\t\t\t<a class=\"rollover rollover-zoom dt-pswp-item\" title=\"352b658b-c0db-41f9-b908-65887d9c118f\" data-dt-img-description=\"\" data-large_image_width=\"800\" data-large_image_height=\"1200\"href='https:\/\/www.radiopiu.net\/wordpress\/wp-content\/uploads\/2024\/08\/352b658b-c0db-41f9-b908-65887d9c118f.jpg'><img loading=\"lazy\" decoding=\"async\" width=\"150\" height=\"150\" src=\"https:\/\/www.radiopiu.net\/wordpress\/wp-content\/uploads\/2024\/08\/352b658b-c0db-41f9-b908-65887d9c118f-150x150.jpg\" class=\"attachment-thumbnail size-thumbnail\" alt=\"\" aria-describedby=\"gallery-7-406921\" \/><\/a>\n\t\t\t\t<\/dt>\n\t\t\t\t\t<dd class='wp-caption-text gallery-caption' id='gallery-7-406921'>\n\t\t\t\t\t31 agosto FORCELLA AURINE\n\t\t\t\t\t<\/dd><\/dl><br style=\"clear: both\" \/><dl class='gallery-item'>\n\t\t\t\t<dt class='gallery-icon portrait'>\n\t\t\t\t\t<a class=\"rollover rollover-zoom dt-pswp-item\" title=\"LOC_A3_MOSTRA-RADIO_CMVI\" data-dt-img-description=\"\" data-large_image_width=\"1816\" data-large_image_height=\"2560\"href='https:\/\/www.radiopiu.net\/wordpress\/wp-content\/uploads\/2024\/08\/LOC_A3_MOSTRA-RADIO_CMVI-scaled.jpg'><img loading=\"lazy\" decoding=\"async\" width=\"150\" height=\"150\" src=\"https:\/\/www.radiopiu.net\/wordpress\/wp-content\/uploads\/2024\/08\/LOC_A3_MOSTRA-RADIO_CMVI-150x150.jpg\" class=\"attachment-thumbnail size-thumbnail\" alt=\"\" aria-describedby=\"gallery-7-403450\" \/><\/a>\n\t\t\t\t<\/dt>\n\t\t\t\t\t<dd class='wp-caption-text gallery-caption' id='gallery-7-403450'>\n\t\t\t\t\tLA MOSTRA DELLE RADIO IN VALLE IMPERINA\n\t\t\t\t\t<\/dd><\/dl><dl class='gallery-item'>\n\t\t\t\t<dt class='gallery-icon portrait'>\n\t\t\t\t\t<a class=\"rollover rollover-zoom dt-pswp-item\" title=\"ARSON CORSO\" data-dt-img-description=\"\" data-large_image_width=\"671\" data-large_image_height=\"756\"href='https:\/\/www.radiopiu.net\/wordpress\/wp-content\/uploads\/2024\/08\/ARSON-CORSO.png'><img loading=\"lazy\" decoding=\"async\" width=\"150\" height=\"150\" src=\"https:\/\/www.radiopiu.net\/wordpress\/wp-content\/uploads\/2024\/08\/ARSON-CORSO-150x150.png\" class=\"attachment-thumbnail size-thumbnail\" alt=\"\" aria-describedby=\"gallery-7-403730\" \/><\/a>\n\t\t\t\t<\/dt>\n\t\t\t\t\t<dd class='wp-caption-text gallery-caption' id='gallery-7-403730'>\n\t\t\t\t\tCORSO DI FOTOGRAFIA A FELTRE\n\t\t\t\t\t<\/dd><\/dl><dl class='gallery-item'>\n\t\t\t\t<dt class='gallery-icon portrait'>\n\t\t\t\t\t<a class=\"rollover rollover-zoom dt-pswp-item\" title=\"c442104f-357c-4a86-a34f-8fbcba79b7ec\" data-dt-img-description=\"\" data-large_image_width=\"650\" data-large_image_height=\"800\"href='https:\/\/www.radiopiu.net\/wordpress\/wp-content\/uploads\/2024\/08\/c442104f-357c-4a86-a34f-8fbcba79b7ec.jpg'><img loading=\"lazy\" decoding=\"async\" width=\"150\" height=\"150\" src=\"https:\/\/www.radiopiu.net\/wordpress\/wp-content\/uploads\/2024\/08\/c442104f-357c-4a86-a34f-8fbcba79b7ec-150x150.jpg\" class=\"attachment-thumbnail size-thumbnail\" alt=\"\" aria-describedby=\"gallery-7-404802\" \/><\/a>\n\t\t\t\t<\/dt>\n\t\t\t\t\t<dd class='wp-caption-text gallery-caption' id='gallery-7-404802'>\n\t\t\t\t\tLE SPECIALITA&#8217; DEL RISTOBAR GHEGI\n\t\t\t\t\t<\/dd><\/dl><dl class='gallery-item'>\n\t\t\t\t<dt class='gallery-icon portrait'>\n\t\t\t\t\t<a class=\"rollover rollover-zoom dt-pswp-item\" title=\"download\" data-dt-img-description=\"\" data-large_image_width=\"600\" data-large_image_height=\"849\"href='https:\/\/www.radiopiu.net\/wordpress\/wp-content\/uploads\/2024\/08\/download.jpg'><img loading=\"lazy\" decoding=\"async\" width=\"150\" height=\"150\" src=\"https:\/\/www.radiopiu.net\/wordpress\/wp-content\/uploads\/2024\/08\/download-150x150.jpg\" class=\"attachment-thumbnail size-thumbnail\" alt=\"\" aria-describedby=\"gallery-7-404972\" \/><\/a>\n\t\t\t\t<\/dt>\n\t\t\t\t\t<dd class='wp-caption-text gallery-caption' id='gallery-7-404972'>\n\t\t\t\t\tPROLOCO SEDICO\n\t\t\t\t\t<\/dd><\/dl><br style=\"clear: both\" \/><dl class='gallery-item'>\n\t\t\t\t<dt class='gallery-icon landscape'>\n\t\t\t\t\t<a class=\"rollover rollover-zoom dt-pswp-item\" title=\"b46872fc-6ed8-4cb8-ab0d-ce6542b9bbc5\" data-dt-img-description=\"\" data-large_image_width=\"1518\" data-large_image_height=\"1142\"href='https:\/\/www.radiopiu.net\/wordpress\/wp-content\/uploads\/2024\/08\/b46872fc-6ed8-4cb8-ab0d-ce6542b9bbc5.jpg'><img loading=\"lazy\" decoding=\"async\" width=\"150\" height=\"150\" src=\"https:\/\/www.radiopiu.net\/wordpress\/wp-content\/uploads\/2024\/08\/b46872fc-6ed8-4cb8-ab0d-ce6542b9bbc5-150x150.jpg\" class=\"attachment-thumbnail size-thumbnail\" alt=\"\" aria-describedby=\"gallery-7-404968\" \/><\/a>\n\t\t\t\t<\/dt>\n\t\t\t\t\t<dd class='wp-caption-text gallery-caption' id='gallery-7-404968'>\n\t\t\t\t\tCORRI POI.. ULTIMA TAPPA\n\t\t\t\t\t<\/dd><\/dl><dl class='gallery-item'>\n\t\t\t\t<dt class='gallery-icon portrait'>\n\t\t\t\t\t<a class=\"rollover rollover-zoom dt-pswp-item\" title=\"c4009_Tour_Forestale_PEFC_Tappa_Col_di_Lana\" data-dt-img-description=\"\" data-large_image_width=\"1020\" data-large_image_height=\"1446\"href='https:\/\/www.radiopiu.net\/wordpress\/wp-content\/uploads\/2024\/08\/c4009_Tour_Forestale_PEFC_Tappa_Col_di_Lana.png'><img loading=\"lazy\" decoding=\"async\" width=\"150\" height=\"150\" src=\"https:\/\/www.radiopiu.net\/wordpress\/wp-content\/uploads\/2024\/08\/c4009_Tour_Forestale_PEFC_Tappa_Col_di_Lana-150x150.png\" class=\"attachment-thumbnail size-thumbnail\" alt=\"\" aria-describedby=\"gallery-7-405046\" \/><\/a>\n\t\t\t\t<\/dt>\n\t\t\t\t\t<dd class='wp-caption-text gallery-caption' id='gallery-7-405046'>\n\t\t\t\t\tCON UNCEM A LIVINALLONGO\n\t\t\t\t\t<\/dd><\/dl><dl class='gallery-item'>\n\t\t\t\t<dt class='gallery-icon portrait'>\n\t\t\t\t\t<a class=\"rollover rollover-zoom dt-pswp-item\" title=\"Scrivere di alberi 2024 (1)\" data-dt-img-description=\"\" data-large_image_width=\"1414\" data-large_image_height=\"2000\"href='https:\/\/www.radiopiu.net\/wordpress\/wp-content\/uploads\/2024\/08\/Scrivere-di-alberi-2024-1.png'><img loading=\"lazy\" decoding=\"async\" width=\"150\" height=\"150\" src=\"https:\/\/www.radiopiu.net\/wordpress\/wp-content\/uploads\/2024\/08\/Scrivere-di-alberi-2024-1-150x150.png\" class=\"attachment-thumbnail size-thumbnail\" alt=\"\" aria-describedby=\"gallery-7-406125\" \/><\/a>\n\t\t\t\t<\/dt>\n\t\t\t\t\t<dd class='wp-caption-text gallery-caption' id='gallery-7-406125'>\n\t\t\t\t\tSCRIVERE DI ALBERI\n\t\t\t\t\t<\/dd><\/dl><dl class='gallery-item'>\n\t\t\t\t<dt class='gallery-icon portrait'>\n\t\t\t\t\t<a class=\"rollover rollover-zoom dt-pswp-item\" title=\"Locandina chi kung val del Biois 30.08.2024\" data-dt-img-description=\"\" data-large_image_width=\"1240\" data-large_image_height=\"1754\"href='https:\/\/www.radiopiu.net\/wordpress\/wp-content\/uploads\/2024\/08\/Locandina-chi-kung-val-del-Biois-30.08.2024.jpg'><img loading=\"lazy\" decoding=\"async\" width=\"150\" height=\"150\" src=\"https:\/\/www.radiopiu.net\/wordpress\/wp-content\/uploads\/2024\/08\/Locandina-chi-kung-val-del-Biois-30.08.2024-150x150.jpg\" class=\"attachment-thumbnail size-thumbnail\" alt=\"\" aria-describedby=\"gallery-7-407073\" \/><\/a>\n\t\t\t\t<\/dt>\n\t\t\t\t\t<dd class='wp-caption-text gallery-caption' id='gallery-7-407073'>\n\t\t\t\t\tSULLA PIANA DI FALCADE\n\t\t\t\t\t<\/dd><\/dl><br style=\"clear: both\" \/><dl class='gallery-item'>\n\t\t\t\t<dt class='gallery-icon portrait'>\n\t\t\t\t\t<a class=\"rollover rollover-zoom dt-pswp-item\" title=\"10\" data-dt-img-description=\"\" data-large_image_width=\"1158\" data-large_image_height=\"1600\"href='https:\/\/www.radiopiu.net\/wordpress\/wp-content\/uploads\/2024\/08\/10-1.jpg'><img loading=\"lazy\" decoding=\"async\" width=\"150\" height=\"150\" src=\"https:\/\/www.radiopiu.net\/wordpress\/wp-content\/uploads\/2024\/08\/10-1-150x150.jpg\" class=\"attachment-thumbnail size-thumbnail\" alt=\"\" aria-describedby=\"gallery-7-407179\" \/><\/a>\n\t\t\t\t<\/dt>\n\t\t\t\t\t<dd class='wp-caption-text gallery-caption' id='gallery-7-407179'>\n\t\t\t\t\tA SAN TOMASO\n\t\t\t\t\t<\/dd><\/dl><dl class='gallery-item'>\n\t\t\t\t<dt class='gallery-icon portrait'>\n\t\t\t\t\t<a class=\"rollover rollover-zoom dt-pswp-item\" title=\"15cc3792-c042-4781-b8d1-ba97bd2076f6\" data-dt-img-description=\"\" data-large_image_width=\"1200\" data-large_image_height=\"1600\"href='https:\/\/www.radiopiu.net\/wordpress\/wp-content\/uploads\/2024\/08\/15cc3792-c042-4781-b8d1-ba97bd2076f6.jpg'><img loading=\"lazy\" decoding=\"async\" width=\"150\" height=\"150\" src=\"https:\/\/www.radiopiu.net\/wordpress\/wp-content\/uploads\/2024\/08\/15cc3792-c042-4781-b8d1-ba97bd2076f6-150x150.jpg\" class=\"attachment-thumbnail size-thumbnail\" alt=\"\" aria-describedby=\"gallery-7-407295\" \/><\/a>\n\t\t\t\t<\/dt>\n\t\t\t\t\t<dd class='wp-caption-text gallery-caption' id='gallery-7-407295'>\n\t\t\t\t\tFORMULA TRE A BELLUNO\n\t\t\t\t\t<\/dd><\/dl><dl class='gallery-item'>\n\t\t\t\t<dt class='gallery-icon portrait'>\n\t\t\t\t\t<a class=\"rollover rollover-zoom dt-pswp-item\" title=\"Preziosi Musal 31_08_2024\" data-dt-img-description=\"\" data-large_image_width=\"1241\" data-large_image_height=\"1755\"href='https:\/\/www.radiopiu.net\/wordpress\/wp-content\/uploads\/2024\/08\/Preziosi-Musal-31_08_2024.jpg'><img loading=\"lazy\" decoding=\"async\" width=\"150\" height=\"150\" src=\"https:\/\/www.radiopiu.net\/wordpress\/wp-content\/uploads\/2024\/08\/Preziosi-Musal-31_08_2024-150x150.jpg\" class=\"attachment-thumbnail size-thumbnail\" alt=\"\" aria-describedby=\"gallery-7-407326\" \/><\/a>\n\t\t\t\t<\/dt>\n\t\t\t\t\t<dd class='wp-caption-text gallery-caption' id='gallery-7-407326'>\n\t\t\t\t\tAL MUSAL DI CANALE\n\t\t\t\t\t<\/dd><\/dl>\n\t\t\t\t<br style='clear: both' \/>\n\t\t\t<\/div>\n\n<p><strong>OGGI DOMANI E DOMENICA AL CINEMA DOLOMITI DI FALCADE IL FILM D&#8217;ANIMAZIONE CATTIVISSIMO ME 4. SPETTACOLI ALLE 21:15, DOMENICA ANCHE ALLE 17<\/strong><\/p>\n<\/div>\n<\/div>\n<\/div>\n<p><strong>BELLUNO<\/strong> Il &#8220;Dall\u2019Ardo alla Piave Festival&#8221; si terr\u00e0 il 9 e 30 agosto e si concluder\u00e0 il 6 settembre a Borgo Piave. Il 9 agosto alle 20:30, il gruppo folk Rudem\u00e0 si esibir\u00e0 con un concerto di musica tradizionale veneta e del Nord Italia. Il 30 agosto, alla stessa ora, Sonia Vazza presenter\u00e0 la lettura scenica &#8220;La Cotogna di Istanbul&#8221; con accompagnamento musicale di Paolo Forte, un omaggio al libro di Paolo Rumiz. Il festival \u00e8 organizzato dall\u2019associazione Borgo Piave ETC aps con il supporto di varie associazioni e gruppi locali.<\/p>\n<h2><\/h2>\n<p>&nbsp;<\/p>\n<div><\/div>\n<p>&nbsp;<\/p>\n<hr \/>\n<p>&nbsp;<\/p>\n<p><a class=\"dt-pswp-item\" href=\"https:\/\/www.radiopiu.net\/wordpress\/wp-content\/uploads\/2018\/09\/viabilita.jpeg\" data-dt-img-description=\"\" data-large_image_width=\"800\" data-large_image_height=\"100\"><img loading=\"lazy\" decoding=\"async\" class=\"aligncenter wp-image-61954 size-full\" src=\"https:\/\/www.radiopiu.net\/wordpress\/wp-content\/uploads\/2018\/09\/viabilita.jpeg\" alt=\"\" width=\"800\" height=\"100\" srcset=\"https:\/\/www.radiopiu.net\/wordpress\/wp-content\/uploads\/2018\/09\/viabilita.jpeg 800w, https:\/\/www.radiopiu.net\/wordpress\/wp-content\/uploads\/2018\/09\/viabilita-300x38.jpeg 300w, https:\/\/www.radiopiu.net\/wordpress\/wp-content\/uploads\/2018\/09\/viabilita-768x96.jpeg 768w\" sizes=\"auto, (max-width: 800px) 100vw, 800px\" \/><\/a><\/p>\n<p>&nbsp;<\/p>\n<p><a class=\"dt-pswp-item\" href=\"https:\/\/www.radiopiu.net\/wordpress\/wp-content\/uploads\/2023\/12\/botol-car-service.jpg\" data-dt-img-description=\"\" data-large_image_width=\"600\" data-large_image_height=\"600\"><img loading=\"lazy\" decoding=\"async\" class=\"size-medium wp-image-367044 aligncenter\" src=\"https:\/\/www.radiopiu.net\/wordpress\/wp-content\/uploads\/2023\/12\/botol-car-service-300x300.jpg\" alt=\"\" width=\"300\" height=\"300\" srcset=\"https:\/\/www.radiopiu.net\/wordpress\/wp-content\/uploads\/2023\/12\/botol-car-service-300x300.jpg 300w, https:\/\/www.radiopiu.net\/wordpress\/wp-content\/uploads\/2023\/12\/botol-car-service-150x150.jpg 150w, https:\/\/www.radiopiu.net\/wordpress\/wp-content\/uploads\/2023\/12\/botol-car-service.jpg 600w\" sizes=\"auto, (max-width: 300px) 100vw, 300px\" \/><\/a><\/p>\n<p>&nbsp;<\/p>\n<p>&nbsp;<\/p>\n<h1>BOLLETTINO QUOTIDIANO, CLICCA QUI<\/h1>\n<blockquote class=\"wp-embedded-content\" data-secret=\"JumCs4kCoF\"><p><a href=\"https:\/\/www.radiopiu.net\/wordpress\/viabilita-2\/\">viabilita<\/a><\/p><\/blockquote>\n<p><iframe loading=\"lazy\" class=\"wp-embedded-content\" sandbox=\"allow-scripts\" security=\"restricted\" style=\"position: absolute; visibility: hidden;\" title=\"&#8220;viabilita&#8221; &#8212; Radio Pi\u00f9\" src=\"https:\/\/www.radiopiu.net\/wordpress\/viabilita-2\/embed\/#?secret=CRNrFRNtYj#?secret=JumCs4kCoF\" data-secret=\"JumCs4kCoF\" width=\"600\" height=\"338\" frameborder=\"0\" marginwidth=\"0\" marginheight=\"0\" scrolling=\"no\"><\/iframe><\/p>\n<p>&nbsp;<\/p>\n<p>&nbsp;<\/p>\n<hr \/>\n<p>&nbsp;<\/p>\n<p><a class=\"dt-pswp-item\" href=\"https:\/\/www.radiopiu.net\/wordpress\/wp-content\/uploads\/2018\/09\/WhatsApp-Image-2018-09-20-at-16.04.06.jpeg\" data-dt-img-description=\"\" data-large_image_width=\"800\" data-large_image_height=\"100\"><img loading=\"lazy\" decoding=\"async\" class=\"wp-image-61378 size-full aligncenter\" src=\"https:\/\/www.radiopiu.net\/wordpress\/wp-content\/uploads\/2018\/09\/WhatsApp-Image-2018-09-20-at-16.04.06.jpeg\" alt=\"\" width=\"800\" height=\"100\" srcset=\"https:\/\/www.radiopiu.net\/wordpress\/wp-content\/uploads\/2018\/09\/WhatsApp-Image-2018-09-20-at-16.04.06.jpeg 800w, https:\/\/www.radiopiu.net\/wordpress\/wp-content\/uploads\/2018\/09\/WhatsApp-Image-2018-09-20-at-16.04.06-300x38.jpeg 300w, https:\/\/www.radiopiu.net\/wordpress\/wp-content\/uploads\/2018\/09\/WhatsApp-Image-2018-09-20-at-16.04.06-768x96.jpeg 768w\" sizes=\"auto, (max-width: 800px) 100vw, 800px\" \/><\/a><\/p>\n<p><center><\/center><center><\/center><center><\/center><center><\/center><center><\/center><center><\/center>&nbsp;<\/p>\n<p><center><\/center><center><b>OGGI<\/b><\/center><b>Tempo atteso: <\/b>Cielo sereno al mattino e poco nuvoloso per modesta attivit\u00e0 cumuliforme nel pomeriggio.<br \/>\n<b>Precipitazioni: <\/b>Nel pomeriggio bassa la probabilit\u00e0 di un isolato rovescio\/temporale<br \/>\nTemperature in ulteriore lieve aumento, su valori molto superiori alla media e aumento dell&#8217;afa nei fondovalle pi\u00f9 bassi durante le ore centrali<\/p>\n<hr \/>\n<p><center><b>DOMANI<\/b><\/center><b>Tempo atteso: <\/b>Sereno o poco nuvoloso al mattino con qualche nube bassa possibile nelle valli fino all&#8217;alba, nel pomeriggio modesta o al pi\u00f9 moderata attivit\u00e0 cumuliforme assieme alla presenza di velature.<br \/>\n<b>Precipitazioni: <\/b>Poco probabile ma non del tutto escluso un rovescio\/temporale nel pomeriggio<br \/>\nTemperature stazionarie o in ulteriore lieve aumento con afa moderata nei fondovalle pi\u00f9 bassi durante le ore centrali.<\/p>\n<hr \/>\n<p><center><b>DOMENICA<\/b><\/center>Tempo un p\u00f2 pi\u00f9 variabile con cielo poco nuvoloso al mattino per qualche velatura, dal mezzogiorno generale irregolare aumento della nuvolosit\u00e0 cumuliforme un p\u00f2 pi\u00f9 intensa rispetto a sabato. Aumenta un p\u00f2 la probabilit\u00e0 di qualche isolato rovescio\/temporale nel pomeriggio\/sera. Temperature massime in lieve calo.<\/p>\n<hr \/>\n<p><center><b>LUNEDI<\/b><\/center>Al mattino sereno o poco nuvoloso, nel pomeriggio consueto irregolare aumento della nuvolosit\u00e0 cumuliforme associata ad una probabilit\u00e0 medio-bassa di isolati rovesci e temporali su Dolomiti. Temperature pressoch\u00e8 stazionarie o in lieve calo le massime.<\/p>\n<p>&nbsp;<\/p>\n<hr \/>\n<p>&nbsp;<\/p>\n<p><a class=\"dt-pswp-item\" href=\"https:\/\/www.radiopiu.net\/wordpress\/wp-content\/uploads\/2018\/09\/sport.jpg\" data-dt-img-description=\"\" data-large_image_width=\"800\" data-large_image_height=\"100\"><img loading=\"lazy\" decoding=\"async\" class=\"aligncenter wp-image-60761 size-full\" src=\"https:\/\/www.radiopiu.net\/wordpress\/wp-content\/uploads\/2018\/09\/sport.jpg\" alt=\"\" width=\"800\" height=\"100\" srcset=\"https:\/\/www.radiopiu.net\/wordpress\/wp-content\/uploads\/2018\/09\/sport.jpg 800w, https:\/\/www.radiopiu.net\/wordpress\/wp-content\/uploads\/2018\/09\/sport-300x38.jpg 300w, https:\/\/www.radiopiu.net\/wordpress\/wp-content\/uploads\/2018\/09\/sport-768x96.jpg 768w\" sizes=\"auto, (max-width: 800px) 100vw, 800px\" \/><\/a><\/p>\n<p>&nbsp;<\/p>\n<p><span style=\"color: #0000ff;\"><strong>HOCKEY SU GHIACCIO<\/strong><\/span><\/p>\n<blockquote>\n<h3>CAPITAN MILOS GANZ DI NUOVO A DISPOSIZIONE DELLE CIVETTE<\/h3>\n<\/blockquote>\n<p><strong><a class=\"dt-pswp-item\" href=\"https:\/\/www.radiopiu.net\/wordpress\/wp-content\/uploads\/2024\/08\/520da3c6-54fc-4111-94ef-946bd8aee044.jpg\" data-dt-img-description=\"\" data-large_image_width=\"893\" data-large_image_height=\"494\"><img loading=\"lazy\" decoding=\"async\" class=\" wp-image-407291 alignleft\" src=\"https:\/\/www.radiopiu.net\/wordpress\/wp-content\/uploads\/2024\/08\/520da3c6-54fc-4111-94ef-946bd8aee044-300x166.jpg\" alt=\"\" width=\"230\" height=\"127\" srcset=\"https:\/\/www.radiopiu.net\/wordpress\/wp-content\/uploads\/2024\/08\/520da3c6-54fc-4111-94ef-946bd8aee044-300x166.jpg 300w, https:\/\/www.radiopiu.net\/wordpress\/wp-content\/uploads\/2024\/08\/520da3c6-54fc-4111-94ef-946bd8aee044-768x425.jpg 768w, https:\/\/www.radiopiu.net\/wordpress\/wp-content\/uploads\/2024\/08\/520da3c6-54fc-4111-94ef-946bd8aee044.jpg 893w\" sizes=\"auto, (max-width: 230px) 100vw, 230px\" \/><\/a>DI ROBERTO MIANA, PORTAVOCE DELL&#8217;ALLEGHE HOCKEY<\/strong><\/p>\n<p>\u00c9 con grandissimo piacere che la Societ\u00e0 Alleghe Hockey annuncia il ritorno sul ghiaccio del proprio capitano Milos Ganz, dopo l\u2019operazione al ginocchio sx a cui si era sottoposto a fine gennaio per la ricostruzione del legamento crociato e del menisco. La ripresa del #23 alleghese sar\u00e0 graduale \u201cstep by step\u201d, valutando giorno per giorno la risposta sul ghiaccio del ginocchio operato. Difensore classe 1990 (34 anni compiuti il 9 marzo), originario di Falcade ma residente a Canale d\u2019Agordo, nella vita di tutti i giorni si occupa di falegnameria, carpenteria e arredi per esterno in legno. Nel poco tempo libero, al di fuori di famiglia e hockey, gli piace praticare sport. In carriera pu\u00f2 annoverare dieci stagioni in serie A con 280 gare disputate, 185 con la maglia dell\u2019Alleghe e 95 con quella del Fassa. Dal suo esordio in prima squadra nella stagione 2006\/2007 ha totalizzato in biancorosso 423 presenze, con 37 reti e 71 assist. Colonna portante della retroguardia Alleghese \u00e8 dotato di un buon tiro che ne fa un giocatore completo. Cos\u00ec Milos: \u201cIl recupero dopo l\u2019operazione \u00e8 stato duro, ho lavorato sodo per mesi, non sono ancora al 100% ma sto cercando di arrivarci quanto prima. Nel nostro spogliatoio vado d&#8217;accordo con tutti, poi chiaramente con giocatori tipo Loris (De Val) e Testori ho pi\u00f9 feeling perch\u00e9 giochiamo assieme da una vita. Il prossimo campionato sar\u00e0 sicuramente impegnativo, la qualit\u00e0 si \u00e8 alzata ancora, le squadre si sono rinforzate quasi tutte e questo \u00e8 un bene per la crescita dei giovani, visto che cos\u00ec hanno la possibilit\u00e0 di allenarsi ad un livello pi\u00f9 alto. Ogni anno questo campionato diventa sempre pi\u00f9 interessante e lo si vede anche da come negli stadi la gente lo segua numerosa. Per quanto riguarda la nostra squadra ci sar\u00e0 da lavorare, abbiamo cambiato molti giocatori, ma sicuramente il coach ha la giusta esperienza per amalgamare il nuovo gruppo\u201c.<\/p>\n<p>&nbsp;<\/p>\n<p>&nbsp;<\/p>\n<hr \/>\n<blockquote>\n<h2>La Scuola Estiva di Hockey del Comitato Regionale Veneto FISG<\/h2>\n<\/blockquote>\n<p><strong>ALLEGHE<\/strong> Il Comitato Regionale Veneto della Federazione Italiana Sport del Ghiaccio,\u00a0 domenica 1 settembre \u00a0dar\u00e0 il via alla tradizionale Scuola Estiva di Hockey, un evento che durer\u00e0 per tutta la settimana seguente e che si conferma un importante punto di incontro per i giovani atleti. Quest&#8217;anno, la scuola accoglie ben 76 ragazzi e 10 ragazze, tra i 10 e i 14 anni, tutti gi\u00e0 militanti nelle Societ\u00e0 di Hockey Venete. La Scuola Estiva si propone di seguire un programma collaudato, grazie alla supervisione di esperti Tecnici come Paolo De Biasio che sar\u00e0 coadiuvato da altri Allenatori che garantiranno un\u2019educazione sportiva di alta qualit\u00e0.\u00a0 Non mancher\u00e0 un focus specifico dedicato ai portieri, che avranno l&#8217;opportunit\u00e0 di svolgere un allenamento sotto la guida di esperti del ruolo. Inoltre, il team building sar\u00e0 un elemento centrale dell&#8217;esperienza. L\u2019idea \u00e8 quella di trasformare queste giornate di sport in momenti indimenticabili, dove le amicizie tra i giovani atleti possano fiorire, creando legami che potrebbero durare nel tempo.__<\/p>\n<blockquote><p><em>Con questa iniziativa, il Comitato Regionale Veneto FISG intende promuovere l&#8217;hockey sul ghiaccio tra i pi\u00f9 giovani, investendo nel loro talento e nella loro passione.<\/em><\/p><\/blockquote>\n<p>&nbsp;<\/p>\n<p><a class=\"dt-pswp-item\" href=\"https:\/\/www.radiopiu.net\/wordpress\/wp-content\/uploads\/2024\/08\/foto-Camp-Hockey-2023.png\" data-dt-img-description=\"\" data-large_image_width=\"721\" data-large_image_height=\"287\"><img loading=\"lazy\" decoding=\"async\" class=\"alignnone wp-image-407362 size-full\" src=\"https:\/\/www.radiopiu.net\/wordpress\/wp-content\/uploads\/2024\/08\/foto-Camp-Hockey-2023.png\" alt=\"\" width=\"721\" height=\"287\" srcset=\"https:\/\/www.radiopiu.net\/wordpress\/wp-content\/uploads\/2024\/08\/foto-Camp-Hockey-2023.png 721w, https:\/\/www.radiopiu.net\/wordpress\/wp-content\/uploads\/2024\/08\/foto-Camp-Hockey-2023-300x119.png 300w\" sizes=\"auto, (max-width: 721px) 100vw, 721px\" \/><\/a><\/p>\n<p>&nbsp;<\/p>\n<p>&nbsp;<\/p>\n<p>&nbsp;<\/p>\n<hr \/>\n<p>&nbsp;<\/p>\n<h2><span style=\"color: #ffcc00;\">GOODBYE BY BICICLE&#8230;UN VIAGGIO DALL&#8217;INDIA A SEREN DEL GRAPPA IN BICICLETTA<\/span><\/h2>\n<p><span style=\"color: #ff0000;\"><strong>PUNTATA 27 &#8211; IL TEMPO VOLA IN FRETTA IN SERBIA<\/strong><\/span><\/p>\n<audio class=\"wp-audio-shortcode\" id=\"audio-407287-14\" preload=\"none\" style=\"width: 100%;\" controls=\"controls\"><source type=\"audio\/mpeg\" src=\"https:\/\/www.radiopiu.net\/wordpress\/wp-content\/uploads\/2024\/08\/AIRE-INDIA-PUNTATA-27.mp3?_=14\" \/><a href=\"https:\/\/www.radiopiu.net\/wordpress\/wp-content\/uploads\/2024\/08\/AIRE-INDIA-PUNTATA-27.mp3\">https:\/\/www.radiopiu.net\/wordpress\/wp-content\/uploads\/2024\/08\/AIRE-INDIA-PUNTATA-27.mp3<\/a><\/audio>\n<p>&nbsp;<\/p>\n<p><strong>PER VISITARE I SITI DEI LUOGHI VISITATI, CLICCA SULLE SEGUENTI SCRITTE:\u00a0 <span style=\"color: #3366ff;\"><a href=\"https:\/\/danubecare.uns.ac.rs\/\">DANUBECARE PROJECT<\/a>\u00a0 \u00a0<a href=\"https:\/\/www.instagram.com\/uzbbgd?igsh=cXpkMWV4YnVoaXg4\">ULICE ZA BICIKLISTE<\/a>\u00a0 \u00a0<a href=\"https:\/\/zelenodoba.org\/\">ZELENO DOBA\u00a0<\/a> \u00a0<\/span><\/strong><\/p>\n<p>&nbsp;<\/p>\n\n\t\t\t<style type='text\/css'>\n\t\t\t\t#gallery-8 {\n\t\t\t\t\tmargin: auto;\n\t\t\t\t}\n\t\t\t\t#gallery-8 .gallery-item {\n\t\t\t\t\tfloat: left;\n\t\t\t\t\tmargin-top: 10px;\n\t\t\t\t\ttext-align: center;\n\t\t\t\t\twidth: 25%;\n\t\t\t\t}\n\t\t\t\t#gallery-8 img {\n\t\t\t\t\tborder: 2px solid #cfcfcf;\n\t\t\t\t}\n\t\t\t\t#gallery-8 .gallery-caption {\n\t\t\t\t\tmargin-left: 0;\n\t\t\t\t}\n\t\t\t\t\/* see gallery_shortcode() in wp-includes\/media.php *\/\n\t\t\t<\/style>\n\t\t<div id='gallery-8' class='dt-gallery-container gallery galleryid-407287 gallery-columns-4 gallery-size-thumbnail'><dl class='gallery-item'>\n\t\t\t\t<dt class='gallery-icon landscape'>\n\t\t\t\t\t<a class=\"rollover rollover-zoom dt-pswp-item\" title=\"7910fd97-6830-4949-92fe-12ad96a785fe\" data-dt-img-description=\"\" data-large_image_width=\"2048\" data-large_image_height=\"923\"href='https:\/\/www.radiopiu.net\/wordpress\/wp-content\/uploads\/2024\/08\/7910fd97-6830-4949-92fe-12ad96a785fe.jpg'><img loading=\"lazy\" decoding=\"async\" width=\"150\" height=\"150\" src=\"https:\/\/www.radiopiu.net\/wordpress\/wp-content\/uploads\/2024\/08\/7910fd97-6830-4949-92fe-12ad96a785fe-150x150.jpg\" class=\"attachment-thumbnail size-thumbnail\" alt=\"\" \/><\/a>\n\t\t\t\t<\/dt><\/dl><dl class='gallery-item'>\n\t\t\t\t<dt class='gallery-icon portrait'>\n\t\t\t\t\t<a class=\"rollover rollover-zoom dt-pswp-item\" title=\"8e2a7517-cf14-4a54-938b-ab0cca79355d\" data-dt-img-description=\"\" data-large_image_width=\"1200\" data-large_image_height=\"1600\"href='https:\/\/www.radiopiu.net\/wordpress\/wp-content\/uploads\/2024\/08\/8e2a7517-cf14-4a54-938b-ab0cca79355d.jpg'><img loading=\"lazy\" decoding=\"async\" width=\"150\" height=\"150\" src=\"https:\/\/www.radiopiu.net\/wordpress\/wp-content\/uploads\/2024\/08\/8e2a7517-cf14-4a54-938b-ab0cca79355d-150x150.jpg\" class=\"attachment-thumbnail size-thumbnail\" alt=\"\" \/><\/a>\n\t\t\t\t<\/dt><\/dl><dl class='gallery-item'>\n\t\t\t\t<dt class='gallery-icon landscape'>\n\t\t\t\t\t<a class=\"rollover rollover-zoom dt-pswp-item\" title=\"30bf4631-3670-453d-9477-15ed9d299778\" data-dt-img-description=\"\" data-large_image_width=\"1280\" data-large_image_height=\"960\"href='https:\/\/www.radiopiu.net\/wordpress\/wp-content\/uploads\/2024\/08\/30bf4631-3670-453d-9477-15ed9d299778.jpg'><img loading=\"lazy\" decoding=\"async\" width=\"150\" height=\"150\" src=\"https:\/\/www.radiopiu.net\/wordpress\/wp-content\/uploads\/2024\/08\/30bf4631-3670-453d-9477-15ed9d299778-150x150.jpg\" class=\"attachment-thumbnail size-thumbnail\" alt=\"\" \/><\/a>\n\t\t\t\t<\/dt><\/dl><dl class='gallery-item'>\n\t\t\t\t<dt class='gallery-icon landscape'>\n\t\t\t\t\t<a class=\"rollover rollover-zoom dt-pswp-item\" title=\"c4a4750a-757f-4f14-b9ea-ee6c85bc0a18\" data-dt-img-description=\"\" data-large_image_width=\"1600\" data-large_image_height=\"1200\"href='https:\/\/www.radiopiu.net\/wordpress\/wp-content\/uploads\/2024\/08\/c4a4750a-757f-4f14-b9ea-ee6c85bc0a18.jpg'><img loading=\"lazy\" decoding=\"async\" width=\"150\" height=\"150\" src=\"https:\/\/www.radiopiu.net\/wordpress\/wp-content\/uploads\/2024\/08\/c4a4750a-757f-4f14-b9ea-ee6c85bc0a18-150x150.jpg\" class=\"attachment-thumbnail size-thumbnail\" alt=\"\" \/><\/a>\n\t\t\t\t<\/dt><\/dl><br style=\"clear: both\" \/>\n\t\t\t<\/div>\n\n<p>&nbsp;<\/p>\n<h2>LA RACCOLTA COMPLETA <a href=\"https:\/\/www.radiopiu.net\/wordpress\/goodbye-by-bicicle-un-viaggio-dallindia-a-seren-del-grappa-in-bicicletta-27\/\"><span style=\"color: #3366ff;\">CLICCA QUI<\/span><\/a><\/h2>\n<p>&nbsp;<\/p>\n<p>&nbsp;<\/p>\n","protected":false},"excerpt":{"rendered":"<p>******* &nbsp; RADIO PIU&#8217;&#8230; IN DAB NEL VENETO! STIAMO PER ESTENDERE LA RETE, NUOVA RIPETIZIONE DEL SEGNALE A VENEZIA &nbsp; &nbsp; ATTENZIONE: LA NUOVA APP PER IOS-IPHONE di Nicola Vettorello https:\/\/apps.apple.com\/it\/app\/radio-pi%C3%B9-emittente-agordina\/id1515939845 ATTENZIONE: LA NUOVA APP RADIO\u00a0 PER ANDROID di Nicola Vettorello https:\/\/play.google.com\/store\/apps\/details?id=net.radiopiu.iniko\u00a0\u00a0\u00a0 &nbsp; &nbsp; &nbsp; OGGI ALLA RADIO&#8230;. ALLE 4 E ALLE 6 LE NOTIZIE&hellip;<\/p>\n","protected":false},"author":4,"featured_media":407334,"comment_status":"closed","ping_status":"closed","sticky":false,"template":"","format":"standard","meta":{"_monsterinsights_skip_tracking":false,"_monsterinsights_sitenote_active":false,"_monsterinsights_sitenote_note":"","_monsterinsights_sitenote_category":0,"footnotes":""},"categories":[51,86,49],"tags":[],"class_list":["post-407287","post","type-post","status-publish","format-standard","has-post-thumbnail","hentry","category-evidenza-top","category-gr","category-news-18","category-51","category-86","category-49","description-off"],"img_url":"https:\/\/www.radiopiu.net\/wordpress\/wp-content\/uploads\/2024\/08\/foto2.jpg","_links":{"self":[{"href":"https:\/\/www.radiopiu.net\/wordpress\/wp-json\/wp\/v2\/posts\/407287","targetHints":{"allow":["GET"]}}],"collection":[{"href":"https:\/\/www.radiopiu.net\/wordpress\/wp-json\/wp\/v2\/posts"}],"about":[{"href":"https:\/\/www.radiopiu.net\/wordpress\/wp-json\/wp\/v2\/types\/post"}],"author":[{"embeddable":true,"href":"https:\/\/www.radiopiu.net\/wordpress\/wp-json\/wp\/v2\/users\/4"}],"replies":[{"embeddable":true,"href":"https:\/\/www.radiopiu.net\/wordpress\/wp-json\/wp\/v2\/comments?post=407287"}],"version-history":[{"count":26,"href":"https:\/\/www.radiopiu.net\/wordpress\/wp-json\/wp\/v2\/posts\/407287\/revisions"}],"predecessor-version":[{"id":407757,"href":"https:\/\/www.radiopiu.net\/wordpress\/wp-json\/wp\/v2\/posts\/407287\/revisions\/407757"}],"wp:featuredmedia":[{"embeddable":true,"href":"https:\/\/www.radiopiu.net\/wordpress\/wp-json\/wp\/v2\/media\/407334"}],"wp:attachment":[{"href":"https:\/\/www.radiopiu.net\/wordpress\/wp-json\/wp\/v2\/media?parent=407287"}],"wp:term":[{"taxonomy":"category","embeddable":true,"href":"https:\/\/www.radiopiu.net\/wordpress\/wp-json\/wp\/v2\/categories?post=407287"},{"taxonomy":"post_tag","embeddable":true,"href":"https:\/\/www.radiopiu.net\/wordpress\/wp-json\/wp\/v2\/tags?post=407287"}],"curies":[{"name":"wp","href":"https:\/\/api.w.org\/{rel}","templated":true}]}}