{"id":407290,"date":"2024-08-29T10:00:33","date_gmt":"2024-08-29T08:00:33","guid":{"rendered":"https:\/\/www.radiopiu.net\/wordpress\/?p=407290"},"modified":"2024-08-29T08:28:39","modified_gmt":"2024-08-29T06:28:39","slug":"capitan-milos-ganz-di-nuovo-a-disposizione-delle-civette","status":"publish","type":"post","link":"https:\/\/www.radiopiu.net\/wordpress\/capitan-milos-ganz-di-nuovo-a-disposizione-delle-civette\/","title":{"rendered":"CAPITAN MILOS GANZ DI NUOVO A DISPOSIZIONE DELLE CIVETTE"},"content":{"rendered":"<p>********<\/p>\n<p>&nbsp;<\/p>\n<p><strong><a class=\"dt-pswp-item\" href=\"https:\/\/www.radiopiu.net\/wordpress\/wp-content\/uploads\/2024\/08\/520da3c6-54fc-4111-94ef-946bd8aee044.jpg\" data-dt-img-description=\"\" data-large_image_width=\"893\" data-large_image_height=\"494\"><img loading=\"lazy\" decoding=\"async\" class=\" wp-image-407291 alignleft\" src=\"https:\/\/www.radiopiu.net\/wordpress\/wp-content\/uploads\/2024\/08\/520da3c6-54fc-4111-94ef-946bd8aee044-300x166.jpg\" alt=\"\" width=\"230\" height=\"127\" srcset=\"https:\/\/www.radiopiu.net\/wordpress\/wp-content\/uploads\/2024\/08\/520da3c6-54fc-4111-94ef-946bd8aee044-300x166.jpg 300w, https:\/\/www.radiopiu.net\/wordpress\/wp-content\/uploads\/2024\/08\/520da3c6-54fc-4111-94ef-946bd8aee044-768x425.jpg 768w, https:\/\/www.radiopiu.net\/wordpress\/wp-content\/uploads\/2024\/08\/520da3c6-54fc-4111-94ef-946bd8aee044.jpg 893w\" sizes=\"auto, (max-width: 230px) 100vw, 230px\" \/><\/a>DI ROBERTO MIANA, PORTAVOCE DELL&#8217;ALLEGHE HOCKEY<\/strong><\/p>\n<p>\u00c9 con grandissimo piacere che la Societ\u00e0 Alleghe Hockey annuncia il ritorno sul ghiaccio del proprio capitano Milos Ganz, dopo l\u2019operazione al ginocchio sx a cui si era sottoposto a fine gennaio per la ricostruzione del legamento crociato e del menisco. La ripresa del #23 alleghese sar\u00e0 graduale \u201cstep by step\u201d, valutando giorno per giorno la risposta sul ghiaccio del ginocchio operato. Difensore classe 1990 (34 anni compiuti il 9 marzo), originario di Falcade ma residente a Canale d\u2019Agordo, nella vita di tutti i giorni si occupa di falegnameria, carpenteria e arredi per esterno in legno. Nel poco tempo libero, al di fuori di famiglia e hockey, gli piace praticare sport. In carriera pu\u00f2 annoverare dieci stagioni in serie A con 280 gare disputate, 185 con la maglia dell\u2019Alleghe e 95 con quella del Fassa. Dal suo esordio in prima squadra nella stagione 2006\/2007 ha totalizzato in biancorosso 423 presenze, con 37 reti e 71 assist. Colonna portante della retroguardia Alleghese \u00e8 dotato di un buon tiro che ne fa un giocatore completo. Cos\u00ec Milos: \u201cIl recupero dopo l\u2019operazione \u00e8 stato duro, ho lavorato sodo per mesi, non sono ancora al 100% ma sto cercando di arrivarci quanto prima. Nel nostro spogliatoio vado d&#8217;accordo con tutti, poi chiaramente con giocatori tipo Loris (De Val) e Testori ho pi\u00f9 feeling perch\u00e9 giochiamo assieme da una vita. Il prossimo campionato sar\u00e0 sicuramente impegnativo, la qualit\u00e0 si \u00e8 alzata ancora, le squadre si sono rinforzate quasi tutte e questo \u00e8 un bene per la crescita dei giovani, visto che cos\u00ec hanno la possibilit\u00e0 di allenarsi ad un livello pi\u00f9 alto. Ogni anno questo campionato diventa sempre pi\u00f9 interessante e lo si vede anche da come negli stadi la gente lo segua numerosa. Per quanto riguarda la nostra squadra ci sar\u00e0 da lavorare, abbiamo cambiato molti giocatori, ma sicuramente il coach ha la giusta esperienza per amalgamare il nuovo gruppo\u201c.<\/p>\n<p>&nbsp;<\/p>\n<p>&nbsp;<\/p>\n<p>&nbsp;<\/p>\n<p>*********<\/p>\n","protected":false},"excerpt":{"rendered":"<p>******** &nbsp; DI ROBERTO MIANA, PORTAVOCE DELL&#8217;ALLEGHE HOCKEY \u00c9 con grandissimo piacere che la Societ\u00e0 Alleghe Hockey annuncia il ritorno sul ghiaccio del proprio capitano Milos Ganz, dopo l\u2019operazione al ginocchio sx a cui si era sottoposto a fine gennaio per la ricostruzione del legamento crociato e del menisco. La ripresa del #23 alleghese sar\u00e0&hellip;<\/p>\n","protected":false},"author":4,"featured_media":407291,"comment_status":"closed","ping_status":"closed","sticky":false,"template":"","format":"standard","meta":{"_monsterinsights_skip_tracking":false,"_monsterinsights_sitenote_active":false,"_monsterinsights_sitenote_note":"","_monsterinsights_sitenote_category":0,"footnotes":""},"categories":[49],"tags":[],"class_list":["post-407290","post","type-post","status-publish","format-standard","has-post-thumbnail","hentry","category-news-18","category-49","description-off"],"img_url":"https:\/\/www.radiopiu.net\/wordpress\/wp-content\/uploads\/2024\/08\/520da3c6-54fc-4111-94ef-946bd8aee044.jpg","_links":{"self":[{"href":"https:\/\/www.radiopiu.net\/wordpress\/wp-json\/wp\/v2\/posts\/407290","targetHints":{"allow":["GET"]}}],"collection":[{"href":"https:\/\/www.radiopiu.net\/wordpress\/wp-json\/wp\/v2\/posts"}],"about":[{"href":"https:\/\/www.radiopiu.net\/wordpress\/wp-json\/wp\/v2\/types\/post"}],"author":[{"embeddable":true,"href":"https:\/\/www.radiopiu.net\/wordpress\/wp-json\/wp\/v2\/users\/4"}],"replies":[{"embeddable":true,"href":"https:\/\/www.radiopiu.net\/wordpress\/wp-json\/wp\/v2\/comments?post=407290"}],"version-history":[{"count":1,"href":"https:\/\/www.radiopiu.net\/wordpress\/wp-json\/wp\/v2\/posts\/407290\/revisions"}],"predecessor-version":[{"id":407292,"href":"https:\/\/www.radiopiu.net\/wordpress\/wp-json\/wp\/v2\/posts\/407290\/revisions\/407292"}],"wp:featuredmedia":[{"embeddable":true,"href":"https:\/\/www.radiopiu.net\/wordpress\/wp-json\/wp\/v2\/media\/407291"}],"wp:attachment":[{"href":"https:\/\/www.radiopiu.net\/wordpress\/wp-json\/wp\/v2\/media?parent=407290"}],"wp:term":[{"taxonomy":"category","embeddable":true,"href":"https:\/\/www.radiopiu.net\/wordpress\/wp-json\/wp\/v2\/categories?post=407290"},{"taxonomy":"post_tag","embeddable":true,"href":"https:\/\/www.radiopiu.net\/wordpress\/wp-json\/wp\/v2\/tags?post=407290"}],"curies":[{"name":"wp","href":"https:\/\/api.w.org\/{rel}","templated":true}]}}