{"id":407315,"date":"2024-08-30T05:16:09","date_gmt":"2024-08-30T03:16:09","guid":{"rendered":"https:\/\/www.radiopiu.net\/wordpress\/?p=407315"},"modified":"2024-08-30T05:37:59","modified_gmt":"2024-08-30T03:37:59","slug":"malore-al-bar-elicottero-in-riva-al-lago-soccorso-un-uomo-a-san-tomaso","status":"publish","type":"post","link":"https:\/\/www.radiopiu.net\/wordpress\/malore-al-bar-elicottero-in-riva-al-lago-soccorso-un-uomo-a-san-tomaso\/","title":{"rendered":"MALORE AL BAR, ELICOTTERO IN RIVA AL LAGO. SOCCORSO UN UOMO A SAN TOMASO"},"content":{"rendered":"<p>***<\/p>\n<p><img loading=\"lazy\" decoding=\"async\" class=\"alignleft\" src=\"https:\/\/www.radiopiu.net\/wordpress\/wp-content\/uploads\/2024\/08\/Senza-nome-115.png\" width=\"193\" height=\"126\" \/><strong>ALLEGHE<\/strong> Un uomo di 68 anni di Alano di Piave \u00e8 ricoverato a Belluno con un codice di media gravit\u00e0. Alle 6.30 del mattino, durante una normale giornata di lavoro, l&#8217;uomo si \u00e8 sentito male mentre stava facendo colazione in centro. Immediato l&#8217;intervento della Croce Verde di Alleghe, allertato l&#8217;elicottero, Falco2 ha portato l&#8217;uomo al San Martino di Belluno.<\/p>\n<p><strong>SAN TOMASO<\/strong> Subito dopo le 9:30 l&#8217;elicottero Falco 1 \u00e8 volato a Cencenighe per un uomo di 73 che aveva accusato un malore a San Tomaso. L&#8217;uomo \u00e8 stato portato all&#8217;ospedale di Belluno per gli accertamenti.<\/p>\n<p><strong>LAMON<\/strong> Malore alle 11.30 di ieri mattina, soccorso un anziano 92enne portato in ospedale da Falco2 con un codice di media gravit\u00e0<\/p>\n<p>____<\/p>\n","protected":false},"excerpt":{"rendered":"<p>*** ALLEGHE Un uomo di 68 anni di Alano di Piave \u00e8 ricoverato a Belluno con un codice di media gravit\u00e0. Alle 6.30 del mattino, durante una normale giornata di lavoro, l&#8217;uomo si \u00e8 sentito male mentre stava facendo colazione in centro. Immediato l&#8217;intervento della Croce Verde di Alleghe, allertato l&#8217;elicottero, Falco2 ha portato l&#8217;uomo&hellip;<\/p>\n","protected":false},"author":4,"featured_media":407296,"comment_status":"closed","ping_status":"closed","sticky":false,"template":"","format":"standard","meta":{"_monsterinsights_skip_tracking":false,"_monsterinsights_sitenote_active":false,"_monsterinsights_sitenote_note":"","_monsterinsights_sitenote_category":0,"footnotes":""},"categories":[51,49],"tags":[],"class_list":["post-407315","post","type-post","status-publish","format-standard","has-post-thumbnail","hentry","category-evidenza-top","category-news-18","category-51","category-49","description-off"],"img_url":"https:\/\/www.radiopiu.net\/wordpress\/wp-content\/uploads\/2024\/08\/Senza-nome-115.png","_links":{"self":[{"href":"https:\/\/www.radiopiu.net\/wordpress\/wp-json\/wp\/v2\/posts\/407315","targetHints":{"allow":["GET"]}}],"collection":[{"href":"https:\/\/www.radiopiu.net\/wordpress\/wp-json\/wp\/v2\/posts"}],"about":[{"href":"https:\/\/www.radiopiu.net\/wordpress\/wp-json\/wp\/v2\/types\/post"}],"author":[{"embeddable":true,"href":"https:\/\/www.radiopiu.net\/wordpress\/wp-json\/wp\/v2\/users\/4"}],"replies":[{"embeddable":true,"href":"https:\/\/www.radiopiu.net\/wordpress\/wp-json\/wp\/v2\/comments?post=407315"}],"version-history":[{"count":4,"href":"https:\/\/www.radiopiu.net\/wordpress\/wp-json\/wp\/v2\/posts\/407315\/revisions"}],"predecessor-version":[{"id":407354,"href":"https:\/\/www.radiopiu.net\/wordpress\/wp-json\/wp\/v2\/posts\/407315\/revisions\/407354"}],"wp:featuredmedia":[{"embeddable":true,"href":"https:\/\/www.radiopiu.net\/wordpress\/wp-json\/wp\/v2\/media\/407296"}],"wp:attachment":[{"href":"https:\/\/www.radiopiu.net\/wordpress\/wp-json\/wp\/v2\/media?parent=407315"}],"wp:term":[{"taxonomy":"category","embeddable":true,"href":"https:\/\/www.radiopiu.net\/wordpress\/wp-json\/wp\/v2\/categories?post=407315"},{"taxonomy":"post_tag","embeddable":true,"href":"https:\/\/www.radiopiu.net\/wordpress\/wp-json\/wp\/v2\/tags?post=407315"}],"curies":[{"name":"wp","href":"https:\/\/api.w.org\/{rel}","templated":true}]}}