{"id":407325,"date":"2024-08-30T05:15:12","date_gmt":"2024-08-30T03:15:12","guid":{"rendered":"https:\/\/www.radiopiu.net\/wordpress\/?p=407325"},"modified":"2024-08-30T05:38:17","modified_gmt":"2024-08-30T03:38:17","slug":"cara-anas-e-istituzioni-locali-sinceramente-non-ne-possiamo-piu","status":"publish","type":"post","link":"https:\/\/www.radiopiu.net\/wordpress\/cara-anas-e-istituzioni-locali-sinceramente-non-ne-possiamo-piu\/","title":{"rendered":"CARA ANAS E ISTITUZIONI LOCALI,  SINCERAMENTE?  &#8220;NON NE POSSIAMO PIU'&#8221;"},"content":{"rendered":"<p>**<\/p>\n<blockquote>\n<h3><em>&#8220;Da notare la congestione attuale&#8230;tutti fermi a partire da Busche&#8221;<\/em><\/h3>\n<h3><em>&#8220;Attualmente da Feltre la colonna parte dall&#8217;area Cucagas&#8221;<\/em><\/h3>\n<\/blockquote>\n<p><img decoding=\"async\" src=\"https:\/\/www.radiopiu.net\/wordpress\/wp-content\/uploads\/2024\/08\/Senza-nome-116.png\" \/><\/p>\n<p>&nbsp;<\/p>\n<p><strong>REDAZIONE<\/strong> <em>Nella chat a supporto della storica Viabilit\u00e0 Provincia di Belluno, da giorni \u00e8 in corso un dibattito. Si evince che la gente \u00e8 arrabbiata, tanto. Forse uno sguardo ai tanti messaggi potrebbe aiutare chi ha &#8220;potere&#8221; a mettere in atto soluzioni. Anche se la chat si riconosce in &#8220;quattro ciacole in libert\u00e0&#8221; quello che oggi proprio non serve sono le ciacole di chi il &#8220;potere&#8221; non lo sta esercitando nel modo migliore, o almeno quello pi\u00f9 gradito dall&#8217;elettore. Fossero sfuggite le chiacchierate, abbiamo pensato di sottolinearle.<\/em><\/p>\n<p>Scusate&#8230;ma se ad oggi siamo cosi che per passare bisogna attendere dai 10 ai 15 minuti&#8230;a settembre con le scuole..alle 7.30 che coda ci sar\u00e0? Chi ha pensato il cantiere non pu\u00f2 prevedere un rimborso dei proprietari adiacenti la strada ed allargarla per permettere una continuit\u00e0 di marcia?<\/p>\n<div class=\"content-inner with-subheader\" dir=\"auto\">\n<div class=\"text-content clearfix with-meta\" dir=\"auto\">Secondo me \u00e8 possibile con una occupazione temporanea (quindi non esproprio per pubblica utilit\u00e0) di una porzione di terreno adeguata allo scopo; e relativo riconoscimento di congruo indennizzo al\/i proprietario\/i.<br \/>\nSe questo \u00e8 vero; se lo pensiamo noi da utenti, perch\u00e9 non ci pensano e, anzi, non ci ha pensato Anas, per tempo?<\/div>\n<div dir=\"auto\"><\/div>\n<div class=\"text-content clearfix with-meta\" dir=\"auto\">\n<p>Non sono del mestiere quindi non sono in grado di dirti in termini di legislazione cosa si pu\u00f2 fare&#8230;ma quello che mi chiedo \u00e9&#8230;perch\u00e9 ci sono arrivato io che sono ignorante come una piastrella e non chi ha &#8220;pensato&#8221; il cantiere?<\/p>\n<p>Altra domanda&#8230;ma i mezzi di soccorso? Se mi faccio male e scopro che l&#8217;ambulanza ha avuto difficolt\u00e0 a passare&#8230;<\/p>\n<\/div>\n<div dir=\"auto\">Basterebbe che qualche giornalista veda queste discussioni e ne faccia un un&#8217;articolo sensato tanto da scatenare l&#8217;interesse<\/div>\n<\/div>\n<div dir=\"auto\"><\/div>\n<div dir=\"auto\">A questo punto continueremo cosi&#8230;il giorno che iniziano le scuole per\u00f2 mi prendo ferie solo per sedermi sulla rotonda di busche con la sdraio e vedere che succede&#8230;<\/div>\n<div class=\"Reactions\" dir=\"ltr\"><\/div>\n<div dir=\"ltr\">E le tempistiche vendute al popolo in merito alla disponibilit\u00e0, non dell&#8217;opera completa, (che delle malte non c&#8217;\u00e8 ne frega!) ma dell&#8217;impalcato agibile con relativo piano viabile, sono credibili?<\/div>\n<div dir=\"ltr\"><\/div>\n<div dir=\"ltr\">Domanda forse stupida: ma fare invece l&#8217;altra strada? Sp12 &#8211; sp13? Da Santa Giustina municipio a Feltre, passando per Cesiomaggiore si fa in neanche 20 minuti invece di 40-45. Risposta Fattibile ma non \u00e9 una soluzione adeguata per tutti&#8230;perch\u00e9 se tutti facessero cosi sposti solo il problema al semaforo di can<\/div>\n<div class=\"Reactions\" dir=\"ltr\"><\/div>\n<div dir=\"ltr\">Sabato mattina scorso (il tamponamento era gi\u00e0 risolto) la colonna da Feltre partiva dal concessionario Dalla Gasperina, con tanto di moviere sulla rotonda di Nemeggio che non faceva giustamente fermare le auto in mezzo alla rotonda stessa, non oso immaginare come sar\u00e0 con le scuole aperte, fortuna che non abito pi\u00f9 a Feltre<\/div>\n<div dir=\"ltr\"><\/div>\n<div dir=\"ltr\"><\/div>\n<div dir=\"ltr\"><\/div>\n<div dir=\"ltr\"><\/div>\n<p>&nbsp;<\/p>\n","protected":false},"excerpt":{"rendered":"<p>** &#8220;Da notare la congestione attuale&#8230;tutti fermi a partire da Busche&#8221; &#8220;Attualmente da Feltre la colonna parte dall&#8217;area Cucagas&#8221; &nbsp; REDAZIONE Nella chat a supporto della storica Viabilit\u00e0 Provincia di Belluno, da giorni \u00e8 in corso un dibattito. Si evince che la gente \u00e8 arrabbiata, tanto. Forse uno sguardo ai tanti messaggi potrebbe aiutare chi&hellip;<\/p>\n","protected":false},"author":4,"featured_media":407331,"comment_status":"closed","ping_status":"closed","sticky":false,"template":"","format":"standard","meta":{"_monsterinsights_skip_tracking":false,"_monsterinsights_sitenote_active":false,"_monsterinsights_sitenote_note":"","_monsterinsights_sitenote_category":0,"footnotes":""},"categories":[51,49],"tags":[],"class_list":["post-407325","post","type-post","status-publish","format-standard","has-post-thumbnail","hentry","category-evidenza-top","category-news-18","category-51","category-49","description-off"],"img_url":"https:\/\/www.radiopiu.net\/wordpress\/wp-content\/uploads\/2024\/08\/Senza-nome-116.png","_links":{"self":[{"href":"https:\/\/www.radiopiu.net\/wordpress\/wp-json\/wp\/v2\/posts\/407325","targetHints":{"allow":["GET"]}}],"collection":[{"href":"https:\/\/www.radiopiu.net\/wordpress\/wp-json\/wp\/v2\/posts"}],"about":[{"href":"https:\/\/www.radiopiu.net\/wordpress\/wp-json\/wp\/v2\/types\/post"}],"author":[{"embeddable":true,"href":"https:\/\/www.radiopiu.net\/wordpress\/wp-json\/wp\/v2\/users\/4"}],"replies":[{"embeddable":true,"href":"https:\/\/www.radiopiu.net\/wordpress\/wp-json\/wp\/v2\/comments?post=407325"}],"version-history":[{"count":3,"href":"https:\/\/www.radiopiu.net\/wordpress\/wp-json\/wp\/v2\/posts\/407325\/revisions"}],"predecessor-version":[{"id":407338,"href":"https:\/\/www.radiopiu.net\/wordpress\/wp-json\/wp\/v2\/posts\/407325\/revisions\/407338"}],"wp:featuredmedia":[{"embeddable":true,"href":"https:\/\/www.radiopiu.net\/wordpress\/wp-json\/wp\/v2\/media\/407331"}],"wp:attachment":[{"href":"https:\/\/www.radiopiu.net\/wordpress\/wp-json\/wp\/v2\/media?parent=407325"}],"wp:term":[{"taxonomy":"category","embeddable":true,"href":"https:\/\/www.radiopiu.net\/wordpress\/wp-json\/wp\/v2\/categories?post=407325"},{"taxonomy":"post_tag","embeddable":true,"href":"https:\/\/www.radiopiu.net\/wordpress\/wp-json\/wp\/v2\/tags?post=407325"}],"curies":[{"name":"wp","href":"https:\/\/api.w.org\/{rel}","templated":true}]}}