{"id":407358,"date":"2024-08-30T05:12:37","date_gmt":"2024-08-30T03:12:37","guid":{"rendered":"https:\/\/www.radiopiu.net\/wordpress\/?p=407358"},"modified":"2024-08-30T05:39:12","modified_gmt":"2024-08-30T03:39:12","slug":"acqua-di-nuovo-potabile-a-vallada-falcade-e-cencenighe","status":"publish","type":"post","link":"https:\/\/www.radiopiu.net\/wordpress\/acqua-di-nuovo-potabile-a-vallada-falcade-e-cencenighe\/","title":{"rendered":"ACQUA DI NUOVO POTABILE A VALLADA, FALCADE  E CENCENIGHE"},"content":{"rendered":"<p>**<\/p>\n<p>Gestione Servizi Pubblici informa che a<strong> VALLADA AGORDINA<\/strong> nelle localit\u00e0 TOFFOL, SACCHET, CELAT e MAS. A\u00a0 <strong>FALCADE<\/strong> in VIA CIME D&#8217;AUTA. A\u00a0 <strong>CENCENIGHE <\/strong>\u00a0nelle localit\u00e0 FAE&#8217;, VARE BASSE, LUXOTTICA e PRA&#8217; DI MEZZO l&#8217;acqua erogata dall&#8217;acquedotto \u00e8 di nuovo potabile e pu\u00f2 essere usata, quindi, per scopi alimentari.<\/p>\n<p>&nbsp;<\/p>\n<p>&nbsp;<\/p>\n<hr \/>\n<p>&nbsp;<\/p>\n","protected":false},"excerpt":{"rendered":"<p>** Gestione Servizi Pubblici informa che a VALLADA AGORDINA nelle localit\u00e0 TOFFOL, SACCHET, CELAT e MAS. A\u00a0 FALCADE in VIA CIME D&#8217;AUTA. A\u00a0 CENCENIGHE \u00a0nelle localit\u00e0 FAE&#8217;, VARE BASSE, LUXOTTICA e PRA&#8217; DI MEZZO l&#8217;acqua erogata dall&#8217;acquedotto \u00e8 di nuovo potabile e pu\u00f2 essere usata, quindi, per scopi alimentari. &nbsp; &nbsp; &nbsp;<\/p>\n","protected":false},"author":4,"featured_media":331136,"comment_status":"closed","ping_status":"closed","sticky":false,"template":"","format":"standard","meta":{"_monsterinsights_skip_tracking":false,"_monsterinsights_sitenote_active":false,"_monsterinsights_sitenote_note":"","_monsterinsights_sitenote_category":0,"footnotes":""},"categories":[104,49],"tags":[],"class_list":["post-407358","post","type-post","status-publish","format-standard","has-post-thumbnail","hentry","category-evidenza_3","category-news-18","category-104","category-49","description-off"],"img_url":"https:\/\/www.radiopiu.net\/wordpress\/wp-content\/uploads\/2023\/04\/drop-1759703__340.jpg","_links":{"self":[{"href":"https:\/\/www.radiopiu.net\/wordpress\/wp-json\/wp\/v2\/posts\/407358","targetHints":{"allow":["GET"]}}],"collection":[{"href":"https:\/\/www.radiopiu.net\/wordpress\/wp-json\/wp\/v2\/posts"}],"about":[{"href":"https:\/\/www.radiopiu.net\/wordpress\/wp-json\/wp\/v2\/types\/post"}],"author":[{"embeddable":true,"href":"https:\/\/www.radiopiu.net\/wordpress\/wp-json\/wp\/v2\/users\/4"}],"replies":[{"embeddable":true,"href":"https:\/\/www.radiopiu.net\/wordpress\/wp-json\/wp\/v2\/comments?post=407358"}],"version-history":[{"count":1,"href":"https:\/\/www.radiopiu.net\/wordpress\/wp-json\/wp\/v2\/posts\/407358\/revisions"}],"predecessor-version":[{"id":407359,"href":"https:\/\/www.radiopiu.net\/wordpress\/wp-json\/wp\/v2\/posts\/407358\/revisions\/407359"}],"wp:featuredmedia":[{"embeddable":true,"href":"https:\/\/www.radiopiu.net\/wordpress\/wp-json\/wp\/v2\/media\/331136"}],"wp:attachment":[{"href":"https:\/\/www.radiopiu.net\/wordpress\/wp-json\/wp\/v2\/media?parent=407358"}],"wp:term":[{"taxonomy":"category","embeddable":true,"href":"https:\/\/www.radiopiu.net\/wordpress\/wp-json\/wp\/v2\/categories?post=407358"},{"taxonomy":"post_tag","embeddable":true,"href":"https:\/\/www.radiopiu.net\/wordpress\/wp-json\/wp\/v2\/tags?post=407358"}],"curies":[{"name":"wp","href":"https:\/\/api.w.org\/{rel}","templated":true}]}}