{"id":407361,"date":"2024-08-29T16:24:41","date_gmt":"2024-08-29T14:24:41","guid":{"rendered":"https:\/\/www.radiopiu.net\/wordpress\/?p=407361"},"modified":"2024-08-30T05:40:57","modified_gmt":"2024-08-30T03:40:57","slug":"la-scuola-estiva-di-hockey-del-comitato-regionale-veneto-fisg","status":"publish","type":"post","link":"https:\/\/www.radiopiu.net\/wordpress\/la-scuola-estiva-di-hockey-del-comitato-regionale-veneto-fisg\/","title":{"rendered":"La Scuola Estiva di Hockey del Comitato Regionale Veneto FISG"},"content":{"rendered":"<p>***<\/p>\n<p>&nbsp;<\/p>\n<blockquote><p><strong>\u00a0Un Eccellente Palcoscenico per giovani promesse.<\/strong><\/p><\/blockquote>\n<p><strong>ALLEGHE<\/strong> Il Comitato Regionale Veneto della Federazione Italiana Sport del Ghiaccio,\u00a0 domenica 1 settembre \u00a0dar\u00e0 il via alla tradizionale Scuola Estiva di Hockey, un evento che durer\u00e0 per tutta la settimana seguente e che si conferma un importante punto di incontro per i giovani atleti. Quest&#8217;anno, la scuola accoglie ben 76 ragazzi e 10 ragazze, tra i 10 e i 14 anni, tutti gi\u00e0 militanti nelle Societ\u00e0 di Hockey Venete. La Scuola Estiva si propone di seguire un programma collaudato, grazie alla supervisione di esperti Tecnici come Paolo De Biasio che sar\u00e0 coadiuvato da altri Allenatori che garantiranno un\u2019educazione sportiva di alta qualit\u00e0.\u00a0 Non mancher\u00e0 un focus specifico dedicato ai portieri, che avranno l&#8217;opportunit\u00e0 di svolgere un allenamento sotto la guida di esperti del ruolo. Inoltre, il team building sar\u00e0 un elemento centrale dell&#8217;esperienza. L\u2019idea \u00e8 quella di trasformare queste giornate di sport in momenti indimenticabili, dove le amicizie tra i giovani atleti possano fiorire, creando legami che potrebbero durare nel tempo.__<\/p>\n<blockquote><p><em>Con questa iniziativa, il Comitato Regionale Veneto FISG intende promuovere l&#8217;hockey sul ghiaccio tra i pi\u00f9 giovani, investendo nel loro talento e nella loro passione.<\/em><\/p><\/blockquote>\n<p>&nbsp;<\/p>\n<p><a class=\"dt-pswp-item\" href=\"https:\/\/www.radiopiu.net\/wordpress\/wp-content\/uploads\/2024\/08\/foto-Camp-Hockey-2023.png\" data-dt-img-description=\"\" data-large_image_width=\"721\" data-large_image_height=\"287\"><img loading=\"lazy\" decoding=\"async\" class=\"alignnone wp-image-407362 size-full\" src=\"https:\/\/www.radiopiu.net\/wordpress\/wp-content\/uploads\/2024\/08\/foto-Camp-Hockey-2023.png\" alt=\"\" width=\"721\" height=\"287\" srcset=\"https:\/\/www.radiopiu.net\/wordpress\/wp-content\/uploads\/2024\/08\/foto-Camp-Hockey-2023.png 721w, https:\/\/www.radiopiu.net\/wordpress\/wp-content\/uploads\/2024\/08\/foto-Camp-Hockey-2023-300x119.png 300w\" sizes=\"auto, (max-width: 721px) 100vw, 721px\" \/><\/a><\/p>\n<p>&nbsp;<\/p>\n<p>&nbsp;<\/p>\n<hr \/>\n<p>&nbsp;<\/p>\n","protected":false},"excerpt":{"rendered":"<p>*** &nbsp; \u00a0Un Eccellente Palcoscenico per giovani promesse. ALLEGHE Il Comitato Regionale Veneto della Federazione Italiana Sport del Ghiaccio,\u00a0 domenica 1 settembre \u00a0dar\u00e0 il via alla tradizionale Scuola Estiva di Hockey, un evento che durer\u00e0 per tutta la settimana seguente e che si conferma un importante punto di incontro per i giovani atleti. Quest&#8217;anno, la&hellip;<\/p>\n","protected":false},"author":4,"featured_media":407362,"comment_status":"closed","ping_status":"closed","sticky":false,"template":"","format":"standard","meta":{"_monsterinsights_skip_tracking":false,"_monsterinsights_sitenote_active":false,"_monsterinsights_sitenote_note":"","_monsterinsights_sitenote_category":0,"footnotes":""},"categories":[104,49],"tags":[],"class_list":["post-407361","post","type-post","status-publish","format-standard","has-post-thumbnail","hentry","category-evidenza_3","category-news-18","category-104","category-49","description-off"],"img_url":"https:\/\/www.radiopiu.net\/wordpress\/wp-content\/uploads\/2024\/08\/foto-Camp-Hockey-2023.png","_links":{"self":[{"href":"https:\/\/www.radiopiu.net\/wordpress\/wp-json\/wp\/v2\/posts\/407361","targetHints":{"allow":["GET"]}}],"collection":[{"href":"https:\/\/www.radiopiu.net\/wordpress\/wp-json\/wp\/v2\/posts"}],"about":[{"href":"https:\/\/www.radiopiu.net\/wordpress\/wp-json\/wp\/v2\/types\/post"}],"author":[{"embeddable":true,"href":"https:\/\/www.radiopiu.net\/wordpress\/wp-json\/wp\/v2\/users\/4"}],"replies":[{"embeddable":true,"href":"https:\/\/www.radiopiu.net\/wordpress\/wp-json\/wp\/v2\/comments?post=407361"}],"version-history":[{"count":2,"href":"https:\/\/www.radiopiu.net\/wordpress\/wp-json\/wp\/v2\/posts\/407361\/revisions"}],"predecessor-version":[{"id":407364,"href":"https:\/\/www.radiopiu.net\/wordpress\/wp-json\/wp\/v2\/posts\/407361\/revisions\/407364"}],"wp:featuredmedia":[{"embeddable":true,"href":"https:\/\/www.radiopiu.net\/wordpress\/wp-json\/wp\/v2\/media\/407362"}],"wp:attachment":[{"href":"https:\/\/www.radiopiu.net\/wordpress\/wp-json\/wp\/v2\/media?parent=407361"}],"wp:term":[{"taxonomy":"category","embeddable":true,"href":"https:\/\/www.radiopiu.net\/wordpress\/wp-json\/wp\/v2\/categories?post=407361"},{"taxonomy":"post_tag","embeddable":true,"href":"https:\/\/www.radiopiu.net\/wordpress\/wp-json\/wp\/v2\/tags?post=407361"}],"curies":[{"name":"wp","href":"https:\/\/api.w.org\/{rel}","templated":true}]}}