{"id":407371,"date":"2024-08-30T05:11:57","date_gmt":"2024-08-30T03:11:57","guid":{"rendered":"https:\/\/www.radiopiu.net\/wordpress\/?p=407371"},"modified":"2024-08-30T05:39:27","modified_gmt":"2024-08-30T03:39:27","slug":"mini-idroelettrico-necessita-di-chiarimenti-per-sbloccare-la-situazione","status":"publish","type":"post","link":"https:\/\/www.radiopiu.net\/wordpress\/mini-idroelettrico-necessita-di-chiarimenti-per-sbloccare-la-situazione\/","title":{"rendered":"Mini idroelettrico: necessit\u00e0 di chiarimenti per sbloccare la situazione"},"content":{"rendered":"<blockquote>\n<h2><\/h2>\n<\/blockquote>\n<p><a class=\"dt-pswp-item\" href=\"https:\/\/www.radiopiu.net\/wordpress\/wp-content\/uploads\/2019\/02\/mini-idroelettrico.jpg\" data-dt-img-description=\"\" data-large_image_width=\"615\" data-large_image_height=\"439\"><img loading=\"lazy\" decoding=\"async\" class=\"wp-image-75526 alignleft\" src=\"https:\/\/www.radiopiu.net\/wordpress\/wp-content\/uploads\/2019\/02\/mini-idroelettrico-300x214.jpg\" alt=\"\" width=\"192\" height=\"137\" srcset=\"https:\/\/www.radiopiu.net\/wordpress\/wp-content\/uploads\/2019\/02\/mini-idroelettrico-300x214.jpg 300w, https:\/\/www.radiopiu.net\/wordpress\/wp-content\/uploads\/2019\/02\/mini-idroelettrico.jpg 615w\" sizes=\"auto, (max-width: 192px) 100vw, 192px\" \/><\/a><strong>BELLUNO<\/strong> Il presidente della Provincia di Belluno ha sottolineato l&#8217;urgenza di un chiarimento sistematico sulla questione del mini idroelettrico, dopo il parere dell&#8217;Antitrust (AGCM). La Provincia aveva chiesto regole uniformi per il rinnovo delle concessioni scadute degli impianti mini idroelettrici, ma AGCM ha ritenuto la posizione provinciale in contrasto con la normativa sulla concorrenza, chiedendo procedure competitive. Il presidente Roberto Padrin e il consigliere Massimo Bortoluzzi hanno espresso dubbi sull\u2019interpretazione delle regole e hanno annunciato la volont\u00e0 di approfondire la questione, appoggiando la Regione Veneto per sollecitare una modifica normativa a livello statale. L\u2019obiettivo \u00e8 tutelare l\u2019interesse pubblico e sbloccare la situazione.<\/p>\n<div class=\"mt-1 flex gap-3 empty:hidden -ml-2\">\n<div class=\"items-center justify-start rounded-xl p-1 flex\">\n<div class=\"flex items-center\">\n<div class=\"flex\">IL CONSIGLIERE DELEGATO MASSIMO BORTOLUZZI<br \/>\n<audio class=\"wp-audio-shortcode\" id=\"audio-407371-1\" preload=\"none\" style=\"width: 100%;\" controls=\"controls\"><source type=\"audio\/mpeg\" src=\"https:\/\/www.radiopiu.net\/wordpress\/wp-content\/uploads\/2024\/08\/BORTOLUZI.mp3?_=1\" \/><a href=\"https:\/\/www.radiopiu.net\/wordpress\/wp-content\/uploads\/2024\/08\/BORTOLUZI.mp3\">https:\/\/www.radiopiu.net\/wordpress\/wp-content\/uploads\/2024\/08\/BORTOLUZI.mp3<\/a><\/audio>\n<p>&nbsp;<\/p>\n<div>\n<blockquote><p><strong>La sfida dell\u2019idroelettrico: un\u2019opportunit\u00e0 da cogliere per Belluno<\/strong><\/p><\/blockquote>\n<p><em><strong>BELLUNO<\/strong> Tomaso Pettazzi, nel suo intervento, evidenzia come la querelle tra la Provincia di Belluno e l&#8217;AGCM sull\u2019idroelettrico richiami l&#8217;attenzione su temi cruciali e pi\u00f9 ampi per la comunit\u00e0 bellunese. Pettazzi ricorda che nel 2029 scadranno le concessioni trentennali per la gestione di centrali idroelettriche, oggi nelle mani di grandi gruppi industriali. Belluno, una delle province pi\u00f9 energivore d&#8217;Italia, ha l&#8217;opportunit\u00e0 di subentrare nella gestione di queste centrali, potendo cos\u00ec sfruttare a proprio vantaggio l&#8217;enorme potenziale energetico del territorio. Pettazzi invita l\u2019Amministrazione provinciale a farsi promotrice di iniziative volte a stimolare le forze economiche locali, sottolineando che tale opportunit\u00e0 potrebbe rappresentare un passo significativo verso una maggiore autonomia economica per la provincia.<\/em><\/p>\n<\/div>\n<div>\u00a0<strong>L&#8217;OPINIONE<\/strong><\/div>\n<div>\n<p><strong>DI TOMASO PETTAZZI<\/strong><\/p>\n<p><a class=\"dt-pswp-item\" href=\"https:\/\/www.radiopiu.net\/wordpress\/wp-content\/uploads\/2020\/04\/CENTRALE-IDROELETTRICA.jpg\" data-dt-img-description=\"\" data-large_image_width=\"1920\" data-large_image_height=\"859\"><img loading=\"lazy\" decoding=\"async\" class=\"size-medium wp-image-131968 alignleft\" src=\"https:\/\/www.radiopiu.net\/wordpress\/wp-content\/uploads\/2020\/04\/CENTRALE-IDROELETTRICA-300x134.jpg\" alt=\"\" width=\"300\" height=\"134\" srcset=\"https:\/\/www.radiopiu.net\/wordpress\/wp-content\/uploads\/2020\/04\/CENTRALE-IDROELETTRICA-300x134.jpg 300w, https:\/\/www.radiopiu.net\/wordpress\/wp-content\/uploads\/2020\/04\/CENTRALE-IDROELETTRICA-1024x458.jpg 1024w, https:\/\/www.radiopiu.net\/wordpress\/wp-content\/uploads\/2020\/04\/CENTRALE-IDROELETTRICA-768x344.jpg 768w, https:\/\/www.radiopiu.net\/wordpress\/wp-content\/uploads\/2020\/04\/CENTRALE-IDROELETTRICA-1536x687.jpg 1536w, https:\/\/www.radiopiu.net\/wordpress\/wp-content\/uploads\/2020\/04\/CENTRALE-IDROELETTRICA.jpg 1920w\" sizes=\"auto, (max-width: 300px) 100vw, 300px\" \/><\/a>La \u201cquerelle\u201d tra Provincia di Belluno ed AGCM (Agenzia garante della Concorrenza e del Mercato) mi ricorda il vecchio proverbio \u201cQuando il saggio indica la luna, lo stolto guarda il dito\u201d. Lungi da me definirmi saggio. Ma ricordare ancora una volta che ci si dovrebbe confrontare con questioni similari, ma di dimensioni ben superiori e con ricadute sulla collettivit\u00e0 bellunese infinitamente pi\u00f9 impattanti, beh\u2026 questo mi sento di ribadirlo. Perch\u00e9 il problema dell\u2019idroelettrico \u00e8 da anni un mio pallino fisso. Ho scritto ai media innumerevoli lettere, con scarsi risultati di ascolto da parte di chi di dovere. Ma non ho mai gettato la spugna. Come in questa occasione. Riporto qui sotto l\u2019ennesima lettera spedita ai giornali provinciali (stampati e parlati) in data 30 maggio u.s., sperando susciti maggior attenzione. \u201cRepetita juvant\u201d, dicevano gli antichi Romani. Lascio giudicare al lettore.\u00a0 Chi non ricorda le \u201clenzuolate\u201d di Bersani? Nel 1999 era ministro dell\u2019industria (in quota Democratici di Sinistra) e in poco tempo realizz\u00f2 una delle pi\u00f9 importanti rivoluzioni \u201cliberali\u201d dell\u2019Italia repubblicana. Accenno, tra molte, la portabilit\u00e0 del mutuo, la cancellazione dei costi di ricarica dei telefonini, la nascita delle parafarmacie, in genere finalmente l\u2019apertura del mercato alla concorrenza. Ma quella che ritengo pi\u00f9 importante \u00e8 certamente la liberalizzazione del settore elettrico, specie l\u2019idroelettrico, fino ad allora monopolio dell\u2019Enel. Tra non molto, a fine marzo 2029, scadranno parecchie delle concessioni trentennali allora riconosciute a importanti gruppi industriali come Edison, Eni, ecc. La societ\u00e0 bellunese avrebbe fin d\u2019ora la ghiotta possibilit\u00e0 di subentrare a queste societ\u00e0 nella gestione delle numerose centrali site nel nostro territorio che producono un enorme quantit\u00e0 di energia, che \u00e8 di circa 230 GWh, pari quasi il doppio di quanto consumiamo e corrispondente al 5% del consumo delle famiglie italiane. E\u2019 come se ogni Bellunese producesse 19.000 KWh, a confronto con Trento e Bolzano\/Bozen che non raggiungono i 10.000 KWh. A suo tempo le due Province Autonome, grazie a una disponibilit\u00e0 economica non indifferente e alla loro legislazione indipendente, non solo mantennero le esistenti, ma pure ottennero di gran parte delle restanti. Il che port\u00f2 ad una procedura di infrazione da parte della UE, che naufrag\u00f2 nel nulla. Porto come esempio Primiero Energia S.p.A. Societ\u00e0 che produce utili non indifferenti, tali da poter distribuire energia al territorio con prezzi inferiori alla media e che addirittura in questi ultimi anni di costanti aumenti dovuti ad inflazione e guerra in Ucraina, s\u2019\u00e8 permessa di mantenere inalterati i prezzi nel territorio. Ebbene, la Provincia di Belluno, che si posiziona tra le prime 10 province industrializzate d\u2019Italia, \u00e8 molto energivora e avrebbe tutta la convenienza a subentrare nella gestione delle concessioni in scadenza. La data del 2029 \u00e8 un soffio se pensiamo alla complicazione delle procedure burocratiche necessarie.\u00a0Invito quindi l\u2019Amministrazione provinciale a proporsi fin d\u2019ora come elemento stimolatore di tutte quelle forze economiche interessate a raggiungere quello scopo. Siano esse industriali, commerciali, finanziarie, agricole, addirittura semplici cittadini intesi come detentori di risparmi familiari. Ricordo che il Bellunese vanta una media di depositi bancari tra le pi\u00f9 elevate. La forma potrebbe essere societaria, cooperativistica, crowdfunding. Se non lo potr\u00e0 lei, invito altre organizzazioni a farlo. Se pensiamo all\u2019Autonomia da molti auspicata, sarebbe una occasione unica per raggiungerla dal punto di vista economico. La posta in gioco sono centinaia di milioni di \u20ac all\u2019anno. I dati da me riportati sono facilmente reperibili nel web.<\/p>\n<p>&nbsp;<\/p>\n<p>&nbsp;<\/p>\n<\/div>\n<\/div>\n<\/div>\n<\/div>\n<\/div>\n","protected":false},"excerpt":{"rendered":"<p>BELLUNO Il presidente della Provincia di Belluno ha sottolineato l&#8217;urgenza di un chiarimento sistematico sulla questione del mini idroelettrico, dopo il parere dell&#8217;Antitrust (AGCM). La Provincia aveva chiesto regole uniformi per il rinnovo delle concessioni scadute degli impianti mini idroelettrici, ma AGCM ha ritenuto la posizione provinciale in contrasto con la normativa sulla concorrenza, chiedendo&hellip;<\/p>\n","protected":false},"author":4,"featured_media":75526,"comment_status":"closed","ping_status":"closed","sticky":false,"template":"","format":"standard","meta":{"_monsterinsights_skip_tracking":false,"_monsterinsights_sitenote_active":false,"_monsterinsights_sitenote_note":"","_monsterinsights_sitenote_category":0,"footnotes":""},"categories":[51,49],"tags":[],"class_list":["post-407371","post","type-post","status-publish","format-standard","has-post-thumbnail","hentry","category-evidenza-top","category-news-18","category-51","category-49","description-off"],"img_url":"https:\/\/www.radiopiu.net\/wordpress\/wp-content\/uploads\/2019\/02\/mini-idroelettrico.jpg","_links":{"self":[{"href":"https:\/\/www.radiopiu.net\/wordpress\/wp-json\/wp\/v2\/posts\/407371","targetHints":{"allow":["GET"]}}],"collection":[{"href":"https:\/\/www.radiopiu.net\/wordpress\/wp-json\/wp\/v2\/posts"}],"about":[{"href":"https:\/\/www.radiopiu.net\/wordpress\/wp-json\/wp\/v2\/types\/post"}],"author":[{"embeddable":true,"href":"https:\/\/www.radiopiu.net\/wordpress\/wp-json\/wp\/v2\/users\/4"}],"replies":[{"embeddable":true,"href":"https:\/\/www.radiopiu.net\/wordpress\/wp-json\/wp\/v2\/comments?post=407371"}],"version-history":[{"count":2,"href":"https:\/\/www.radiopiu.net\/wordpress\/wp-json\/wp\/v2\/posts\/407371\/revisions"}],"predecessor-version":[{"id":407384,"href":"https:\/\/www.radiopiu.net\/wordpress\/wp-json\/wp\/v2\/posts\/407371\/revisions\/407384"}],"wp:featuredmedia":[{"embeddable":true,"href":"https:\/\/www.radiopiu.net\/wordpress\/wp-json\/wp\/v2\/media\/75526"}],"wp:attachment":[{"href":"https:\/\/www.radiopiu.net\/wordpress\/wp-json\/wp\/v2\/media?parent=407371"}],"wp:term":[{"taxonomy":"category","embeddable":true,"href":"https:\/\/www.radiopiu.net\/wordpress\/wp-json\/wp\/v2\/categories?post=407371"},{"taxonomy":"post_tag","embeddable":true,"href":"https:\/\/www.radiopiu.net\/wordpress\/wp-json\/wp\/v2\/tags?post=407371"}],"curies":[{"name":"wp","href":"https:\/\/api.w.org\/{rel}","templated":true}]}}