{"id":407409,"date":"2024-08-30T07:55:42","date_gmt":"2024-08-30T05:55:42","guid":{"rendered":"https:\/\/www.radiopiu.net\/wordpress\/?p=407409"},"modified":"2024-08-30T06:08:10","modified_gmt":"2024-08-30T04:08:10","slug":"la-rassegna-stampa-locale-dai-siti-internet-dai-giornali-dal-1983","status":"publish","type":"post","link":"https:\/\/www.radiopiu.net\/wordpress\/la-rassegna-stampa-locale-dai-siti-internet-dai-giornali-dal-1983\/","title":{"rendered":"LA RASSEGNA STAMPA LOCALE, DAI SITI INTERNET, DAI GIORNALI. dal 1983"},"content":{"rendered":"<p>***<\/p>\n<p>&nbsp;<\/p>\n<div class=\"mceTemp\">\n<a class=\"dt-pswp-item\" href=\"https:\/\/www.radiopiu.net\/wordpress\/wp-content\/uploads\/2024\/08\/0c715370-708d-4e27-bfbc-8f73840fd988.jpg\" data-dt-img-description=\"bar parco giochi SABATO 7\" data-large_image_width=\"1131\" data-large_image_height=\"1600\"><img loading=\"lazy\" decoding=\"async\" class=\"size-medium wp-image-407355 alignleft\" src=\"https:\/\/www.radiopiu.net\/wordpress\/wp-content\/uploads\/2024\/08\/0c715370-708d-4e27-bfbc-8f73840fd988-212x300.jpg\" alt=\"\" width=\"212\" height=\"300\" srcset=\"https:\/\/www.radiopiu.net\/wordpress\/wp-content\/uploads\/2024\/08\/0c715370-708d-4e27-bfbc-8f73840fd988-212x300.jpg 212w, https:\/\/www.radiopiu.net\/wordpress\/wp-content\/uploads\/2024\/08\/0c715370-708d-4e27-bfbc-8f73840fd988-724x1024.jpg 724w, https:\/\/www.radiopiu.net\/wordpress\/wp-content\/uploads\/2024\/08\/0c715370-708d-4e27-bfbc-8f73840fd988-768x1086.jpg 768w, https:\/\/www.radiopiu.net\/wordpress\/wp-content\/uploads\/2024\/08\/0c715370-708d-4e27-bfbc-8f73840fd988-1086x1536.jpg 1086w, https:\/\/www.radiopiu.net\/wordpress\/wp-content\/uploads\/2024\/08\/0c715370-708d-4e27-bfbc-8f73840fd988.jpg 1131w\" sizes=\"auto, (max-width: 212px) 100vw, 212px\" \/><\/a><\/p>\n<p><strong>OGGI ALLA RADIO<\/strong>\u2026. ALLE 4 E ALLE 6 LE NOTIZIE DALL\u2019ITALIA E DAL MONDO 6.15 PIROLE DE LENGA A CURA DEL MUSLA 7.20 EL BAL DEL FIORI, DETTI E TRADIZIONI DI GIULIANA DA RONCH 8.05 LA RASSEGNA STAMPA LOCALE 8.30 PIU SIAMO CON MARINA DONA 9.40 VIABILITA\u2019 CON BOTOL CAR SERVICE (AGORDO-SEDICO-FELTRE) 10 30 FINE SETTIMANA ETNICO AL BAR DELLE BOCCE, LO SPECIALE CON MARINA DONA\u2019 12.00 VA TUTTO LISCIO 12.30 GIORNALE RADIO PRINCIPALE 13.10 13.20 TRE PEZZI DI MARINA DONA\u2019 14.00 GOLDEN CLASSICO MARCO EDELVAIS 15.00 WEEK END MARINA C\u2019E\u2019 16 10 IL ROCK DI MARCO COSTANTINI 1645 LE HIT DI MIRCO BENCIVENNI 18.00 PIU\u2019 DANCE LE SELEZIONI CHE FANNO SALTARE DI DJ JACK, JACOPO DEL TEDESCO 19 LE ANTICIPAZIONI DAL TG DI ANTENNA 3 DI TIZIANA BOLOGNANI<\/p>\n<p>&nbsp;<\/p>\n<p>MALORE AL BAR, ELICOTTERO IN RIVA AL LAGO. SOCCORSO UN UOMO A SAN TOMASO<br \/>\nALLEGHE Un uomo di 68 anni di Alano di Piave \u00e8 ricoverato a Belluno con un codice di media gravit\u00e0. Alle 6.30 del mattino, durante una normale giornata di lavoro, l\u2019uomo si \u00e8 sentito male mentre stava facendo colazione in centro. Immediato l\u2019intervento della Croce Verde di Alleghe, allertato l\u2019elicottero, Falco2 ha portato l\u2019uomo al San Martino di Belluno.<br \/>\nSAN TOMASO Subito dopo le 9:30 di ieri l\u2019elicottero Falco 1 \u00e8 volato a Cencenighe per un uomo di 73 che aveva accusato un malore a San Tomaso. L\u2019uomo \u00e8 stato portato all\u2019ospedale di Belluno per gli accertamenti.<br \/>\nLAMON Malore alle 11.30 di ieri mattina, soccorso un anziano 92enne portato in ospedale da Falco2 con un codice di media gravit\u00e0<\/p>\n<p><a class=\"dt-pswp-item\" href=\"https:\/\/www.radiopiu.net\/wordpress\/wp-content\/uploads\/2024\/08\/Senza-nome-120.png\" data-dt-img-description=\"\" data-large_image_width=\"544\" data-large_image_height=\"319\"><img loading=\"lazy\" decoding=\"async\" class=\"size-medium wp-image-407406 alignleft\" src=\"https:\/\/www.radiopiu.net\/wordpress\/wp-content\/uploads\/2024\/08\/Senza-nome-120-300x176.png\" alt=\"\" width=\"300\" height=\"176\" srcset=\"https:\/\/www.radiopiu.net\/wordpress\/wp-content\/uploads\/2024\/08\/Senza-nome-120-300x176.png 300w, https:\/\/www.radiopiu.net\/wordpress\/wp-content\/uploads\/2024\/08\/Senza-nome-120.png 544w\" sizes=\"auto, (max-width: 300px) 100vw, 300px\" \/><\/a>CADE CON LA MOUNTAIN BIKE<br \/>\nLIVINALLONGO Attorno alle 16 il Soccorso alpino di Livinallongo \u00e8 intervenuto in supporto all\u2019ambulanza, lungo il sentiero 637, che da localit\u00e0 Burz scende ad Arabba, per una ciclista caduta con la mountain bike. La 39enne tedesca, che aveva riportato un taglio sul ginocchio e una probabile contusione al gomito e stata medicata, caricata sul mezzo e trasportata in ospedale.<\/p>\n<p>SOCCORSO CERCATORE DI FUNGHI NEI BOSCHI DI DOMEGGE<br \/>\nDOMEGGE Passato mezzogiorno il Soccorso alpino del Centro Cadore \u00e8 stato attivato, in seguito alla chiamata di una signora, che aveva perso di vista il marito con cui era a funghi, nei boschi sopra la strada, a 200 metri di distanza dalla Grotta del lupo. La moglie, che ne sentiva i richiami, aveva inoltre detto che con il marito c\u2019era anche il loro cagnolino. Arrivata sul posto una squadra ha individuato il 66enne di Calalzo di Cadore (BL), che era scivolato riportando escoriazioni e contusioni. Raggiunti da una seconda squadra con la barella, i soccorritori hanno caricato l\u2019infortunato e lo hanno trasportato fino alla strada, dove \u00e8 sopraggiunta l\u2019ambulanza che lo ha accompagnato all\u2019ospedale di Pieve di Cadore. Il cane nel frattempo era tornato da solo dalla padrona.<\/p>\n<p>Arrestato 28enne a Montebelluna: Inseguimento, resistenza, guida senza patente e appropriazione indebita<br \/>\nMONTEBELLUNA Nella notte del 29 agosto, i Carabinieri del Nucleo Radiomobile della Compagnia di Montebelluna hanno arrestato un 28enne di Feltre per resistenza a pubblico ufficiale, appropriazione indebita, reiterazione della guida senza patente e rifiuto dell\u2019accertamento dello stato di ebbrezza. Alla guida di un\u2019auto lungo la S.R. \u201cFeltrina\u201d, l\u2019uomo ha tentato di sfuggire a un controllo aumentando la velocit\u00e0, ma \u00e8 stato fermato dopo un inseguimento a Pederobba. La patente era stata revocata e l\u2019auto, affidatagli da un conoscente per lavori di meccanica, \u00e8 stata restituita al proprietario che ha querelato il feltrino per appropriazione indebita. L\u2019arrestato \u00e8 stato poi rimesso in libert\u00e0 su disposizione del P.M. della Procura di Treviso.<\/p>\n<p>Aggressione a Feltre: un arresto e un ricovero in ospedale<br \/>\nFELTRE Un 29enne di Lentiai \u00e8 stato arrestato per resistenza a pubblico ufficiale dopo una violenta colluttazione alla stazione ferroviaria di Feltre, che ha lasciato un 42enne marocchino, residente a Feltre, gravemente ferito. L\u2019aggressore ha colpito la vittima con una bottiglia rotta e calci. Il ferito \u00e8 ora ricoverato in Terapia intensiva neurochirurgica al Ca\u2019 Foncello di Treviso, in condizioni stabili. L\u2019arrestato \u00e8 in attesa di udienza per la convalida della custodia cautelare<br \/>\nREPLICA AD ALANO<br \/>\nSETTEVILLE Un\u2019altra rissa ad Alano, le conseguenze sono gravi. Litigio violento tra due uomini, due marocchini di 19 e 37 anni sono stati soccorsi e portati in ospedale a Feltre con ferite di media gravit\u00e0<\/p>\n<p><a class=\"dt-pswp-item\" href=\"https:\/\/www.radiopiu.net\/wordpress\/wp-content\/uploads\/2024\/08\/Senza-nome-119.png\" data-dt-img-description=\"\" data-large_image_width=\"239\" data-large_image_height=\"156\"><img loading=\"lazy\" decoding=\"async\" class=\"size-full wp-image-407405 alignleft\" src=\"https:\/\/www.radiopiu.net\/wordpress\/wp-content\/uploads\/2024\/08\/Senza-nome-119.png\" alt=\"\" width=\"239\" height=\"156\" \/><\/a>Morte di Gianfranco Alberti: indagini in corso<br \/>\nCORTINA Gianfranco Alberti \u00e8 deceduto per emotorace causato da dissezione dell\u2019aorta, come rilevato dal medico legale Antonello Cirnelli nell\u2019autopsia. L\u2019uomo, 79 anni, era stato dimesso dall\u2019ospedale di Belluno dopo un intervento cardiaco e ha avuto un malore fatale poco dopo essere tornato a casa. L\u2019inchiesta, ancora senza indagati, esaminer\u00e0 se i cardiologi avrebbero potuto identificare e prevenire il problema, valutando eventuali responsabilit\u00e0 per omicidio colposo in ambito sanitario.<\/p>\n<p>SARA\u2019 CATTURATA LA LUPA NEL TREVIGIANO. BOND (FCC) AVVISA CHE IL PROBLEMA E\u2019 ANCHE NEL BELLUNESE MA NON SOLO<br \/>\nBELLUNO Come si apprende dagli organi di informazione, il lupo avvistato nei giorni scorsi nel Trevigiano, pi\u00f9 precisamente in un\u2019area del comune di San Polo di Piave sar\u00e0 dunque catturato. Lo ha deciso il vertice tenutosi presso la Prefettura di Treviso a cui hanno preso parte enti ed istituzioni del territorio, tra cui alcuni sindaci, a seguito delle preoccupazioni emerse tra gli stessi amministratori e molti cittadini.<\/p>\n<p>Dubbi sull\u2019avvio del Consorzio forestale Dolomiti<br \/>\nLIVINALLONGO L\u2019amministrazione Nagler esprime riserve sulla creazione del Consorzio forestale Dolomiti, progetto avviato dalla precedente amministrazione Grones. Sebbene l\u2019idea non sia abbandonata, il sindaco Oscar Nagler sottolinea che la sostenibilit\u00e0 finanziaria del consorzio \u00e8 garantita solo per i primi due o tre anni, dopo i quali potrebbe gravare sul bilancio comunale. La giunta ha quindi deciso di procedere con cautela, affidando la gestione dei lotti boschivi a professionisti esterni per il momento.<br \/>\nFELTRE QUOTA ANNUALE DEL FONDO COMUNI CONFINANTI: LA GIUNTA D\u00c0 IL VIA LIBERA AL PROGETTO DA 500 MILA EURO<\/p>\n<p><a class=\"dt-pswp-item\" href=\"https:\/\/www.radiopiu.net\/wordpress\/wp-content\/uploads\/2024\/08\/Senza-nome-118.png\" data-dt-img-description=\"\" data-large_image_width=\"504\" data-large_image_height=\"196\"><img loading=\"lazy\" decoding=\"async\" class=\"size-medium wp-image-407395 alignleft\" src=\"https:\/\/www.radiopiu.net\/wordpress\/wp-content\/uploads\/2024\/08\/Senza-nome-118-300x117.png\" alt=\"\" width=\"300\" height=\"117\" srcset=\"https:\/\/www.radiopiu.net\/wordpress\/wp-content\/uploads\/2024\/08\/Senza-nome-118-300x117.png 300w, https:\/\/www.radiopiu.net\/wordpress\/wp-content\/uploads\/2024\/08\/Senza-nome-118.png 504w\" sizes=\"auto, (max-width: 300px) 100vw, 300px\" \/><\/a>Fondi di confine: respinta la proposta di finanziare la pista da bob di Cortina<br \/>\nIl consiglio provinciale di Belluno ha respinto l\u2019ordine del giorno del gruppo Futura Centrosinistra Bellunese, che proponeva di utilizzare i Fondi di confine per le spese di gestione post-olimpica della pista da bob di Cortina. Il presidente della Provincia ha ribadito che la decisione spetta ai sindaci dei Comuni confinanti e contigui, non alla Provincia. La proposta \u00e8 stata giudicata fuori focus, poich\u00e9 richiedeva azioni gi\u00e0 avviate ma non ancora concluse.<\/p>\n<p>&nbsp;<\/p>\n<p>&nbsp;<\/p>\n","protected":false},"excerpt":{"rendered":"<p>*** &nbsp; OGGI ALLA RADIO\u2026. ALLE 4 E ALLE 6 LE NOTIZIE DALL\u2019ITALIA E DAL MONDO 6.15 PIROLE DE LENGA A CURA DEL MUSLA 7.20 EL BAL DEL FIORI, DETTI E TRADIZIONI DI GIULIANA DA RONCH 8.05 LA RASSEGNA STAMPA LOCALE 8.30 PIU SIAMO CON MARINA DONA 9.40 VIABILITA\u2019 CON BOTOL CAR SERVICE (AGORDO-SEDICO-FELTRE) 10&hellip;<\/p>\n","protected":false},"author":4,"featured_media":407405,"comment_status":"closed","ping_status":"closed","sticky":false,"template":"","format":"standard","meta":{"_monsterinsights_skip_tracking":false,"_monsterinsights_sitenote_active":false,"_monsterinsights_sitenote_note":"","_monsterinsights_sitenote_category":0,"footnotes":""},"categories":[104,49,142],"tags":[],"class_list":["post-407409","post","type-post","status-publish","format-standard","has-post-thumbnail","hentry","category-evidenza_3","category-news-18","category-rassegna-stampa","category-104","category-49","category-142","description-off"],"img_url":"https:\/\/www.radiopiu.net\/wordpress\/wp-content\/uploads\/2024\/08\/Senza-nome-119.png","_links":{"self":[{"href":"https:\/\/www.radiopiu.net\/wordpress\/wp-json\/wp\/v2\/posts\/407409","targetHints":{"allow":["GET"]}}],"collection":[{"href":"https:\/\/www.radiopiu.net\/wordpress\/wp-json\/wp\/v2\/posts"}],"about":[{"href":"https:\/\/www.radiopiu.net\/wordpress\/wp-json\/wp\/v2\/types\/post"}],"author":[{"embeddable":true,"href":"https:\/\/www.radiopiu.net\/wordpress\/wp-json\/wp\/v2\/users\/4"}],"replies":[{"embeddable":true,"href":"https:\/\/www.radiopiu.net\/wordpress\/wp-json\/wp\/v2\/comments?post=407409"}],"version-history":[{"count":1,"href":"https:\/\/www.radiopiu.net\/wordpress\/wp-json\/wp\/v2\/posts\/407409\/revisions"}],"predecessor-version":[{"id":407410,"href":"https:\/\/www.radiopiu.net\/wordpress\/wp-json\/wp\/v2\/posts\/407409\/revisions\/407410"}],"wp:featuredmedia":[{"embeddable":true,"href":"https:\/\/www.radiopiu.net\/wordpress\/wp-json\/wp\/v2\/media\/407405"}],"wp:attachment":[{"href":"https:\/\/www.radiopiu.net\/wordpress\/wp-json\/wp\/v2\/media?parent=407409"}],"wp:term":[{"taxonomy":"category","embeddable":true,"href":"https:\/\/www.radiopiu.net\/wordpress\/wp-json\/wp\/v2\/categories?post=407409"},{"taxonomy":"post_tag","embeddable":true,"href":"https:\/\/www.radiopiu.net\/wordpress\/wp-json\/wp\/v2\/tags?post=407409"}],"curies":[{"name":"wp","href":"https:\/\/api.w.org\/{rel}","templated":true}]}}