{"id":407424,"date":"2024-08-31T05:51:26","date_gmt":"2024-08-31T03:51:26","guid":{"rendered":"https:\/\/www.radiopiu.net\/wordpress\/?p=407424"},"modified":"2024-08-31T08:00:22","modified_gmt":"2024-08-31T06:00:22","slug":"giornale-radiopiu-31-agosto-2024-direttore-mirko-mezzacasada-41-anni-25-giugno-1983-25-giugno-2024","status":"publish","type":"post","link":"https:\/\/www.radiopiu.net\/wordpress\/giornale-radiopiu-31-agosto-2024-direttore-mirko-mezzacasada-41-anni-25-giugno-1983-25-giugno-2024\/","title":{"rendered":"GIORNALE RADIOPIU 31 AGOSTO 2024 DIRETTORE MIRKO MEZZACASA\u2026DA 41 ANNI 25 GIUGNO 1983-25 GIUGNO 2024"},"content":{"rendered":"<p>*******<\/p>\n<p>&nbsp;<\/p>\n<div class=\"page-title-head hgroup\">\n<h1 style=\"text-align: center;\">RADIO PIU&#8217;&#8230; IN DAB NEL VENETO! STIAMO PER ESTENDERE LA RETE, NUOVA RIPETIZIONE DEL SEGNALE A VENEZIA<\/h1>\n<\/div>\n<div style=\"width: 1200px;\" class=\"wp-video\"><video class=\"wp-video-shortcode\" id=\"video-407424-1\" width=\"1200\" height=\"675\" preload=\"metadata\" controls=\"controls\"><source type=\"video\/mp4\" src=\"https:\/\/www.radiopiu.net\/wordpress\/wp-content\/uploads\/2024\/08\/WhatsApp-Video-2024-08-26-at-19.18.47-1.mp4?_=1\" \/><a href=\"https:\/\/www.radiopiu.net\/wordpress\/wp-content\/uploads\/2024\/08\/WhatsApp-Video-2024-08-26-at-19.18.47-1.mp4\">https:\/\/www.radiopiu.net\/wordpress\/wp-content\/uploads\/2024\/08\/WhatsApp-Video-2024-08-26-at-19.18.47-1.mp4<\/a><\/video><\/div>\n<p>&nbsp;<\/p>\n<p>&nbsp;<\/p>\n<p><em><span style=\"color: #ff0000;\">ATTENZIONE: LA NUOVA APP PER IOS-IPHONE di Nicola Vettorello <\/span><\/em><a href=\"https:\/\/apps.apple.com\/it\/app\/radio-pi%C3%B9-emittente-agordina\/id1515939845\">https:\/\/apps.apple.com\/it\/app\/radio-pi%C3%B9-emittente-agordina\/id1515939845<\/a><\/p>\n<p><em style=\"color: #ff0000;\">ATTENZIONE: LA NUOVA APP RADIO\u00a0 PER ANDROID di Nicola Vettorello<\/em><\/p>\n<p><a href=\"https:\/\/play.google.com\/store\/apps\/details?id=net.radiopiu.iniko\" target=\"_blank\" rel=\"noopener noreferrer\">https:\/\/play.google.com\/store\/apps\/details?id=net.radiopiu.iniko\u00a0\u00a0\u00a0<\/a><\/p>\n<p>&nbsp;<\/p>\n<p>&nbsp;<\/p>\n<hr \/>\n<p>&nbsp;<\/p>\n<p><strong>OGGI ALLA RADIO&#8230;.<\/strong> <span style=\"color: #ff0000;\">ALLE 4 E ALLE 6<\/span> LE NOTIZIE DALL&#8217;ITALIA E DAL MONDO<span style=\"color: #ff0000;\"> 6.15<\/span> PIROLE DE LENGA A CURA DEL MUSLA<span style=\"color: #ff0000;\"> 7.20<\/span> EL BAL DEL FIORI, DETTI E TRADIZIONI DI GIULIANA DA RONCH <span style=\"color: #ff0000;\">8.05<\/span> LA RASSEGNA STAMPA LOCALE<span style=\"color: #ff0000;\"> 8.30\u00a0<span style=\"color: #000000;\"> WEEK END&#8230; MARINA C&#8217;E&#8217;<\/span> <\/span><span style=\"color: #ff0000;\"><span style=\"color: #000000;\">\u00a0<\/span><\/span><span style=\"color: #ff0000;\">9.40<\/span> VIABILITA&#8217; CON BOTOL CAR SERVICE (AGORDO-SEDICO-FELTRE)\u00a0 <span style=\"color: #ff0000;\">10 30<\/span> LA RASSEGNA STAMPA DA L&#8217;AMICO DEL POPOLO DI GIANNI SANTOMASO\u00a0 <span style=\"color: #ff0000;\">12.00<\/span> VA TUTTO LISCIO\u00a0 <span style=\"color: #ff0000;\">12.30<\/span> GIORNALE RADIO PRINCIPALE\u00a0 <span style=\"color: #ff0000;\">\u00a0<\/span><span style=\"color: #ff0000;\">14.00 <span style=\"color: #000000;\">ELETTROCHOC CON JACOPO DEL TEDESCO<\/span>\u00a0<\/span><span style=\"color: #ff0000;\">15.00<\/span>\u00a0 LA CLASSIFICA UFFICIALE DI MARCO GAZ\u00a0 \u00a0<span style=\"color: #ff0000;\">16<\/span> IL ROCK DI MARCO COSTANTINI <span style=\"color: #ff0000;\">1645<\/span> LE HIT DI MIRCO BENCIVENNI <span style=\"color: #ff0000;\">18.00<\/span> PIU&#8217; DANCE LE SELEZIONI CHE FANNO SALTARE DI DJ JACK, JACOPO DEL TEDESCO <span style=\"color: #ff0000;\">18 10<\/span> REGGAETON DI ATHOS DJ DAVID BEN\u00a0 <span style=\"color: #ff0000;\">19<\/span> LE ANTICIPAZIONI DAL TG DI ANTENNA 3<\/p>\n<p><strong>rassegna stampa nazionale,<\/strong> ogni giorno alle 5 e alle 6 del mattino<br \/>\ngiornali locali 7 rassegna stampa flash, 8 rassegna stampa, gr flash alle 10 e alle 11, principale 12.30. Informazione pomerIggio alle 15 (speciale) 16, 17, 18. Giornale radio nazionale: ogni ora dalle 5 del mattino, alle 20 della sera.<\/p>\n<p>&nbsp;<\/p>\n<hr \/>\n<p>&nbsp;<\/p>\n<div class=\"x11i5rnm xat24cr x1mh8g0r x1vvkbs xtlvy1s x126k92a\">\n<div dir=\"auto\">\n<div dir=\"auto\">\n<p><strong><a class=\"dt-pswp-item\" href=\"https:\/\/www.radiopiu.net\/wordpress\/wp-content\/uploads\/2024\/02\/2d44e751-d8a8-461b-8e22-d8e4e853b032.jpg\" data-dt-img-description=\"\" data-large_image_width=\"1600\" data-large_image_height=\"1200\"><img loading=\"lazy\" decoding=\"async\" class=\"wp-image-373307 alignleft\" src=\"https:\/\/www.radiopiu.net\/wordpress\/wp-content\/uploads\/2024\/02\/2d44e751-d8a8-461b-8e22-d8e4e853b032-300x225.jpg\" alt=\"\" width=\"105\" height=\"79\" srcset=\"https:\/\/www.radiopiu.net\/wordpress\/wp-content\/uploads\/2024\/02\/2d44e751-d8a8-461b-8e22-d8e4e853b032-300x225.jpg 300w, https:\/\/www.radiopiu.net\/wordpress\/wp-content\/uploads\/2024\/02\/2d44e751-d8a8-461b-8e22-d8e4e853b032-1024x768.jpg 1024w, https:\/\/www.radiopiu.net\/wordpress\/wp-content\/uploads\/2024\/02\/2d44e751-d8a8-461b-8e22-d8e4e853b032-768x576.jpg 768w, https:\/\/www.radiopiu.net\/wordpress\/wp-content\/uploads\/2024\/02\/2d44e751-d8a8-461b-8e22-d8e4e853b032-1536x1152.jpg 1536w, https:\/\/www.radiopiu.net\/wordpress\/wp-content\/uploads\/2024\/02\/2d44e751-d8a8-461b-8e22-d8e4e853b032.jpg 1600w\" sizes=\"auto, (max-width: 105px) 100vw, 105px\" \/><\/a>EL BAL DEL FIOR, DI GIULIANA DA RONCH, 31 AGOSTO<\/strong><strong>\u00a02024<\/strong><\/p>\n<audio class=\"wp-audio-shortcode\" id=\"audio-407424-1\" preload=\"none\" style=\"width: 100%;\" controls=\"controls\"><source type=\"audio\/mpeg\" src=\"https:\/\/www.radiopiu.net\/wordpress\/wp-content\/uploads\/2024\/08\/GSA-4.mp3?_=1\" \/><a href=\"https:\/\/www.radiopiu.net\/wordpress\/wp-content\/uploads\/2024\/08\/GSA-4.mp3\">https:\/\/www.radiopiu.net\/wordpress\/wp-content\/uploads\/2024\/08\/GSA-4.mp3<\/a><\/audio>\n<p>&nbsp;<\/p>\n<\/div>\n<\/div>\n<hr \/>\n<p>&nbsp;<\/p>\n<p>&nbsp;<\/p>\n<h1><span style=\"color: #ff0000;\"><a class=\"dt-pswp-item\" href=\"https:\/\/www.radiopiu.net\/wordpress\/wp-content\/uploads\/2024\/06\/th-5.jpg\" data-dt-img-description=\"\" data-large_image_width=\"326\" data-large_image_height=\"180\"><img loading=\"lazy\" decoding=\"async\" class=\"size-medium wp-image-395881 alignleft\" src=\"https:\/\/www.radiopiu.net\/wordpress\/wp-content\/uploads\/2024\/06\/th-5-300x166.jpg\" alt=\"\" width=\"300\" height=\"166\" srcset=\"https:\/\/www.radiopiu.net\/wordpress\/wp-content\/uploads\/2024\/06\/th-5-300x166.jpg 300w, https:\/\/www.radiopiu.net\/wordpress\/wp-content\/uploads\/2024\/06\/th-5.jpg 326w\" sizes=\"auto, (max-width: 300px) 100vw, 300px\" \/><\/a><\/span><\/h1>\n<h1><\/h1>\n<h1><\/h1>\n<h1><span style=\"color: #000000;\">31 agosto&#8230; alla radio l&#8217;almanacco\u00a0<\/span><\/h1>\n<audio class=\"wp-audio-shortcode\" id=\"audio-407424-2\" preload=\"none\" style=\"width: 100%;\" controls=\"controls\"><source type=\"audio\/mpeg\" src=\"https:\/\/www.radiopiu.net\/wordpress\/wp-content\/uploads\/2024\/08\/ALMANACCONEW-25.mp3?_=2\" \/><a href=\"https:\/\/www.radiopiu.net\/wordpress\/wp-content\/uploads\/2024\/08\/ALMANACCONEW-25.mp3\">https:\/\/www.radiopiu.net\/wordpress\/wp-content\/uploads\/2024\/08\/ALMANACCONEW-25.mp3<\/a><\/audio>\n<p>&nbsp;<\/p>\n<p>&nbsp;<\/p>\n<div dir=\"auto\">\n<hr \/>\n<\/div>\n<\/div>\n<blockquote>\n<blockquote>\n<h1><span style=\"color: #ff0000;\">\u00a0<\/span><\/h1>\n<h1><span style=\"color: #ff0000;\">I podcast informativi del mattino &#8211; audio &#8211;\u00a0\u00a0<\/span><\/h1>\n<\/blockquote>\n<p><strong><a class=\"dt-pswp-item\" href=\"https:\/\/www.radiopiu.net\/wordpress\/wp-content\/uploads\/2023\/11\/th-10.jpg\" data-dt-img-description=\"\" data-large_image_width=\"320\" data-large_image_height=\"180\"><img loading=\"lazy\" decoding=\"async\" class=\"wp-image-362866 alignleft\" src=\"https:\/\/www.radiopiu.net\/wordpress\/wp-content\/uploads\/2023\/11\/th-10-300x169.jpg\" alt=\"\" width=\"185\" height=\"104\" srcset=\"https:\/\/www.radiopiu.net\/wordpress\/wp-content\/uploads\/2023\/11\/th-10-300x169.jpg 300w, https:\/\/www.radiopiu.net\/wordpress\/wp-content\/uploads\/2023\/11\/th-10.jpg 320w\" sizes=\"auto, (max-width: 185px) 100vw, 185px\" \/><\/a>LA RASSEGNA STAMPA NAZIONALE ALLA RADIO, OGNI GIORNO ALLE 5 E ALLE 6 DEL MATTINO <span style=\"color: #0000ff;\">viene pubblicata alle 6.00 <span style=\"color: #ff0000;\">DIRETTA RADIO\u00a0 \u00a0\u00a0<\/span><\/span><\/strong><\/p><\/blockquote>\n<p>&nbsp;<\/p>\n<p><strong>NOTIZIE DELLA NOTTE\u00a0 \u00a0\u00a0<\/strong><\/p>\n<p class=\"kicker\"><strong>Medio Oriente<\/strong> Idf, &#8216;ucciso il capo di Hamas a Jenin, in Cisogiordania&#8217; <strong>Esercito Usa<\/strong>, uccisi 15 membri dell&#8217;Isis in un raid in Iraq, L&#8217;operazione condotta insieme all&#8217;esercito iracheno <strong>Brasile<\/strong>, la Corte suprema ha ordinato il blocco di X\u00a0<strong>Zelensky<\/strong> silura il comandante dell&#8217;aeronautica Oleshchuk Ieri Kiev ha riferito di aver perso un F-16 in uno schianto<\/p>\n<h2>AUDIO dalle 6 del mattino<\/h2>\n<audio class=\"wp-audio-shortcode\" id=\"audio-407424-3\" preload=\"none\" style=\"width: 100%;\" controls=\"controls\"><source type=\"audio\/mpeg\" src=\"https:\/\/www.radiopiu.net\/wordpress\/wp-content\/uploads\/2024\/08\/GIORNALEDELLESEI-24.mp3?_=3\" \/><a href=\"https:\/\/www.radiopiu.net\/wordpress\/wp-content\/uploads\/2024\/08\/GIORNALEDELLESEI-24.mp3\">https:\/\/www.radiopiu.net\/wordpress\/wp-content\/uploads\/2024\/08\/GIORNALEDELLESEI-24.mp3<\/a><\/audio>\n<p>&nbsp;<\/p>\n<hr \/>\n<p>&nbsp;<\/p>\n<h1 style=\"text-align: center;\"><span style=\"color: #ff0000;\">I podcast informativi del mattino &#8211; audio &#8211;\u00a0<\/span><\/h1>\n<p><strong><a class=\"dt-pswp-item\" href=\"https:\/\/www.radiopiu.net\/wordpress\/wp-content\/uploads\/2023\/12\/images.png\" data-dt-img-description=\"\" data-large_image_width=\"316\" data-large_image_height=\"160\"><img loading=\"lazy\" decoding=\"async\" class=\"wp-image-367008 alignleft\" src=\"https:\/\/www.radiopiu.net\/wordpress\/wp-content\/uploads\/2023\/12\/images-300x152.png\" alt=\"\" width=\"235\" height=\"119\" srcset=\"https:\/\/www.radiopiu.net\/wordpress\/wp-content\/uploads\/2023\/12\/images-300x152.png 300w, https:\/\/www.radiopiu.net\/wordpress\/wp-content\/uploads\/2023\/12\/images.png 316w\" sizes=\"auto, (max-width: 235px) 100vw, 235px\" \/><\/a>OGNI GIORNO ALLE SETTE DEL MATTINO, LA RASSEGNA STAMPA LOCALE FLASH&#8230; PER CHI VA IN FRETTA. I TITOLI DAI GIORNALI E DAL SITO WWW.RADIOPIU.NET <span style=\"color: #0000ff;\">viene pubblicato alle 7.00<\/span> <span style=\"color: #ff0000;\">DIRETTA RADIO\u00a0<\/span><\/strong><\/p>\n<p><em><span style=\"color: #ff0000;\">per chi va in fretta&#8230; tante notizie in pochi minuti. L&#8217;informazione locale alla radio, ogni ora dalle 7 del mattino alle 19 della sera.<\/span><\/em><\/p>\n<p>&nbsp;<\/p>\n<h1>AUDIO dalle 7 del mattino<\/h1>\n<audio class=\"wp-audio-shortcode\" id=\"audio-407424-4\" preload=\"none\" style=\"width: 100%;\" controls=\"controls\"><source type=\"audio\/mpeg\" src=\"https:\/\/www.radiopiu.net\/wordpress\/wp-content\/uploads\/2024\/08\/GF07-23.mp3?_=4\" \/><a href=\"https:\/\/www.radiopiu.net\/wordpress\/wp-content\/uploads\/2024\/08\/GF07-23.mp3\">https:\/\/www.radiopiu.net\/wordpress\/wp-content\/uploads\/2024\/08\/GF07-23.mp3<\/a><\/audio>\n<p>&nbsp;<\/p>\n<hr \/>\n<p>&nbsp;<\/p>\n<h1><\/h1>\n<h1 style=\"text-align: center;\"><span style=\"color: #ff0000;\"><a class=\"dt-pswp-item\" href=\"https:\/\/www.radiopiu.net\/wordpress\/wp-content\/uploads\/2022\/01\/026c3f9d-dae9-4040-a3c1-a6530231bcc3.jpg\" data-dt-img-description=\"\" data-large_image_width=\"1152\" data-large_image_height=\"2048\"><img loading=\"lazy\" decoding=\"async\" class=\"wp-image-251839 alignleft\" src=\"https:\/\/www.radiopiu.net\/wordpress\/wp-content\/uploads\/2022\/01\/026c3f9d-dae9-4040-a3c1-a6530231bcc3-169x300.jpg\" alt=\"\" width=\"100\" height=\"177\" srcset=\"https:\/\/www.radiopiu.net\/wordpress\/wp-content\/uploads\/2022\/01\/026c3f9d-dae9-4040-a3c1-a6530231bcc3-169x300.jpg 169w, https:\/\/www.radiopiu.net\/wordpress\/wp-content\/uploads\/2022\/01\/026c3f9d-dae9-4040-a3c1-a6530231bcc3-576x1024.jpg 576w, https:\/\/www.radiopiu.net\/wordpress\/wp-content\/uploads\/2022\/01\/026c3f9d-dae9-4040-a3c1-a6530231bcc3-768x1365.jpg 768w, https:\/\/www.radiopiu.net\/wordpress\/wp-content\/uploads\/2022\/01\/026c3f9d-dae9-4040-a3c1-a6530231bcc3-864x1536.jpg 864w, https:\/\/www.radiopiu.net\/wordpress\/wp-content\/uploads\/2022\/01\/026c3f9d-dae9-4040-a3c1-a6530231bcc3.jpg 1152w\" sizes=\"auto, (max-width: 100px) 100vw, 100px\" \/><\/a>I podcast informativi del mattino &#8211; audio &#8211;\u00a0<\/span><\/h1>\n<blockquote><p><strong>GIORNALE RADIO NAZIONALE, EDIZIONE DELLE SETTE <span style=\"color: #0000ff;\">viene pubblicato alle 7.05 <span style=\"color: #ff0000;\">DIRETTA RADIO\u00a0<\/span><\/span><\/strong><\/p><\/blockquote>\n<p><strong>il giornale radionazionale e&#8217; in onda ogni ora, dalle sette del mattino alle venti della sera\u00a0 \u00a0<\/strong><strong>\u00a0<\/strong><\/p>\n<p class=\"kicker\"><strong>Torino<\/strong> Ronde anti-spaccio, tre militanti di estrema destra indagati <strong>Trentino Alto-Adige<\/strong> La procura: &#8216;Non \u00e8 stato ucciso il giovane semi decapitato a Terento&#8217; Crolla edificio <strong>nel Brindisino<\/strong>, non ci sarebbero vittime La struttura \u00e8 collassata di notte, era la sede di un negozio di articoli casalinghi e per animali &#8216;Ho visto Sharon e l&#8217;ho uccisa&#8217;: il fermato, Moussa Sangare, confessa l&#8217;omicidio. In casa una sagoma per lanciare coltelli<\/p>\n<h2>AUDIO dalle sette del mattino, ogni ora alla radio<\/h2>\n<audio class=\"wp-audio-shortcode\" id=\"audio-407424-5\" preload=\"none\" style=\"width: 100%;\" controls=\"controls\"><source type=\"audio\/mpeg\" src=\"https:\/\/www.radiopiu.net\/wordpress\/wp-content\/uploads\/2024\/08\/giornale07-23.mp3?_=5\" \/><a href=\"https:\/\/www.radiopiu.net\/wordpress\/wp-content\/uploads\/2024\/08\/giornale07-23.mp3\">https:\/\/www.radiopiu.net\/wordpress\/wp-content\/uploads\/2024\/08\/giornale07-23.mp3<\/a><\/audio>\n<p>&nbsp;<\/p>\n<hr \/>\n<p>&nbsp;<\/p>\n<p>&nbsp;<\/p>\n<h1><span style=\"color: #ff0000;\">I podcast informativi del mattino &#8211; video &#8211;\u00a0<\/span><\/h1>\n<h2><strong><a class=\"dt-pswp-item\" href=\"https:\/\/www.radiopiu.net\/wordpress\/wp-content\/uploads\/2023\/12\/th-10.jpg\" data-dt-img-description=\"\" data-large_image_width=\"245\" data-large_image_height=\"180\"><img loading=\"lazy\" decoding=\"async\" class=\" wp-image-367395 alignleft\" src=\"https:\/\/www.radiopiu.net\/wordpress\/wp-content\/uploads\/2023\/12\/th-10.jpg\" alt=\"\" width=\"166\" height=\"122\" \/><\/a>RASSEGNA STAMPA LOCALE, ORE OTTO 05<\/strong><\/h2>\n<h2><strong> <span style=\"color: #0000ff;\">viene\u00a0 <\/span><\/strong><strong><span style=\"color: #0000ff;\">pubblicata alle 8.05 <span style=\"color: #ff0000;\">DIRETTA RADIO\u00a0\u00a0<\/span><\/span><\/strong><\/h2>\n<p><strong>DI MIRKO MEZZACASA\u00a0 \u00a0<\/strong><button class=\"rounded-lg text-token-text-secondary hover:bg-token-main-surface-secondary\"><\/button><\/p>\n<p><strong>OGGI SUL Corriere delle Alpi E NOTIZIARI DI Radio Pi\u00f9\u00a0<\/strong><\/p>\n<p>&nbsp;<\/p>\n<p>&nbsp;<\/p>\n<h2><span style=\"color: #ff0000;\"><strong>VIDEO\u00a0 \u00a0in diretta dalle 8 del mattino\u00a0<\/strong><\/span><\/h2>\n<p><iframe loading=\"lazy\" title=\"DAL 1983 LA RASSEGNA STAMPA LOCALE 31 AGOSTO 2024\" width=\"1200\" height=\"675\" src=\"https:\/\/www.youtube.com\/embed\/1G_HEKjS8yw?feature=oembed\" frameborder=\"0\" allow=\"accelerometer; autoplay; clipboard-write; encrypted-media; gyroscope; picture-in-picture; web-share\" referrerpolicy=\"strict-origin-when-cross-origin\" allowfullscreen><\/iframe><\/p>\n<p>&nbsp;<\/p>\n<hr \/>\n<p>&nbsp;<\/p>\n<p>&nbsp;<\/p>\n<p><strong><a class=\"dt-pswp-item\" href=\"https:\/\/www.radiopiu.net\/wordpress\/wp-content\/uploads\/2023\/12\/ANTENNA.png\" data-dt-img-description=\"\" data-large_image_width=\"300\" data-large_image_height=\"166\"><img loading=\"lazy\" decoding=\"async\" class=\" wp-image-366306 alignleft\" src=\"https:\/\/www.radiopiu.net\/wordpress\/wp-content\/uploads\/2023\/12\/ANTENNA.png\" alt=\"\" width=\"175\" height=\"97\" \/><\/a>IERI SERA, DAL TG DI ANTENNA 3, ogni sera alle 19 le anticipazioni alla radio, quello che poi seguirete nel TELEGIORNALE BELLUNESE\u00a0 in onda alle 19.30 sul CANALE 10 del digitale terrestre.\u00a0\u00a0<\/strong><\/p>\n<p>&nbsp;<\/p>\n<p><span style=\"color: #ff0000;\"><strong>\u00a0IERI SERA ALLA RADIO&#8230; LE ANTICIPAZIONI DI\u00a0 STEFANO BOZZI<\/strong><\/span><\/p>\n<audio class=\"wp-audio-shortcode\" id=\"audio-407424-6\" preload=\"none\" style=\"width: 100%;\" controls=\"controls\"><source type=\"audio\/mpeg\" src=\"https:\/\/www.radiopiu.net\/wordpress\/wp-content\/uploads\/2024\/08\/ANTENNA3-20.mp3?_=6\" \/><a href=\"https:\/\/www.radiopiu.net\/wordpress\/wp-content\/uploads\/2024\/08\/ANTENNA3-20.mp3\">https:\/\/www.radiopiu.net\/wordpress\/wp-content\/uploads\/2024\/08\/ANTENNA3-20.mp3<\/a><\/audio>\n<p>&nbsp;<\/p>\n<hr \/>\n<p>&nbsp;<\/p>\n<blockquote>\n<h3>ULTIMO FINE SETTIMANA DA BOLLINO ROSSO SULLE STRADE<\/h3>\n<\/blockquote>\n<p><a class=\"dt-pswp-item\" href=\"https:\/\/www.radiopiu.net\/wordpress\/wp-content\/uploads\/2020\/07\/Traffico_bassa.jpg\" data-dt-img-description=\"traffic jam or collapse with rows of cars and lorry at motorway autostrada road during rush hour\" data-large_image_width=\"630\" data-large_image_height=\"420\"><img loading=\"lazy\" decoding=\"async\" class=\"wp-image-148717 alignleft\" src=\"https:\/\/www.radiopiu.net\/wordpress\/wp-content\/uploads\/2020\/07\/Traffico_bassa-300x200.jpg\" alt=\"\" width=\"144\" height=\"96\" srcset=\"https:\/\/www.radiopiu.net\/wordpress\/wp-content\/uploads\/2020\/07\/Traffico_bassa-300x200.jpg 300w, https:\/\/www.radiopiu.net\/wordpress\/wp-content\/uploads\/2020\/07\/Traffico_bassa.jpg 630w\" sizes=\"auto, (max-width: 144px) 100vw, 144px\" \/><\/a>Ultimo weekend<b> <\/b>segnato dalla fine delle vacanze e dai rientri a casa per il ritorno al lavoro e la preparazione alla riapertura delle scuole. Sulla rete Anas \u00e8 atteso traffico in costante aumento per gli spostamenti dei viaggiatori che tornano verso le grandi citt\u00e0 del Centro-Nord. Viabilit\u00e0 Italia ha annunciato bollino rosso all\u2019intera giornata di domenica 1\u00b0 settembre: spostamenti in netta crescita verso i grandi centri urbani in tutta Italia dalle localit\u00e0 di villeggiatura, di mare al sud e di montagna a nord e dai confini di Stato. Il divieto di transito dei veicoli pesanti \u00e8 in vigore domani, sabato 31 agosto, dalle ore 8 alle 16 e domenica 1\u00b0 settembre dalle 7.00 alle 22.00<\/p>\n<p>&nbsp;<\/p>\n<p>&nbsp;<\/p>\n<hr \/>\n<p>&nbsp;<\/p>\n<blockquote>\n<blockquote>\n<h3 class=\"entry-title\">ACQUA\u00a0 POTABILE A FALCADE, CENCENIGHE E VALLADA<\/h3>\n<\/blockquote>\n<\/blockquote>\n<p>Gestione Servizi Pubblici informa che a<strong>\u00a0VALLADA AGORDINA<\/strong>\u00a0nelle localit\u00e0 TOFFOL, SACCHET, CELAT e MAS. A\u00a0\u00a0<strong>FALCADE<\/strong>\u00a0in VIA CIME D\u2019AUTA. A\u00a0\u00a0<strong>CENCENIGHE\u00a0<\/strong>\u00a0nelle localit\u00e0 FAE\u2019, VARE BASSE, LUXOTTICA e PRA\u2019 DI MEZZO l\u2019acqua erogata dall\u2019acquedotto \u00e8 di nuovo potabile e pu\u00f2 essere usata, quindi, per scopi alimentari.<\/p>\n<p>&nbsp;<\/p>\n<blockquote>\n<h3>LAVORI PROGRAMMATI BIM GSP<\/h3>\n<\/blockquote>\n<p><strong>SAN TOMASO<\/strong> Luned\u00ec dalle 8 alle 12 verr\u00e0 sospesa l\u2019erogazione dell\u2019acqua a San Tomaso, in Localit\u00e0 Ronch<\/p>\n<p><strong>AGORDO\u00a0<\/strong>Marted\u00ec dalle 8 alle 17 verr\u00e0 sospesa l&#8217;erogazione dell&#8217;acqua nelle Vie Teto Piciol, Costa, Bries, Toccol, Cal De Le Mule, 4 Novembre 1918, Pacifico Soccol, Iinsurrezione e in Vicolo 4 Novembre 1918<\/p>\n<p>&nbsp;<\/p>\n<hr \/>\n<p>&nbsp;<\/p>\n<blockquote>\n<h3>CHIUSA LA 563 DEI SALESEI A DIGONERA<\/h3>\n<\/blockquote>\n<p><strong>REDAZIONE<\/strong> La Sp 563 di Salesei chiude di nuovo al traffico. La strada verr\u00e0 interdetta in localit\u00e0 Digonera fino al 6 settembre. La chiusura avverr\u00e0 dal luned\u00ec al venerd\u00ec, dalle 7 alle 18. Negli altri orari verr\u00e0 istituito un senso unico alternato regolato da impianto semaforico e limite di velocit\u00e0 a 30 km\/h, sabati e domeniche compresi.<\/p>\n<p>&nbsp;<\/p>\n<p>&nbsp;<\/p>\n<hr \/>\n<p>&nbsp;<\/p>\n<blockquote>\n<h3 class=\"entry-title\">LUNEDI\u2019 RIAPRE LA SS 51 DI ALEMAGNA A FADALTO<\/h3>\n<\/blockquote>\n<p>Luned\u00ec 2 settembre sar\u00e0 riaperta al traffico la strada statale 51 &#8220;di Alemagna&#8221; a Fadalto, nel Comune di Vittorio Veneto, chiusa dal 12 luglio a causa di una frana che aveva reso instabili i versanti circostanti. Anas ha completato i lavori di rimozione dei detriti e il ripristino del sistema di monitoraggio della stabilit\u00e0 del versante.<\/p>\n<p>&nbsp;<\/p>\n<blockquote>\n<h3>INIZIANO I LAVORI SULLA SS 52 CARNICA ALLA GALLERIA COMELICO<\/h3>\n<\/blockquote>\n<p>Anas inizier\u00e0 il 2 settembre i lavori di manutenzione della galleria &#8220;Comelico&#8221; sulla SS 52 &#8220;Carnica&#8221;, come annunciato l&#8217;8 agosto. I lavori, per un investimento di circa 100 milioni di euro, prevedono il consolidamento strutturale del tunnel e l&#8217;ammodernamento degli impianti tecnologici e di sicurezza. Dal 9 settembre, il tunnel sar\u00e0 chiuso dalle 22:00 alle 6:00 per circa 10 mesi, con lavori notturni per ridurre i disagi al traffico. La seconda fase dei lavori inizier\u00e0 alla fine dell&#8217;estate 2025, con chiusure notturne e limitazioni al traffico di mezzi alti. Percorsi alternativi saranno segnalati.<\/p>\n<p>&nbsp;<\/p>\n<p>&nbsp;<\/p>\n<hr \/>\n<p>&nbsp;<\/p>\n<blockquote>\n<h3 class=\"entry-title\">DODICI ESCURSIONISTI COLTI DAL TEMPORALE E RECUPERATI SULLA NORMALE DEL CIVETTA<\/h3>\n<\/blockquote>\n<p><strong><a class=\"dt-pswp-item\" href=\"https:\/\/www.radiopiu.net\/wordpress\/wp-content\/uploads\/2024\/03\/e040112e-5e6f-4e7a-9965-35c6262d822e.jpg\" data-dt-img-description=\"\" data-large_image_width=\"1071\" data-large_image_height=\"679\"><img loading=\"lazy\" decoding=\"async\" class=\" wp-image-379219 alignleft\" src=\"https:\/\/www.radiopiu.net\/wordpress\/wp-content\/uploads\/2024\/03\/e040112e-5e6f-4e7a-9965-35c6262d822e-300x190.jpg\" alt=\"\" width=\"166\" height=\"105\" srcset=\"https:\/\/www.radiopiu.net\/wordpress\/wp-content\/uploads\/2024\/03\/e040112e-5e6f-4e7a-9965-35c6262d822e-300x190.jpg 300w, https:\/\/www.radiopiu.net\/wordpress\/wp-content\/uploads\/2024\/03\/e040112e-5e6f-4e7a-9965-35c6262d822e-1024x649.jpg 1024w, https:\/\/www.radiopiu.net\/wordpress\/wp-content\/uploads\/2024\/03\/e040112e-5e6f-4e7a-9965-35c6262d822e-768x487.jpg 768w, https:\/\/www.radiopiu.net\/wordpress\/wp-content\/uploads\/2024\/03\/e040112e-5e6f-4e7a-9965-35c6262d822e.jpg 1071w\" sizes=\"auto, (max-width: 166px) 100vw, 166px\" \/><\/a>VAL DI ZOLDO<\/strong> Gioved\u00ec, quattro escursionisti in discesa dalla via normale del Civetta a circa 2.500 metri sono stati sorpresi da un temporale che ha causato cascate lungo il percorso, impedendo loro di proseguire. L&#8217;elicottero del Suem di Pieve di Cadore ha evacuato i quattro, tra i 25 e i 44 anni, con un verricello di 20 metri, portandoli a Palafavera. Durante l&#8217;operazione, l&#8217;equipaggio ha notato un altro gruppo di otto persone pi\u00f9 in alto, che successivamente ha richiesto aiuto a causa di ipotermia. L&#8217;elicottero di Trento emergenza li ha soccorsi in due rotazioni, riportandoli a valle.<\/p>\n<p>&nbsp;<\/p>\n<p>&nbsp;<\/p>\n<hr \/>\n<p>&nbsp;<\/p>\n<blockquote>\n<h3>IN DIFFICOLTA&#8217; SOTTO AL TEMPORALE. RECUPERATA COPPIA IN UN CANALE DEL LAGAZUOI<\/h3>\n<\/blockquote>\n<p><strong>CORTINA <\/strong>Gioved\u00ec sera, il Soccorso alpino di Cortina \u00e8 intervenuto per soccorrere una coppia tedesca bloccata in un canale sul Lagazuoi. I due, di 28 e 27 anni, avevano perso l&#8217;orientamento scendendo dalle Gallerie del Lagazuoi e si erano ritrovati sopra salti di roccia inaccessibili. Quattro soccorritori, tra cui uno della Guardia di Finanza, sono riusciti a localizzarli grazie a un binocolo con termocamera. La squadra ha raggiunto la ragazza, ferma pi\u00f9 in alto del compagno, e li ha tratti in salvo, risalendo insieme a loro sulla cengia. L&#8217;operazione \u00e8 terminata all&#8217;una di notte.<\/p>\n\n\t\t\t<style type='text\/css'>\n\t\t\t\t#gallery-1 {\n\t\t\t\t\tmargin: auto;\n\t\t\t\t}\n\t\t\t\t#gallery-1 .gallery-item {\n\t\t\t\t\tfloat: left;\n\t\t\t\t\tmargin-top: 10px;\n\t\t\t\t\ttext-align: center;\n\t\t\t\t\twidth: 50%;\n\t\t\t\t}\n\t\t\t\t#gallery-1 img {\n\t\t\t\t\tborder: 2px solid #cfcfcf;\n\t\t\t\t}\n\t\t\t\t#gallery-1 .gallery-caption {\n\t\t\t\t\tmargin-left: 0;\n\t\t\t\t}\n\t\t\t\t\/* see gallery_shortcode() in wp-includes\/media.php *\/\n\t\t\t<\/style>\n\t\t<div id='gallery-1' class='dt-gallery-container gallery galleryid-407424 gallery-columns-2 gallery-size-medium'><dl class='gallery-item'>\n\t\t\t\t<dt class='gallery-icon landscape'>\n\t\t\t\t\t<a class=\"rollover rollover-zoom dt-pswp-item\" title=\"Watermark_20240830_091536_571\" data-dt-img-description=\"\" data-large_image_width=\"2364\" data-large_image_height=\"1773\"href='https:\/\/www.radiopiu.net\/wordpress\/wp-content\/uploads\/2024\/08\/Watermark_20240830_091536_571.jpg'><img loading=\"lazy\" decoding=\"async\" width=\"300\" height=\"225\" src=\"https:\/\/www.radiopiu.net\/wordpress\/wp-content\/uploads\/2024\/08\/Watermark_20240830_091536_571-300x225.jpg\" class=\"attachment-medium size-medium\" alt=\"\" srcset=\"https:\/\/www.radiopiu.net\/wordpress\/wp-content\/uploads\/2024\/08\/Watermark_20240830_091536_571-300x225.jpg 300w, https:\/\/www.radiopiu.net\/wordpress\/wp-content\/uploads\/2024\/08\/Watermark_20240830_091536_571-1024x768.jpg 1024w, https:\/\/www.radiopiu.net\/wordpress\/wp-content\/uploads\/2024\/08\/Watermark_20240830_091536_571-768x576.jpg 768w, https:\/\/www.radiopiu.net\/wordpress\/wp-content\/uploads\/2024\/08\/Watermark_20240830_091536_571-1536x1152.jpg 1536w, https:\/\/www.radiopiu.net\/wordpress\/wp-content\/uploads\/2024\/08\/Watermark_20240830_091536_571-2048x1536.jpg 2048w\" sizes=\"auto, (max-width: 300px) 100vw, 300px\" \/><\/a>\n\t\t\t\t<\/dt><\/dl><dl class='gallery-item'>\n\t\t\t\t<dt class='gallery-icon landscape'>\n\t\t\t\t\t<a class=\"rollover rollover-zoom dt-pswp-item\" title=\"Watermark_20240830_091550_027\" data-dt-img-description=\"\" data-large_image_width=\"2364\" data-large_image_height=\"1773\"href='https:\/\/www.radiopiu.net\/wordpress\/wp-content\/uploads\/2024\/08\/Watermark_20240830_091550_027.jpg'><img loading=\"lazy\" decoding=\"async\" width=\"300\" height=\"225\" src=\"https:\/\/www.radiopiu.net\/wordpress\/wp-content\/uploads\/2024\/08\/Watermark_20240830_091550_027-300x225.jpg\" class=\"attachment-medium size-medium\" alt=\"\" srcset=\"https:\/\/www.radiopiu.net\/wordpress\/wp-content\/uploads\/2024\/08\/Watermark_20240830_091550_027-300x225.jpg 300w, https:\/\/www.radiopiu.net\/wordpress\/wp-content\/uploads\/2024\/08\/Watermark_20240830_091550_027-1024x768.jpg 1024w, https:\/\/www.radiopiu.net\/wordpress\/wp-content\/uploads\/2024\/08\/Watermark_20240830_091550_027-768x576.jpg 768w, https:\/\/www.radiopiu.net\/wordpress\/wp-content\/uploads\/2024\/08\/Watermark_20240830_091550_027-1536x1152.jpg 1536w, https:\/\/www.radiopiu.net\/wordpress\/wp-content\/uploads\/2024\/08\/Watermark_20240830_091550_027-2048x1536.jpg 2048w\" sizes=\"auto, (max-width: 300px) 100vw, 300px\" \/><\/a>\n\t\t\t\t<\/dt><\/dl><br style=\"clear: both\" \/>\n\t\t\t<\/div>\n\n<p>&nbsp;<\/p>\n<hr \/>\n<p>&nbsp;<\/p>\n<blockquote>\n<h3>VENERDI INTENSO PER IL SOCCORSO ALPINO<\/h3>\n<\/blockquote>\n<p><a class=\"dt-pswp-item\" href=\"https:\/\/www.radiopiu.net\/wordpress\/wp-content\/uploads\/2022\/04\/soccorso-alpino-1024x602-1.jpg\" data-dt-img-description=\"\" data-large_image_width=\"1024\" data-large_image_height=\"602\"><img loading=\"lazy\" decoding=\"async\" class=\" wp-image-270917 alignleft\" src=\"https:\/\/www.radiopiu.net\/wordpress\/wp-content\/uploads\/2022\/04\/soccorso-alpino-1024x602-1-300x176.jpg\" alt=\"\" width=\"177\" height=\"104\" srcset=\"https:\/\/www.radiopiu.net\/wordpress\/wp-content\/uploads\/2022\/04\/soccorso-alpino-1024x602-1-300x176.jpg 300w, https:\/\/www.radiopiu.net\/wordpress\/wp-content\/uploads\/2022\/04\/soccorso-alpino-1024x602-1-768x452.jpg 768w, https:\/\/www.radiopiu.net\/wordpress\/wp-content\/uploads\/2022\/04\/soccorso-alpino-1024x602-1.jpg 1024w\" sizes=\"auto, (max-width: 177px) 100vw, 177px\" \/><\/a>Diversi interventi di soccorso sono stati effettuati sulle Dolomiti nelle ultime ore. A Livinallongo, una 68enne \u00e8 stata soccorsa in elicottero al Rifugio Padon per problemi respiratori. A Cortina, una persona \u00e8 stata recuperata dopo una reazione allergica a una puntura d&#8217;ape. A Falcade, una 58enne ha subito un infortunio alla caviglia ed \u00e8 stata trasportata in sicurezza a valle. A Auronzo di Cadore, una 31enne disorientata \u00e8 stata assistita e riportata sul sentiero. Interventi simili sono avvenuti in Val di Zoldo per una turista 24enne, e a Cortina per un 53enne con un trauma alla caviglia. Infine, a Falcade, una 63enne \u00e8 stata soccorsa dopo essere scivolata sul sentiero.<\/p>\n<p>&nbsp;<\/p>\n<p>&nbsp;<\/p>\n<hr \/>\n<p>&nbsp;<\/p>\n<blockquote>\n<h3><strong>INCONTRO DI AGGIORNAMENTO SUI LAVORI DI SOSTITUZIONE DEL CAVALCAFERROVIA DI PONT, SULLA SS50<\/strong><\/h3>\n<\/blockquote>\n<p><strong><a class=\"dt-pswp-item\" href=\"https:\/\/www.radiopiu.net\/wordpress\/wp-content\/uploads\/2020\/04\/PREFETTURA-BELLUNO.jpeg\" data-dt-img-description=\"\" data-large_image_width=\"384\" data-large_image_height=\"384\"><img loading=\"lazy\" decoding=\"async\" class=\" wp-image-133575 alignleft\" src=\"https:\/\/www.radiopiu.net\/wordpress\/wp-content\/uploads\/2020\/04\/PREFETTURA-BELLUNO-300x300.jpeg\" alt=\"\" width=\"143\" height=\"143\" srcset=\"https:\/\/www.radiopiu.net\/wordpress\/wp-content\/uploads\/2020\/04\/PREFETTURA-BELLUNO-300x300.jpeg 300w, https:\/\/www.radiopiu.net\/wordpress\/wp-content\/uploads\/2020\/04\/PREFETTURA-BELLUNO-150x150.jpeg 150w, https:\/\/www.radiopiu.net\/wordpress\/wp-content\/uploads\/2020\/04\/PREFETTURA-BELLUNO.jpeg 384w\" sizes=\"auto, (max-width: 143px) 100vw, 143px\" \/><\/a>BELLUNO<\/strong> Ieri si \u00e8 svolto un incontro presso la Prefettura per discutere dello stato dei lavori di demolizione e ricostruzione del cavalcaferrovia Anas di Pont, sulla SS 50 nel comune di Cesiomaggiore (BL). All&#8217;incontro hanno partecipato rappresentanti di vari Comuni, della Provincia di Belluno, delle Forze di Polizia, di Anas, RFI e Dolomitibus. Durante la riunione, presieduta dal Prefetto, sono state esaminate soluzioni per migliorare la gestione del traffico durante i lavori, che comportano la chiusura della statale da fine luglio. Anas ha confermato l&#8217;inizio della demolizione controllata dell&#8217;impalcato la prossima settimana e l&#8217;impegno a riaprire la strada entro il 25 ottobre. Per minimizzare i disagi, saranno rafforzate le attivit\u00e0 di regolazione del traffico, soprattutto in vista dell\u2019inizio dell\u2019anno scolastico. I veicoli leggeri e i mezzi pubblici continueranno a utilizzare una bretella provvisoria, mentre i veicoli pesanti dovranno seguire percorsi alternativi. Dolomitibus ha adeguato gli orari per garantire la regolarit\u00e0 del servizio, e le forze dell\u2019ordine intensificheranno i controlli sul traffico. Inoltre, si \u00e8 discusso dei lavori di elettrificazione della tratta ferroviaria Belluno-Feltre-Montebelluna-Treviso, con la riapertura parziale prevista per ottobre 2024. Un nuovo aggiornamento del tavolo \u00e8 previsto per met\u00e0 settembre.<\/p>\n<p>&nbsp;<\/p>\n<p>&nbsp;<\/p>\n<hr \/>\n<p>&nbsp;<\/p>\n<blockquote>\n<h3>INCENDIO SUL MONTE AIARNOLA<\/h3>\n<\/blockquote>\n<p><strong>AURONZO<\/strong> Un incendio boschivo \u00e8 stato segnalato ieri sul Monte Aiarnola, nel versante di Auronzo. Le operazioni di spegnimento, condotte con l&#8217;ausilio di mezzi aerei, sono state sospese alle ore 19 a causa dell&#8217;inizio di un fenomeno temporalesco. Le squadre di emergenza monitorano la situazione.<\/p>\n\n\t\t\t<style type='text\/css'>\n\t\t\t\t#gallery-2 {\n\t\t\t\t\tmargin: auto;\n\t\t\t\t}\n\t\t\t\t#gallery-2 .gallery-item {\n\t\t\t\t\tfloat: left;\n\t\t\t\t\tmargin-top: 10px;\n\t\t\t\t\ttext-align: center;\n\t\t\t\t\twidth: 50%;\n\t\t\t\t}\n\t\t\t\t#gallery-2 img {\n\t\t\t\t\tborder: 2px solid #cfcfcf;\n\t\t\t\t}\n\t\t\t\t#gallery-2 .gallery-caption {\n\t\t\t\t\tmargin-left: 0;\n\t\t\t\t}\n\t\t\t\t\/* see gallery_shortcode() in wp-includes\/media.php *\/\n\t\t\t<\/style>\n\t\t<div id='gallery-2' class='dt-gallery-container gallery galleryid-407424 gallery-columns-2 gallery-size-medium'><dl class='gallery-item'>\n\t\t\t\t<dt class='gallery-icon landscape'>\n\t\t\t\t\t<a class=\"rollover rollover-zoom dt-pswp-item\" title=\"7f70fbae-69cd-4b30-8f55-2faf70a35019\" data-dt-img-description=\"\" data-large_image_width=\"2048\" data-large_image_height=\"2048\"href='https:\/\/www.radiopiu.net\/wordpress\/wp-content\/uploads\/2024\/08\/7f70fbae-69cd-4b30-8f55-2faf70a35019.jpg'><img loading=\"lazy\" decoding=\"async\" width=\"300\" height=\"300\" src=\"https:\/\/www.radiopiu.net\/wordpress\/wp-content\/uploads\/2024\/08\/7f70fbae-69cd-4b30-8f55-2faf70a35019-300x300.jpg\" class=\"attachment-medium size-medium\" alt=\"\" srcset=\"https:\/\/www.radiopiu.net\/wordpress\/wp-content\/uploads\/2024\/08\/7f70fbae-69cd-4b30-8f55-2faf70a35019-300x300.jpg 300w, https:\/\/www.radiopiu.net\/wordpress\/wp-content\/uploads\/2024\/08\/7f70fbae-69cd-4b30-8f55-2faf70a35019-1024x1024.jpg 1024w, https:\/\/www.radiopiu.net\/wordpress\/wp-content\/uploads\/2024\/08\/7f70fbae-69cd-4b30-8f55-2faf70a35019-150x150.jpg 150w, https:\/\/www.radiopiu.net\/wordpress\/wp-content\/uploads\/2024\/08\/7f70fbae-69cd-4b30-8f55-2faf70a35019-768x768.jpg 768w, https:\/\/www.radiopiu.net\/wordpress\/wp-content\/uploads\/2024\/08\/7f70fbae-69cd-4b30-8f55-2faf70a35019-1536x1536.jpg 1536w, https:\/\/www.radiopiu.net\/wordpress\/wp-content\/uploads\/2024\/08\/7f70fbae-69cd-4b30-8f55-2faf70a35019.jpg 2048w\" sizes=\"auto, (max-width: 300px) 100vw, 300px\" \/><\/a>\n\t\t\t\t<\/dt><\/dl><dl class='gallery-item'>\n\t\t\t\t<dt class='gallery-icon portrait'>\n\t\t\t\t\t<a class=\"rollover rollover-zoom dt-pswp-item\" title=\"9266eca0-6f6a-45c1-ba78-e94d19eaf6fb\" data-dt-img-description=\"\" data-large_image_width=\"1200\" data-large_image_height=\"1600\"href='https:\/\/www.radiopiu.net\/wordpress\/wp-content\/uploads\/2024\/08\/9266eca0-6f6a-45c1-ba78-e94d19eaf6fb.jpg'><img loading=\"lazy\" decoding=\"async\" width=\"225\" height=\"300\" src=\"https:\/\/www.radiopiu.net\/wordpress\/wp-content\/uploads\/2024\/08\/9266eca0-6f6a-45c1-ba78-e94d19eaf6fb-225x300.jpg\" class=\"attachment-medium size-medium\" alt=\"\" srcset=\"https:\/\/www.radiopiu.net\/wordpress\/wp-content\/uploads\/2024\/08\/9266eca0-6f6a-45c1-ba78-e94d19eaf6fb-225x300.jpg 225w, https:\/\/www.radiopiu.net\/wordpress\/wp-content\/uploads\/2024\/08\/9266eca0-6f6a-45c1-ba78-e94d19eaf6fb-768x1024.jpg 768w, https:\/\/www.radiopiu.net\/wordpress\/wp-content\/uploads\/2024\/08\/9266eca0-6f6a-45c1-ba78-e94d19eaf6fb-1152x1536.jpg 1152w, https:\/\/www.radiopiu.net\/wordpress\/wp-content\/uploads\/2024\/08\/9266eca0-6f6a-45c1-ba78-e94d19eaf6fb.jpg 1200w\" sizes=\"auto, (max-width: 225px) 100vw, 225px\" \/><\/a>\n\t\t\t\t<\/dt><\/dl><br style=\"clear: both\" \/>\n\t\t\t<\/div>\n\n<p>&nbsp;<\/p>\n<hr \/>\n<p>&nbsp;<\/p>\n<blockquote>\n<h3>NUOVE VALVOLE ALL&#8217;ACQUEDOTTO DEL CENTRO DI BELLUNO<\/h3>\n<\/blockquote>\n<p><strong>BELLUNO <\/strong>I lavori di Bim Gsp sulla rete idrica del centro di Belluno si sono conclusi intorno alla mezzanotte di gioved\u00ec. Due cantieri paralleli hanno visto la posa di nuove valvole in via Tasso e l&#8217;attivazione di un nuovo tratto di rete in Piazza Piloni, fondamentale per garantire la continuit\u00e0 idrica al Centro Diocesano Giovanni XXIII durante i futuri lavori di ristrutturazione dell&#8217;ITI Segato. Le operazioni, iniziate alle 22:00 e complesse a causa della vetust\u00e0 delle infrastrutture, hanno richiesto la sospensione del servizio idrico nel centro storico. Il progetto fa parte di un piano pi\u00f9 ampio da 25,6 milioni di euro per ridurre le perdite idriche nel Bellunese, con l&#8217;obiettivo di distrettualizzare 1.615 km di rete entro il 2024.<\/p>\n\n\t\t\t<style type='text\/css'>\n\t\t\t\t#gallery-3 {\n\t\t\t\t\tmargin: auto;\n\t\t\t\t}\n\t\t\t\t#gallery-3 .gallery-item {\n\t\t\t\t\tfloat: left;\n\t\t\t\t\tmargin-top: 10px;\n\t\t\t\t\ttext-align: center;\n\t\t\t\t\twidth: 25%;\n\t\t\t\t}\n\t\t\t\t#gallery-3 img {\n\t\t\t\t\tborder: 2px solid #cfcfcf;\n\t\t\t\t}\n\t\t\t\t#gallery-3 .gallery-caption {\n\t\t\t\t\tmargin-left: 0;\n\t\t\t\t}\n\t\t\t\t\/* see gallery_shortcode() in wp-includes\/media.php *\/\n\t\t\t<\/style>\n\t\t<div id='gallery-3' class='dt-gallery-container gallery galleryid-407424 gallery-columns-4 gallery-size-thumbnail'><dl class='gallery-item'>\n\t\t\t\t<dt class='gallery-icon portrait'>\n\t\t\t\t\t<a class=\"rollover rollover-zoom dt-pswp-item\" title=\"0_le nuove valvole\" data-dt-img-description=\"\" data-large_image_width=\"1200\" data-large_image_height=\"1600\"href='https:\/\/www.radiopiu.net\/wordpress\/wp-content\/uploads\/2024\/08\/0_le-nuove-valvole.jpg'><img loading=\"lazy\" decoding=\"async\" width=\"150\" height=\"150\" src=\"https:\/\/www.radiopiu.net\/wordpress\/wp-content\/uploads\/2024\/08\/0_le-nuove-valvole-150x150.jpg\" class=\"attachment-thumbnail size-thumbnail\" alt=\"\" \/><\/a>\n\t\t\t\t<\/dt><\/dl><dl class='gallery-item'>\n\t\t\t\t<dt class='gallery-icon portrait'>\n\t\t\t\t\t<a class=\"rollover rollover-zoom dt-pswp-item\" title=\"1_le nuove valvole\" data-dt-img-description=\"\" data-large_image_width=\"1200\" data-large_image_height=\"1600\"href='https:\/\/www.radiopiu.net\/wordpress\/wp-content\/uploads\/2024\/08\/1_le-nuove-valvole.jpg'><img loading=\"lazy\" decoding=\"async\" width=\"150\" height=\"150\" src=\"https:\/\/www.radiopiu.net\/wordpress\/wp-content\/uploads\/2024\/08\/1_le-nuove-valvole-150x150.jpg\" class=\"attachment-thumbnail size-thumbnail\" alt=\"\" \/><\/a>\n\t\t\t\t<\/dt><\/dl><dl class='gallery-item'>\n\t\t\t\t<dt class='gallery-icon portrait'>\n\t\t\t\t\t<a class=\"rollover rollover-zoom dt-pswp-item\" title=\"2_la posa delle nuove valvole\" data-dt-img-description=\"\" data-large_image_width=\"1200\" data-large_image_height=\"1600\"href='https:\/\/www.radiopiu.net\/wordpress\/wp-content\/uploads\/2024\/08\/2_la-posa-delle-nuove-valvole.jpg'><img loading=\"lazy\" decoding=\"async\" width=\"150\" height=\"150\" src=\"https:\/\/www.radiopiu.net\/wordpress\/wp-content\/uploads\/2024\/08\/2_la-posa-delle-nuove-valvole-150x150.jpg\" class=\"attachment-thumbnail size-thumbnail\" alt=\"\" \/><\/a>\n\t\t\t\t<\/dt><\/dl><dl class='gallery-item'>\n\t\t\t\t<dt class='gallery-icon portrait'>\n\t\t\t\t\t<a class=\"rollover rollover-zoom dt-pswp-item\" title=\"3_la rimozione delle vecchie valvole\" data-dt-img-description=\"\" data-large_image_width=\"1200\" data-large_image_height=\"1600\"href='https:\/\/www.radiopiu.net\/wordpress\/wp-content\/uploads\/2024\/08\/3_la-rimozione-delle-vecchie-valvole.jpg'><img loading=\"lazy\" decoding=\"async\" width=\"150\" height=\"150\" src=\"https:\/\/www.radiopiu.net\/wordpress\/wp-content\/uploads\/2024\/08\/3_la-rimozione-delle-vecchie-valvole-150x150.jpg\" class=\"attachment-thumbnail size-thumbnail\" alt=\"\" \/><\/a>\n\t\t\t\t<\/dt><\/dl><br style=\"clear: both\" \/>\n\t\t\t<\/div>\n\n<p>&nbsp;<\/p>\n<hr \/>\n<p>&nbsp;<\/p>\n<blockquote>\n<h3>DILLO A RADIO PIU&#8217;&#8230;IL TURISMO CAFONE<\/h3>\n<\/blockquote>\n<p><strong><a class=\"dt-pswp-item\" href=\"https:\/\/www.radiopiu.net\/wordpress\/wp-content\/uploads\/2024\/08\/8a42df6b-8e73-4db5-be5b-193236fdadd7.jpg\" data-dt-img-description=\"\" data-large_image_width=\"1200\" data-large_image_height=\"1600\"><img loading=\"lazy\" decoding=\"async\" class=\" wp-image-407470 alignleft\" src=\"https:\/\/www.radiopiu.net\/wordpress\/wp-content\/uploads\/2024\/08\/8a42df6b-8e73-4db5-be5b-193236fdadd7-225x300.jpg\" alt=\"\" width=\"167\" height=\"223\" srcset=\"https:\/\/www.radiopiu.net\/wordpress\/wp-content\/uploads\/2024\/08\/8a42df6b-8e73-4db5-be5b-193236fdadd7-225x300.jpg 225w, https:\/\/www.radiopiu.net\/wordpress\/wp-content\/uploads\/2024\/08\/8a42df6b-8e73-4db5-be5b-193236fdadd7-768x1024.jpg 768w, https:\/\/www.radiopiu.net\/wordpress\/wp-content\/uploads\/2024\/08\/8a42df6b-8e73-4db5-be5b-193236fdadd7-1152x1536.jpg 1152w, https:\/\/www.radiopiu.net\/wordpress\/wp-content\/uploads\/2024\/08\/8a42df6b-8e73-4db5-be5b-193236fdadd7.jpg 1200w\" sizes=\"auto, (max-width: 167px) 100vw, 167px\" \/><\/a>RICEVIAMO E PUBBLICHIAMO<\/strong><\/p>\n<p>Marted\u00ec 27 agosto mi reco al lavoro di buon mattino con la corriera turnisti Luxottica che sosta alla fermata Al Ponte a Canale d&#8217;Agordo, parcheggio la mia bicicletta dietro la pensilina, la chiudo con la catena visto i soliti furti e mi avvio alla giornata lavorativa. Al ritorno piove e lascio li la bicicletta fino al giorno seguente; mercoled\u00ec 28 agosto al ritorno trovo una bella sorpresa: 3 sacchetti di immondizie gettati dietro la pensilina della fermata sulla mia bicicletta.<\/p>\n<p>P.S. Uno dei 3 sacchetti chiusi \u00e8 del secco Valpe quindi si pu\u00f2 dedurre che non sia un turista di passaggio ma qualcuno che soggiorna spesso in seconde case in Valle del Biois. Vogliamo continuare ad avere un turismo del genere (cafone e irrispettoso del nostro ambiente) ? Non tutti sono cos\u00ec per fortuna ma c&#8217;\u00e8 una parte che in questo modo fa passare tutti per maleducati.<\/p>\n<p>Simone Ongaro<\/p>\n<p>&nbsp;<\/p>\n<p>&nbsp;<\/p>\n<hr \/>\n<p>&nbsp;<\/p>\n<blockquote>\n<h3>TURISMO CULTURALE: A VALLADA LE CHIESE DI SAN SIMON E CELAT APERTE GRAZIE A QUATTRO RAGAZZI CICERONI<\/h3>\n<\/blockquote>\n<p><strong>BELLUNO <\/strong>Vanessa De Francesch, consigliera provinciale delegata al turismo, evidenzia l&#8217;importanza del turismo culturale nelle Dolomiti bellunesi, con particolare attenzione alle chiese storiche. Questi &#8220;scrigni di storia e d&#8217;arte&#8221; sono sempre pi\u00f9 ricercati dai turisti come valore aggiunto nelle loro visite, contribuendo anche alla destagionalizzazione del turismo. Durante l&#8217;estate, De Francesch ha apprezzato il progetto di Vallada Agordina, dove quattro giovani locali hanno tenuto aperte e illustrato ai visitatori le chiese di San Simon e San Rocco, valorizzandole con entusiasmo e competenza. Questo servizio, reso possibile da un corso di formazione, permette di scoprire il patrimonio artistico del territorio, come il ciclo pittorico di Paris Bordon, e rappresenta un esempio di orgoglio territoriale. Secondo De Francesch, il turismo culturale \u00e8 essenziale per diversificare l&#8217;offerta turistica, ridurre il fenomeno dell&#8217;overtourism e offrire una chiave culturale per esplorare la regione.<\/p>\n\n\t\t\t<style type='text\/css'>\n\t\t\t\t#gallery-4 {\n\t\t\t\t\tmargin: auto;\n\t\t\t\t}\n\t\t\t\t#gallery-4 .gallery-item {\n\t\t\t\t\tfloat: left;\n\t\t\t\t\tmargin-top: 10px;\n\t\t\t\t\ttext-align: center;\n\t\t\t\t\twidth: 25%;\n\t\t\t\t}\n\t\t\t\t#gallery-4 img {\n\t\t\t\t\tborder: 2px solid #cfcfcf;\n\t\t\t\t}\n\t\t\t\t#gallery-4 .gallery-caption {\n\t\t\t\t\tmargin-left: 0;\n\t\t\t\t}\n\t\t\t\t\/* see gallery_shortcode() in wp-includes\/media.php *\/\n\t\t\t<\/style>\n\t\t<div id='gallery-4' class='dt-gallery-container gallery galleryid-407424 gallery-columns-4 gallery-size-medium'><dl class='gallery-item'>\n\t\t\t\t<dt class='gallery-icon landscape'>\n\t\t\t\t\t<a class=\"rollover rollover-zoom dt-pswp-item\" title=\"Vallada San Simon esterno\" data-dt-img-description=\"\" data-large_image_width=\"1920\" data-large_image_height=\"1080\"href='https:\/\/www.radiopiu.net\/wordpress\/wp-content\/uploads\/2024\/08\/Vallada-San-Simon-esterno.jpg'><img loading=\"lazy\" decoding=\"async\" width=\"300\" height=\"169\" src=\"https:\/\/www.radiopiu.net\/wordpress\/wp-content\/uploads\/2024\/08\/Vallada-San-Simon-esterno-300x169.jpg\" class=\"attachment-medium size-medium\" alt=\"\" srcset=\"https:\/\/www.radiopiu.net\/wordpress\/wp-content\/uploads\/2024\/08\/Vallada-San-Simon-esterno-300x169.jpg 300w, https:\/\/www.radiopiu.net\/wordpress\/wp-content\/uploads\/2024\/08\/Vallada-San-Simon-esterno-1024x576.jpg 1024w, https:\/\/www.radiopiu.net\/wordpress\/wp-content\/uploads\/2024\/08\/Vallada-San-Simon-esterno-768x432.jpg 768w, https:\/\/www.radiopiu.net\/wordpress\/wp-content\/uploads\/2024\/08\/Vallada-San-Simon-esterno-1536x864.jpg 1536w, https:\/\/www.radiopiu.net\/wordpress\/wp-content\/uploads\/2024\/08\/Vallada-San-Simon-esterno.jpg 1920w\" sizes=\"auto, (max-width: 300px) 100vw, 300px\" \/><\/a>\n\t\t\t\t<\/dt><\/dl><dl class='gallery-item'>\n\t\t\t\t<dt class='gallery-icon landscape'>\n\t\t\t\t\t<a class=\"rollover rollover-zoom dt-pswp-item\" title=\"Vallada San Simon, Ultima cena\" data-dt-img-description=\"\" data-large_image_width=\"1920\" data-large_image_height=\"1080\"href='https:\/\/www.radiopiu.net\/wordpress\/wp-content\/uploads\/2024\/08\/Vallada-San-Simon-Ultima-cena.jpg'><img loading=\"lazy\" decoding=\"async\" width=\"300\" height=\"169\" src=\"https:\/\/www.radiopiu.net\/wordpress\/wp-content\/uploads\/2024\/08\/Vallada-San-Simon-Ultima-cena-300x169.jpg\" class=\"attachment-medium size-medium\" alt=\"\" srcset=\"https:\/\/www.radiopiu.net\/wordpress\/wp-content\/uploads\/2024\/08\/Vallada-San-Simon-Ultima-cena-300x169.jpg 300w, https:\/\/www.radiopiu.net\/wordpress\/wp-content\/uploads\/2024\/08\/Vallada-San-Simon-Ultima-cena-1024x576.jpg 1024w, https:\/\/www.radiopiu.net\/wordpress\/wp-content\/uploads\/2024\/08\/Vallada-San-Simon-Ultima-cena-768x432.jpg 768w, https:\/\/www.radiopiu.net\/wordpress\/wp-content\/uploads\/2024\/08\/Vallada-San-Simon-Ultima-cena-1536x864.jpg 1536w, https:\/\/www.radiopiu.net\/wordpress\/wp-content\/uploads\/2024\/08\/Vallada-San-Simon-Ultima-cena.jpg 1920w\" sizes=\"auto, (max-width: 300px) 100vw, 300px\" \/><\/a>\n\t\t\t\t<\/dt><\/dl><dl class='gallery-item'>\n\t\t\t\t<dt class='gallery-icon landscape'>\n\t\t\t\t\t<a class=\"rollover rollover-zoom dt-pswp-item\" title=\"Vallada San Simon 2\" data-dt-img-description=\"\" data-large_image_width=\"1920\" data-large_image_height=\"1080\"href='https:\/\/www.radiopiu.net\/wordpress\/wp-content\/uploads\/2024\/08\/Vallada-San-Simon-2.jpg'><img loading=\"lazy\" decoding=\"async\" width=\"300\" height=\"169\" src=\"https:\/\/www.radiopiu.net\/wordpress\/wp-content\/uploads\/2024\/08\/Vallada-San-Simon-2-300x169.jpg\" class=\"attachment-medium size-medium\" alt=\"\" srcset=\"https:\/\/www.radiopiu.net\/wordpress\/wp-content\/uploads\/2024\/08\/Vallada-San-Simon-2-300x169.jpg 300w, https:\/\/www.radiopiu.net\/wordpress\/wp-content\/uploads\/2024\/08\/Vallada-San-Simon-2-1024x576.jpg 1024w, https:\/\/www.radiopiu.net\/wordpress\/wp-content\/uploads\/2024\/08\/Vallada-San-Simon-2-768x432.jpg 768w, https:\/\/www.radiopiu.net\/wordpress\/wp-content\/uploads\/2024\/08\/Vallada-San-Simon-2-1536x864.jpg 1536w, https:\/\/www.radiopiu.net\/wordpress\/wp-content\/uploads\/2024\/08\/Vallada-San-Simon-2.jpg 1920w\" sizes=\"auto, (max-width: 300px) 100vw, 300px\" \/><\/a>\n\t\t\t\t<\/dt><\/dl><dl class='gallery-item'>\n\t\t\t\t<dt class='gallery-icon landscape'>\n\t\t\t\t\t<a class=\"rollover rollover-zoom dt-pswp-item\" title=\"Vallada San Simon\" data-dt-img-description=\"\" data-large_image_width=\"2560\" data-large_image_height=\"1920\"href='https:\/\/www.radiopiu.net\/wordpress\/wp-content\/uploads\/2024\/08\/Vallada-San-Simon-scaled.jpg'><img loading=\"lazy\" decoding=\"async\" width=\"300\" height=\"225\" src=\"https:\/\/www.radiopiu.net\/wordpress\/wp-content\/uploads\/2024\/08\/Vallada-San-Simon-300x225.jpg\" class=\"attachment-medium size-medium\" alt=\"\" srcset=\"https:\/\/www.radiopiu.net\/wordpress\/wp-content\/uploads\/2024\/08\/Vallada-San-Simon-300x225.jpg 300w, https:\/\/www.radiopiu.net\/wordpress\/wp-content\/uploads\/2024\/08\/Vallada-San-Simon-1024x768.jpg 1024w, https:\/\/www.radiopiu.net\/wordpress\/wp-content\/uploads\/2024\/08\/Vallada-San-Simon-768x576.jpg 768w, https:\/\/www.radiopiu.net\/wordpress\/wp-content\/uploads\/2024\/08\/Vallada-San-Simon-1536x1152.jpg 1536w, https:\/\/www.radiopiu.net\/wordpress\/wp-content\/uploads\/2024\/08\/Vallada-San-Simon-2048x1536.jpg 2048w\" sizes=\"auto, (max-width: 300px) 100vw, 300px\" \/><\/a>\n\t\t\t\t<\/dt><\/dl><br style=\"clear: both\" \/>\n\t\t\t<\/div>\n\n<p>&nbsp;<\/p>\n<hr \/>\n<p>&nbsp;<\/p>\n<blockquote>\n<h3>CAVIOLA PERDE IL NEGOZIO DI ALIMENTARI<\/h3>\n<\/blockquote>\n<p><strong><a class=\"dt-pswp-item\" href=\"https:\/\/www.radiopiu.net\/wordpress\/wp-content\/uploads\/2020\/04\/CARRELLI-SPESA.jpg\" data-dt-img-description=\"\" data-large_image_width=\"1920\" data-large_image_height=\"1440\"><img loading=\"lazy\" decoding=\"async\" class=\" wp-image-127033 alignleft\" src=\"https:\/\/www.radiopiu.net\/wordpress\/wp-content\/uploads\/2020\/04\/CARRELLI-SPESA-300x225.jpg\" alt=\"\" width=\"132\" height=\"99\" srcset=\"https:\/\/www.radiopiu.net\/wordpress\/wp-content\/uploads\/2020\/04\/CARRELLI-SPESA-300x225.jpg 300w, https:\/\/www.radiopiu.net\/wordpress\/wp-content\/uploads\/2020\/04\/CARRELLI-SPESA-1024x768.jpg 1024w, https:\/\/www.radiopiu.net\/wordpress\/wp-content\/uploads\/2020\/04\/CARRELLI-SPESA-768x576.jpg 768w, https:\/\/www.radiopiu.net\/wordpress\/wp-content\/uploads\/2020\/04\/CARRELLI-SPESA-1536x1152.jpg 1536w, https:\/\/www.radiopiu.net\/wordpress\/wp-content\/uploads\/2020\/04\/CARRELLI-SPESA.jpg 1920w\" sizes=\"auto, (max-width: 132px) 100vw, 132px\" \/><\/a>FALCADE<\/strong> Cesare Rizzi, delegato Confcommercio per la Val Biois, ha espresso il dispiacere della comunit\u00e0 locale per la chiusura del negozio Walber a Caviola, un punto di riferimento importante per residenti e turisti. Rizzi sottolinea che una ricca offerta commerciale rende il territorio pi\u00f9 attrattivo sia dal punto di vista turistico che residenziale. Inoltre, la chiusura di attivit\u00e0 come questa comporta spesso conseguenze sociali, come la perdita di lavoro per persone specializzate e radicate nel territorio, portando alla dispersione di competenze e conoscenze preziose per la comunit\u00e0.<\/p>\n<p>&nbsp;<\/p>\n<p>&nbsp;<\/p>\n<hr \/>\n<p>&nbsp;<\/p>\n<blockquote>\n<h3>UN SUCCESSO PER LA DOLOMITI SUMMER SCHOOL<\/h3>\n<\/blockquote>\n<p><strong><a class=\"dt-pswp-item\" href=\"https:\/\/www.radiopiu.net\/wordpress\/wp-content\/uploads\/2021\/05\/CONFINDUSTRIA.png\" data-dt-img-description=\"\" data-large_image_width=\"575\" data-large_image_height=\"575\"><img loading=\"lazy\" decoding=\"async\" class=\"wp-image-211858 alignleft\" src=\"https:\/\/www.radiopiu.net\/wordpress\/wp-content\/uploads\/2021\/05\/CONFINDUSTRIA-300x300.png\" alt=\"\" width=\"136\" height=\"136\" srcset=\"https:\/\/www.radiopiu.net\/wordpress\/wp-content\/uploads\/2021\/05\/CONFINDUSTRIA-300x300.png 300w, https:\/\/www.radiopiu.net\/wordpress\/wp-content\/uploads\/2021\/05\/CONFINDUSTRIA-150x150.png 150w, https:\/\/www.radiopiu.net\/wordpress\/wp-content\/uploads\/2021\/05\/CONFINDUSTRIA.png 575w\" sizes=\"auto, (max-width: 136px) 100vw, 136px\" \/><\/a>BELLUNO<\/strong> La terza edizione della Dolomiti Summer School, organizzata da Confindustria Belluno Dolomiti, ha attirato partecipanti da diverse regioni, offrendo a venti studenti del quarto anno delle superiori l&#8217;opportunit\u00e0 di seguire lezioni universitarie a Palazzo Bembo, Belluno. Grazie alla collaborazione con docenti delle Universit\u00e0 di Padova, Trento, Verona, Luiss Guido Carli e Umana, i partecipanti hanno esplorato diverse discipline, aiutandoli a scegliere il percorso accademico futuro. Tre aziende locali hanno integrato l&#8217;iniziativa nel loro welfare aziendale, dimostrando un forte impegno verso la formazione. Lorraine Berton, presidente di Confindustria Belluno Dolomiti, ha sottolineato il successo crescente dell&#8217;iniziativa e l&#8217;importanza della collaborazione per affrontare la sfida delle competenze.<\/p>\n<p>&nbsp;<\/p>\n<p>&nbsp;<\/p>\n<hr \/>\n<p>&nbsp;<\/p>\n<blockquote>\n<h3>SEGRETARI COMUNALI, UNCEM: FIGURA DA RIPENSARE NEL NUOVO TUEL<\/h3>\n<\/blockquote>\n<p><strong><a class=\"dt-pswp-item\" href=\"https:\/\/www.radiopiu.net\/wordpress\/wp-content\/uploads\/2020\/11\/logoUNCEM_no_scritta-wdtr.jpg\" data-dt-img-description=\"\" data-large_image_width=\"640\" data-large_image_height=\"640\"><img loading=\"lazy\" decoding=\"async\" class=\"wp-image-170846 alignleft\" src=\"https:\/\/www.radiopiu.net\/wordpress\/wp-content\/uploads\/2020\/11\/logoUNCEM_no_scritta-wdtr-300x300.jpg\" alt=\"\" width=\"115\" height=\"115\" srcset=\"https:\/\/www.radiopiu.net\/wordpress\/wp-content\/uploads\/2020\/11\/logoUNCEM_no_scritta-wdtr-300x300.jpg 300w, https:\/\/www.radiopiu.net\/wordpress\/wp-content\/uploads\/2020\/11\/logoUNCEM_no_scritta-wdtr-150x150.jpg 150w, https:\/\/www.radiopiu.net\/wordpress\/wp-content\/uploads\/2020\/11\/logoUNCEM_no_scritta-wdtr.jpg 640w\" sizes=\"auto, (max-width: 115px) 100vw, 115px\" \/><\/a>ROMA<\/strong> Marco Bussone, Presidente di Uncem, sottolinea la necessit\u00e0 di riformare la figura del Segretario comunale, evidenziando le criticit\u00e0 attuali, come la gestione di pi\u00f9 Comuni contemporaneamente e l\u2019outsourcing degli uffici comunali. Propone di trasformare il ruolo in un vero e proprio manager della Pubblica Amministrazione, capace di guidare lo sviluppo locale, promuovere l&#8217;innovazione e la digitalizzazione, coordinando pi\u00f9 Comuni insieme, specialmente nelle Unioni e nelle Comunit\u00e0 montane. Bussone auspica un ripensamento del TUEL per valorizzare i Segretari come generatori di crescita e sviluppo, lontani dalle logiche burocratiche tradizionali.<\/p>\n<p>&nbsp;<\/p>\n<p>&nbsp;<\/p>\n<hr \/>\n<p>&nbsp;<\/p>\n<blockquote>\n<h3>COLDIRETTI ALLA MOSTRA DEL CINEMA DI VENEZIA CON I TALENTI A KM ZERO<\/h3>\n<\/blockquote>\n<p><strong><a class=\"dt-pswp-item\" href=\"https:\/\/www.radiopiu.net\/wordpress\/wp-content\/uploads\/2024\/08\/AGRICHEF-BELLUNO.jpg\" data-dt-img-description=\"\" data-large_image_width=\"1600\" data-large_image_height=\"1200\"><img loading=\"lazy\" decoding=\"async\" class=\" wp-image-407488 alignleft\" src=\"https:\/\/www.radiopiu.net\/wordpress\/wp-content\/uploads\/2024\/08\/AGRICHEF-BELLUNO-300x225.jpg\" alt=\"\" width=\"157\" height=\"118\" srcset=\"https:\/\/www.radiopiu.net\/wordpress\/wp-content\/uploads\/2024\/08\/AGRICHEF-BELLUNO-300x225.jpg 300w, https:\/\/www.radiopiu.net\/wordpress\/wp-content\/uploads\/2024\/08\/AGRICHEF-BELLUNO-1024x768.jpg 1024w, https:\/\/www.radiopiu.net\/wordpress\/wp-content\/uploads\/2024\/08\/AGRICHEF-BELLUNO-768x576.jpg 768w, https:\/\/www.radiopiu.net\/wordpress\/wp-content\/uploads\/2024\/08\/AGRICHEF-BELLUNO-1536x1152.jpg 1536w, https:\/\/www.radiopiu.net\/wordpress\/wp-content\/uploads\/2024\/08\/AGRICHEF-BELLUNO.jpg 1600w\" sizes=\"auto, (max-width: 157px) 100vw, 157px\" \/><\/a>BELLUNO<\/strong> Un gruppo di giovani malgari, cuochi contadini e agrituristi bellunesi si sta preparando per rappresentare la regione del Veneto al Lido di Venezia durante l&#8217;81\u00aa edizione della Festa del Cinema. Luned\u00ec 2 settembre, alle 19.30, porteranno prodotti tipici come formaggi, miele, salumi e vini di montagna per testimoniare il loro impegno nella salvaguardia del territorio montano. Guidati da Fabrizio Pescosta, agrichef e presidente di Terranostra Campagna Amica, il gruppo intende mettere in luce il lavoro quotidiano di tutela e valorizzazione dell&#8217;agricoltura di montagna, sottolineando l&#8217;importanza del loro contributo per la conservazione del patrimonio naturale e culturale delle Dolomiti.<\/p>\n<p>&nbsp;<\/p>\n<p>&nbsp;<\/p>\n<hr \/>\n<p>&nbsp;<\/p>\n<blockquote>\n<h3>MARTEDI&#8217; L&#8217;ASSEMBLEA DI BIM INFRASTRUTTURE<\/h3>\n<\/blockquote>\n<p><strong>BELLUNO<\/strong> Bim Belluno Infrastrutture ha convocato l&#8217;assemblea dei soci per marted\u00ec 3 settembre 2024, alle ore 15:00, presso la Sala Conferenze dell&#8217;Hotel Villa Carpenada. All&#8217;ordine del giorno ci saranno decisioni sulla distribuzione ai soci delle riserve economiche accumulate nel tempo, discussioni sull&#8217;applicazione del Decreto Madia alle partecipazioni azionarie in alcune societ\u00e0 idroelettriche locali, e valutazioni sull&#8217;opportunit\u00e0 di nuovi investimenti. Non \u00e8 prevista un&#8217;assemblea di Bim Gsp a seguire.<\/p>\n<p>&nbsp;<\/p>\n<p>&nbsp;<\/p>\n<hr \/>\n<p>&nbsp;<\/p>\n<blockquote>\n<h3>L&#8217;ESERCITO ITALIANO A ROCCA PIETORE PER GLI ADDESTRAMENTI<\/h3>\n<\/blockquote>\n<p><strong>ROCCA PIETORE<\/strong> Il Sindaco di Rocca Pietore informa la popolazione che dal 2 al 22 settembre 2024 le aree di Malga Ciapela (BL) e della diga Fedaia (TN) saranno interessate da attivit\u00e0 addestrativa dell&#8217;Esercito Italiano. Si invita quindi la cittadinanza a non allarmarsi per eventuali movimenti di truppe o mezzi militari durante questo periodo.<\/p>\n<p>&nbsp;<\/p>\n<p>&nbsp;<\/p>\n<hr \/>\n<p>&nbsp;<\/p>\n<blockquote>\n<h3>OGGI AL MUSAL DI CANALE D&#8217;AGORDO<\/h3>\n<\/blockquote>\n<p><strong><a class=\"dt-pswp-item\" href=\"https:\/\/www.radiopiu.net\/wordpress\/wp-content\/uploads\/2024\/08\/Antonio-Preziosi-direttore-Tg2-scaled.jpeg\" data-dt-img-description=\"\" data-large_image_width=\"2560\" data-large_image_height=\"1707\"><img loading=\"lazy\" decoding=\"async\" class=\" wp-image-407329 alignleft\" src=\"https:\/\/www.radiopiu.net\/wordpress\/wp-content\/uploads\/2024\/08\/Antonio-Preziosi-direttore-Tg2-300x200.jpeg\" alt=\"\" width=\"188\" height=\"125\" srcset=\"https:\/\/www.radiopiu.net\/wordpress\/wp-content\/uploads\/2024\/08\/Antonio-Preziosi-direttore-Tg2-300x200.jpeg 300w, https:\/\/www.radiopiu.net\/wordpress\/wp-content\/uploads\/2024\/08\/Antonio-Preziosi-direttore-Tg2-1024x683.jpeg 1024w, https:\/\/www.radiopiu.net\/wordpress\/wp-content\/uploads\/2024\/08\/Antonio-Preziosi-direttore-Tg2-768x512.jpeg 768w, https:\/\/www.radiopiu.net\/wordpress\/wp-content\/uploads\/2024\/08\/Antonio-Preziosi-direttore-Tg2-1536x1024.jpeg 1536w, https:\/\/www.radiopiu.net\/wordpress\/wp-content\/uploads\/2024\/08\/Antonio-Preziosi-direttore-Tg2-2048x1366.jpeg 2048w\" sizes=\"auto, (max-width: 188px) 100vw, 188px\" \/><\/a>CANALE D&#8217;AGORDO<\/strong> Oggi, al Museo Albino Luciani di Canale d&#8217;Agordo, si terr\u00e0 un incontro dedicato al beato papa Giovanni Paolo I, con la partecipazione del giornalista Antonio Preziosi direttore del TG2. Preziosi presenter\u00e0 i suoi libri &#8220;Indimenticabile&#8221; e &#8220;Il sorriso del Papa&#8221;, che esplorano la vita e il breve pontificato di Albino Luciani. Le opere offrono una riflessione sull&#8217;innovazione e l&#8217;eredit\u00e0 spirituale lasciata da Giovanni Paolo I, affrontando anche il mistero della sua morte. La serata sar\u00e0 arricchita dal Coro Comelico, che eseguir\u00e0 brani, tra cui una canzone dedicata al papa.<\/p>\n<p>&nbsp;<\/p>\n<p>&nbsp;<\/p>\n<hr \/>\n<p>&nbsp;<\/p>\n<blockquote>\n<h3>Commemorazione del 59\u00b0 anniversario della tragedia di Mattmark<\/h3>\n<\/blockquote>\n<p><strong>SEDICO<\/strong> Domani, a Mas di Sedico, si terr\u00e0 una solenne cerimonia per commemorare il 59\u00b0 anniversario della tragedia di Mattmark, dove 88 lavoratori persero la vita sotto una valanga durante la costruzione della diga in Svizzera. L&#8217;evento, organizzato dalla Famiglia Ex Emigranti &#8220;Monte Pizzocco&#8221;, onorer\u00e0 la memoria delle vittime, tra cui 17 bellunesi.<\/p>\n<p>&nbsp;<\/p>\n<p>&nbsp;<\/p>\n<hr \/>\n<p>&nbsp;<\/p>\n<blockquote>\n<h3>UNA DOMENICA IN MEMORIA DI ENZIO &#8220;CENCIO&#8221; MASOCH<\/h3>\n<\/blockquote>\n<p><strong><a class=\"dt-pswp-item\" href=\"https:\/\/www.radiopiu.net\/wordpress\/wp-content\/uploads\/2018\/03\/GOSALDO.jpg\" data-dt-img-description=\"\" data-large_image_width=\"267\" data-large_image_height=\"200\"><img loading=\"lazy\" decoding=\"async\" class=\" wp-image-45573 alignleft\" src=\"https:\/\/www.radiopiu.net\/wordpress\/wp-content\/uploads\/2018\/03\/GOSALDO.jpg\" alt=\"\" width=\"186\" height=\"139\" \/><\/a>DI GIANNI SANTOMASO<\/strong><\/p>\n<p><strong>GOSALDO<\/strong> In memoria di Cencio e a sostegno dell\u2019Airc-Associazione italiana ricerca sul cancro. Con questi scopi torna domenica a partire dalle 12 la giornata organizzata sotto il tendone al Don di Gosaldo da un gruppo di persone della comunit\u00e0 locale che, come l\u2019anno scorso, vogliono ricordare il loro amico Enzo \u201cCencio\u201d Masoch morto il 31 gennaio 2023 a soli 73 anni. Un anno fa vennero raccolti ben 1490 euro che furono poi devoluti alla Fondazione Airc. Domenica da mezzogiorno in poi sotto il tendono si potranno nuovamente mangiare vari piatti tipici: gli gnocchi con la ricotta affumicata, i canederli di spinaci e formaggio, i canederli con la zucca, la trippa, la polenta e baccal\u00e0, bevande\u00a0e\u00a0dolci.<\/p>\n<p>&nbsp;<\/p>\n<hr \/>\n<p>&nbsp;<\/p>\n<p>&nbsp;<\/p>\n<blockquote>\n<h3><a class=\"dt-pswp-item\" href=\"https:\/\/www.radiopiu.net\/wordpress\/wp-content\/uploads\/2024\/08\/DSC_0005-scaled.jpg\" data-dt-img-description=\"\" data-large_image_width=\"2560\" data-large_image_height=\"1440\"><img loading=\"lazy\" decoding=\"async\" class=\"size-medium wp-image-407356 alignleft\" src=\"https:\/\/www.radiopiu.net\/wordpress\/wp-content\/uploads\/2024\/08\/DSC_0005-300x169.jpg\" alt=\"\" width=\"300\" height=\"169\" srcset=\"https:\/\/www.radiopiu.net\/wordpress\/wp-content\/uploads\/2024\/08\/DSC_0005-300x169.jpg 300w, https:\/\/www.radiopiu.net\/wordpress\/wp-content\/uploads\/2024\/08\/DSC_0005-1024x576.jpg 1024w, https:\/\/www.radiopiu.net\/wordpress\/wp-content\/uploads\/2024\/08\/DSC_0005-768x432.jpg 768w, https:\/\/www.radiopiu.net\/wordpress\/wp-content\/uploads\/2024\/08\/DSC_0005-1536x864.jpg 1536w, https:\/\/www.radiopiu.net\/wordpress\/wp-content\/uploads\/2024\/08\/DSC_0005-2048x1152.jpg 2048w\" sizes=\"auto, (max-width: 300px) 100vw, 300px\" \/><\/a>LA COMMEMORAZIONE DEI CADUTI<\/h3>\n<\/blockquote>\n<p>La Sezione di Belluno del Club Alpino Italiano comunica che il prossimo <strong>sabato 14 settembre<\/strong> alle ore 11 presso il rifugio 7\u00b0 Alpini al Pis Pilon, sotto le maestose pareti della Schiara, si terr\u00e0 la annuale Cerimonia per la commemorazione dei Caduti della Montagna e dei nostri Alpini, con una Santa Messa che sar\u00e0 celebrata da Mons. Renato Marangoni Vescovo di Belluno-Feltre presso la adiacente Cappella della Regina Alpinorum. Sono invitati a partecipare tutti gli amici della montagna.<\/p>\n<p>&nbsp;<\/p>\n<p>&nbsp;<\/p>\n<hr \/>\n<p>&nbsp;<\/p>\n<blockquote>\n<h3><a class=\"dt-pswp-item\" href=\"https:\/\/www.radiopiu.net\/wordpress\/wp-content\/uploads\/2024\/08\/locandina-corso-affido-2024_28.08.24.jpg\" data-dt-img-description=\"\" data-large_image_width=\"1240\" data-large_image_height=\"1753\"><img loading=\"lazy\" decoding=\"async\" class=\" wp-image-407211 alignleft\" src=\"https:\/\/www.radiopiu.net\/wordpress\/wp-content\/uploads\/2024\/08\/locandina-corso-affido-2024_28.08.24-212x300.jpg\" alt=\"\" width=\"115\" height=\"163\" srcset=\"https:\/\/www.radiopiu.net\/wordpress\/wp-content\/uploads\/2024\/08\/locandina-corso-affido-2024_28.08.24-212x300.jpg 212w, https:\/\/www.radiopiu.net\/wordpress\/wp-content\/uploads\/2024\/08\/locandina-corso-affido-2024_28.08.24-724x1024.jpg 724w, https:\/\/www.radiopiu.net\/wordpress\/wp-content\/uploads\/2024\/08\/locandina-corso-affido-2024_28.08.24-768x1086.jpg 768w, https:\/\/www.radiopiu.net\/wordpress\/wp-content\/uploads\/2024\/08\/locandina-corso-affido-2024_28.08.24-1087x1536.jpg 1087w, https:\/\/www.radiopiu.net\/wordpress\/wp-content\/uploads\/2024\/08\/locandina-corso-affido-2024_28.08.24.jpg 1240w\" sizes=\"auto, (max-width: 115px) 100vw, 115px\" \/><\/a>CORSI PER L&#8217;AFFIDO FAMIGLIARE<\/h3>\n<\/blockquote>\n<p><strong>BELLUNO<\/strong> I Centri per l&#8217;Affido e la Solidariet\u00e0 Familiare (CASF) dell&#8217;Ulss 1 Dolomiti hanno organizzato un corso online di informazione e formazione sull&#8217;affido familiare, rivolto a chiunque sia interessato a diventare famiglia affidataria. Il corso si terr\u00e0 il 26 settembre, 3 ottobre e 10 ottobre 2024 dalle 17.45 alle 19.30. La partecipazione \u00e8 gratuita e le iscrizioni sono aperte fino al 23 settembre. Nel 2023, 32 bambini\/adolescenti nella provincia di Belluno sono stati accolti in affido, di cui 26 in modalit\u00e0 residenziale e 6 in affido diurno, dimostrando l&#8217;importanza di avere nuove famiglie disposte a offrire sostegno. L&#8217;affido pu\u00f2 variare in forma e durata, sempre con l&#8217;accompagnamento degli operatori del CASF.<\/p>\n<p>&nbsp;<\/p>\n<hr \/>\n<blockquote>\n<h3><\/h3>\n<h3>&#8220;RISUONA&#8221;, IN VALLE IMPERINA UN&#8217;ESTATE RADIO&#8230;SA<\/h3>\n<\/blockquote>\n<p><strong><a class=\"dt-pswp-item\" href=\"https:\/\/www.radiopiu.net\/wordpress\/wp-content\/uploads\/2024\/08\/WhatsApp-Image-2024-08-02-at-15.14.11-4.jpeg\" data-dt-img-description=\"\" data-large_image_width=\"1600\" data-large_image_height=\"1047\"><img loading=\"lazy\" decoding=\"async\" class=\"size-medium wp-image-403007 alignleft\" src=\"https:\/\/www.radiopiu.net\/wordpress\/wp-content\/uploads\/2024\/08\/WhatsApp-Image-2024-08-02-at-15.14.11-4-300x196.jpeg\" alt=\"\" width=\"300\" height=\"196\" srcset=\"https:\/\/www.radiopiu.net\/wordpress\/wp-content\/uploads\/2024\/08\/WhatsApp-Image-2024-08-02-at-15.14.11-4-300x196.jpeg 300w, https:\/\/www.radiopiu.net\/wordpress\/wp-content\/uploads\/2024\/08\/WhatsApp-Image-2024-08-02-at-15.14.11-4-1024x670.jpeg 1024w, https:\/\/www.radiopiu.net\/wordpress\/wp-content\/uploads\/2024\/08\/WhatsApp-Image-2024-08-02-at-15.14.11-4-768x503.jpeg 768w, https:\/\/www.radiopiu.net\/wordpress\/wp-content\/uploads\/2024\/08\/WhatsApp-Image-2024-08-02-at-15.14.11-4-1536x1005.jpeg 1536w, https:\/\/www.radiopiu.net\/wordpress\/wp-content\/uploads\/2024\/08\/WhatsApp-Image-2024-08-02-at-15.14.11-4.jpeg 1600w\" sizes=\"auto, (max-width: 300px) 100vw, 300px\" \/><\/a>Cent&#8217;anni di Radio in Mostra a Valle Imperina<\/strong><\/p>\n<p>Dal 1923, anno della prima trasmissione dell\u2019EIAR, sono passati oltre cento anni dalla nascita della radio, un mezzo che ha profondamente influenzato la comunicazione globale. Adattandosi ai cambiamenti tecnologici e sociali, la radio ha evoluto il suo panorama, da EIAR e Rai a radio web moderne. Per celebrare questo secolo di innovazioni, Botol Group e Radio Pi\u00f9 hanno organizzato una mostra dedicata nella suggestiva Valle Imperina, vicino ad Agordo.<\/p>\n<p><strong>&#8220;Risuona&#8221; &#8211; La Mostra<\/strong><\/p>\n<p>Offre un viaggio attraverso l\u2019evoluzione della radio, dai primi apparecchi a valvole ai moderni dispositivi digitali. Oltre alla tecnologia, si esplora l&#8217;impatto sociale e culturale della radio tramite immagini, documenti d\u2019epoca e testimonianze.<\/p>\n<p><strong><a class=\"dt-pswp-item\" href=\"https:\/\/www.radiopiu.net\/wordpress\/wp-content\/uploads\/2024\/08\/WhatsApp-Image-2024-08-02-at-15.14.11-1.jpeg\" data-dt-img-description=\"\" data-large_image_width=\"1600\" data-large_image_height=\"966\"><img loading=\"lazy\" decoding=\"async\" class=\"size-medium wp-image-403004 alignright\" src=\"https:\/\/www.radiopiu.net\/wordpress\/wp-content\/uploads\/2024\/08\/WhatsApp-Image-2024-08-02-at-15.14.11-1-300x181.jpeg\" alt=\"\" width=\"300\" height=\"181\" srcset=\"https:\/\/www.radiopiu.net\/wordpress\/wp-content\/uploads\/2024\/08\/WhatsApp-Image-2024-08-02-at-15.14.11-1-300x181.jpeg 300w, https:\/\/www.radiopiu.net\/wordpress\/wp-content\/uploads\/2024\/08\/WhatsApp-Image-2024-08-02-at-15.14.11-1-1024x618.jpeg 1024w, https:\/\/www.radiopiu.net\/wordpress\/wp-content\/uploads\/2024\/08\/WhatsApp-Image-2024-08-02-at-15.14.11-1-768x464.jpeg 768w, https:\/\/www.radiopiu.net\/wordpress\/wp-content\/uploads\/2024\/08\/WhatsApp-Image-2024-08-02-at-15.14.11-1-1536x927.jpeg 1536w, https:\/\/www.radiopiu.net\/wordpress\/wp-content\/uploads\/2024\/08\/WhatsApp-Image-2024-08-02-at-15.14.11-1.jpeg 1600w\" sizes=\"auto, (max-width: 300px) 100vw, 300px\" \/><\/a>Gli Espositori<\/strong><\/p>\n<p><strong>Franco Ben<\/strong>, fin da giovane, ha sviluppato una passione per la radio smontando e collezionando apparecchi, oggi esposti in Valle Imperina. <strong>Ivano Benvegn\u00f9<\/strong> arricchisce la mostra con la sua vasta collezione di radio d\u2019epoca anche acquistate nei mercatini.<strong> Mirko Mezzacasa<\/strong> ha trasformato la sede di Radio Pi\u00f9 in un museo, ora parzialmente trasferito ai locali del Gruppo Botol, rendendo la sua passione per la radio un impegno di vita.<\/p>\n<p><strong>Il Sito: 600 Anni di Storia e Umanit\u00e0<\/strong><\/p>\n<p>La Miniera di Valle Imperina, nel cuore delle Dolomiti Bellunesi, \u00e8 un importante sito storico industriale. Un tempo fulcro dell\u2019industria mineraria del rame, ora, grazie al Gruppo Botol, sta vivendo una nuova vita come attrazione turistica culturale e mineraria. Questo progetto non solo promuove il turismo, ma preserva anche il patrimonio culturale e umano della Valle, rispondendo all\u2019interesse crescente per i siti industriali storici.<\/p>\n<div class=\"flex flex-grow flex-col max-w-full\">\n<div class=\"min-h-[20px] text-message flex w-full flex-col items-end gap-2 whitespace-pre-wrap break-words [.text-message+&amp;]:mt-5 overflow-x-auto\" dir=\"auto\" data-message-author-role=\"assistant\" data-message-id=\"1c257bd9-274a-478a-a1ed-c080af743465\">\n<div class=\"flex w-full flex-col gap-1 empty:hidden first:pt-[3px]\">\n<div class=\"markdown prose w-full break-words dark:prose-invert dark\">\n<blockquote><p>&nbsp;<\/p><\/blockquote>\n<\/div>\n<\/div>\n<\/div>\n<\/div>\n<hr \/>\n<p>&nbsp;<\/p>\n<blockquote>\n<h3>DAGDA CELTIC FEST: Un Tuffo nel Passato Celtico<\/h3>\n<\/blockquote>\n<p><strong><a class=\"dt-pswp-item\" href=\"https:\/\/www.radiopiu.net\/wordpress\/wp-content\/uploads\/2024\/07\/ee0e70bf-b574-49f2-beb9-4ad574e937e0-1.jpg\" data-dt-img-description=\"BOCCIODROMO AD AGORDO... L'ESTATE CONTINUA\" data-large_image_width=\"1592\" data-large_image_height=\"2048\"><img loading=\"lazy\" decoding=\"async\" class=\" wp-image-402362 alignleft\" src=\"https:\/\/www.radiopiu.net\/wordpress\/wp-content\/uploads\/2024\/07\/ee0e70bf-b574-49f2-beb9-4ad574e937e0-1-233x300.jpg\" alt=\"\" width=\"135\" height=\"174\" srcset=\"https:\/\/www.radiopiu.net\/wordpress\/wp-content\/uploads\/2024\/07\/ee0e70bf-b574-49f2-beb9-4ad574e937e0-1-233x300.jpg 233w, https:\/\/www.radiopiu.net\/wordpress\/wp-content\/uploads\/2024\/07\/ee0e70bf-b574-49f2-beb9-4ad574e937e0-1-796x1024.jpg 796w, https:\/\/www.radiopiu.net\/wordpress\/wp-content\/uploads\/2024\/07\/ee0e70bf-b574-49f2-beb9-4ad574e937e0-1-768x988.jpg 768w, https:\/\/www.radiopiu.net\/wordpress\/wp-content\/uploads\/2024\/07\/ee0e70bf-b574-49f2-beb9-4ad574e937e0-1-1194x1536.jpg 1194w, https:\/\/www.radiopiu.net\/wordpress\/wp-content\/uploads\/2024\/07\/ee0e70bf-b574-49f2-beb9-4ad574e937e0-1.jpg 1592w\" sizes=\"auto, (max-width: 135px) 100vw, 135px\" \/><\/a>AGORDO<\/strong> I grandi eventi al Parco Giochi e bar al bocciodromo di via Paganini ad Agordo<\/p>\n<p><em>30\/31 agosto \/ 1 settembre \u2013 2024 Il <strong>DAGDA CELTIC FEST<\/strong>, Anno 0, \u00e8 pronto a trasportare i visitatori indietro nel tempo, in un viaggio immersivo nella vita degli antichi Celti. Organizzato dal <strong>Clan Trumusio<\/strong>, il festival offrir\u00e0 tre giorni di giochi, didattica e curiosit\u00e0 nel suggestivo campo storico, dando vita a un\u2019esperienza indimenticabile. Il <strong>DAGDA CELTIC FEST<\/strong> \u00e8 un\u2019occasione unica per immergersi nella cultura e nelle tradizioni celtiche, grazie alla ricca programmazione e alla partecipazione di esperti. Con attivit\u00e0 per tutte le et\u00e0 e gusti, l&#8217;evento promette di essere un\u2019esperienza memorabile per chiunque desideri esplorare il mondo dei Celti. Non mancate a questo viaggio nel tempo, dove la storia prende vita attraverso musica, giochi, artigianato e riti antichi.\u00a0<\/em><\/p>\n<p>&nbsp;<\/p>\n<p>&nbsp;<\/p>\n<hr \/>\n<p>&nbsp;<\/p>\n<blockquote>\n<h3>LA SETTIMANA MUSICALE AL TEATRO DINO BUZZATI DI BELLUNO<\/h3>\n<\/blockquote>\n<p><strong><a class=\"dt-pswp-item\" href=\"https:\/\/www.radiopiu.net\/wordpress\/wp-content\/uploads\/2021\/05\/foto-comunale.jpg\" data-dt-img-description=\"\" data-large_image_width=\"1600\" data-large_image_height=\"1237\"><img loading=\"lazy\" decoding=\"async\" class=\" wp-image-210486 alignleft\" src=\"https:\/\/www.radiopiu.net\/wordpress\/wp-content\/uploads\/2021\/05\/foto-comunale-300x232.jpg\" alt=\"\" width=\"203\" height=\"157\" srcset=\"https:\/\/www.radiopiu.net\/wordpress\/wp-content\/uploads\/2021\/05\/foto-comunale-300x232.jpg 300w, https:\/\/www.radiopiu.net\/wordpress\/wp-content\/uploads\/2021\/05\/foto-comunale-1024x792.jpg 1024w, https:\/\/www.radiopiu.net\/wordpress\/wp-content\/uploads\/2021\/05\/foto-comunale-768x594.jpg 768w, https:\/\/www.radiopiu.net\/wordpress\/wp-content\/uploads\/2021\/05\/foto-comunale-1536x1188.jpg 1536w, https:\/\/www.radiopiu.net\/wordpress\/wp-content\/uploads\/2021\/05\/foto-comunale.jpg 1600w\" sizes=\"auto, (max-width: 203px) 100vw, 203px\" \/><\/a>BELLUNO<\/strong> Dal 1 all&#8217;8 settembre 2024, il Teatro \u201cDino Buzzati\u201d di Belluno ospiter\u00e0 la seconda edizione della &#8220;Settimana Musicale&#8221;, un evento dedicato alla musica classica con concerti e masterclass tenuti da musicisti di fama internazionale. L&#8217;evento inaugurer\u00e0 il 1 settembre alle 18 con un concerto che vedr\u00e0 esibirsi i violinisti Kyoko Takezawa e Giovanni Radivo, accompagnati da altri musicisti di spicco, con un programma che include il trio op. 8 di Brahms e il quintetto op. 44 di Schumann. Il ricavato sar\u00e0 devoluto a \u201cCasa tua Due\u201d. Durante la settimana, si terranno masterclass con allievi internazionali e altri concerti, tra cui uno gratuito della pianista Anisa Dazhaeva il 4 settembre. Il 7 settembre, gli allievi delle masterclass si esibiranno in un concerto-maratona, mentre l&#8217;8 settembre il ciclo si concluder\u00e0 con un concerto di Kyoko Takezawa e Edoardo Maria Strabbioli. L&#8217;iniziativa \u00e8 organizzata in collaborazione con diverse istituzioni locali.<\/p>\n<p>&nbsp;<\/p>\n<p>&nbsp;<\/p>\n<hr \/>\n<p>&nbsp;<\/p>\n<blockquote>\n<h3><a class=\"dt-pswp-item\" href=\"https:\/\/www.radiopiu.net\/wordpress\/wp-content\/uploads\/2024\/08\/POST-CRISANTI-5-9.jpg\" data-dt-img-description=\"\" data-large_image_width=\"1414\" data-large_image_height=\"2000\"><img loading=\"lazy\" decoding=\"async\" class=\" wp-image-406583 alignleft\" src=\"https:\/\/www.radiopiu.net\/wordpress\/wp-content\/uploads\/2024\/08\/POST-CRISANTI-5-9-212x300.jpg\" alt=\"\" width=\"134\" height=\"190\" srcset=\"https:\/\/www.radiopiu.net\/wordpress\/wp-content\/uploads\/2024\/08\/POST-CRISANTI-5-9-212x300.jpg 212w, https:\/\/www.radiopiu.net\/wordpress\/wp-content\/uploads\/2024\/08\/POST-CRISANTI-5-9-724x1024.jpg 724w, https:\/\/www.radiopiu.net\/wordpress\/wp-content\/uploads\/2024\/08\/POST-CRISANTI-5-9-768x1086.jpg 768w, https:\/\/www.radiopiu.net\/wordpress\/wp-content\/uploads\/2024\/08\/POST-CRISANTI-5-9-1086x1536.jpg 1086w, https:\/\/www.radiopiu.net\/wordpress\/wp-content\/uploads\/2024\/08\/POST-CRISANTI-5-9.jpg 1414w\" sizes=\"auto, (max-width: 134px) 100vw, 134px\" \/><\/a>UN INCONTRO A FELTRE PER PARLARE DI SANITA&#8217; PUBBLICA<\/h3>\n<\/blockquote>\n<p><strong>FELTRE<\/strong> La Sanit\u00e0 Pubblica Italiana sta affrontando una fase critica, con il rapporto della spesa sanitaria rispetto al PIL che si prevede rimarr\u00e0 al di sotto della media UE e OCSE (7,1%) nei prossimi anni. Dal 1990, con la seconda riforma del sistema sanitario, la sanit\u00e0 \u00e8 stata sempre pi\u00f9 orientata al mercato, con un focus sull&#8217;efficienza economica piuttosto che sulla dimensione collettiva e democratica. Questo ha favorito la crescita della sanit\u00e0 privata, che prioritizza il profitto a scapito della cura, causando difficolt\u00e0 di accesso ai servizi pubblici e rinunce alle cure per molti italiani. Un incontro con esperti discuter\u00e0 queste tematiche, inclusa la carenza di medici di base e le risposte delle comunit\u00e0 locali. L&#8217;appuntamento il 5 settembre in sala Ocri alle 20:15<\/p>\n<p>&nbsp;<\/p>\n<hr \/>\n<p>&nbsp;<\/p>\n<h1 class=\"gdlr-blog-title\"><a class=\"dt-pswp-item\" href=\"https:\/\/www.radiopiu.net\/wordpress\/wp-content\/uploads\/2024\/08\/WhatsApp-Image-2024-08-28-at-16.44.36-768x1024-1.jpg\" data-dt-img-description=\"\" data-large_image_width=\"768\" data-large_image_height=\"1024\"><img loading=\"lazy\" decoding=\"async\" class=\"wp-image-407380 alignleft\" src=\"https:\/\/www.radiopiu.net\/wordpress\/wp-content\/uploads\/2024\/08\/WhatsApp-Image-2024-08-28-at-16.44.36-768x1024-1-225x300.jpg\" alt=\"\" width=\"153\" height=\"204\" srcset=\"https:\/\/www.radiopiu.net\/wordpress\/wp-content\/uploads\/2024\/08\/WhatsApp-Image-2024-08-28-at-16.44.36-768x1024-1-225x300.jpg 225w, https:\/\/www.radiopiu.net\/wordpress\/wp-content\/uploads\/2024\/08\/WhatsApp-Image-2024-08-28-at-16.44.36-768x1024-1.jpg 768w\" sizes=\"auto, (max-width: 153px) 100vw, 153px\" \/><\/a>Le Muse e le Dolomiti cercano un nuovo collaboratore<\/h1>\n<div class=\"gdlr-blog-info gdlr-info\">\n<p><em>&#8220;Dopo quattro anni di stretta collaborazione e crescita assieme, la nostra collaboratrice Elisa ci lascia per seguire progetti e sogni nuovi&#8221;. <\/em>L&#8217;associazione cerca dunque un nuovo collaboratore \/ una nuova collaboratrice negli ambiti dell\u2019amministrazione e della produzione artistica, per una media di 10 ore a settimana. Appello rivolto\u00a0 a persone residenti nella zona operativa interregionale \u201cnucleo\u201d dell\u2019Associazione: Agordino, Fiemme e Fassa. Per tutti i dettagli (descrizione compiti,\u00a0profilo richiesto, indicazioni per la modalit\u00e0 di candidarsi e altro),\u00a0<a href=\"https:\/\/www.musedolomiti.it\/wp-content\/uploads\/2024\/08\/MuseDolomiti_AperturaCollaboratore2024.pdf\" target=\"_blank\" rel=\"noopener\">scarica qui l\u2019annuncio in pdf.<\/a><\/p>\n<p><strong>Le candidature saranno accettate fino a marted\u00ec sera 10 settembre 2024. <\/strong>Per info o dubbi: 342 9147711.<\/p>\n<\/div>\n<p>&nbsp;<\/p>\n<p>&nbsp;<\/p>\n<p>&nbsp;<\/p>\n<hr \/>\n<p>&nbsp;<\/p>\n<blockquote>\n<h3>TRA LE CHINE DELLA SCHIARA<\/h3>\n<\/blockquote>\n<p><strong>BELLUNO<\/strong> Il ciclo di incontri &#8220;Tra le chine della Schiara&#8221; prosegue dopo il successo del primo appuntamento, organizzato dal Parco Nazionale Dolomiti Bellunesi in collaborazione con i rifugi Bianchet, 7\u00b0 Alpini e Pian de Fontana. Durante tre giornate, i partecipanti esploreranno i sentieri della Schiara, con racconti di Luca Sovilla e disegni in china di Marco Dall\u2019Armi. Gli incontri nei rifugi sono gratuiti e aperti a tutti, mentre le escursioni guidate gratuite richiedono prenotazione per un massimo di 25 persone. Il prossimo evento si terr\u00e0 oggi al rifugio 7\u00b0 Alpini.<\/p>\n<p>&nbsp;<\/p>\n<p>&nbsp;<\/p>\n<hr \/>\n<p>&nbsp;<\/p>\n<blockquote>\n<h3>POM&amp;PER A MOLDOI DE SOSPIROI<\/h3>\n<\/blockquote>\n<p><strong>SOSPIROLO<\/strong> Domani, nella splendida Villa Sandi-Zasso di Moldoi a Sospirolo, si terr\u00e0 l&#8217;evento &#8220;Pom &amp; Per a Moldoi de Sospiroi&#8221;, organizzato dalla Pro loco &#8220;Monti del Sole&#8221; con il patrocinio del Comune di Sospirolo. La giornata prevede una vasta esposizione di prodotti ortofrutticoli e artigianato, mostre, un convegno sullo zafferano delle Dolomiti con Lidia Maoret, visite guidate alle colture e alla villa, giochi tradizionali, e la proiezione di docufilm del Bio Film Festival. Il gran finale sar\u00e0 un concerto con il compositore Luca Musolesi e la flautista Stefania Ippolito. L\u2019evento \u00e8 dedicato alla memoria di Carlo Zasso, agronomo e amministratore pubblico.<\/p>\n\n\t\t\t<style type='text\/css'>\n\t\t\t\t#gallery-5 {\n\t\t\t\t\tmargin: auto;\n\t\t\t\t}\n\t\t\t\t#gallery-5 .gallery-item {\n\t\t\t\t\tfloat: left;\n\t\t\t\t\tmargin-top: 10px;\n\t\t\t\t\ttext-align: center;\n\t\t\t\t\twidth: 50%;\n\t\t\t\t}\n\t\t\t\t#gallery-5 img {\n\t\t\t\t\tborder: 2px solid #cfcfcf;\n\t\t\t\t}\n\t\t\t\t#gallery-5 .gallery-caption {\n\t\t\t\t\tmargin-left: 0;\n\t\t\t\t}\n\t\t\t\t\/* see gallery_shortcode() in wp-includes\/media.php *\/\n\t\t\t<\/style>\n\t\t<div id='gallery-5' class='dt-gallery-container gallery galleryid-407424 gallery-columns-2 gallery-size-medium'><dl class='gallery-item'>\n\t\t\t\t<dt class='gallery-icon landscape'>\n\t\t\t\t\t<a class=\"rollover rollover-zoom dt-pswp-item\" title=\"1\" data-dt-img-description=\"\" data-large_image_width=\"1102\" data-large_image_height=\"726\"href='https:\/\/www.radiopiu.net\/wordpress\/wp-content\/uploads\/2024\/08\/1.png'><img loading=\"lazy\" decoding=\"async\" width=\"300\" height=\"198\" src=\"https:\/\/www.radiopiu.net\/wordpress\/wp-content\/uploads\/2024\/08\/1-300x198.png\" class=\"attachment-medium size-medium\" alt=\"\" srcset=\"https:\/\/www.radiopiu.net\/wordpress\/wp-content\/uploads\/2024\/08\/1-300x198.png 300w, https:\/\/www.radiopiu.net\/wordpress\/wp-content\/uploads\/2024\/08\/1-1024x675.png 1024w, https:\/\/www.radiopiu.net\/wordpress\/wp-content\/uploads\/2024\/08\/1-768x506.png 768w, https:\/\/www.radiopiu.net\/wordpress\/wp-content\/uploads\/2024\/08\/1.png 1102w\" sizes=\"auto, (max-width: 300px) 100vw, 300px\" \/><\/a>\n\t\t\t\t<\/dt><\/dl><dl class='gallery-item'>\n\t\t\t\t<dt class='gallery-icon landscape'>\n\t\t\t\t\t<a class=\"rollover rollover-zoom dt-pswp-item\" title=\"2\" data-dt-img-description=\"\" data-large_image_width=\"1083\" data-large_image_height=\"713\"href='https:\/\/www.radiopiu.net\/wordpress\/wp-content\/uploads\/2024\/08\/2.png'><img loading=\"lazy\" decoding=\"async\" width=\"300\" height=\"198\" src=\"https:\/\/www.radiopiu.net\/wordpress\/wp-content\/uploads\/2024\/08\/2-300x198.png\" class=\"attachment-medium size-medium\" alt=\"\" srcset=\"https:\/\/www.radiopiu.net\/wordpress\/wp-content\/uploads\/2024\/08\/2-300x198.png 300w, https:\/\/www.radiopiu.net\/wordpress\/wp-content\/uploads\/2024\/08\/2-1024x674.png 1024w, https:\/\/www.radiopiu.net\/wordpress\/wp-content\/uploads\/2024\/08\/2-768x506.png 768w, https:\/\/www.radiopiu.net\/wordpress\/wp-content\/uploads\/2024\/08\/2.png 1083w\" sizes=\"auto, (max-width: 300px) 100vw, 300px\" \/><\/a>\n\t\t\t\t<\/dt><\/dl><br style=\"clear: both\" \/>\n\t\t\t<\/div>\n\n<p>&nbsp;<\/p>\n<p>&nbsp;<\/p>\n<hr \/>\n<p><strong><span style=\"color: #ff0000;\">\u00a0<\/span><\/strong><\/p>\n<blockquote><p><strong><span style=\"color: #ff0000;\">TRAMONTO AL CHERZ CON CENA<\/span><\/strong><\/p><\/blockquote>\n<p><strong>AGORDO<\/strong> La sezione agordina del Cai per domani ha organizzato un&#8217;escursione (alpinismo giovanile) sull&#8217;altopiano del Cherz, alle 15 ritrovo ad Agordo, 16.15 inizio escursione da Passo Campolongo, in serata cena tipica allHotel Monte Cherz. Accompagnatrice Giuliana Da Ronch<\/p>\n<p>&nbsp;<\/p>\n<p>&nbsp;<\/p>\n<hr \/>\n<p>&nbsp;<\/p>\n<h3>\u00a0VISITE GUIDATE<\/h3>\n<p>Due appuntamenti con CammiNaturAmbiente di Anacleto Boranga. Oggi Agre ed antico ospizio all&#8217;imbocco della Val Pegolera. Info 0437 948093<\/p>\n\n\t\t\t<style type='text\/css'>\n\t\t\t\t#gallery-6 {\n\t\t\t\t\tmargin: auto;\n\t\t\t\t}\n\t\t\t\t#gallery-6 .gallery-item {\n\t\t\t\t\tfloat: left;\n\t\t\t\t\tmargin-top: 10px;\n\t\t\t\t\ttext-align: center;\n\t\t\t\t\twidth: 33%;\n\t\t\t\t}\n\t\t\t\t#gallery-6 img {\n\t\t\t\t\tborder: 2px solid #cfcfcf;\n\t\t\t\t}\n\t\t\t\t#gallery-6 .gallery-caption {\n\t\t\t\t\tmargin-left: 0;\n\t\t\t\t}\n\t\t\t\t\/* see gallery_shortcode() in wp-includes\/media.php *\/\n\t\t\t<\/style>\n\t\t<div id='gallery-6' class='dt-gallery-container gallery galleryid-407424 gallery-columns-3 gallery-size-thumbnail'><dl class='gallery-item'>\n\t\t\t\t<dt class='gallery-icon portrait'>\n\t\t\t\t\t<a class=\"rollover rollover-zoom dt-pswp-item\" title=\"volantino\" data-dt-img-description=\"\" data-large_image_width=\"1328\" data-large_image_height=\"1903\"href='https:\/\/www.radiopiu.net\/wordpress\/wp-content\/uploads\/2024\/08\/volantino.jpg'><img loading=\"lazy\" decoding=\"async\" width=\"150\" height=\"150\" src=\"https:\/\/www.radiopiu.net\/wordpress\/wp-content\/uploads\/2024\/08\/volantino-150x150.jpg\" class=\"attachment-thumbnail size-thumbnail\" alt=\"\" \/><\/a>\n\t\t\t\t<\/dt><\/dl><dl class='gallery-item'>\n\t\t\t\t<dt class='gallery-icon landscape'>\n\t\t\t\t\t<a class=\"rollover rollover-zoom dt-pswp-item\" title=\"Caglieron selez\" data-dt-img-description=\"\" data-large_image_width=\"1264\" data-large_image_height=\"948\"href='https:\/\/www.radiopiu.net\/wordpress\/wp-content\/uploads\/2024\/08\/Caglieron-selez.jpg'><img loading=\"lazy\" decoding=\"async\" width=\"150\" height=\"150\" src=\"https:\/\/www.radiopiu.net\/wordpress\/wp-content\/uploads\/2024\/08\/Caglieron-selez-150x150.jpg\" class=\"attachment-thumbnail size-thumbnail\" alt=\"\" \/><\/a>\n\t\t\t\t<\/dt><\/dl><dl class='gallery-item'>\n\t\t\t\t<dt class='gallery-icon landscape'>\n\t\t\t\t\t<a class=\"rollover rollover-zoom dt-pswp-item\" title=\"Acero camp - Agre (3)\" data-dt-img-description=\"\" data-large_image_width=\"848\" data-large_image_height=\"636\"href='https:\/\/www.radiopiu.net\/wordpress\/wp-content\/uploads\/2024\/08\/Acero-camp-Agre-3.jpg'><img loading=\"lazy\" decoding=\"async\" width=\"150\" height=\"150\" src=\"https:\/\/www.radiopiu.net\/wordpress\/wp-content\/uploads\/2024\/08\/Acero-camp-Agre-3-150x150.jpg\" class=\"attachment-thumbnail size-thumbnail\" alt=\"\" \/><\/a>\n\t\t\t\t<\/dt><\/dl><br style=\"clear: both\" \/>\n\t\t\t<\/div>\n\n<p>&nbsp;<\/p>\n<p>&nbsp;<\/p>\n<hr \/>\n<p>&nbsp;<\/p>\n<h2><span style=\"color: #ff6600;\">ALLA RADIO\u00a0<\/span><\/h2>\n<h2><span style=\"color: #ff00ff;\">&#8220;DINTORN E FORA VIA&#8221;\u00a0 IL PROGRAMMA\u00a0 A CURA DEL MUSLA<\/span><\/h2>\n<p><strong><a class=\"dt-pswp-item\" href=\"https:\/\/www.radiopiu.net\/wordpress\/wp-content\/uploads\/2024\/03\/GIORNALE.jpg\" data-dt-img-description=\"\" data-large_image_width=\"1280\" data-large_image_height=\"853\"><img loading=\"lazy\" decoding=\"async\" class=\" wp-image-378880 alignleft\" src=\"https:\/\/www.radiopiu.net\/wordpress\/wp-content\/uploads\/2024\/03\/GIORNALE-300x200.jpg\" alt=\"\" width=\"182\" height=\"121\" srcset=\"https:\/\/www.radiopiu.net\/wordpress\/wp-content\/uploads\/2024\/03\/GIORNALE-300x200.jpg 300w, https:\/\/www.radiopiu.net\/wordpress\/wp-content\/uploads\/2024\/03\/GIORNALE-1024x682.jpg 1024w, https:\/\/www.radiopiu.net\/wordpress\/wp-content\/uploads\/2024\/03\/GIORNALE-768x512.jpg 768w, https:\/\/www.radiopiu.net\/wordpress\/wp-content\/uploads\/2024\/03\/GIORNALE.jpg 1280w\" sizes=\"auto, (max-width: 182px) 100vw, 182px\" \/><\/a>PUNTATA DEL 30 AGOSTO ANNA VALT<\/strong><\/p>\n<audio class=\"wp-audio-shortcode\" id=\"audio-407424-7\" preload=\"none\" style=\"width: 100%;\" controls=\"controls\"><source type=\"audio\/mpeg\" src=\"https:\/\/www.radiopiu.net\/wordpress\/wp-content\/uploads\/2024\/08\/MUSLA-7.mp3?_=7\" \/><a href=\"https:\/\/www.radiopiu.net\/wordpress\/wp-content\/uploads\/2024\/08\/MUSLA-7.mp3\">https:\/\/www.radiopiu.net\/wordpress\/wp-content\/uploads\/2024\/08\/MUSLA-7.mp3<\/a><\/audio>\n<p>&nbsp;<\/p>\n<h2>LA RACCOLTA COMPLETA <a href=\"https:\/\/www.radiopiu.net\/wordpress\/musla\/\"><span style=\"color: #3366ff;\">CLICCA QUI<\/span><\/a><\/h2>\n<p>&nbsp;<\/p>\n<hr \/>\n<p>&nbsp;<\/p>\n<h2><span style=\"color: #99cc00;\">IL FINE SETTIMANA DEDICATO AL DAGDA CELTIC FEST AL BOCCIODROMO DI AGORDO<\/span><\/h2>\n<p><strong><a class=\"dt-pswp-item\" href=\"https:\/\/www.radiopiu.net\/wordpress\/wp-content\/uploads\/2024\/07\/ee0e70bf-b574-49f2-beb9-4ad574e937e0.jpg\" data-dt-img-description=\"\" data-large_image_width=\"1592\" data-large_image_height=\"2048\"><img loading=\"lazy\" decoding=\"async\" class=\" wp-image-402361 alignleft\" src=\"https:\/\/www.radiopiu.net\/wordpress\/wp-content\/uploads\/2024\/07\/ee0e70bf-b574-49f2-beb9-4ad574e937e0-233x300.jpg\" alt=\"\" width=\"131\" height=\"169\" srcset=\"https:\/\/www.radiopiu.net\/wordpress\/wp-content\/uploads\/2024\/07\/ee0e70bf-b574-49f2-beb9-4ad574e937e0-233x300.jpg 233w, https:\/\/www.radiopiu.net\/wordpress\/wp-content\/uploads\/2024\/07\/ee0e70bf-b574-49f2-beb9-4ad574e937e0-796x1024.jpg 796w, https:\/\/www.radiopiu.net\/wordpress\/wp-content\/uploads\/2024\/07\/ee0e70bf-b574-49f2-beb9-4ad574e937e0-768x988.jpg 768w, https:\/\/www.radiopiu.net\/wordpress\/wp-content\/uploads\/2024\/07\/ee0e70bf-b574-49f2-beb9-4ad574e937e0-1194x1536.jpg 1194w, https:\/\/www.radiopiu.net\/wordpress\/wp-content\/uploads\/2024\/07\/ee0e70bf-b574-49f2-beb9-4ad574e937e0.jpg 1592w\" sizes=\"auto, (max-width: 131px) 100vw, 131px\" \/><\/a>DI MARINA DONA&#8217;<\/strong><\/p>\n<p><em>30\/31 agosto \/ 1 settembre \u2013 2024 Il <strong>DAGDA CELTIC FEST<\/strong>, Anno 0, \u00e8 pronto a trasportare i visitatori indietro nel tempo, in un viaggio immersivo nella vita degli antichi Celti. Organizzato dal <strong>Clan Trumusio<\/strong>, il festival offrir\u00e0 tre giorni di giochi, didattica e curiosit\u00e0 nel suggestivo campo storico, dando vita a un\u2019esperienza indimenticabile. Il <strong>DAGDA CELTIC FEST<\/strong> \u00e8 un\u2019occasione unica per immergersi nella cultura e nelle tradizioni celtiche, grazie alla ricca programmazione e alla partecipazione di esperti. Con attivit\u00e0 per tutte le et\u00e0 e gusti, l&#8217;evento promette di essere un\u2019esperienza memorabile per chiunque desideri esplorare il mondo dei Celti. Non mancate a questo viaggio nel tempo, dove la storia prende vita attraverso musica, giochi, artigianato e riti antichi.\u00a0<\/em><\/p>\n<p><strong>LO SPECIALE ALLA RADIO<\/strong><\/p>\n<audio class=\"wp-audio-shortcode\" id=\"audio-407424-8\" preload=\"none\" style=\"width: 100%;\" controls=\"controls\"><source type=\"audio\/mpeg\" src=\"https:\/\/www.radiopiu.net\/wordpress\/wp-content\/uploads\/2024\/08\/FESTIVAL-CELTICO-30-31-AGOSTO-E-1-SETTEMBRE-BAR-ALLE-BOCCE-DA-SONIA.mp3?_=8\" \/><a href=\"https:\/\/www.radiopiu.net\/wordpress\/wp-content\/uploads\/2024\/08\/FESTIVAL-CELTICO-30-31-AGOSTO-E-1-SETTEMBRE-BAR-ALLE-BOCCE-DA-SONIA.mp3\">https:\/\/www.radiopiu.net\/wordpress\/wp-content\/uploads\/2024\/08\/FESTIVAL-CELTICO-30-31-AGOSTO-E-1-SETTEMBRE-BAR-ALLE-BOCCE-DA-SONIA.mp3<\/a><\/audio>\n<p>&nbsp;<\/p>\n<hr \/>\n<p>&nbsp;<\/p>\n<h2><span style=\"color: #00ccff;\">120-80, LA PILLOLA DEL DOTTOR CESARE DAL BO<\/span><\/h2>\n<p><a class=\"dt-pswp-item\" href=\"https:\/\/www.radiopiu.net\/wordpress\/wp-content\/uploads\/2024\/04\/dr-cesare-dal-bo.jpg\" data-dt-img-description=\"\" data-large_image_width=\"800\" data-large_image_height=\"600\"><img loading=\"lazy\" decoding=\"async\" class=\" wp-image-387374 alignleft\" src=\"https:\/\/www.radiopiu.net\/wordpress\/wp-content\/uploads\/2024\/04\/dr-cesare-dal-bo-300x225.jpg\" alt=\"\" width=\"169\" height=\"127\" srcset=\"https:\/\/www.radiopiu.net\/wordpress\/wp-content\/uploads\/2024\/04\/dr-cesare-dal-bo-300x225.jpg 300w, https:\/\/www.radiopiu.net\/wordpress\/wp-content\/uploads\/2024\/04\/dr-cesare-dal-bo-768x576.jpg 768w, https:\/\/www.radiopiu.net\/wordpress\/wp-content\/uploads\/2024\/04\/dr-cesare-dal-bo.jpg 800w\" sizes=\"auto, (max-width: 169px) 100vw, 169px\" \/><\/a>In questo appuntamento speciale con il Poliambulatorio Agordino, il dottor Cesare Dal B\u00f2 ci parla dell&#8217;ivecchiamento precoce e le malattie croniche degenerative.<\/p>\n<audio class=\"wp-audio-shortcode\" id=\"audio-407424-9\" preload=\"none\" style=\"width: 100%;\" controls=\"controls\"><source type=\"audio\/mpeg\" src=\"https:\/\/www.radiopiu.net\/wordpress\/wp-content\/uploads\/2024\/08\/CESARE-DAL-BO-SPECIALE.mp3?_=9\" \/><a href=\"https:\/\/www.radiopiu.net\/wordpress\/wp-content\/uploads\/2024\/08\/CESARE-DAL-BO-SPECIALE.mp3\">https:\/\/www.radiopiu.net\/wordpress\/wp-content\/uploads\/2024\/08\/CESARE-DAL-BO-SPECIALE.mp3<\/a><\/audio>\n<p>&nbsp;<\/p>\n<hr \/>\n<p>&nbsp;<\/p>\n<blockquote class=\"wp-embedded-content\" data-secret=\"M63nyN1xix\"><p><a href=\"https:\/\/www.radiopiu.net\/wordpress\/pirole-de-lenga-la-parola-del-giorno-a-cura-del-musla-raccolta-completa\/\">PIROLE DE LENGA&#8230; LA PAROLA DEL GIORNO A CURA DEL MUSLA -raccolta completa &#8211;<\/a><\/p><\/blockquote>\n<p><iframe loading=\"lazy\" class=\"wp-embedded-content\" sandbox=\"allow-scripts\" security=\"restricted\" style=\"position: absolute; visibility: hidden;\" title=\"&#8220;PIROLE DE LENGA&#8230; LA PAROLA DEL GIORNO A CURA DEL MUSLA -raccolta completa &#8211;&#8221; &#8212; Radio Pi\u00f9\" src=\"https:\/\/www.radiopiu.net\/wordpress\/pirole-de-lenga-la-parola-del-giorno-a-cura-del-musla-raccolta-completa\/embed\/#?secret=1bWqK7Psem#?secret=M63nyN1xix\" data-secret=\"M63nyN1xix\" width=\"600\" height=\"338\" frameborder=\"0\" marginwidth=\"0\" marginheight=\"0\" scrolling=\"no\"><\/iframe><\/p>\n<p>&nbsp;<\/p>\n<p>&nbsp;<\/p>\n<hr \/>\n<p>&nbsp;<\/p>\n<h2><span style=\"color: #ff0000;\"><a class=\"dt-pswp-item\" href=\"https:\/\/www.radiopiu.net\/wordpress\/wp-content\/uploads\/2018\/09\/appuntamenti.jpeg\" data-dt-img-description=\"\" data-large_image_width=\"800\" data-large_image_height=\"100\"><img loading=\"lazy\" decoding=\"async\" class=\"wp-image-61958 size-full aligncenter\" src=\"https:\/\/www.radiopiu.net\/wordpress\/wp-content\/uploads\/2018\/09\/appuntamenti.jpeg\" alt=\"\" width=\"800\" height=\"100\" srcset=\"https:\/\/www.radiopiu.net\/wordpress\/wp-content\/uploads\/2018\/09\/appuntamenti.jpeg 800w, https:\/\/www.radiopiu.net\/wordpress\/wp-content\/uploads\/2018\/09\/appuntamenti-300x38.jpeg 300w, https:\/\/www.radiopiu.net\/wordpress\/wp-content\/uploads\/2018\/09\/appuntamenti-768x96.jpeg 768w\" sizes=\"auto, (max-width: 800px) 100vw, 800px\" \/><\/a><\/span><\/h2>\n<div>\n<div class=\"\" dir=\"auto\">\n<div id=\":r9h:\" class=\"x1iorvi4 x1pi30zi x1l90r2v x1swvt13\" data-ad-comet-preview=\"message\" data-ad-preview=\"message\">\n\n\t\t\t<style type='text\/css'>\n\t\t\t\t#gallery-7 {\n\t\t\t\t\tmargin: auto;\n\t\t\t\t}\n\t\t\t\t#gallery-7 .gallery-item {\n\t\t\t\t\tfloat: left;\n\t\t\t\t\tmargin-top: 10px;\n\t\t\t\t\ttext-align: center;\n\t\t\t\t\twidth: 25%;\n\t\t\t\t}\n\t\t\t\t#gallery-7 img {\n\t\t\t\t\tborder: 2px solid #cfcfcf;\n\t\t\t\t}\n\t\t\t\t#gallery-7 .gallery-caption {\n\t\t\t\t\tmargin-left: 0;\n\t\t\t\t}\n\t\t\t\t\/* see gallery_shortcode() in wp-includes\/media.php *\/\n\t\t\t<\/style>\n\t\t<div id='gallery-7' class='dt-gallery-container gallery galleryid-407424 gallery-columns-4 gallery-size-thumbnail'><dl class='gallery-item'>\n\t\t\t\t<dt class='gallery-icon portrait'>\n\t\t\t\t\t<a class=\"rollover rollover-zoom dt-pswp-item\" title=\"edd72a1c-4d5d-4172-a401-812a0b77ddb7\" data-dt-img-description=\"\" data-large_image_width=\"1131\" data-large_image_height=\"1600\"href='https:\/\/www.radiopiu.net\/wordpress\/wp-content\/uploads\/2024\/08\/edd72a1c-4d5d-4172-a401-812a0b77ddb7.jpg'><img loading=\"lazy\" decoding=\"async\" width=\"150\" height=\"150\" src=\"https:\/\/www.radiopiu.net\/wordpress\/wp-content\/uploads\/2024\/08\/edd72a1c-4d5d-4172-a401-812a0b77ddb7-150x150.jpg\" class=\"attachment-thumbnail size-thumbnail\" alt=\"\" aria-describedby=\"gallery-7-407104\" \/><\/a>\n\t\t\t\t<\/dt>\n\t\t\t\t\t<dd class='wp-caption-text gallery-caption' id='gallery-7-407104'>\n\t\t\t\t\tSABATO 7 SETTEMBRE BAR DELLE BOCCE, AGORDO\n\t\t\t\t\t<\/dd><\/dl><dl class='gallery-item'>\n\t\t\t\t<dt class='gallery-icon portrait'>\n\t\t\t\t\t<a class=\"rollover rollover-zoom dt-pswp-item\" title=\"0c715370-708d-4e27-bfbc-8f73840fd988\" data-dt-img-description=\"\" data-large_image_width=\"1131\" data-large_image_height=\"1600\"href='https:\/\/www.radiopiu.net\/wordpress\/wp-content\/uploads\/2024\/08\/0c715370-708d-4e27-bfbc-8f73840fd988.jpg'><img loading=\"lazy\" decoding=\"async\" width=\"150\" height=\"150\" src=\"https:\/\/www.radiopiu.net\/wordpress\/wp-content\/uploads\/2024\/08\/0c715370-708d-4e27-bfbc-8f73840fd988-150x150.jpg\" class=\"attachment-thumbnail size-thumbnail\" alt=\"\" aria-describedby=\"gallery-7-407355\" \/><\/a>\n\t\t\t\t<\/dt>\n\t\t\t\t\t<dd class='wp-caption-text gallery-caption' id='gallery-7-407355'>\n\t\t\t\t\tbar parco giochi SABATO 7\n\t\t\t\t\t<\/dd><\/dl><dl class='gallery-item'>\n\t\t\t\t<dt class='gallery-icon portrait'>\n\t\t\t\t\t<a class=\"rollover rollover-zoom dt-pswp-item\" title=\"concorso-copia_compressed\" data-dt-img-description=\"\" data-large_image_width=\"1240\" data-large_image_height=\"1754\"href='https:\/\/www.radiopiu.net\/wordpress\/wp-content\/uploads\/2024\/07\/concorso-copia_compressed.jpg'><img loading=\"lazy\" decoding=\"async\" width=\"150\" height=\"150\" src=\"https:\/\/www.radiopiu.net\/wordpress\/wp-content\/uploads\/2024\/07\/concorso-copia_compressed-150x150.jpg\" class=\"attachment-thumbnail size-thumbnail\" alt=\"\" aria-describedby=\"gallery-7-401805\" \/><\/a>\n\t\t\t\t<\/dt>\n\t\t\t\t\t<dd class='wp-caption-text gallery-caption' id='gallery-7-401805'>\n\t\t\t\t\tIL CONCORSO FOTOGRAFICO\n\t\t\t\t\t<\/dd><\/dl><dl class='gallery-item'>\n\t\t\t\t<dt class='gallery-icon portrait'>\n\t\t\t\t\t<a class=\"rollover rollover-zoom dt-pswp-item\" title=\"f84567d6-a1d2-47de-9596-ef8505986952\" data-dt-img-description=\"\" data-large_image_width=\"745\" data-large_image_height=\"1073\"href='https:\/\/www.radiopiu.net\/wordpress\/wp-content\/uploads\/2024\/06\/f84567d6-a1d2-47de-9596-ef8505986952.jpg'><img loading=\"lazy\" decoding=\"async\" width=\"150\" height=\"150\" src=\"https:\/\/www.radiopiu.net\/wordpress\/wp-content\/uploads\/2024\/06\/f84567d6-a1d2-47de-9596-ef8505986952-150x150.jpg\" class=\"attachment-thumbnail size-thumbnail\" alt=\"\" aria-describedby=\"gallery-7-396466\" \/><\/a>\n\t\t\t\t<\/dt>\n\t\t\t\t\t<dd class='wp-caption-text gallery-caption' id='gallery-7-396466'>\n\t\t\t\t\tSUMMER GREEN VOLLEY AGORDINO\n\t\t\t\t\t<\/dd><\/dl><br style=\"clear: both\" \/><dl class='gallery-item'>\n\t\t\t\t<dt class='gallery-icon portrait'>\n\t\t\t\t\t<a class=\"rollover rollover-zoom dt-pswp-item\" title=\"b984cf06-49e8-4958-bc23-c0d66e45f366\" data-dt-img-description=\"\" data-large_image_width=\"900\" data-large_image_height=\"1600\"href='https:\/\/www.radiopiu.net\/wordpress\/wp-content\/uploads\/2024\/07\/b984cf06-49e8-4958-bc23-c0d66e45f366.jpg'><img loading=\"lazy\" decoding=\"async\" width=\"150\" height=\"150\" src=\"https:\/\/www.radiopiu.net\/wordpress\/wp-content\/uploads\/2024\/07\/b984cf06-49e8-4958-bc23-c0d66e45f366-150x150.jpg\" class=\"attachment-thumbnail size-thumbnail\" alt=\"\" aria-describedby=\"gallery-7-400399\" \/><\/a>\n\t\t\t\t<\/dt>\n\t\t\t\t\t<dd class='wp-caption-text gallery-caption' id='gallery-7-400399'>\n\t\t\t\t\tALL&#8217;HOTEL VILLA IMPERINA DI AGORDO\n\t\t\t\t\t<\/dd><\/dl><dl class='gallery-item'>\n\t\t\t\t<dt class='gallery-icon portrait'>\n\t\t\t\t\t<a class=\"rollover rollover-zoom dt-pswp-item\" title=\"ee0e70bf-b574-49f2-beb9-4ad574e937e0\" data-dt-img-description=\"\" data-large_image_width=\"1592\" data-large_image_height=\"2048\"href='https:\/\/www.radiopiu.net\/wordpress\/wp-content\/uploads\/2024\/07\/ee0e70bf-b574-49f2-beb9-4ad574e937e0-1.jpg'><img loading=\"lazy\" decoding=\"async\" width=\"150\" height=\"150\" src=\"https:\/\/www.radiopiu.net\/wordpress\/wp-content\/uploads\/2024\/07\/ee0e70bf-b574-49f2-beb9-4ad574e937e0-1-150x150.jpg\" class=\"attachment-thumbnail size-thumbnail\" alt=\"\" aria-describedby=\"gallery-7-402362\" \/><\/a>\n\t\t\t\t<\/dt>\n\t\t\t\t\t<dd class='wp-caption-text gallery-caption' id='gallery-7-402362'>\n\t\t\t\t\tBOCCIODROMO AD AGORDO&#8230; L&#8217;ESTATE CONTINUA\n\t\t\t\t\t<\/dd><\/dl><dl class='gallery-item'>\n\t\t\t\t<dt class='gallery-icon portrait'>\n\t\t\t\t\t<a class=\"rollover rollover-zoom dt-pswp-item\" title=\"453435279_122166255218160070_5477559706341740291_n\" data-dt-img-description=\"\" data-large_image_width=\"526\" data-large_image_height=\"1052\"href='https:\/\/www.radiopiu.net\/wordpress\/wp-content\/uploads\/2024\/08\/453435279_122166255218160070_5477559706341740291_n.jpg'><img loading=\"lazy\" decoding=\"async\" width=\"150\" height=\"150\" src=\"https:\/\/www.radiopiu.net\/wordpress\/wp-content\/uploads\/2024\/08\/453435279_122166255218160070_5477559706341740291_n-150x150.jpg\" class=\"attachment-thumbnail size-thumbnail\" alt=\"\" aria-describedby=\"gallery-7-402925\" \/><\/a>\n\t\t\t\t<\/dt>\n\t\t\t\t\t<dd class='wp-caption-text gallery-caption' id='gallery-7-402925'>\n\t\t\t\t\tL&#8217;ESTATE AL CINEMA DOLOMITI DI FALCADE\n\t\t\t\t\t<\/dd><\/dl><dl class='gallery-item'>\n\t\t\t\t<dt class='gallery-icon portrait'>\n\t\t\t\t\t<a class=\"rollover rollover-zoom dt-pswp-item\" title=\"352b658b-c0db-41f9-b908-65887d9c118f\" data-dt-img-description=\"\" data-large_image_width=\"800\" data-large_image_height=\"1200\"href='https:\/\/www.radiopiu.net\/wordpress\/wp-content\/uploads\/2024\/08\/352b658b-c0db-41f9-b908-65887d9c118f.jpg'><img loading=\"lazy\" decoding=\"async\" width=\"150\" height=\"150\" src=\"https:\/\/www.radiopiu.net\/wordpress\/wp-content\/uploads\/2024\/08\/352b658b-c0db-41f9-b908-65887d9c118f-150x150.jpg\" class=\"attachment-thumbnail size-thumbnail\" alt=\"\" aria-describedby=\"gallery-7-406921\" \/><\/a>\n\t\t\t\t<\/dt>\n\t\t\t\t\t<dd class='wp-caption-text gallery-caption' id='gallery-7-406921'>\n\t\t\t\t\t31 agosto FORCELLA AURINE\n\t\t\t\t\t<\/dd><\/dl><br style=\"clear: both\" \/><dl class='gallery-item'>\n\t\t\t\t<dt class='gallery-icon portrait'>\n\t\t\t\t\t<a class=\"rollover rollover-zoom dt-pswp-item\" title=\"LOC_A3_MOSTRA-RADIO_CMVI\" data-dt-img-description=\"\" data-large_image_width=\"1816\" data-large_image_height=\"2560\"href='https:\/\/www.radiopiu.net\/wordpress\/wp-content\/uploads\/2024\/08\/LOC_A3_MOSTRA-RADIO_CMVI-scaled.jpg'><img loading=\"lazy\" decoding=\"async\" width=\"150\" height=\"150\" src=\"https:\/\/www.radiopiu.net\/wordpress\/wp-content\/uploads\/2024\/08\/LOC_A3_MOSTRA-RADIO_CMVI-150x150.jpg\" class=\"attachment-thumbnail size-thumbnail\" alt=\"\" aria-describedby=\"gallery-7-403450\" \/><\/a>\n\t\t\t\t<\/dt>\n\t\t\t\t\t<dd class='wp-caption-text gallery-caption' id='gallery-7-403450'>\n\t\t\t\t\tLA MOSTRA DELLE RADIO IN VALLE IMPERINA\n\t\t\t\t\t<\/dd><\/dl><dl class='gallery-item'>\n\t\t\t\t<dt class='gallery-icon portrait'>\n\t\t\t\t\t<a class=\"rollover rollover-zoom dt-pswp-item\" title=\"ARSON CORSO\" data-dt-img-description=\"\" data-large_image_width=\"671\" data-large_image_height=\"756\"href='https:\/\/www.radiopiu.net\/wordpress\/wp-content\/uploads\/2024\/08\/ARSON-CORSO.png'><img loading=\"lazy\" decoding=\"async\" width=\"150\" height=\"150\" src=\"https:\/\/www.radiopiu.net\/wordpress\/wp-content\/uploads\/2024\/08\/ARSON-CORSO-150x150.png\" class=\"attachment-thumbnail size-thumbnail\" alt=\"\" aria-describedby=\"gallery-7-403730\" \/><\/a>\n\t\t\t\t<\/dt>\n\t\t\t\t\t<dd class='wp-caption-text gallery-caption' id='gallery-7-403730'>\n\t\t\t\t\tCORSO DI FOTOGRAFIA A FELTRE\n\t\t\t\t\t<\/dd><\/dl><dl class='gallery-item'>\n\t\t\t\t<dt class='gallery-icon portrait'>\n\t\t\t\t\t<a class=\"rollover rollover-zoom dt-pswp-item\" title=\"c442104f-357c-4a86-a34f-8fbcba79b7ec\" data-dt-img-description=\"\" data-large_image_width=\"650\" data-large_image_height=\"800\"href='https:\/\/www.radiopiu.net\/wordpress\/wp-content\/uploads\/2024\/08\/c442104f-357c-4a86-a34f-8fbcba79b7ec.jpg'><img loading=\"lazy\" decoding=\"async\" width=\"150\" height=\"150\" src=\"https:\/\/www.radiopiu.net\/wordpress\/wp-content\/uploads\/2024\/08\/c442104f-357c-4a86-a34f-8fbcba79b7ec-150x150.jpg\" class=\"attachment-thumbnail size-thumbnail\" alt=\"\" aria-describedby=\"gallery-7-404802\" \/><\/a>\n\t\t\t\t<\/dt>\n\t\t\t\t\t<dd class='wp-caption-text gallery-caption' id='gallery-7-404802'>\n\t\t\t\t\tLE SPECIALITA&#8217; DEL RISTOBAR GHEGI\n\t\t\t\t\t<\/dd><\/dl><dl class='gallery-item'>\n\t\t\t\t<dt class='gallery-icon portrait'>\n\t\t\t\t\t<a class=\"rollover rollover-zoom dt-pswp-item\" title=\"download\" data-dt-img-description=\"\" data-large_image_width=\"600\" data-large_image_height=\"849\"href='https:\/\/www.radiopiu.net\/wordpress\/wp-content\/uploads\/2024\/08\/download.jpg'><img loading=\"lazy\" decoding=\"async\" width=\"150\" height=\"150\" src=\"https:\/\/www.radiopiu.net\/wordpress\/wp-content\/uploads\/2024\/08\/download-150x150.jpg\" class=\"attachment-thumbnail size-thumbnail\" alt=\"\" aria-describedby=\"gallery-7-404972\" \/><\/a>\n\t\t\t\t<\/dt>\n\t\t\t\t\t<dd class='wp-caption-text gallery-caption' id='gallery-7-404972'>\n\t\t\t\t\tPROLOCO SEDICO\n\t\t\t\t\t<\/dd><\/dl><br style=\"clear: both\" \/><dl class='gallery-item'>\n\t\t\t\t<dt class='gallery-icon landscape'>\n\t\t\t\t\t<a class=\"rollover rollover-zoom dt-pswp-item\" title=\"b46872fc-6ed8-4cb8-ab0d-ce6542b9bbc5\" data-dt-img-description=\"\" data-large_image_width=\"1518\" data-large_image_height=\"1142\"href='https:\/\/www.radiopiu.net\/wordpress\/wp-content\/uploads\/2024\/08\/b46872fc-6ed8-4cb8-ab0d-ce6542b9bbc5.jpg'><img loading=\"lazy\" decoding=\"async\" width=\"150\" height=\"150\" src=\"https:\/\/www.radiopiu.net\/wordpress\/wp-content\/uploads\/2024\/08\/b46872fc-6ed8-4cb8-ab0d-ce6542b9bbc5-150x150.jpg\" class=\"attachment-thumbnail size-thumbnail\" alt=\"\" aria-describedby=\"gallery-7-404968\" \/><\/a>\n\t\t\t\t<\/dt>\n\t\t\t\t\t<dd class='wp-caption-text gallery-caption' id='gallery-7-404968'>\n\t\t\t\t\tCORRI POI.. ULTIMA TAPPA\n\t\t\t\t\t<\/dd><\/dl><dl class='gallery-item'>\n\t\t\t\t<dt class='gallery-icon portrait'>\n\t\t\t\t\t<a class=\"rollover rollover-zoom dt-pswp-item\" title=\"c4009_Tour_Forestale_PEFC_Tappa_Col_di_Lana\" data-dt-img-description=\"\" data-large_image_width=\"1020\" data-large_image_height=\"1446\"href='https:\/\/www.radiopiu.net\/wordpress\/wp-content\/uploads\/2024\/08\/c4009_Tour_Forestale_PEFC_Tappa_Col_di_Lana.png'><img loading=\"lazy\" decoding=\"async\" width=\"150\" height=\"150\" src=\"https:\/\/www.radiopiu.net\/wordpress\/wp-content\/uploads\/2024\/08\/c4009_Tour_Forestale_PEFC_Tappa_Col_di_Lana-150x150.png\" class=\"attachment-thumbnail size-thumbnail\" alt=\"\" aria-describedby=\"gallery-7-405046\" \/><\/a>\n\t\t\t\t<\/dt>\n\t\t\t\t\t<dd class='wp-caption-text gallery-caption' id='gallery-7-405046'>\n\t\t\t\t\tCON UNCEM A LIVINALLONGO\n\t\t\t\t\t<\/dd><\/dl><dl class='gallery-item'>\n\t\t\t\t<dt class='gallery-icon portrait'>\n\t\t\t\t\t<a class=\"rollover rollover-zoom dt-pswp-item\" title=\"Scrivere di alberi 2024 (1)\" data-dt-img-description=\"\" data-large_image_width=\"1414\" data-large_image_height=\"2000\"href='https:\/\/www.radiopiu.net\/wordpress\/wp-content\/uploads\/2024\/08\/Scrivere-di-alberi-2024-1.png'><img loading=\"lazy\" decoding=\"async\" width=\"150\" height=\"150\" src=\"https:\/\/www.radiopiu.net\/wordpress\/wp-content\/uploads\/2024\/08\/Scrivere-di-alberi-2024-1-150x150.png\" class=\"attachment-thumbnail size-thumbnail\" alt=\"\" aria-describedby=\"gallery-7-406125\" \/><\/a>\n\t\t\t\t<\/dt>\n\t\t\t\t\t<dd class='wp-caption-text gallery-caption' id='gallery-7-406125'>\n\t\t\t\t\tSCRIVERE DI ALBERI\n\t\t\t\t\t<\/dd><\/dl><dl class='gallery-item'>\n\t\t\t\t<dt class='gallery-icon portrait'>\n\t\t\t\t\t<a class=\"rollover rollover-zoom dt-pswp-item\" title=\"10\" data-dt-img-description=\"\" data-large_image_width=\"1158\" data-large_image_height=\"1600\"href='https:\/\/www.radiopiu.net\/wordpress\/wp-content\/uploads\/2024\/08\/10-1.jpg'><img loading=\"lazy\" decoding=\"async\" width=\"150\" height=\"150\" src=\"https:\/\/www.radiopiu.net\/wordpress\/wp-content\/uploads\/2024\/08\/10-1-150x150.jpg\" class=\"attachment-thumbnail size-thumbnail\" alt=\"\" aria-describedby=\"gallery-7-407179\" \/><\/a>\n\t\t\t\t<\/dt>\n\t\t\t\t\t<dd class='wp-caption-text gallery-caption' id='gallery-7-407179'>\n\t\t\t\t\tA SAN TOMASO\n\t\t\t\t\t<\/dd><\/dl><br style=\"clear: both\" \/><dl class='gallery-item'>\n\t\t\t\t<dt class='gallery-icon portrait'>\n\t\t\t\t\t<a class=\"rollover rollover-zoom dt-pswp-item\" title=\"15cc3792-c042-4781-b8d1-ba97bd2076f6\" data-dt-img-description=\"\" data-large_image_width=\"1200\" data-large_image_height=\"1600\"href='https:\/\/www.radiopiu.net\/wordpress\/wp-content\/uploads\/2024\/08\/15cc3792-c042-4781-b8d1-ba97bd2076f6.jpg'><img loading=\"lazy\" decoding=\"async\" width=\"150\" height=\"150\" src=\"https:\/\/www.radiopiu.net\/wordpress\/wp-content\/uploads\/2024\/08\/15cc3792-c042-4781-b8d1-ba97bd2076f6-150x150.jpg\" class=\"attachment-thumbnail size-thumbnail\" alt=\"\" aria-describedby=\"gallery-7-407295\" \/><\/a>\n\t\t\t\t<\/dt>\n\t\t\t\t\t<dd class='wp-caption-text gallery-caption' id='gallery-7-407295'>\n\t\t\t\t\tFORMULA TRE A BELLUNO\n\t\t\t\t\t<\/dd><\/dl><dl class='gallery-item'>\n\t\t\t\t<dt class='gallery-icon portrait'>\n\t\t\t\t\t<a class=\"rollover rollover-zoom dt-pswp-item\" title=\"Preziosi Musal 31_08_2024\" data-dt-img-description=\"\" data-large_image_width=\"1241\" data-large_image_height=\"1755\"href='https:\/\/www.radiopiu.net\/wordpress\/wp-content\/uploads\/2024\/08\/Preziosi-Musal-31_08_2024.jpg'><img loading=\"lazy\" decoding=\"async\" width=\"150\" height=\"150\" src=\"https:\/\/www.radiopiu.net\/wordpress\/wp-content\/uploads\/2024\/08\/Preziosi-Musal-31_08_2024-150x150.jpg\" class=\"attachment-thumbnail size-thumbnail\" alt=\"\" aria-describedby=\"gallery-7-407326\" \/><\/a>\n\t\t\t\t<\/dt>\n\t\t\t\t\t<dd class='wp-caption-text gallery-caption' id='gallery-7-407326'>\n\t\t\t\t\tAL MUSAL DI CANALE\n\t\t\t\t\t<\/dd><\/dl><dl class='gallery-item'>\n\t\t\t\t<dt class='gallery-icon portrait'>\n\t\t\t\t\t<a class=\"rollover rollover-zoom dt-pswp-item\" title=\"b86de4c5-5b5b-48bf-9ef3-474a2f99c215\" data-dt-img-description=\"\" data-large_image_width=\"899\" data-large_image_height=\"1599\"href='https:\/\/www.radiopiu.net\/wordpress\/wp-content\/uploads\/2024\/08\/b86de4c5-5b5b-48bf-9ef3-474a2f99c215.jpg'><img loading=\"lazy\" decoding=\"async\" width=\"150\" height=\"150\" src=\"https:\/\/www.radiopiu.net\/wordpress\/wp-content\/uploads\/2024\/08\/b86de4c5-5b5b-48bf-9ef3-474a2f99c215-150x150.jpg\" class=\"attachment-thumbnail size-thumbnail\" alt=\"\" aria-describedby=\"gallery-7-407464\" \/><\/a>\n\t\t\t\t<\/dt>\n\t\t\t\t\t<dd class='wp-caption-text gallery-caption' id='gallery-7-407464'>\n\t\t\t\t\tALL&#8217;OHPERBACCO DI CENCENIGHE\n\t\t\t\t\t<\/dd><\/dl>\n\t\t\t\t<br style='clear: both' \/>\n\t\t\t<\/div>\n\n<p><strong>OGGI E DOMANI AL CINEMA DOLOMITI DI FALCADE IL FILM D&#8217;ANIMAZIONE CATTIVISSIMO ME 4. SPETTACOLI ALLE 21:15, DOMANI ANCHE ALLE 17<\/strong><\/p>\n<\/div>\n<\/div>\n<\/div>\n<div><\/div>\n<p>&nbsp;<\/p>\n<hr \/>\n<p>&nbsp;<\/p>\n<p><a class=\"dt-pswp-item\" href=\"https:\/\/www.radiopiu.net\/wordpress\/wp-content\/uploads\/2018\/09\/viabilita.jpeg\" data-dt-img-description=\"\" data-large_image_width=\"800\" data-large_image_height=\"100\"><img loading=\"lazy\" decoding=\"async\" class=\"aligncenter wp-image-61954 size-full\" src=\"https:\/\/www.radiopiu.net\/wordpress\/wp-content\/uploads\/2018\/09\/viabilita.jpeg\" alt=\"\" width=\"800\" height=\"100\" srcset=\"https:\/\/www.radiopiu.net\/wordpress\/wp-content\/uploads\/2018\/09\/viabilita.jpeg 800w, https:\/\/www.radiopiu.net\/wordpress\/wp-content\/uploads\/2018\/09\/viabilita-300x38.jpeg 300w, https:\/\/www.radiopiu.net\/wordpress\/wp-content\/uploads\/2018\/09\/viabilita-768x96.jpeg 768w\" sizes=\"auto, (max-width: 800px) 100vw, 800px\" \/><\/a><\/p>\n<p>&nbsp;<\/p>\n<p><a class=\"dt-pswp-item\" href=\"https:\/\/www.radiopiu.net\/wordpress\/wp-content\/uploads\/2023\/12\/botol-car-service.jpg\" data-dt-img-description=\"\" data-large_image_width=\"600\" data-large_image_height=\"600\"><img loading=\"lazy\" decoding=\"async\" class=\"size-medium wp-image-367044 aligncenter\" src=\"https:\/\/www.radiopiu.net\/wordpress\/wp-content\/uploads\/2023\/12\/botol-car-service-300x300.jpg\" alt=\"\" width=\"300\" height=\"300\" srcset=\"https:\/\/www.radiopiu.net\/wordpress\/wp-content\/uploads\/2023\/12\/botol-car-service-300x300.jpg 300w, https:\/\/www.radiopiu.net\/wordpress\/wp-content\/uploads\/2023\/12\/botol-car-service-150x150.jpg 150w, https:\/\/www.radiopiu.net\/wordpress\/wp-content\/uploads\/2023\/12\/botol-car-service.jpg 600w\" sizes=\"auto, (max-width: 300px) 100vw, 300px\" \/><\/a><\/p>\n<p>&nbsp;<\/p>\n<p>&nbsp;<\/p>\n<h1>BOLLETTINO QUOTIDIANO, CLICCA QUI<\/h1>\n<blockquote class=\"wp-embedded-content\" data-secret=\"krWaXP6weB\"><p><a href=\"https:\/\/www.radiopiu.net\/wordpress\/viabilita-2\/\">viabilita<\/a><\/p><\/blockquote>\n<p><iframe loading=\"lazy\" class=\"wp-embedded-content\" sandbox=\"allow-scripts\" security=\"restricted\" style=\"position: absolute; visibility: hidden;\" title=\"&#8220;viabilita&#8221; &#8212; Radio Pi\u00f9\" src=\"https:\/\/www.radiopiu.net\/wordpress\/viabilita-2\/embed\/#?secret=jF7eRFGbUG#?secret=krWaXP6weB\" data-secret=\"krWaXP6weB\" width=\"600\" height=\"338\" frameborder=\"0\" marginwidth=\"0\" marginheight=\"0\" scrolling=\"no\"><\/iframe><\/p>\n<p>&nbsp;<\/p>\n<p>&nbsp;<\/p>\n<hr \/>\n<p>&nbsp;<\/p>\n<p><a class=\"dt-pswp-item\" href=\"https:\/\/www.radiopiu.net\/wordpress\/wp-content\/uploads\/2018\/09\/WhatsApp-Image-2018-09-20-at-16.04.06.jpeg\" data-dt-img-description=\"\" data-large_image_width=\"800\" data-large_image_height=\"100\"><img loading=\"lazy\" decoding=\"async\" class=\"wp-image-61378 size-full aligncenter\" src=\"https:\/\/www.radiopiu.net\/wordpress\/wp-content\/uploads\/2018\/09\/WhatsApp-Image-2018-09-20-at-16.04.06.jpeg\" alt=\"\" width=\"800\" height=\"100\" srcset=\"https:\/\/www.radiopiu.net\/wordpress\/wp-content\/uploads\/2018\/09\/WhatsApp-Image-2018-09-20-at-16.04.06.jpeg 800w, https:\/\/www.radiopiu.net\/wordpress\/wp-content\/uploads\/2018\/09\/WhatsApp-Image-2018-09-20-at-16.04.06-300x38.jpeg 300w, https:\/\/www.radiopiu.net\/wordpress\/wp-content\/uploads\/2018\/09\/WhatsApp-Image-2018-09-20-at-16.04.06-768x96.jpeg 768w\" sizes=\"auto, (max-width: 800px) 100vw, 800px\" \/><\/a><\/p>\n<p><center><\/center><center><\/center><center><\/center><center><\/center><center><\/center><center><\/center>&nbsp;<\/p>\n<p><center><\/center><center><b>OGGI<\/b><\/center>Sereno o poco nuvoloso al mattino con qualche nube bassa probabile nelle valli fino all&#8217;alba, dal mezzogiorno e nel pomeriggio irregolarmente nuvoloso per moderata, localmente intensa attivit\u00e0 cumuliforme assieme alla presenza di velature.<br \/>\n<b>Precipitazioni: <\/b>Nella notte non esclusi residui isolati temporali. Nel pomeriggio\/sera aumento della probabilit\u00e0 fino a media di isolati rovesci\/temporali che isolatamente potranno insistere anche in serata<br \/>\nTemperature stazionarie o in ulteriore lieve aumento specie le minime con afa moderata nei fondovalle pi\u00f9 bassi durante le ore centrali.<\/p>\n<hr \/>\n<p><center><b>DOMANI<\/b><\/center>Tempo un p\u00f2 pi\u00f9 variabile con cielo poco o parzialmente nuvoloso al mattino per qualche velatura assieme alla presenza di nubi basse fino al primo mattino in alcune valli; entro il mezzogiorno generale irregolare aumento della nuvolosit\u00e0 cumuliforme che sar\u00e0 ben presente nel pomeriggio e un p\u00f2 pi\u00f9 intensa rispetto a sabato.<br \/>\n<b>Precipitazioni: <\/b>Ulteriore aumento rispetto a sabato, della probabilit\u00e0 di rovesci\/temporali sparsi nel pomeriggio\/sera specie su Dolomiti.<br \/>\n<b>Temperature: <\/b>Temperature minime stazionarie e massime in lieve calo.<\/p>\n<hr \/>\n<p><center><b>LUNEDI<\/b><\/center>Al mattino sereno o poco nuvoloso, nel pomeriggio consueto irregolare aumento della nuvolosit\u00e0 cumuliforme associata ad una probabilit\u00e0 media di isolati rovesci e temporali specie su Dolomiti. Temperature pressoch\u00e8 stazionarie o in lieve calo le massime.<\/p>\n<hr \/>\n<p><center><b>MARTEDI<\/b><\/center>Al mattino sereno o poco nuvoloso, dal mezzogiorno modesta o al pi\u00f9 moderata nuvolosit\u00e0 cumuliforme associata alla possibilit\u00e0 di qualche isolato rovescio\/temporale. Temperature stazionarie.<\/p>\n<p>&nbsp;<\/p>\n<hr \/>\n<p>&nbsp;<\/p>\n<p><a class=\"dt-pswp-item\" href=\"https:\/\/www.radiopiu.net\/wordpress\/wp-content\/uploads\/2018\/09\/sport.jpg\" data-dt-img-description=\"\" data-large_image_width=\"800\" data-large_image_height=\"100\"><img loading=\"lazy\" decoding=\"async\" class=\"aligncenter wp-image-60761 size-full\" src=\"https:\/\/www.radiopiu.net\/wordpress\/wp-content\/uploads\/2018\/09\/sport.jpg\" alt=\"\" width=\"800\" height=\"100\" srcset=\"https:\/\/www.radiopiu.net\/wordpress\/wp-content\/uploads\/2018\/09\/sport.jpg 800w, https:\/\/www.radiopiu.net\/wordpress\/wp-content\/uploads\/2018\/09\/sport-300x38.jpg 300w, https:\/\/www.radiopiu.net\/wordpress\/wp-content\/uploads\/2018\/09\/sport-768x96.jpg 768w\" sizes=\"auto, (max-width: 800px) 100vw, 800px\" \/><\/a><\/p>\n<p>&nbsp;<\/p>\n<p><span style=\"color: #0000ff;\"><strong>CORSA IN MONTAGNA<\/strong><\/span><\/p>\n<blockquote>\n<h3>DOMANI LA CARICA DEI 1050 ALLA TRANSPELMO<\/h3>\n<\/blockquote>\n<p><a class=\"dt-pswp-item\" href=\"https:\/\/www.radiopiu.net\/wordpress\/wp-content\/uploads\/2024\/08\/Transpelmo-2023.jpg\" data-dt-img-description=\"\" data-large_image_width=\"768\" data-large_image_height=\"399\"><img loading=\"lazy\" decoding=\"async\" class=\" wp-image-407515 alignleft\" src=\"https:\/\/www.radiopiu.net\/wordpress\/wp-content\/uploads\/2024\/08\/Transpelmo-2023-300x156.jpg\" alt=\"\" width=\"190\" height=\"99\" srcset=\"https:\/\/www.radiopiu.net\/wordpress\/wp-content\/uploads\/2024\/08\/Transpelmo-2023-300x156.jpg 300w, https:\/\/www.radiopiu.net\/wordpress\/wp-content\/uploads\/2024\/08\/Transpelmo-2023.jpg 768w\" sizes=\"auto, (max-width: 190px) 100vw, 190px\" \/><\/a>Domani si terr\u00e0 la Transpelmo 2024, una skyrun di 19,5 km con 1.450 metri di dislivello nella Val di Zoldo (Belluno), finale italiana del circuito Golden Trail National Series by Salomon. La gara, che definir\u00e0 gli atleti per il Golden Trail World Series Gran Final in Svizzera, vedr\u00e0 la partecipazione di 1.050 runner, inclusi atleti di rilievo come Marco Filosi e Mattia Tanara. Il percorso toccher\u00e0 i 2.475 metri di Forcella Val D\u2019Arcia, con una Fans Zone dedicata. La gara partir\u00e0 alle 10 e avr\u00e0 un tempo massimo di 5 ore e trenta.<\/p>\n<p>&nbsp;<\/p>\n<p>&nbsp;<\/p>\n<hr \/>\n<p>&nbsp;<\/p>\n<h2><span style=\"color: #ffcc00;\">GOODBYE BY BICICLE&#8230;UN VIAGGIO DALL&#8217;INDIA A SEREN DEL GRAPPA IN BICICLETTA<\/span><\/h2>\n<p><span style=\"color: #ff0000;\"><strong>PUNTATA 27 &#8211; IL TEMPO VOLA IN FRETTA IN SERBIA<\/strong><\/span><\/p>\n<audio class=\"wp-audio-shortcode\" id=\"audio-407424-10\" preload=\"none\" style=\"width: 100%;\" controls=\"controls\"><source type=\"audio\/mpeg\" src=\"https:\/\/www.radiopiu.net\/wordpress\/wp-content\/uploads\/2024\/08\/AIRE-INDIA-PUNTATA-27.mp3?_=10\" \/><a href=\"https:\/\/www.radiopiu.net\/wordpress\/wp-content\/uploads\/2024\/08\/AIRE-INDIA-PUNTATA-27.mp3\">https:\/\/www.radiopiu.net\/wordpress\/wp-content\/uploads\/2024\/08\/AIRE-INDIA-PUNTATA-27.mp3<\/a><\/audio>\n<p>&nbsp;<\/p>\n<p><strong>PER VISITARE I SITI DEI LUOGHI VISITATI, CLICCA SULLE SEGUENTI SCRITTE:\u00a0 <span style=\"color: #3366ff;\"><a href=\"https:\/\/danubecare.uns.ac.rs\/\">DANUBECARE PROJECT<\/a>\u00a0 \u00a0<a href=\"https:\/\/www.instagram.com\/uzbbgd?igsh=cXpkMWV4YnVoaXg4\">ULICE ZA BICIKLISTE<\/a>\u00a0 \u00a0<a href=\"https:\/\/zelenodoba.org\/\">ZELENO DOBA\u00a0<\/a> \u00a0<\/span><\/strong><\/p>\n<p>&nbsp;<\/p>\n\n\t\t\t<style type='text\/css'>\n\t\t\t\t#gallery-8 {\n\t\t\t\t\tmargin: auto;\n\t\t\t\t}\n\t\t\t\t#gallery-8 .gallery-item {\n\t\t\t\t\tfloat: left;\n\t\t\t\t\tmargin-top: 10px;\n\t\t\t\t\ttext-align: center;\n\t\t\t\t\twidth: 25%;\n\t\t\t\t}\n\t\t\t\t#gallery-8 img {\n\t\t\t\t\tborder: 2px solid #cfcfcf;\n\t\t\t\t}\n\t\t\t\t#gallery-8 .gallery-caption {\n\t\t\t\t\tmargin-left: 0;\n\t\t\t\t}\n\t\t\t\t\/* see gallery_shortcode() in wp-includes\/media.php *\/\n\t\t\t<\/style>\n\t\t<div id='gallery-8' class='dt-gallery-container gallery galleryid-407424 gallery-columns-4 gallery-size-thumbnail'><dl class='gallery-item'>\n\t\t\t\t<dt class='gallery-icon landscape'>\n\t\t\t\t\t<a class=\"rollover rollover-zoom dt-pswp-item\" title=\"7910fd97-6830-4949-92fe-12ad96a785fe\" data-dt-img-description=\"\" data-large_image_width=\"2048\" data-large_image_height=\"923\"href='https:\/\/www.radiopiu.net\/wordpress\/wp-content\/uploads\/2024\/08\/7910fd97-6830-4949-92fe-12ad96a785fe.jpg'><img loading=\"lazy\" decoding=\"async\" width=\"150\" height=\"150\" src=\"https:\/\/www.radiopiu.net\/wordpress\/wp-content\/uploads\/2024\/08\/7910fd97-6830-4949-92fe-12ad96a785fe-150x150.jpg\" class=\"attachment-thumbnail size-thumbnail\" alt=\"\" \/><\/a>\n\t\t\t\t<\/dt><\/dl><dl class='gallery-item'>\n\t\t\t\t<dt class='gallery-icon portrait'>\n\t\t\t\t\t<a class=\"rollover rollover-zoom dt-pswp-item\" title=\"8e2a7517-cf14-4a54-938b-ab0cca79355d\" data-dt-img-description=\"\" data-large_image_width=\"1200\" data-large_image_height=\"1600\"href='https:\/\/www.radiopiu.net\/wordpress\/wp-content\/uploads\/2024\/08\/8e2a7517-cf14-4a54-938b-ab0cca79355d.jpg'><img loading=\"lazy\" decoding=\"async\" width=\"150\" height=\"150\" src=\"https:\/\/www.radiopiu.net\/wordpress\/wp-content\/uploads\/2024\/08\/8e2a7517-cf14-4a54-938b-ab0cca79355d-150x150.jpg\" class=\"attachment-thumbnail size-thumbnail\" alt=\"\" \/><\/a>\n\t\t\t\t<\/dt><\/dl><dl class='gallery-item'>\n\t\t\t\t<dt class='gallery-icon landscape'>\n\t\t\t\t\t<a class=\"rollover rollover-zoom dt-pswp-item\" title=\"30bf4631-3670-453d-9477-15ed9d299778\" data-dt-img-description=\"\" data-large_image_width=\"1280\" data-large_image_height=\"960\"href='https:\/\/www.radiopiu.net\/wordpress\/wp-content\/uploads\/2024\/08\/30bf4631-3670-453d-9477-15ed9d299778.jpg'><img loading=\"lazy\" decoding=\"async\" width=\"150\" height=\"150\" src=\"https:\/\/www.radiopiu.net\/wordpress\/wp-content\/uploads\/2024\/08\/30bf4631-3670-453d-9477-15ed9d299778-150x150.jpg\" class=\"attachment-thumbnail size-thumbnail\" alt=\"\" \/><\/a>\n\t\t\t\t<\/dt><\/dl><dl class='gallery-item'>\n\t\t\t\t<dt class='gallery-icon landscape'>\n\t\t\t\t\t<a class=\"rollover rollover-zoom dt-pswp-item\" title=\"c4a4750a-757f-4f14-b9ea-ee6c85bc0a18\" data-dt-img-description=\"\" data-large_image_width=\"1600\" data-large_image_height=\"1200\"href='https:\/\/www.radiopiu.net\/wordpress\/wp-content\/uploads\/2024\/08\/c4a4750a-757f-4f14-b9ea-ee6c85bc0a18.jpg'><img loading=\"lazy\" decoding=\"async\" width=\"150\" height=\"150\" src=\"https:\/\/www.radiopiu.net\/wordpress\/wp-content\/uploads\/2024\/08\/c4a4750a-757f-4f14-b9ea-ee6c85bc0a18-150x150.jpg\" class=\"attachment-thumbnail size-thumbnail\" alt=\"\" \/><\/a>\n\t\t\t\t<\/dt><\/dl><br style=\"clear: both\" \/>\n\t\t\t<\/div>\n\n<p>&nbsp;<\/p>\n<h2>LA RACCOLTA COMPLETA <a href=\"https:\/\/www.radiopiu.net\/wordpress\/goodbye-by-bicicle-un-viaggio-dallindia-a-seren-del-grappa-in-bicicletta-27\/\"><span style=\"color: #3366ff;\">CLICCA QUI<\/span><\/a><\/h2>\n<p>&nbsp;<\/p>\n<p>&nbsp;<\/p>\n","protected":false},"excerpt":{"rendered":"<p>******* &nbsp; RADIO PIU&#8217;&#8230; IN DAB NEL VENETO! STIAMO PER ESTENDERE LA RETE, NUOVA RIPETIZIONE DEL SEGNALE A VENEZIA &nbsp; &nbsp; ATTENZIONE: LA NUOVA APP PER IOS-IPHONE di Nicola Vettorello https:\/\/apps.apple.com\/it\/app\/radio-pi%C3%B9-emittente-agordina\/id1515939845 ATTENZIONE: LA NUOVA APP RADIO\u00a0 PER ANDROID di Nicola Vettorello https:\/\/play.google.com\/store\/apps\/details?id=net.radiopiu.iniko\u00a0\u00a0\u00a0 &nbsp; &nbsp; &nbsp; OGGI ALLA RADIO&#8230;. ALLE 4 E ALLE 6 LE NOTIZIE&hellip;<\/p>\n","protected":false},"author":4,"featured_media":407439,"comment_status":"closed","ping_status":"closed","sticky":false,"template":"","format":"standard","meta":{"_monsterinsights_skip_tracking":false,"_monsterinsights_sitenote_active":false,"_monsterinsights_sitenote_note":"","_monsterinsights_sitenote_category":0,"footnotes":""},"categories":[51,86,49],"tags":[],"class_list":["post-407424","post","type-post","status-publish","format-standard","has-post-thumbnail","hentry","category-evidenza-top","category-gr","category-news-18","category-51","category-86","category-49","description-off"],"img_url":"https:\/\/www.radiopiu.net\/wordpress\/wp-content\/uploads\/2024\/08\/Watermark_20240830_091536_571.jpg","_links":{"self":[{"href":"https:\/\/www.radiopiu.net\/wordpress\/wp-json\/wp\/v2\/posts\/407424","targetHints":{"allow":["GET"]}}],"collection":[{"href":"https:\/\/www.radiopiu.net\/wordpress\/wp-json\/wp\/v2\/posts"}],"about":[{"href":"https:\/\/www.radiopiu.net\/wordpress\/wp-json\/wp\/v2\/types\/post"}],"author":[{"embeddable":true,"href":"https:\/\/www.radiopiu.net\/wordpress\/wp-json\/wp\/v2\/users\/4"}],"replies":[{"embeddable":true,"href":"https:\/\/www.radiopiu.net\/wordpress\/wp-json\/wp\/v2\/comments?post=407424"}],"version-history":[{"count":33,"href":"https:\/\/www.radiopiu.net\/wordpress\/wp-json\/wp\/v2\/posts\/407424\/revisions"}],"predecessor-version":[{"id":407536,"href":"https:\/\/www.radiopiu.net\/wordpress\/wp-json\/wp\/v2\/posts\/407424\/revisions\/407536"}],"wp:featuredmedia":[{"embeddable":true,"href":"https:\/\/www.radiopiu.net\/wordpress\/wp-json\/wp\/v2\/media\/407439"}],"wp:attachment":[{"href":"https:\/\/www.radiopiu.net\/wordpress\/wp-json\/wp\/v2\/media?parent=407424"}],"wp:term":[{"taxonomy":"category","embeddable":true,"href":"https:\/\/www.radiopiu.net\/wordpress\/wp-json\/wp\/v2\/categories?post=407424"},{"taxonomy":"post_tag","embeddable":true,"href":"https:\/\/www.radiopiu.net\/wordpress\/wp-json\/wp\/v2\/tags?post=407424"}],"curies":[{"name":"wp","href":"https:\/\/api.w.org\/{rel}","templated":true}]}}