{"id":407456,"date":"2024-08-30T10:36:42","date_gmt":"2024-08-30T08:36:42","guid":{"rendered":"https:\/\/www.radiopiu.net\/wordpress\/?p=407456"},"modified":"2024-08-30T10:37:04","modified_gmt":"2024-08-30T08:37:04","slug":"dodici-escursionisti-colti-da-temporale-e-recuperati-sulla-normale-del-civetta","status":"publish","type":"post","link":"https:\/\/www.radiopiu.net\/wordpress\/dodici-escursionisti-colti-da-temporale-e-recuperati-sulla-normale-del-civetta\/","title":{"rendered":"DODICI ESCURSIONISTI COLTI DAL TEMPORALE E RECUPERATI SULLA NORMALE DEL CIVETTA"},"content":{"rendered":"<p>******<\/p>\n<p>&nbsp;<\/p>\n<p><strong><a class=\"dt-pswp-item\" href=\"https:\/\/www.radiopiu.net\/wordpress\/wp-content\/uploads\/2024\/03\/e040112e-5e6f-4e7a-9965-35c6262d822e.jpg\" data-dt-img-description=\"\" data-large_image_width=\"1071\" data-large_image_height=\"679\"><img loading=\"lazy\" decoding=\"async\" class=\" wp-image-379219 alignleft\" src=\"https:\/\/www.radiopiu.net\/wordpress\/wp-content\/uploads\/2024\/03\/e040112e-5e6f-4e7a-9965-35c6262d822e-300x190.jpg\" alt=\"\" width=\"204\" height=\"129\" srcset=\"https:\/\/www.radiopiu.net\/wordpress\/wp-content\/uploads\/2024\/03\/e040112e-5e6f-4e7a-9965-35c6262d822e-300x190.jpg 300w, https:\/\/www.radiopiu.net\/wordpress\/wp-content\/uploads\/2024\/03\/e040112e-5e6f-4e7a-9965-35c6262d822e-1024x649.jpg 1024w, https:\/\/www.radiopiu.net\/wordpress\/wp-content\/uploads\/2024\/03\/e040112e-5e6f-4e7a-9965-35c6262d822e-768x487.jpg 768w, https:\/\/www.radiopiu.net\/wordpress\/wp-content\/uploads\/2024\/03\/e040112e-5e6f-4e7a-9965-35c6262d822e.jpg 1071w\" sizes=\"auto, (max-width: 204px) 100vw, 204px\" \/><\/a>VAL DI ZOLDO<\/strong> Ieri verso le 19.20 la Centrale del 118 \u00e8 stata chiamata da 4 escursionisti che stavano scendendo la via normale del Civetta, a circa 2.500 metri di quota, all&#8217;altezza dei tratti attrezzati, quando erano stati colti dal temporale, che aveva dato origine a casate lungo il tragitto e non si sentivano in grado di proseguire. Fissato il campo base a Palafavera, l&#8217;elicottero del Suem di Pieve di Cadore si \u00e8 avvicinato alla parete sotto la pioggia, ormai vicina la scadenza delle effemeridi, ha individuato le due coppie &#8211; due bresciani di 25 e 26 anni, una 31enne di Oderzo (TV) e un 44enne di Granze (PD) &#8211; e uno alla volta ha issato a bordo con un verricello di 20 metri gli escursionisti per poi lasciarli a Palafavera. Mentre si svolgevano le operazioni, l&#8217;equipaggio aveva notato pi\u00f9 in alto un altro gruppo numeroso di persone, che per\u00f2 non avevano fatto alcun segnale di richiamo, n\u00e9 manifestato di aver bisogno di aiuto. Poco pi\u00f9 tardi, il Soccorso alpino della Val di Zoldo \u00e8 stato contattato da diverse persone che avevano visto segnalazioni luminose dalla normale e la stessa Centrale operativa ha ricevuto una richiesta di aiuto da parte proprio di quel gruppo di 8 persone, di cui 3 lamentavano principi di ipotemia. Poich\u00e9 Falco non poteva ormai alzarsi in volo, \u00e8 stato chiesto l&#8217;intervento dell&#8217;elicottero di Trento emergenza, che in due rotazioni ha imbarcato gli otto escursionisti polacchi, di et\u00e0 compresa tra i 19 e i 28 anni, e li ha riportati a valle, dove attendeva in caso di bisogno una squadra di soccorritori.<\/p>\n<p>&nbsp;<\/p>\n<p>&nbsp;<\/p>\n<p>*******<\/p>\n","protected":false},"excerpt":{"rendered":"<p>****** &nbsp; VAL DI ZOLDO Ieri verso le 19.20 la Centrale del 118 \u00e8 stata chiamata da 4 escursionisti che stavano scendendo la via normale del Civetta, a circa 2.500 metri di quota, all&#8217;altezza dei tratti attrezzati, quando erano stati colti dal temporale, che aveva dato origine a casate lungo il tragitto e non si&hellip;<\/p>\n","protected":false},"author":4,"featured_media":379219,"comment_status":"closed","ping_status":"closed","sticky":false,"template":"","format":"standard","meta":{"_monsterinsights_skip_tracking":false,"_monsterinsights_sitenote_active":false,"_monsterinsights_sitenote_note":"","_monsterinsights_sitenote_category":0,"footnotes":""},"categories":[51,49],"tags":[],"class_list":["post-407456","post","type-post","status-publish","format-standard","has-post-thumbnail","hentry","category-evidenza-top","category-news-18","category-51","category-49","description-off"],"img_url":"https:\/\/www.radiopiu.net\/wordpress\/wp-content\/uploads\/2024\/03\/e040112e-5e6f-4e7a-9965-35c6262d822e.jpg","_links":{"self":[{"href":"https:\/\/www.radiopiu.net\/wordpress\/wp-json\/wp\/v2\/posts\/407456","targetHints":{"allow":["GET"]}}],"collection":[{"href":"https:\/\/www.radiopiu.net\/wordpress\/wp-json\/wp\/v2\/posts"}],"about":[{"href":"https:\/\/www.radiopiu.net\/wordpress\/wp-json\/wp\/v2\/types\/post"}],"author":[{"embeddable":true,"href":"https:\/\/www.radiopiu.net\/wordpress\/wp-json\/wp\/v2\/users\/4"}],"replies":[{"embeddable":true,"href":"https:\/\/www.radiopiu.net\/wordpress\/wp-json\/wp\/v2\/comments?post=407456"}],"version-history":[{"count":2,"href":"https:\/\/www.radiopiu.net\/wordpress\/wp-json\/wp\/v2\/posts\/407456\/revisions"}],"predecessor-version":[{"id":407458,"href":"https:\/\/www.radiopiu.net\/wordpress\/wp-json\/wp\/v2\/posts\/407456\/revisions\/407458"}],"wp:featuredmedia":[{"embeddable":true,"href":"https:\/\/www.radiopiu.net\/wordpress\/wp-json\/wp\/v2\/media\/379219"}],"wp:attachment":[{"href":"https:\/\/www.radiopiu.net\/wordpress\/wp-json\/wp\/v2\/media?parent=407456"}],"wp:term":[{"taxonomy":"category","embeddable":true,"href":"https:\/\/www.radiopiu.net\/wordpress\/wp-json\/wp\/v2\/categories?post=407456"},{"taxonomy":"post_tag","embeddable":true,"href":"https:\/\/www.radiopiu.net\/wordpress\/wp-json\/wp\/v2\/tags?post=407456"}],"curies":[{"name":"wp","href":"https:\/\/api.w.org\/{rel}","templated":true}]}}