{"id":407496,"date":"2024-08-30T16:56:25","date_gmt":"2024-08-30T14:56:25","guid":{"rendered":"https:\/\/www.radiopiu.net\/wordpress\/?p=407496"},"modified":"2024-08-30T16:58:07","modified_gmt":"2024-08-30T14:58:07","slug":"malore-al-padon-infortunio-in-valle-biois","status":"publish","type":"post","link":"https:\/\/www.radiopiu.net\/wordpress\/malore-al-padon-infortunio-in-valle-biois\/","title":{"rendered":"MALORE AL PADON, INFORTUNIO IN VALLE DEL BIOIS"},"content":{"rendered":"<p>******<br \/>\n<strong>LIVINALLONGO <\/strong>Attorno <span dir=\"ltr\">alle 12.20<\/span> l&#8217;elicottero del Suem di Pieve di Cadore \u00e8 volato al Rifugio Padon per una 68nne di Savignano sul Rubicone (PD) che aveva accusato un malore. La donna, che aveva problemi a respirare, \u00e8 stata trasportata a Belluno.<\/p>\n<p><strong>CORTINA <\/strong>Falco 2 ha invece recuperato nella zona del Vandelli una persona che aveva manifestato una reazione allergica alla puntura di un&#8217;ape.<\/p>\n<p><strong>FALCADE <\/strong>Una squadra del Soccorso alpino della Val Biois \u00e8 stata attivata <span dir=\"ltr\">verso le 12.30<\/span>, per un infortunio lungo il sentiero che da Valfreda, passando per Forcella dei Marmoi, porta a Malga ai Lach. Scendendo assieme al marito, una 58enne di Padova era infatti inciampata, facendosi male alla caviglia. Raggiunta da una squadra, la donna \u00e8 stata medicata e caricata sulla barella con la ruota, per essere poi trasportata fino alla malga<strong>, d<\/strong>opo averla assicurata a una corda per superare i tratti pi\u00f9 ripidi. Trasferita sulla jeep, la donna \u00e8 stata accompagnata alla sua macchina, con cui si \u00e8 allontanata autonomamente.<\/p>\n<p><strong>AURONZO DI CADORE <\/strong>Si \u00e8 concluso invece all&#8217;una di notte l&#8217;intervento del Soccorso alpino di Auronzo, allertato ieri sera attorno <span dir=\"ltr\">alle 19.40<\/span>, a seguito della chiamata di una 31enne di Sant&#8217;Elpidio (FM), che scendendo da sola il sentiero numero 280 dal Rifugio Fanton, aveva perso l&#8217;orientamento nella zona della Val Baion. Individuata e raggiunta da una squadra, l&#8217;escursionista \u00e8 stata assicurata, riportata sul sentiero e accompagnata a valle.<\/p>\n<p>&nbsp;<\/p>\n<p>&nbsp;<\/p>\n<p>&nbsp;<\/p>\n<p>&nbsp;<\/p>\n<p>*******<\/p>\n","protected":false},"excerpt":{"rendered":"<p>****** LIVINALLONGO Attorno alle 12.20 l&#8217;elicottero del Suem di Pieve di Cadore \u00e8 volato al Rifugio Padon per una 68nne di Savignano sul Rubicone (PD) che aveva accusato un malore. La donna, che aveva problemi a respirare, \u00e8 stata trasportata a Belluno. CORTINA Falco 2 ha invece recuperato nella zona del Vandelli una persona che&hellip;<\/p>\n","protected":false},"author":4,"featured_media":404421,"comment_status":"closed","ping_status":"closed","sticky":false,"template":"","format":"standard","meta":{"_monsterinsights_skip_tracking":false,"_monsterinsights_sitenote_active":false,"_monsterinsights_sitenote_note":"","_monsterinsights_sitenote_category":0,"footnotes":""},"categories":[51,49],"tags":[],"class_list":["post-407496","post","type-post","status-publish","format-standard","has-post-thumbnail","hentry","category-evidenza-top","category-news-18","category-51","category-49","description-off"],"img_url":"https:\/\/www.radiopiu.net\/wordpress\/wp-content\/uploads\/2024\/08\/SALT.jpg","_links":{"self":[{"href":"https:\/\/www.radiopiu.net\/wordpress\/wp-json\/wp\/v2\/posts\/407496","targetHints":{"allow":["GET"]}}],"collection":[{"href":"https:\/\/www.radiopiu.net\/wordpress\/wp-json\/wp\/v2\/posts"}],"about":[{"href":"https:\/\/www.radiopiu.net\/wordpress\/wp-json\/wp\/v2\/types\/post"}],"author":[{"embeddable":true,"href":"https:\/\/www.radiopiu.net\/wordpress\/wp-json\/wp\/v2\/users\/4"}],"replies":[{"embeddable":true,"href":"https:\/\/www.radiopiu.net\/wordpress\/wp-json\/wp\/v2\/comments?post=407496"}],"version-history":[{"count":2,"href":"https:\/\/www.radiopiu.net\/wordpress\/wp-json\/wp\/v2\/posts\/407496\/revisions"}],"predecessor-version":[{"id":407498,"href":"https:\/\/www.radiopiu.net\/wordpress\/wp-json\/wp\/v2\/posts\/407496\/revisions\/407498"}],"wp:featuredmedia":[{"embeddable":true,"href":"https:\/\/www.radiopiu.net\/wordpress\/wp-json\/wp\/v2\/media\/404421"}],"wp:attachment":[{"href":"https:\/\/www.radiopiu.net\/wordpress\/wp-json\/wp\/v2\/media?parent=407496"}],"wp:term":[{"taxonomy":"category","embeddable":true,"href":"https:\/\/www.radiopiu.net\/wordpress\/wp-json\/wp\/v2\/categories?post=407496"},{"taxonomy":"post_tag","embeddable":true,"href":"https:\/\/www.radiopiu.net\/wordpress\/wp-json\/wp\/v2\/tags?post=407496"}],"curies":[{"name":"wp","href":"https:\/\/api.w.org\/{rel}","templated":true}]}}