{"id":407532,"date":"2024-09-02T05:52:59","date_gmt":"2024-09-02T03:52:59","guid":{"rendered":"https:\/\/www.radiopiu.net\/wordpress\/?p=407532"},"modified":"2024-09-02T07:59:14","modified_gmt":"2024-09-02T05:59:14","slug":"giornale-radiopiu-02-settembre-2024-direttore-mirko-mezzacasada-41-anni-25-giugno-1983-25-giugno-2024","status":"publish","type":"post","link":"https:\/\/www.radiopiu.net\/wordpress\/giornale-radiopiu-02-settembre-2024-direttore-mirko-mezzacasada-41-anni-25-giugno-1983-25-giugno-2024\/","title":{"rendered":"GIORNALE RADIOPIU 02 SETTEMBRE 2024 DIRETTORE MIRKO MEZZACASA\u2026DA 41 ANNI 25 GIUGNO 1983-25 GIUGNO 2024"},"content":{"rendered":"<p>******<\/p>\n<p>&nbsp;<\/p>\n<div class=\"page-title-head hgroup\">\n<h1 style=\"text-align: center;\">RADIO PIU&#8217;&#8230; IN DAB NEL VENETO! STIAMO PER ESTENDERE LA RETE, NUOVA RIPETIZIONE DEL SEGNALE A VENEZIA<\/h1>\n<\/div>\n<div style=\"width: 1200px;\" class=\"wp-video\"><video class=\"wp-video-shortcode\" id=\"video-407532-1\" width=\"1200\" height=\"675\" preload=\"metadata\" controls=\"controls\"><source type=\"video\/mp4\" src=\"https:\/\/www.radiopiu.net\/wordpress\/wp-content\/uploads\/2024\/08\/WhatsApp-Video-2024-08-26-at-19.18.47-1.mp4?_=1\" \/><a href=\"https:\/\/www.radiopiu.net\/wordpress\/wp-content\/uploads\/2024\/08\/WhatsApp-Video-2024-08-26-at-19.18.47-1.mp4\">https:\/\/www.radiopiu.net\/wordpress\/wp-content\/uploads\/2024\/08\/WhatsApp-Video-2024-08-26-at-19.18.47-1.mp4<\/a><\/video><\/div>\n<p>&nbsp;<\/p>\n<p>&nbsp;<\/p>\n<p><em><span style=\"color: #ff0000;\">ATTENZIONE: LA NUOVA APP PER IOS-IPHONE di Nicola Vettorello <\/span><\/em><a href=\"https:\/\/apps.apple.com\/it\/app\/radio-pi%C3%B9-emittente-agordina\/id1515939845\">https:\/\/apps.apple.com\/it\/app\/radio-pi%C3%B9-emittente-agordina\/id1515939845<\/a><\/p>\n<p><em style=\"color: #ff0000;\">ATTENZIONE: LA NUOVA APP RADIO\u00a0 PER ANDROID di Nicola Vettorello<\/em><\/p>\n<p><a href=\"https:\/\/play.google.com\/store\/apps\/details?id=net.radiopiu.iniko\" target=\"_blank\" rel=\"noopener noreferrer\">https:\/\/play.google.com\/store\/apps\/details?id=net.radiopiu.iniko\u00a0\u00a0\u00a0<\/a><\/p>\n<p>&nbsp;<\/p>\n<p>&nbsp;<\/p>\n<hr \/>\n<p>&nbsp;<\/p>\n<p><strong>OGGI ALLA RADIO&#8230;.<\/strong> <span style=\"color: #ff0000;\">ALLE 4 E ALLE 6<\/span> LE NOTIZIE DALL&#8217;ITALIA E DAL MONDO<span style=\"color: #ff0000;\"> 6.15<\/span> PIROLE DE LENGA A CURA DEL MUSLA<span style=\"color: #ff0000;\"> 7.20<\/span> EL BAL DEL FIOR, DETTI E TRADIZIONI DI GIULIANA DA RONCH <span style=\"color: #ff0000;\">8.05<\/span> LA RASSEGNA STAMPA LOCALE<span style=\"color: #ff0000;\"> 8.30\u00a0<span style=\"color: #000000;\"> PIU SIAMO, MARINA DONA<\/span><\/span><span style=\"color: #ff0000;\"><span style=\"color: #000000;\">\u00a0 <span style=\"color: #ff0000;\">9.00\u00a0<\/span> OGGI COME IERI DI SILVIA BALDO <span style=\"color: #ff0000;\">9.30<\/span> I RACCONTI DI PAOLO SOPPELSA <\/span><\/span><span style=\"color: #ff0000;\">9.40<\/span> VIABILITA&#8217; CON BOTOL CAR SERVICE (AGORDO-SEDICO-FELTRE)\u00a0 <span style=\"color: #ff0000;\">10 30<\/span>\u00a0 SPECIALE VA PIAN MA RIVA\u00a0 <span style=\"color: #ff0000;\">12.00<\/span> VA TUTTO LISCIO\u00a0 <span style=\"color: #ff0000;\">12.30<\/span> GIORNALE RADIO PRINCIPALE\u00a0 <span style=\"color: #ff0000;\">13.20 <span style=\"color: #000000;\">TRE PEZZI DI MARINA DONA&#8217; <\/span><\/span><span style=\"color: #ff0000;\">15.00<\/span>\u00a0 RITRATTI SONORI CON ALESSIA DALL&#8217;O ospite LUCA ZAIA <span style=\"color: #ff0000;\">16<\/span> IL ROCK DI MARCO COSTANTINI <span style=\"color: #ff0000;\">1645<\/span> LE HIT DI MIRCO BENCIVENNI <span style=\"color: #ff0000;\">18.00<\/span> PIU&#8217; DANCE LE SELEZIONI CHE FANNO SALTARE DI DJ JACK, JACOPO DEL TEDESCO\u00a0<span style=\"color: #ff0000;\">19<\/span> LE ANTICIPAZIONI DAL TG DI ANTENNA 3<\/p>\n<p><strong>rassegna stampa nazionale,<\/strong> ogni giorno alle 5 e alle 6 del mattino<br \/>\ngiornali locali 7 rassegna stampa flash, 8 rassegna stampa, gr flash alle 10 e alle 11, principale 12.30. Informazione pomerIggio alle 15 (speciale) 16, 17, 18. Giornale radio nazionale: ogni ora dalle 5 del mattino, alle 20 della sera.<\/p>\n<p>&nbsp;<\/p>\n<hr \/>\n<p>&nbsp;<\/p>\n<div class=\"x11i5rnm xat24cr x1mh8g0r x1vvkbs xtlvy1s x126k92a\">\n<div dir=\"auto\">\n<div dir=\"auto\">\n<p><strong><a class=\"dt-pswp-item\" href=\"https:\/\/www.radiopiu.net\/wordpress\/wp-content\/uploads\/2024\/02\/2d44e751-d8a8-461b-8e22-d8e4e853b032.jpg\" data-dt-img-description=\"\" data-large_image_width=\"1600\" data-large_image_height=\"1200\"><img loading=\"lazy\" decoding=\"async\" class=\"wp-image-373307 alignleft\" src=\"https:\/\/www.radiopiu.net\/wordpress\/wp-content\/uploads\/2024\/02\/2d44e751-d8a8-461b-8e22-d8e4e853b032-300x225.jpg\" alt=\"\" width=\"105\" height=\"79\" srcset=\"https:\/\/www.radiopiu.net\/wordpress\/wp-content\/uploads\/2024\/02\/2d44e751-d8a8-461b-8e22-d8e4e853b032-300x225.jpg 300w, https:\/\/www.radiopiu.net\/wordpress\/wp-content\/uploads\/2024\/02\/2d44e751-d8a8-461b-8e22-d8e4e853b032-1024x768.jpg 1024w, https:\/\/www.radiopiu.net\/wordpress\/wp-content\/uploads\/2024\/02\/2d44e751-d8a8-461b-8e22-d8e4e853b032-768x576.jpg 768w, https:\/\/www.radiopiu.net\/wordpress\/wp-content\/uploads\/2024\/02\/2d44e751-d8a8-461b-8e22-d8e4e853b032-1536x1152.jpg 1536w, https:\/\/www.radiopiu.net\/wordpress\/wp-content\/uploads\/2024\/02\/2d44e751-d8a8-461b-8e22-d8e4e853b032.jpg 1600w\" sizes=\"auto, (max-width: 105px) 100vw, 105px\" \/><\/a>EL BAL DEL FIOR, DI GIULIANA DA RONCH, 02 SETTEMBRE<\/strong><strong>\u00a02024<\/strong><\/p>\n<audio class=\"wp-audio-shortcode\" id=\"audio-407532-1\" preload=\"none\" style=\"width: 100%;\" controls=\"controls\"><source type=\"audio\/mpeg\" src=\"https:\/\/www.radiopiu.net\/wordpress\/wp-content\/uploads\/2024\/09\/GLU.mp3?_=1\" \/><a href=\"https:\/\/www.radiopiu.net\/wordpress\/wp-content\/uploads\/2024\/09\/GLU.mp3\">https:\/\/www.radiopiu.net\/wordpress\/wp-content\/uploads\/2024\/09\/GLU.mp3<\/a><\/audio>\n<p>&nbsp;<\/p>\n<\/div>\n<\/div>\n<hr \/>\n<p>&nbsp;<\/p>\n<p>&nbsp;<\/p>\n<h1><span style=\"color: #ff0000;\"><a class=\"dt-pswp-item\" href=\"https:\/\/www.radiopiu.net\/wordpress\/wp-content\/uploads\/2024\/06\/th-5.jpg\" data-dt-img-description=\"\" data-large_image_width=\"326\" data-large_image_height=\"180\"><img loading=\"lazy\" decoding=\"async\" class=\"size-medium wp-image-395881 alignleft\" src=\"https:\/\/www.radiopiu.net\/wordpress\/wp-content\/uploads\/2024\/06\/th-5-300x166.jpg\" alt=\"\" width=\"300\" height=\"166\" srcset=\"https:\/\/www.radiopiu.net\/wordpress\/wp-content\/uploads\/2024\/06\/th-5-300x166.jpg 300w, https:\/\/www.radiopiu.net\/wordpress\/wp-content\/uploads\/2024\/06\/th-5.jpg 326w\" sizes=\"auto, (max-width: 300px) 100vw, 300px\" \/><\/a><\/span><\/h1>\n<h1><\/h1>\n<h1><\/h1>\n<h1><span style=\"color: #000000;\">02 SETTEMBRE&#8230; alla radio l&#8217;almanacco\u00a0<\/span><\/h1>\n<audio class=\"wp-audio-shortcode\" id=\"audio-407532-2\" preload=\"none\" style=\"width: 100%;\" controls=\"controls\"><source type=\"audio\/mpeg\" src=\"https:\/\/www.radiopiu.net\/wordpress\/wp-content\/uploads\/2024\/09\/ALMANACCONEW.mp3?_=2\" \/><a href=\"https:\/\/www.radiopiu.net\/wordpress\/wp-content\/uploads\/2024\/09\/ALMANACCONEW.mp3\">https:\/\/www.radiopiu.net\/wordpress\/wp-content\/uploads\/2024\/09\/ALMANACCONEW.mp3<\/a><\/audio>\n<p>&nbsp;<\/p>\n<div dir=\"auto\">\n<hr \/>\n<\/div>\n<\/div>\n<blockquote>\n<blockquote>\n<h1><span style=\"color: #ff0000;\">\u00a0<\/span><\/h1>\n<h1><span style=\"color: #ff0000;\">I podcast informativi del mattino &#8211; audio &#8211;\u00a0\u00a0<\/span><\/h1>\n<\/blockquote>\n<p><strong><a class=\"dt-pswp-item\" href=\"https:\/\/www.radiopiu.net\/wordpress\/wp-content\/uploads\/2023\/11\/th-10.jpg\" data-dt-img-description=\"\" data-large_image_width=\"320\" data-large_image_height=\"180\"><img loading=\"lazy\" decoding=\"async\" class=\"wp-image-362866 alignleft\" src=\"https:\/\/www.radiopiu.net\/wordpress\/wp-content\/uploads\/2023\/11\/th-10-300x169.jpg\" alt=\"\" width=\"185\" height=\"104\" srcset=\"https:\/\/www.radiopiu.net\/wordpress\/wp-content\/uploads\/2023\/11\/th-10-300x169.jpg 300w, https:\/\/www.radiopiu.net\/wordpress\/wp-content\/uploads\/2023\/11\/th-10.jpg 320w\" sizes=\"auto, (max-width: 185px) 100vw, 185px\" \/><\/a>LA RASSEGNA STAMPA NAZIONALE ALLA RADIO, OGNI GIORNO ALLE 5 E ALLE 6 DEL MATTINO <span style=\"color: #0000ff;\">viene pubblicata alle 6.00 <span style=\"color: #ff0000;\">DIRETTA RADIO\u00a0 \u00a0\u00a0<\/span><\/span><\/strong><\/p><\/blockquote>\n<p>&nbsp;<\/p>\n<p><strong>NOTIZIE DELLA NOTTE\u00a0 \u00a0\u00a0<\/strong><\/p>\n<p>Pechino: Ue resti fuori da contenziosi marittimi Cina-Filippine \/ Ucraina: raid russo su orfanotrofio a Sumy, 13 i feriti \/ Borsa: Hong Kong negativa, apre a -0,94% \/ Us Open, eliminata agli ottavi la campionessa in carica Gauff \/ Gaza, Trump: uccisione ostaggi di Hamas colpa di Biden e Harris \/ Strage in famiglia, arrestato il 17enne a Paderno Dugnano \/ Trovati morti i 2 ragazzi dispersi in lago Castel Gandolfo<\/p>\n<h2>AUDIO dalle 6 del mattino<\/h2>\n<audio class=\"wp-audio-shortcode\" id=\"audio-407532-3\" preload=\"none\" style=\"width: 100%;\" controls=\"controls\"><source type=\"audio\/mpeg\" src=\"https:\/\/www.radiopiu.net\/wordpress\/wp-content\/uploads\/2024\/09\/GIORNALEDELLESEI.mp3?_=3\" \/><a href=\"https:\/\/www.radiopiu.net\/wordpress\/wp-content\/uploads\/2024\/09\/GIORNALEDELLESEI.mp3\">https:\/\/www.radiopiu.net\/wordpress\/wp-content\/uploads\/2024\/09\/GIORNALEDELLESEI.mp3<\/a><\/audio>\n<p>&nbsp;<\/p>\n<hr \/>\n<p>&nbsp;<\/p>\n<h1 style=\"text-align: center;\"><span style=\"color: #ff0000;\">I podcast informativi del mattino &#8211; audio &#8211;\u00a0<\/span><\/h1>\n<p><strong><a class=\"dt-pswp-item\" href=\"https:\/\/www.radiopiu.net\/wordpress\/wp-content\/uploads\/2023\/12\/images.png\" data-dt-img-description=\"\" data-large_image_width=\"316\" data-large_image_height=\"160\"><img loading=\"lazy\" decoding=\"async\" class=\"wp-image-367008 alignleft\" src=\"https:\/\/www.radiopiu.net\/wordpress\/wp-content\/uploads\/2023\/12\/images-300x152.png\" alt=\"\" width=\"235\" height=\"119\" srcset=\"https:\/\/www.radiopiu.net\/wordpress\/wp-content\/uploads\/2023\/12\/images-300x152.png 300w, https:\/\/www.radiopiu.net\/wordpress\/wp-content\/uploads\/2023\/12\/images.png 316w\" sizes=\"auto, (max-width: 235px) 100vw, 235px\" \/><\/a>OGNI GIORNO ALLE SETTE DEL MATTINO, LA RASSEGNA STAMPA LOCALE FLASH&#8230; PER CHI VA IN FRETTA. I TITOLI DAI GIORNALI E DAL SITO WWW.RADIOPIU.NET <span style=\"color: #0000ff;\">viene pubblicato alle 7.00<\/span> <span style=\"color: #ff0000;\">DIRETTA RADIO\u00a0<\/span><\/strong><\/p>\n<p><em><span style=\"color: #ff0000;\">per chi va in fretta&#8230; tante notizie in pochi minuti. L&#8217;informazione locale alla radio, ogni ora dalle 7 del mattino alle 19 della sera.<\/span><\/em><\/p>\n<p>&nbsp;<\/p>\n<h1>AUDIO dalle 7 del mattino<\/h1>\n<audio class=\"wp-audio-shortcode\" id=\"audio-407532-4\" preload=\"none\" style=\"width: 100%;\" controls=\"controls\"><source type=\"audio\/mpeg\" src=\"https:\/\/www.radiopiu.net\/wordpress\/wp-content\/uploads\/2024\/09\/GF07.mp3?_=4\" \/><a href=\"https:\/\/www.radiopiu.net\/wordpress\/wp-content\/uploads\/2024\/09\/GF07.mp3\">https:\/\/www.radiopiu.net\/wordpress\/wp-content\/uploads\/2024\/09\/GF07.mp3<\/a><\/audio>\n<p>&nbsp;<\/p>\n<hr \/>\n<p>&nbsp;<\/p>\n<h1><\/h1>\n<h1 style=\"text-align: center;\"><span style=\"color: #ff0000;\"><a class=\"dt-pswp-item\" href=\"https:\/\/www.radiopiu.net\/wordpress\/wp-content\/uploads\/2022\/01\/026c3f9d-dae9-4040-a3c1-a6530231bcc3.jpg\" data-dt-img-description=\"\" data-large_image_width=\"1152\" data-large_image_height=\"2048\"><img loading=\"lazy\" decoding=\"async\" class=\"wp-image-251839 alignleft\" src=\"https:\/\/www.radiopiu.net\/wordpress\/wp-content\/uploads\/2022\/01\/026c3f9d-dae9-4040-a3c1-a6530231bcc3-169x300.jpg\" alt=\"\" width=\"100\" height=\"177\" srcset=\"https:\/\/www.radiopiu.net\/wordpress\/wp-content\/uploads\/2022\/01\/026c3f9d-dae9-4040-a3c1-a6530231bcc3-169x300.jpg 169w, https:\/\/www.radiopiu.net\/wordpress\/wp-content\/uploads\/2022\/01\/026c3f9d-dae9-4040-a3c1-a6530231bcc3-576x1024.jpg 576w, https:\/\/www.radiopiu.net\/wordpress\/wp-content\/uploads\/2022\/01\/026c3f9d-dae9-4040-a3c1-a6530231bcc3-768x1365.jpg 768w, https:\/\/www.radiopiu.net\/wordpress\/wp-content\/uploads\/2022\/01\/026c3f9d-dae9-4040-a3c1-a6530231bcc3-864x1536.jpg 864w, https:\/\/www.radiopiu.net\/wordpress\/wp-content\/uploads\/2022\/01\/026c3f9d-dae9-4040-a3c1-a6530231bcc3.jpg 1152w\" sizes=\"auto, (max-width: 100px) 100vw, 100px\" \/><\/a>I podcast informativi del mattino &#8211; audio &#8211;\u00a0<\/span><\/h1>\n<blockquote><p><strong>GIORNALE RADIO NAZIONALE, EDIZIONE DELLE SETTE <span style=\"color: #0000ff;\">viene pubblicato alle 7.05 <span style=\"color: #ff0000;\">DIRETTA RADIO\u00a0<\/span><\/span><\/strong><\/p><\/blockquote>\n<p><strong>il giornale radionazionale e&#8217; in onda ogni ora, dalle sette del mattino alle venti della sera\u00a0 \u00a0<\/strong><strong>\u00a0<\/strong><\/p>\n<p><strong>Paderno Dugnano <\/strong>Stermina la famiglia, arrestato il figlio 17enne. Ha confessato. <strong>Gran Premio d&#8217;Italia <\/strong>Ferrari trionfa con Leclerc davanti alla McLaren di Piastri, esplode la gioia dei tifosi. <strong>Germania <\/strong>L&#8217;ultradestra tedesca vola nell&#8217;Est, prima in Turingia. <strong>Paralimpiadi <\/strong>Sospeso il bronzo a Perini, la giuria: &#8216;Usava il cellulare&#8217;. La Federazione: &#8216;Ecco i tabulati&#8217;<\/p>\n<h2>AUDIO dalle sette del mattino, ogni ora alla radio<\/h2>\n<audio class=\"wp-audio-shortcode\" id=\"audio-407532-5\" preload=\"none\" style=\"width: 100%;\" controls=\"controls\"><source type=\"audio\/mpeg\" src=\"https:\/\/www.radiopiu.net\/wordpress\/wp-content\/uploads\/2024\/09\/giornale07.mp3?_=5\" \/><a href=\"https:\/\/www.radiopiu.net\/wordpress\/wp-content\/uploads\/2024\/09\/giornale07.mp3\">https:\/\/www.radiopiu.net\/wordpress\/wp-content\/uploads\/2024\/09\/giornale07.mp3<\/a><\/audio>\n<p>&nbsp;<\/p>\n<hr \/>\n<p>&nbsp;<\/p>\n<p>&nbsp;<\/p>\n<h1><span style=\"color: #ff0000;\">I podcast informativi del mattino &#8211; video &#8211;\u00a0<\/span><\/h1>\n<h2><strong><a class=\"dt-pswp-item\" href=\"https:\/\/www.radiopiu.net\/wordpress\/wp-content\/uploads\/2023\/12\/th-10.jpg\" data-dt-img-description=\"\" data-large_image_width=\"245\" data-large_image_height=\"180\"><img loading=\"lazy\" decoding=\"async\" class=\" wp-image-367395 alignleft\" src=\"https:\/\/www.radiopiu.net\/wordpress\/wp-content\/uploads\/2023\/12\/th-10.jpg\" alt=\"\" width=\"166\" height=\"122\" \/><\/a>RASSEGNA STAMPA LOCALE, ORE OTTO 05<\/strong><\/h2>\n<h2><strong> <span style=\"color: #0000ff;\">viene\u00a0 <\/span><\/strong><strong><span style=\"color: #0000ff;\">pubblicata alle 8.05 <span style=\"color: #ff0000;\">DIRETTA RADIO\u00a0\u00a0<\/span><\/span><\/strong><\/h2>\n<p><strong>DI MIRKO MEZZACASA\u00a0 \u00a0<\/strong><button class=\"rounded-lg text-token-text-secondary hover:bg-token-main-surface-secondary\"><\/button><\/p>\n<p><strong>OGGI SUL Corriere delle Alpi E NOTIZIARI DI Radio Pi\u00f9\u00a0<\/strong><\/p>\n<p>&nbsp;<\/p>\n<p>&nbsp;<\/p>\n<h2><span style=\"color: #ff0000;\"><strong>VIDEO\u00a0 \u00a0in diretta dalle 8 del mattino\u00a0<\/strong><\/span><\/h2>\n<p><iframe loading=\"lazy\" title=\"DAL 1983 LA RASSEGNA STAMPA LOCALE 02 SETTEMBRE 2024\" width=\"1200\" height=\"675\" src=\"https:\/\/www.youtube.com\/embed\/zSUIxv7eSec?feature=oembed\" frameborder=\"0\" allow=\"accelerometer; autoplay; clipboard-write; encrypted-media; gyroscope; picture-in-picture; web-share\" referrerpolicy=\"strict-origin-when-cross-origin\" allowfullscreen><\/iframe><\/p>\n<p>&nbsp;<\/p>\n<hr \/>\n<p>&nbsp;<\/p>\n<p>&nbsp;<\/p>\n<p><strong><a class=\"dt-pswp-item\" href=\"https:\/\/www.radiopiu.net\/wordpress\/wp-content\/uploads\/2023\/12\/ANTENNA.png\" data-dt-img-description=\"\" data-large_image_width=\"300\" data-large_image_height=\"166\"><img loading=\"lazy\" decoding=\"async\" class=\" wp-image-366306 alignleft\" src=\"https:\/\/www.radiopiu.net\/wordpress\/wp-content\/uploads\/2023\/12\/ANTENNA.png\" alt=\"\" width=\"175\" height=\"97\" \/><\/a>IERI SERA, DAL TG DI ANTENNA 3, ogni sera alle 19 le anticipazioni alla radio, quello che poi seguirete nel TELEGIORNALE BELLUNESE\u00a0 in onda alle 19.30 sul CANALE 10 del digitale terrestre.\u00a0\u00a0<\/strong><\/p>\n<p>&nbsp;<\/p>\n<p><span style=\"color: #ff0000;\"><strong>\u00a0IERI SERA ALLA RADIO&#8230; LE ANTICIPAZIONI DI\u00a0 STEFANO BOZZI<\/strong><\/span><\/p>\n<p>&nbsp;<\/p>\n<p>&nbsp;<\/p>\n<hr \/>\n<p>&nbsp;<\/p>\n<blockquote>\n<h3>LAVORI PROGRAMMATI BIM GSP<\/h3>\n<\/blockquote>\n<p><strong>SAN TOMASO<\/strong> Oggi dalle 8 alle 12 verr\u00e0 sospesa l\u2019erogazione dell\u2019acqua a San Tomaso, in Localit\u00e0 Ronch<\/p>\n<p><strong>AGORDO\u00a0<\/strong>Domani dalle 8 alle 17 verr\u00e0 sospesa l&#8217;erogazione dell&#8217;acqua nelle Vie Teto Piciol, Costa, Bries, Toccol, Cal De Le Mule, 4 Novembre 1918, Pacifico Soccol, Iinsurrezione e in Vicolo 4 Novembre 1918<\/p>\n<p>&nbsp;<\/p>\n<p>&nbsp;<\/p>\n<hr \/>\n<p>&nbsp;<\/p>\n<blockquote>\n<h3>CHIUSA LA 563 DEI SALESEI A DIGONERA<\/h3>\n<\/blockquote>\n<p><strong>REDAZIONE<\/strong> La Sp 563 di Salesei chiude di nuovo al traffico. La strada verr\u00e0 interdetta in localit\u00e0 Digonera fino al 6 settembre. La chiusura avverr\u00e0 dal luned\u00ec al venerd\u00ec, dalle 7 alle 18. Negli altri orari verr\u00e0 istituito un senso unico alternato regolato da impianto semaforico e limite di velocit\u00e0 a 30 km\/h, sabati e domeniche compresi.<\/p>\n<p>&nbsp;<\/p>\n<p>&nbsp;<\/p>\n<hr \/>\n<p>&nbsp;<\/p>\n<blockquote>\n<h3 class=\"entry-title\">RIAPRE LA SS 51 DI ALEMAGNA A FADALTO<\/h3>\n<\/blockquote>\n<p>Oggi sar\u00e0 riaperta al traffico la strada statale 51 &#8220;di Alemagna&#8221; a Fadalto, nel Comune di Vittorio Veneto, chiusa dal 12 luglio a causa di una frana che aveva reso instabili i versanti circostanti. Anas ha completato i lavori di rimozione dei detriti e il ripristino del sistema di monitoraggio della stabilit\u00e0 del versante.<\/p>\n<p>&nbsp;<\/p>\n<p>&nbsp;<\/p>\n<hr \/>\n<p>&nbsp;<\/p>\n<blockquote>\n<h3>BABY GANG A FELTRE: 3 ARRESTI<\/h3>\n<\/blockquote>\n<p><strong>FELTRE<\/strong> Una baby gang ha rapinato un coetaneo su un autobus a Feltre, aggredendolo con pugni e schiaffi per rubargli una cuffia wireless, senza riuscire a sottrargli il telefono. I quattro aggressori, tre maggiorenni di origine marocchina e un minorenne, sono stati arrestati il 21 maggio dai carabinieri e portati tra Baldenich e la Giudecca, mentre il minorenne \u00e8 stato segnalato alla Procura dei Minori di Venezia. Dopo la convalida dell&#8217;arresto, i maggiorenni sono stati rimessi in libert\u00e0. Il processo, previsto per l&#8217;11 settembre, vedr\u00e0 i difensori chiedere il rito abbreviato, con possibile riduzione della pena.<\/p>\n<p>&nbsp;<\/p>\n<p>&nbsp;<\/p>\n<hr \/>\n<p>&nbsp;<\/p>\n<blockquote>\n<h3>NON TROVANO LA VIA PER RIENTRARE, RECUPERATI ALPINISTI SULLA CIMA GRANDE DI LAVAREDO<\/h3>\n<\/blockquote>\n<p><strong>AURONZO DI CADORE<\/strong> Venerd\u00ec sera attorno alle 21 l&#8217;elicottero di Trento emergenza ha ultimato il recupero di due alpinisti che, completata la scalata dello Spigolo Dibona sulla Cima Grande di Lavaredo, non erano riusciti a trovare l&#8217;accesso alla via normale per il rientro. La cordata \u00e8 stata individuata e recuperata dal tecnico di elisoccorso con il verricello. I due rocciatori sono stati lasciati al Rifugio Lavaredo.<\/p>\n\n\t\t\t<style type='text\/css'>\n\t\t\t\t#gallery-1 {\n\t\t\t\t\tmargin: auto;\n\t\t\t\t}\n\t\t\t\t#gallery-1 .gallery-item {\n\t\t\t\t\tfloat: left;\n\t\t\t\t\tmargin-top: 10px;\n\t\t\t\t\ttext-align: center;\n\t\t\t\t\twidth: 100%;\n\t\t\t\t}\n\t\t\t\t#gallery-1 img {\n\t\t\t\t\tborder: 2px solid #cfcfcf;\n\t\t\t\t}\n\t\t\t\t#gallery-1 .gallery-caption {\n\t\t\t\t\tmargin-left: 0;\n\t\t\t\t}\n\t\t\t\t\/* see gallery_shortcode() in wp-includes\/media.php *\/\n\t\t\t<\/style>\n\t\t<div id='gallery-1' class='dt-gallery-container gallery galleryid-407532 gallery-columns-1 gallery-size-medium'><dl class='gallery-item'>\n\t\t\t\t<dt class='gallery-icon portrait'>\n\t\t\t\t\t<a class=\"rollover rollover-zoom dt-pswp-item\" title=\"Watermark_20240831_082355_223\" data-dt-img-description=\"\" data-large_image_width=\"1773\" data-large_image_height=\"2364\"href='https:\/\/www.radiopiu.net\/wordpress\/wp-content\/uploads\/2024\/08\/Watermark_20240831_082355_223.jpg'><img loading=\"lazy\" decoding=\"async\" width=\"225\" height=\"300\" src=\"https:\/\/www.radiopiu.net\/wordpress\/wp-content\/uploads\/2024\/08\/Watermark_20240831_082355_223-225x300.jpg\" class=\"attachment-medium size-medium\" alt=\"\" srcset=\"https:\/\/www.radiopiu.net\/wordpress\/wp-content\/uploads\/2024\/08\/Watermark_20240831_082355_223-225x300.jpg 225w, https:\/\/www.radiopiu.net\/wordpress\/wp-content\/uploads\/2024\/08\/Watermark_20240831_082355_223-768x1024.jpg 768w, https:\/\/www.radiopiu.net\/wordpress\/wp-content\/uploads\/2024\/08\/Watermark_20240831_082355_223-1152x1536.jpg 1152w, https:\/\/www.radiopiu.net\/wordpress\/wp-content\/uploads\/2024\/08\/Watermark_20240831_082355_223-1536x2048.jpg 1536w, https:\/\/www.radiopiu.net\/wordpress\/wp-content\/uploads\/2024\/08\/Watermark_20240831_082355_223.jpg 1773w\" sizes=\"auto, (max-width: 225px) 100vw, 225px\" \/><\/a>\n\t\t\t\t<\/dt><\/dl><br style=\"clear: both\" \/>\n\t\t\t<\/div>\n\n<p>&nbsp;<\/p>\n<blockquote>\n<h3>ESCURSIONISTA TEDESCA PERDE LA VITA IN VALLE DELLE COMELLE<\/h3>\n<\/blockquote>\n<p>Sabato ci sono stati due gravi incidenti. A Canale d&#8217;Agordo, una donna tedesca \u00e8 precipitata per oltre 300 metri mentre percorreva l&#8217;Alta Via numero 2 sotto il Passo delle Farangole. Il suo compagno ha lanciato l&#8217;allarme, ma i soccorritori, giunti sul posto, hanno potuto solo constatare il decesso e recuperare la salma. A Cortina, un ciclista di 64 anni di Feltre ha perso il controllo della sua ebike su una strada militare, precipitando per 50 metri. Soccorso dal personale di Falco 2, \u00e8 stato trasportato all&#8217;ospedale di Belluno con sospetti politraumi, mentre i soccorritori hanno assistito la figlia e recuperato le biciclette.<\/p>\n<p>&nbsp;<\/p>\n<blockquote>\n<h3>ANZIANO FUNGAIOLO RITROVATO SUL COL PERER. INFORTUNI IN CADORE<\/h3>\n<\/blockquote>\n<p>In diverse localit\u00e0 montane, il Soccorso Alpino \u00e8 intervenuto per assistere escursionisti in difficolt\u00e0 nella giornata di sabato. A Val Comelico, una 73enne di Verona \u00e8 stata soccorsa dopo aver subito un trauma al ginocchio durante un&#8217;escursione verso il Lago Aiarnola. A Auronzo, un elicottero del Suem ha trasportato all&#8217;ospedale di Belluno un escursionista con dolori al collo e alla schiena, dopo una caduta sulla Ferrata Merlone. A Feltre, le ricerche di un 83enne disperso durante una raccolta di funghi sono terminate positivamente. Infine, a Cortina, un\u2019escursionista \u00e8 stata recuperata con un verricello dopo una caduta sul sentiero per il Lago del Sorapis.<\/p>\n<p>&nbsp;<\/p>\n<blockquote>\n<h3>TRE INTERVENTI ANCHE IERI POMERIGGIO<\/h3>\n<\/blockquote>\n<p>Ieri pomeriggio, intorno alle 14:40, una 58enne di Ponte nelle Alpi si \u00e8 infortunata a una caviglia mentre scendeva dal rifugio Bosconero verso il lago di Pontesei. \u00c8 stata soccorsa dall&#8217;elicottero del Suem di Pieve di Cadore e trasportata all&#8217;ospedale di Belluno. Poco dopo, alle 15:00, un&#8217;altra operazione di soccorso ha coinvolto una 68enne australiana, caduta nella Val d&#8217;Arcia durante la discesa. Due soccorritori della Val di Zoldo, impegnati nella Transpelmo, l&#8217;hanno assistita e consegnata all&#8217;equipaggio di Falco 2, che l&#8217;ha portata a Belluno con un trauma al volto. Infine, il Soccorso Alpino della Guardia di Finanza \u00e8 intervenuto sulla strada dal Rifugio Auronzo a Misurina per un 66enne polacco infortunato a una gamba.<\/p>\n<p>&nbsp;<\/p>\n<hr \/>\n<p>&nbsp;<\/p>\n<blockquote>\n<h3>62ENNE TREVIGIANO PRECIPITA CON IL PARAPENDIO<\/h3>\n<\/blockquote>\n<p><strong><a class=\"dt-pswp-item\" href=\"https:\/\/www.radiopiu.net\/wordpress\/wp-content\/uploads\/2022\/07\/PARAPENDIO.png\" data-dt-img-description=\"\" data-large_image_width=\"1608\" data-large_image_height=\"1084\"><img loading=\"lazy\" decoding=\"async\" class=\" wp-image-286333 alignleft\" src=\"https:\/\/www.radiopiu.net\/wordpress\/wp-content\/uploads\/2022\/07\/PARAPENDIO-300x202.png\" alt=\"\" width=\"172\" height=\"116\" srcset=\"https:\/\/www.radiopiu.net\/wordpress\/wp-content\/uploads\/2022\/07\/PARAPENDIO-300x202.png 300w, https:\/\/www.radiopiu.net\/wordpress\/wp-content\/uploads\/2022\/07\/PARAPENDIO-1024x690.png 1024w, https:\/\/www.radiopiu.net\/wordpress\/wp-content\/uploads\/2022\/07\/PARAPENDIO-768x518.png 768w, https:\/\/www.radiopiu.net\/wordpress\/wp-content\/uploads\/2022\/07\/PARAPENDIO-1536x1035.png 1536w, https:\/\/www.radiopiu.net\/wordpress\/wp-content\/uploads\/2022\/07\/PARAPENDIO.png 1608w\" sizes=\"auto, (max-width: 172px) 100vw, 172px\" \/><\/a>BELLUNO<\/strong> Un paracadutista di 62 anni di Pederobba ha vissuto un&#8217;esperienza drammatica durante un lancio ordinario presso lo Skydive di Belluno. Dopo essersi lanciato da un&#8217;altezza di duemila metri, il suo paracadute principale si \u00e8 aperto solo parzialmente, costringendolo ad aprire quello di emergenza. Nonostante gli sforzi, l&#8217;uomo non \u00e8 riuscito a controllare la discesa e ha mancato il campo di atterraggio, finendo su un prato vicino a un centro commerciale. Fortunatamente, \u00e8 stato subito soccorso e trasportato all&#8217;ospedale San Martino di Belluno, dove \u00e8 stato tenuto in osservazione, ma non \u00e8 in pericolo di vita.<\/p>\n<p>&nbsp;<\/p>\n<p>&nbsp;<\/p>\n<hr \/>\n<p>&nbsp;<\/p>\n<blockquote>\n<h3>LA FONDAZIONE CORTINA SI STRINGE ATTORNO ALLA FAMIGLIA DI FABRIZIO LONGO<\/h3>\n<\/blockquote>\n<p><strong><a class=\"dt-pswp-item\" href=\"https:\/\/www.radiopiu.net\/wordpress\/wp-content\/uploads\/2024\/08\/Fondazione-Cortina-logo.jpg\" data-dt-img-description=\"\" data-large_image_width=\"300\" data-large_image_height=\"300\"><img loading=\"lazy\" decoding=\"async\" class=\"wp-image-406251 alignleft\" src=\"https:\/\/www.radiopiu.net\/wordpress\/wp-content\/uploads\/2024\/08\/Fondazione-Cortina-logo.jpg\" alt=\"\" width=\"108\" height=\"108\" \/><\/a>CORTINA<\/strong> La Fondazione Cortina esprime profondo cordoglio per la tragica scomparsa di Fabrizio Longo, Direttore di Audi Italia, avvenuta ieri in un incidente in montagna. Fabrizio era non solo un grande appassionato di sci e delle montagne, ma anche un sostenitore instancabile della Federazione Italiana Sport Invernali e della Fondazione Cortina. Il Presidente della Fondazione, Stefano Longo, ha sottolineato l&#8217;importanza del suo contributo, che ha superato il semplice rapporto di partnership, esprimendo vicinanza alla famiglia e a tutto il team di Audi Italia. Fabrizio sar\u00e0 ricordato con affetto e gratitudine.<\/p>\n<p>&nbsp;<\/p>\n<p>&nbsp;<\/p>\n<hr \/>\n<p>&nbsp;<\/p>\n<blockquote>\n<h3>TUNNEL COMELICO: LA CISL CHIEDE UN TAVOLO PERMANENTE DI MONITORAGGIO<\/h3>\n<\/blockquote>\n<p><strong><a class=\"dt-pswp-item\" href=\"https:\/\/www.radiopiu.net\/wordpress\/wp-content\/uploads\/2020\/11\/Schermata-2020-11-11-alle-12.25.13.png\" data-dt-img-description=\"\" data-large_image_width=\"594\" data-large_image_height=\"310\"><img loading=\"lazy\" decoding=\"async\" class=\" wp-image-172025 alignleft\" src=\"https:\/\/www.radiopiu.net\/wordpress\/wp-content\/uploads\/2020\/11\/Schermata-2020-11-11-alle-12.25.13-300x157.png\" alt=\"\" width=\"199\" height=\"104\" srcset=\"https:\/\/www.radiopiu.net\/wordpress\/wp-content\/uploads\/2020\/11\/Schermata-2020-11-11-alle-12.25.13-300x157.png 300w, https:\/\/www.radiopiu.net\/wordpress\/wp-content\/uploads\/2020\/11\/Schermata-2020-11-11-alle-12.25.13.png 594w\" sizes=\"auto, (max-width: 199px) 100vw, 199px\" \/><\/a>BELLUNO<\/strong> Il segretario generale della Cisl Belluno Treviso, Francesco Orr\u00f9, ha espresso preoccupazione per l&#8217;impatto della chiusura notturna della galleria che collega il Comelico al resto del territorio bellunese. La manutenzione del tunnel, pur necessaria per la sicurezza, causer\u00e0 disagi significativi alla popolazione e alle attivit\u00e0 economiche locali. Orr\u00f9 ha sottolineato l&#8217;importanza di rispettare i tempi dei lavori e potenziare i servizi di emergenza nella vallata, proponendo l&#8217;istituzione di un tavolo di monitoraggio permanente con il coinvolgimento delle forze politiche, economiche e sociali. Ha anche chiesto una convocazione del Tavolo provinciale delle infrastrutture per migliorare la mobilit\u00e0 nella provincia di Belluno.<\/p>\n<p>&nbsp;<\/p>\n<p>&nbsp;<\/p>\n<hr \/>\n<p>&nbsp;<\/p>\n<blockquote>\n<h3>IMPIANTI A FUNE, DUE PROGETTI APPROVATI DALLA PROVINCIA<\/h3>\n<\/blockquote>\n<p><strong><a class=\"dt-pswp-item\" href=\"https:\/\/www.radiopiu.net\/wordpress\/wp-content\/uploads\/2020\/06\/palazzo_piloni_belluno.jpg\" data-dt-img-description=\"\" data-large_image_width=\"1000\" data-large_image_height=\"667\"><img loading=\"lazy\" decoding=\"async\" class=\" wp-image-144771 alignleft\" src=\"https:\/\/www.radiopiu.net\/wordpress\/wp-content\/uploads\/2020\/06\/palazzo_piloni_belluno-300x200.jpg\" alt=\"\" width=\"201\" height=\"134\" srcset=\"https:\/\/www.radiopiu.net\/wordpress\/wp-content\/uploads\/2020\/06\/palazzo_piloni_belluno-300x200.jpg 300w, https:\/\/www.radiopiu.net\/wordpress\/wp-content\/uploads\/2020\/06\/palazzo_piloni_belluno-768x512.jpg 768w, https:\/\/www.radiopiu.net\/wordpress\/wp-content\/uploads\/2020\/06\/palazzo_piloni_belluno.jpg 1000w\" sizes=\"auto, (max-width: 201px) 100vw, 201px\" \/><\/a>BELLUNO<\/strong> La Provincia di Belluno ha approvato due importanti progetti per migliorare le aree sciistiche locali. \u00c8 stata approvata una variante per la seggiovia &#8220;Monti di Ornella-Passo Padon&#8221; nei comuni di Livinallongo e Rocca Pietore, che prevede la sostituzione dell\u2019impianto esistente con una nuova seggiovia esaposto, insieme a interventi per aumentare la sicurezza degli sciatori e migliorare la pista &#8220;Padon&#8221;. Inoltre, \u00e8 stato approvato il progetto per una nuova pista, &#8220;Skiweg La Cornia&#8221;, nel comune di Val di Zoldo, che sostituir\u00e0 una pista esistente. Questi progetti, sostenuti dalle autorit\u00e0 locali, puntano a migliorare l&#8217;offerta sciistica nella regione bellunese.<\/p>\n<p><strong>IL CONSIGLIERE PROVINCIALE MARZIO SOVILLA<\/strong><\/p>\n<audio class=\"wp-audio-shortcode\" id=\"audio-407532-6\" preload=\"none\" style=\"width: 100%;\" controls=\"controls\"><source type=\"audio\/mpeg\" src=\"https:\/\/www.radiopiu.net\/wordpress\/wp-content\/uploads\/2024\/08\/Marzio-Sovilla-impianti-a-fune.mp3?_=6\" \/><a href=\"https:\/\/www.radiopiu.net\/wordpress\/wp-content\/uploads\/2024\/08\/Marzio-Sovilla-impianti-a-fune.mp3\">https:\/\/www.radiopiu.net\/wordpress\/wp-content\/uploads\/2024\/08\/Marzio-Sovilla-impianti-a-fune.mp3<\/a><\/audio>\n<p>&nbsp;<\/p>\n<hr \/>\n<p>&nbsp;<\/p>\n<blockquote>\n<h3>I PADRI CANOSSIANI LASCIANO FELTRE<\/h3>\n<\/blockquote>\n<p><strong><a class=\"dt-pswp-item\" href=\"https:\/\/www.radiopiu.net\/wordpress\/wp-content\/uploads\/2024\/09\/Foto.jpg\" data-dt-img-description=\"\" data-large_image_width=\"1605\" data-large_image_height=\"1080\"><img loading=\"lazy\" decoding=\"async\" class=\" wp-image-407681 alignleft\" src=\"https:\/\/www.radiopiu.net\/wordpress\/wp-content\/uploads\/2024\/09\/Foto-300x202.jpg\" alt=\"\" width=\"146\" height=\"98\" srcset=\"https:\/\/www.radiopiu.net\/wordpress\/wp-content\/uploads\/2024\/09\/Foto-300x202.jpg 300w, https:\/\/www.radiopiu.net\/wordpress\/wp-content\/uploads\/2024\/09\/Foto-1024x689.jpg 1024w, https:\/\/www.radiopiu.net\/wordpress\/wp-content\/uploads\/2024\/09\/Foto-768x517.jpg 768w, https:\/\/www.radiopiu.net\/wordpress\/wp-content\/uploads\/2024\/09\/Foto-1536x1034.jpg 1536w, https:\/\/www.radiopiu.net\/wordpress\/wp-content\/uploads\/2024\/09\/Foto.jpg 1605w\" sizes=\"auto, (max-width: 146px) 100vw, 146px\" \/><\/a>FELTRE<\/strong> Il sindaco di Feltre, Viviana Fusaro, ha espresso profonda gratitudine e tristezza per la partenza dei Padri Canossiani, la cui presenza ha arricchito la comunit\u00e0 sotto il profilo religioso, sociale ed educativo per decenni. Durante la celebrazione in Duomo, ha ricordato come molti cittadini abbiano ricordi legati alle attivit\u00e0 giovanili organizzate dai Padri, caratterizzate da un messaggio evangelico unito a un&#8217;apertura inclusiva. Fusaro ha sottolineato l&#8217;importanza di mantenere vivi i ricordi e la gratitudine verso la Comunit\u00e0 dei Padri Canossiani, a nome dell&#8217;intera amministrazione e della comunit\u00e0 feltrina.<\/p>\n<p>&nbsp;<\/p>\n<p>&nbsp;<\/p>\n<hr \/>\n<p>&nbsp;<\/p>\n<blockquote>\n<h3>MESSO A PUNTO IL PROGETTO PER IL CONSOLIDAMENTO DELLA CASA DI SOGGIORNO DI TAIBON<\/h3>\n<\/blockquote>\n<p><strong><a class=\"dt-pswp-item\" href=\"https:\/\/www.radiopiu.net\/wordpress\/wp-content\/uploads\/2024\/01\/CASA-SOGGIORNO-TAIBON.png\" data-dt-img-description=\"\" data-large_image_width=\"738\" data-large_image_height=\"526\"><img loading=\"lazy\" decoding=\"async\" class=\" wp-image-371202 alignleft\" src=\"https:\/\/www.radiopiu.net\/wordpress\/wp-content\/uploads\/2024\/01\/CASA-SOGGIORNO-TAIBON-300x214.png\" alt=\"\" width=\"154\" height=\"110\" srcset=\"https:\/\/www.radiopiu.net\/wordpress\/wp-content\/uploads\/2024\/01\/CASA-SOGGIORNO-TAIBON-300x214.png 300w, https:\/\/www.radiopiu.net\/wordpress\/wp-content\/uploads\/2024\/01\/CASA-SOGGIORNO-TAIBON.png 738w\" sizes=\"auto, (max-width: 154px) 100vw, 154px\" \/><\/a>AGORDO<\/strong><\/p>\n<p>DI GIANNI SANTOMASO<\/p>\n<audio class=\"wp-audio-shortcode\" id=\"audio-407532-7\" preload=\"none\" style=\"width: 100%;\" controls=\"controls\"><source type=\"audio\/mpeg\" src=\"https:\/\/www.radiopiu.net\/wordpress\/wp-content\/uploads\/2024\/09\/GIANNI-CASA-SOGGIORNO-TAIBON.mp3?_=7\" \/><a href=\"https:\/\/www.radiopiu.net\/wordpress\/wp-content\/uploads\/2024\/09\/GIANNI-CASA-SOGGIORNO-TAIBON.mp3\">https:\/\/www.radiopiu.net\/wordpress\/wp-content\/uploads\/2024\/09\/GIANNI-CASA-SOGGIORNO-TAIBON.mp3<\/a><\/audio>\n<p>&nbsp;<\/p>\n<hr \/>\n<p>&nbsp;<\/p>\n<blockquote>\n<h3>IL GRUPPO DI MINORANZA AGORDO INSIEME ESPRIME SODDISFAZIONE PER L&#8217;AVVIO DEL POLO 0-6 ANNI<\/h3>\n<\/blockquote>\n<p><strong><a class=\"dt-pswp-item\" href=\"https:\/\/www.radiopiu.net\/wordpress\/wp-content\/uploads\/2020\/05\/ASILO-NIDO-SCIVOLO.jpg\" data-dt-img-description=\"\" data-large_image_width=\"1920\" data-large_image_height=\"1280\"><img loading=\"lazy\" decoding=\"async\" class=\" wp-image-141610 alignleft\" src=\"https:\/\/www.radiopiu.net\/wordpress\/wp-content\/uploads\/2020\/05\/ASILO-NIDO-SCIVOLO-300x200.jpg\" alt=\"\" width=\"206\" height=\"137\" srcset=\"https:\/\/www.radiopiu.net\/wordpress\/wp-content\/uploads\/2020\/05\/ASILO-NIDO-SCIVOLO-300x200.jpg 300w, https:\/\/www.radiopiu.net\/wordpress\/wp-content\/uploads\/2020\/05\/ASILO-NIDO-SCIVOLO-1024x683.jpg 1024w, https:\/\/www.radiopiu.net\/wordpress\/wp-content\/uploads\/2020\/05\/ASILO-NIDO-SCIVOLO-768x512.jpg 768w, https:\/\/www.radiopiu.net\/wordpress\/wp-content\/uploads\/2020\/05\/ASILO-NIDO-SCIVOLO-1536x1024.jpg 1536w, https:\/\/www.radiopiu.net\/wordpress\/wp-content\/uploads\/2020\/05\/ASILO-NIDO-SCIVOLO.jpg 1920w\" sizes=\"auto, (max-width: 206px) 100vw, 206px\" \/><\/a>AGORDO <\/strong>Il gruppo di minoranza &#8220;Agordo Insieme&#8221; esprime soddisfazione per l&#8217;imminente avvio del Polo 0-6 anni ad Agordo, riconoscendo l&#8217;importanza di questa struttura per la comunit\u00e0. Dopo aver ricevuto rassicurazioni dalla maggioranza sulla copertura finanziaria garantita da un benefattore privato, il gruppo ha votato a favore della gestione della Scuola Materna da parte dell&#8217;Azienda Speciale &#8220;Agordo Servizi&#8221;. Tuttavia, il gruppo esprime rammarico per la perdita di un finanziamento ministeriale di oltre 3 milioni di euro, dovuta a errori amministrativi, e auspica una maggiore collaborazione tra le strutture locali per migliorare i servizi. Infine, rivolgono un augurio di buon lavoro al personale, alle famiglie e ai bambini per l&#8217;inizio del nuovo anno scolastico.<\/p>\n<p>&nbsp;<\/p>\n<p>&nbsp;<\/p>\n<hr \/>\n<p>&nbsp;<\/p>\n<blockquote>\n<h3>FINANZIATI GLI INTERVENTI ALLA FERRATA DEL CERNERA A SELVA DI CADORE<\/h3>\n<\/blockquote>\n<p><strong><a class=\"dt-pswp-item\" href=\"https:\/\/www.radiopiu.net\/wordpress\/wp-content\/uploads\/2018\/05\/SELVA-DI-CADORE.jpg\" data-dt-img-description=\"\" data-large_image_width=\"354\" data-large_image_height=\"142\"><img loading=\"lazy\" decoding=\"async\" class=\" wp-image-47474 alignleft\" src=\"https:\/\/www.radiopiu.net\/wordpress\/wp-content\/uploads\/2018\/05\/SELVA-DI-CADORE-300x120.jpg\" alt=\"\" width=\"205\" height=\"82\" srcset=\"https:\/\/www.radiopiu.net\/wordpress\/wp-content\/uploads\/2018\/05\/SELVA-DI-CADORE-300x120.jpg 300w, https:\/\/www.radiopiu.net\/wordpress\/wp-content\/uploads\/2018\/05\/SELVA-DI-CADORE.jpg 354w\" sizes=\"auto, (max-width: 205px) 100vw, 205px\" \/><\/a>AGORDO<\/strong><\/p>\n<p>DI GIANNI SANTOMASO<\/p>\n<audio class=\"wp-audio-shortcode\" id=\"audio-407532-8\" preload=\"none\" style=\"width: 100%;\" controls=\"controls\"><source type=\"audio\/mpeg\" src=\"https:\/\/www.radiopiu.net\/wordpress\/wp-content\/uploads\/2024\/09\/GIANNI-FERRATA-SELVA.mp3?_=8\" \/><a href=\"https:\/\/www.radiopiu.net\/wordpress\/wp-content\/uploads\/2024\/09\/GIANNI-FERRATA-SELVA.mp3\">https:\/\/www.radiopiu.net\/wordpress\/wp-content\/uploads\/2024\/09\/GIANNI-FERRATA-SELVA.mp3<\/a><\/audio>\n<p>&nbsp;<\/p>\n<hr \/>\n<p>&nbsp;<\/p>\n<blockquote>\n<h3>LEONARDO MARIA DEL VECCHIO INTERVISTATO DA AFFARI ITALIANI<\/h3>\n<\/blockquote>\n<p><strong><a class=\"dt-pswp-item\" href=\"https:\/\/www.radiopiu.net\/wordpress\/wp-content\/uploads\/2024\/05\/LEONARDO-MARIA-DEL-VECCHIO-FORBES.jpg\" data-dt-img-description=\"\" data-large_image_width=\"1537\" data-large_image_height=\"988\"><img loading=\"lazy\" decoding=\"async\" class=\" wp-image-388132 alignleft\" src=\"https:\/\/www.radiopiu.net\/wordpress\/wp-content\/uploads\/2024\/05\/LEONARDO-MARIA-DEL-VECCHIO-FORBES-300x193.jpg\" alt=\"\" width=\"228\" height=\"147\" srcset=\"https:\/\/www.radiopiu.net\/wordpress\/wp-content\/uploads\/2024\/05\/LEONARDO-MARIA-DEL-VECCHIO-FORBES-300x193.jpg 300w, https:\/\/www.radiopiu.net\/wordpress\/wp-content\/uploads\/2024\/05\/LEONARDO-MARIA-DEL-VECCHIO-FORBES-1024x658.jpg 1024w, https:\/\/www.radiopiu.net\/wordpress\/wp-content\/uploads\/2024\/05\/LEONARDO-MARIA-DEL-VECCHIO-FORBES-768x494.jpg 768w, https:\/\/www.radiopiu.net\/wordpress\/wp-content\/uploads\/2024\/05\/LEONARDO-MARIA-DEL-VECCHIO-FORBES.jpg 1537w\" sizes=\"auto, (max-width: 228px) 100vw, 228px\" \/><\/a>MILANO<\/strong> Leonardo Maria Del Vecchio, figlio del fondatore di Luxottica, ha parlato con Angelo Maria Perrino di Affari Italiani, trattando temi vari dalla burocrazia ai conflitti internazionali. Del Vecchio, che dedica gran parte del suo tempo a EssilorLuxottica e a un family office, ha discusso le sue recenti acquisizioni e i progetti di rebranding per Fiuggi e Leone. Ha criticato la fiscalit\u00e0 e la politica europea, suggerendo che l&#8217;Europa deve bilanciare sostenibilit\u00e0 e competitivit\u00e0, e ha sottolineato l&#8217;importanza dell&#8217;intelligenza artificiale. Per quanto riguarda la formazione, valorizza l&#8217;esperienza pratica e l&#8217;innovazione. Infine, ha espresso il desiderio di vedere la fine dei conflitti globali, senza schierarsi politicamente.<\/p>\n<h2><strong>L&#8217;ARTICOLO COMPLETO <a href=\"https:\/\/www.affaritaliani.it\/economia\/il-giovane-del-vecchio-a-la-piazza-di-affaritaliani-it-ridurre-impatto-ambientale-senza-sacrificare-la-competitivita-ue-934273.html\"><span style=\"color: #3366ff;\">CLICCA QUI<\/span><\/a><\/strong><\/h2>\n<p>&nbsp;<\/p>\n<p>&nbsp;<\/p>\n<hr \/>\n<p>&nbsp;<\/p>\n<blockquote>\n<h3>VENETO: ABBIAMO I LAVORATORI DIPENDENTI PIU\u2019 SANI D\u2019ITALIA<\/h3>\n<\/blockquote>\n<p><a class=\"dt-pswp-item\" href=\"https:\/\/www.radiopiu.net\/wordpress\/wp-content\/uploads\/2024\/08\/Schermata-2024-08-31-alle-08.44.08.png\" data-dt-img-description=\"\" data-large_image_width=\"1302\" data-large_image_height=\"1578\"><img loading=\"lazy\" decoding=\"async\" class=\" wp-image-407545 alignleft\" src=\"https:\/\/www.radiopiu.net\/wordpress\/wp-content\/uploads\/2024\/08\/Schermata-2024-08-31-alle-08.44.08-248x300.png\" alt=\"\" width=\"146\" height=\"177\" srcset=\"https:\/\/www.radiopiu.net\/wordpress\/wp-content\/uploads\/2024\/08\/Schermata-2024-08-31-alle-08.44.08-248x300.png 248w, https:\/\/www.radiopiu.net\/wordpress\/wp-content\/uploads\/2024\/08\/Schermata-2024-08-31-alle-08.44.08-845x1024.png 845w, https:\/\/www.radiopiu.net\/wordpress\/wp-content\/uploads\/2024\/08\/Schermata-2024-08-31-alle-08.44.08-768x931.png 768w, https:\/\/www.radiopiu.net\/wordpress\/wp-content\/uploads\/2024\/08\/Schermata-2024-08-31-alle-08.44.08-1267x1536.png 1267w, https:\/\/www.radiopiu.net\/wordpress\/wp-content\/uploads\/2024\/08\/Schermata-2024-08-31-alle-08.44.08.png 1302w\" sizes=\"auto, (max-width: 146px) 100vw, 146px\" \/><\/a>una delle altre 18 realt\u00e0 territoriali monitorate in questo studio pu\u00f2 contare su un numero di assenze inferiore. Rispetto alla Calabria, che \u00e8 la regione dove i dipendenti risultano essere i pi\u00f9 \u201cacciaccati\u201d d\u2019Italia, le assenze degli occupati del Veneto e dell\u2019Emilia Romagna sono pari alla met\u00e0. Nella nostra regione, inoltre, nel settore privato la media \u00e8 stata di 7,8 giorni, nel pubblico, invece, 8,2. Come per tutte le altre realt\u00e0 prese in esame, rispetto al 2017 anche in Veneto sia nel pubblico che nel privato le giornate medie di malattia sono scese: nel primo caso del 13 per cento e nel secondo caso del 16 per cento (vedi Tab. 1).<\/p>\n<p><strong>Questi risultati sono emersi da un\u2019analisi condotta dall\u2019Ufficio studi della CGIA su dati INPS.<\/strong><\/p>\n<p><strong>Boom di certificati medici: +942mila rispetto al 2017<\/strong><br \/>\nNel 2023 i lavoratori dipendenti del Veneto hanno presentato 2.808.496 certificati medici, di cui 455.022 in capo ai dipendenti pubblici e 2.353.474 ai dipendenti privati. Rispetto al 2017 il dato, come del resto \u00e8 successo in tutte le altre regioni, \u00e8 in forte aumento. Se il valore medio totale \u00e8 cresciuto del 50 per cento (+942.295 certificati), tra i dipendenti pubblici \u00e8 salito del 29 per cento (+103.507), ma tra i privati addirittura del 55 per cento (+838.788). Pertanto, da questi dati emerge la tendenza che ci si ammala pi\u00f9 spesso, ma con tempi di guarigione pi\u00f9 brevi rispetto a qualche anno fa (vedi Tab. 2).<\/p>\n<p><img loading=\"lazy\" decoding=\"async\" class=\" wp-image-407544 alignright\" src=\"https:\/\/www.radiopiu.net\/wordpress\/wp-content\/uploads\/2024\/08\/Schermata-2024-08-31-alle-08.45.13-175x300.png\" alt=\"\" width=\"141\" height=\"242\" srcset=\"https:\/\/www.radiopiu.net\/wordpress\/wp-content\/uploads\/2024\/08\/Schermata-2024-08-31-alle-08.45.13-175x300.png 175w, https:\/\/www.radiopiu.net\/wordpress\/wp-content\/uploads\/2024\/08\/Schermata-2024-08-31-alle-08.45.13-597x1024.png 597w, https:\/\/www.radiopiu.net\/wordpress\/wp-content\/uploads\/2024\/08\/Schermata-2024-08-31-alle-08.45.13-768x1317.png 768w, https:\/\/www.radiopiu.net\/wordpress\/wp-content\/uploads\/2024\/08\/Schermata-2024-08-31-alle-08.45.13.png 796w\" sizes=\"auto, (max-width: 141px) 100vw, 141px\" \/><\/p>\n<p><strong>In Calabria abbiamo i lavoratori pi\u00f9 acciaccati d\u2019Italia<\/strong><br \/>\nCome dicevamo pi\u00f9 sopra, dall\u2019analisi del numero di giorni di malattia registrato nel 2023, in Italia il dato medio \u00e8 stato pari a 8,5; se nel settorepubblico si \u00e8 attestato a 8,3, nel privato \u00e8 stato leggermente superiore e pari a 8,6. In tutti i casi, comunque, rispetto al 2017 la situazione \u00e8 in netto miglioramento: il dato medio nazionale, ad esempio, \u00e8 sceso del 16 per cento. Le differenze a livello regionale sono comunque molto marcate. La regione dove i lavoratori sono pi\u00f9 \u201cacciaccati\u201d \u00e8 la Calabria; chi si \u00e8 ammalato \u00e8 rimasto a casa mediamente 15,3 giorni (9,6 giorni l\u2019assenza dei dipendenti pubblici e ben 18,8 degli occupati nel privato). Praticamente il doppio di quanto registrato in Emilia Romagna e in Veneto, che, invece, hanno entrambe \u201ccumulato\u201d 7,8 giornate medie di malattia. Dopo la Calabria, i lavoratori pi\u00f9 \u201cmalaticci\u201d d\u2019Italia sono quelli della Basilicata con 10,2 giornate medie di assenza. Seguono gli occupati della Valle d\u2019Aosta con 9,7, quelli della Sardegna con 9,6 e quelli del Molise con 9,4. Rispetto al 2017, in tutte le regioni il numero delle giornate medie di assenza per malattia \u00e8 in calo, con punte del -20 per cento proprio nel Mezzogiorno (addirittura -23 per cento in Calabria).<\/p>\n<p>&nbsp;<\/p>\n<p>&nbsp;<\/p>\n<hr \/>\n<p>&nbsp;<\/p>\n<blockquote>\n<h3>DILLO A RADIO PIU&#8217;&#8230;IL NOME STORICO DEL PAESE DI SOFEDERA CHE NON COINCIDE CON QUELLO RIPORTATO SULLE CARTE TOPOGRAFICHE<\/h3>\n<\/blockquote>\n<p>Alberto Agostinelli esprime la sua preoccupazione per l&#8217;uso ufficiale del nome &#8220;Vallier&#8221; da parte del Comune di Rocca Pietore per indicare il paese che la popolazione ha sempre chiamato &#8220;Sofedera.&#8221; Dopo aver contattato la casa editrice Tabacco, Agostinelli ha scoperto che il Comune considera &#8220;Sofedera&#8221; come un&#8217;area vasta e non un paese specifico, mentre &#8220;Vallier&#8221; viene utilizzato ufficialmente. Tuttavia, Agostinelli sottolinea, attraverso documenti storici, che il nome corretto del paese \u00e8 sempre stato &#8220;Sofedera&#8221;. Cita, in particolare, l&#8217;atto di unione del 1395 tra la Comunit\u00e0 della Rocca e Belluno, in cui \u00e8 menzionato &#8220;Sofedera&#8221; come nome del paese, e non &#8220;Vallier.&#8221; Egli ritiene che il Comune dovrebbe correggere questo errore e ripristinare il nome storico &#8220;Sofedera&#8221; nei documenti ufficiali e nelle mappe. Conclude invitando la comunit\u00e0 a unirsi per preservare i nomi storici dei loro paesi.<\/p>\n<p><strong>LA LETTERA COMPLETA<\/strong><\/p>\n<blockquote class=\"wp-embedded-content\" data-secret=\"wLmCWoTgHF\"><p><a href=\"https:\/\/www.radiopiu.net\/wordpress\/dillo-a-radio-piu-il-nome-storico-del-paese-di-sofedera-che-non-coincide-con-quello-riportato-sulle-carte-topografiche\/\">DILLO A RADIO PIU&#8217;&#8230;IL NOME STORICO DEL PAESE DI SOFEDERA CHE NON COINCIDE CON QUELLO RIPORTATO SULLE CARTE TOPOGRAFICHE<\/a><\/p><\/blockquote>\n<p><iframe loading=\"lazy\" class=\"wp-embedded-content\" sandbox=\"allow-scripts\" security=\"restricted\" style=\"position: absolute; visibility: hidden;\" title=\"&#8220;DILLO A RADIO PIU&#8217;&#8230;IL NOME STORICO DEL PAESE DI SOFEDERA CHE NON COINCIDE CON QUELLO RIPORTATO SULLE CARTE TOPOGRAFICHE&#8221; &#8212; Radio Pi\u00f9\" src=\"https:\/\/www.radiopiu.net\/wordpress\/dillo-a-radio-piu-il-nome-storico-del-paese-di-sofedera-che-non-coincide-con-quello-riportato-sulle-carte-topografiche\/embed\/#?secret=TIa6rya25w#?secret=wLmCWoTgHF\" data-secret=\"wLmCWoTgHF\" width=\"600\" height=\"338\" frameborder=\"0\" marginwidth=\"0\" marginheight=\"0\" scrolling=\"no\"><\/iframe><\/p>\n<p>&nbsp;<\/p>\n<p>&nbsp;<\/p>\n<hr \/>\n<p>&nbsp;<\/p>\n<blockquote>\n<h3>IL DAGDA CELTIC FEST AL BOCCIODROMO DI AGORDO<\/h3>\n<\/blockquote>\n<p><strong>DI MARINA DONA&#8217;<\/strong><\/p>\n<p><strong>AGORDO<\/strong> Festival celtico ad Agordo questo fine settimana 30 31 agosto e primo settembre. Una &#8220;tre giorni&#8221; ricca di divertimento e cultura al bocciodromo di agordo. Questo festival non \u00e8 solo cultura ma \u00e8 anche divertimento tra le tante attivit\u00e0 ne ricordiamo alcune: Cosa simboleggia e incarna il nodo celtico e come viene realizzato, dimostrazione di combattimenti con bastoni e lance laboratori artigianali lettura delle rune divinazione con le pietre labirinto sacro lezioni di &#8220;Yin Wistley (flauto irlandese) , rito delle Vibrazioni dei quattro elementi (aria terra fuoco acqua) , dimostrazione di unioni e battesimi con rito celtico. Tiro con l&#8217;arco, musica celtica dal vivo. Dragon rouge \u00c8 un&#8217;associazione di esperti arcieri presenti al festival per presentare all&#8217;evento per presentare e far provare il tiro con l&#8217;arco. Allan petrei che suona la cornamusa. I cisal Viking una giovane e goliardica band E per finire i clan tromusio.<\/p>\n\n\t\t\t<style type='text\/css'>\n\t\t\t\t#gallery-2 {\n\t\t\t\t\tmargin: auto;\n\t\t\t\t}\n\t\t\t\t#gallery-2 .gallery-item {\n\t\t\t\t\tfloat: left;\n\t\t\t\t\tmargin-top: 10px;\n\t\t\t\t\ttext-align: center;\n\t\t\t\t\twidth: 33%;\n\t\t\t\t}\n\t\t\t\t#gallery-2 img {\n\t\t\t\t\tborder: 2px solid #cfcfcf;\n\t\t\t\t}\n\t\t\t\t#gallery-2 .gallery-caption {\n\t\t\t\t\tmargin-left: 0;\n\t\t\t\t}\n\t\t\t\t\/* see gallery_shortcode() in wp-includes\/media.php *\/\n\t\t\t<\/style>\n\t\t<div id='gallery-2' class='dt-gallery-container gallery galleryid-407532 gallery-columns-3 gallery-size-medium'><dl class='gallery-item'>\n\t\t\t\t<dt class='gallery-icon landscape'>\n\t\t\t\t\t<a class=\"rollover rollover-zoom dt-pswp-item\" title=\"94f8deb4-e924-454b-9752-295907f5fe4e\" data-dt-img-description=\"\" data-large_image_width=\"2048\" data-large_image_height=\"1536\"href='https:\/\/www.radiopiu.net\/wordpress\/wp-content\/uploads\/2024\/09\/94f8deb4-e924-454b-9752-295907f5fe4e.jpg'><img loading=\"lazy\" decoding=\"async\" width=\"300\" height=\"225\" src=\"https:\/\/www.radiopiu.net\/wordpress\/wp-content\/uploads\/2024\/09\/94f8deb4-e924-454b-9752-295907f5fe4e-300x225.jpg\" class=\"attachment-medium size-medium\" alt=\"\" srcset=\"https:\/\/www.radiopiu.net\/wordpress\/wp-content\/uploads\/2024\/09\/94f8deb4-e924-454b-9752-295907f5fe4e-300x225.jpg 300w, https:\/\/www.radiopiu.net\/wordpress\/wp-content\/uploads\/2024\/09\/94f8deb4-e924-454b-9752-295907f5fe4e-1024x768.jpg 1024w, https:\/\/www.radiopiu.net\/wordpress\/wp-content\/uploads\/2024\/09\/94f8deb4-e924-454b-9752-295907f5fe4e-768x576.jpg 768w, https:\/\/www.radiopiu.net\/wordpress\/wp-content\/uploads\/2024\/09\/94f8deb4-e924-454b-9752-295907f5fe4e-1536x1152.jpg 1536w, https:\/\/www.radiopiu.net\/wordpress\/wp-content\/uploads\/2024\/09\/94f8deb4-e924-454b-9752-295907f5fe4e.jpg 2048w\" sizes=\"auto, (max-width: 300px) 100vw, 300px\" \/><\/a>\n\t\t\t\t<\/dt><\/dl><dl class='gallery-item'>\n\t\t\t\t<dt class='gallery-icon landscape'>\n\t\t\t\t\t<a class=\"rollover rollover-zoom dt-pswp-item\" title=\"feee8aa0-083d-4554-a0fb-6ede152cea0f\" data-dt-img-description=\"\" data-large_image_width=\"2048\" data-large_image_height=\"1536\"href='https:\/\/www.radiopiu.net\/wordpress\/wp-content\/uploads\/2024\/09\/feee8aa0-083d-4554-a0fb-6ede152cea0f.jpg'><img loading=\"lazy\" decoding=\"async\" width=\"300\" height=\"225\" src=\"https:\/\/www.radiopiu.net\/wordpress\/wp-content\/uploads\/2024\/09\/feee8aa0-083d-4554-a0fb-6ede152cea0f-300x225.jpg\" class=\"attachment-medium size-medium\" alt=\"\" srcset=\"https:\/\/www.radiopiu.net\/wordpress\/wp-content\/uploads\/2024\/09\/feee8aa0-083d-4554-a0fb-6ede152cea0f-300x225.jpg 300w, https:\/\/www.radiopiu.net\/wordpress\/wp-content\/uploads\/2024\/09\/feee8aa0-083d-4554-a0fb-6ede152cea0f-1024x768.jpg 1024w, https:\/\/www.radiopiu.net\/wordpress\/wp-content\/uploads\/2024\/09\/feee8aa0-083d-4554-a0fb-6ede152cea0f-768x576.jpg 768w, https:\/\/www.radiopiu.net\/wordpress\/wp-content\/uploads\/2024\/09\/feee8aa0-083d-4554-a0fb-6ede152cea0f-1536x1152.jpg 1536w, https:\/\/www.radiopiu.net\/wordpress\/wp-content\/uploads\/2024\/09\/feee8aa0-083d-4554-a0fb-6ede152cea0f.jpg 2048w\" sizes=\"auto, (max-width: 300px) 100vw, 300px\" \/><\/a>\n\t\t\t\t<\/dt><\/dl><dl class='gallery-item'>\n\t\t\t\t<dt class='gallery-icon landscape'>\n\t\t\t\t\t<a class=\"rollover rollover-zoom dt-pswp-item\" title=\"897d58e3-26b1-4091-acff-41a7628eee64\" data-dt-img-description=\"\" data-large_image_width=\"2048\" data-large_image_height=\"1536\"href='https:\/\/www.radiopiu.net\/wordpress\/wp-content\/uploads\/2024\/09\/897d58e3-26b1-4091-acff-41a7628eee64.jpg'><img loading=\"lazy\" decoding=\"async\" width=\"300\" height=\"225\" src=\"https:\/\/www.radiopiu.net\/wordpress\/wp-content\/uploads\/2024\/09\/897d58e3-26b1-4091-acff-41a7628eee64-300x225.jpg\" class=\"attachment-medium size-medium\" alt=\"\" srcset=\"https:\/\/www.radiopiu.net\/wordpress\/wp-content\/uploads\/2024\/09\/897d58e3-26b1-4091-acff-41a7628eee64-300x225.jpg 300w, https:\/\/www.radiopiu.net\/wordpress\/wp-content\/uploads\/2024\/09\/897d58e3-26b1-4091-acff-41a7628eee64-1024x768.jpg 1024w, https:\/\/www.radiopiu.net\/wordpress\/wp-content\/uploads\/2024\/09\/897d58e3-26b1-4091-acff-41a7628eee64-768x576.jpg 768w, https:\/\/www.radiopiu.net\/wordpress\/wp-content\/uploads\/2024\/09\/897d58e3-26b1-4091-acff-41a7628eee64-1536x1152.jpg 1536w, https:\/\/www.radiopiu.net\/wordpress\/wp-content\/uploads\/2024\/09\/897d58e3-26b1-4091-acff-41a7628eee64.jpg 2048w\" sizes=\"auto, (max-width: 300px) 100vw, 300px\" \/><\/a>\n\t\t\t\t<\/dt><\/dl><br style=\"clear: both\" \/>\n\t\t\t<\/div>\n\n<p>&nbsp;<\/p>\n<p><strong>IL VIDEO<\/strong><\/p>\n<div style=\"width: 848px;\" class=\"wp-video\"><video class=\"wp-video-shortcode\" id=\"video-407532-2\" width=\"848\" height=\"480\" preload=\"metadata\" controls=\"controls\"><source type=\"video\/mp4\" src=\"https:\/\/www.radiopiu.net\/wordpress\/wp-content\/uploads\/2024\/09\/WhatsApp-Video-2024-09-01-at-12.08.23.mp4?_=2\" \/><a href=\"https:\/\/www.radiopiu.net\/wordpress\/wp-content\/uploads\/2024\/09\/WhatsApp-Video-2024-09-01-at-12.08.23.mp4\">https:\/\/www.radiopiu.net\/wordpress\/wp-content\/uploads\/2024\/09\/WhatsApp-Video-2024-09-01-at-12.08.23.mp4<\/a><\/video><\/div>\n<p>&nbsp;<\/p>\n<hr \/>\n<p>&nbsp;<\/p>\n<blockquote>\n<h3>DOMANI L&#8217;ASSEMBLEA DI BIM INFRASTRUTTURE<\/h3>\n<\/blockquote>\n<p><strong>BELLUNO<\/strong> Bim Belluno Infrastrutture ha convocato l&#8217;assemblea dei soci per marted\u00ec 3 settembre 2024, alle ore 15:00, presso la Sala Conferenze dell&#8217;Hotel Villa Carpenada. All&#8217;ordine del giorno ci saranno decisioni sulla distribuzione ai soci delle riserve economiche accumulate nel tempo, discussioni sull&#8217;applicazione del Decreto Madia alle partecipazioni azionarie in alcune societ\u00e0 idroelettriche locali, e valutazioni sull&#8217;opportunit\u00e0 di nuovi investimenti. Non \u00e8 prevista un&#8217;assemblea di Bim Gsp a seguire.<\/p>\n<p>&nbsp;<\/p>\n<p>&nbsp;<\/p>\n<hr \/>\n<p>&nbsp;<\/p>\n<blockquote>\n<h3>L&#8217;ESERCITO ITALIANO A ROCCA PIETORE PER GLI ADDESTRAMENTI<\/h3>\n<\/blockquote>\n<p><strong>ROCCA PIETORE<\/strong> Il Sindaco di Rocca Pietore informa la popolazione che dal 2 al 22 settembre 2024 le aree di Malga Ciapela (BL) e della diga Fedaia (TN) saranno interessate da attivit\u00e0 addestrativa dell&#8217;Esercito Italiano. Si invita quindi la cittadinanza a non allarmarsi per eventuali movimenti di truppe o mezzi militari durante questo periodo.<\/p>\n<p>&nbsp;<\/p>\n<p>&nbsp;<\/p>\n<hr \/>\n<p>&nbsp;<\/p>\n<blockquote>\n<h3><a class=\"dt-pswp-item\" href=\"https:\/\/www.radiopiu.net\/wordpress\/wp-content\/uploads\/2024\/08\/DSC_0005-scaled.jpg\" data-dt-img-description=\"\" data-large_image_width=\"2560\" data-large_image_height=\"1440\"><img loading=\"lazy\" decoding=\"async\" class=\"size-medium wp-image-407356 alignleft\" src=\"https:\/\/www.radiopiu.net\/wordpress\/wp-content\/uploads\/2024\/08\/DSC_0005-300x169.jpg\" alt=\"\" width=\"300\" height=\"169\" srcset=\"https:\/\/www.radiopiu.net\/wordpress\/wp-content\/uploads\/2024\/08\/DSC_0005-300x169.jpg 300w, https:\/\/www.radiopiu.net\/wordpress\/wp-content\/uploads\/2024\/08\/DSC_0005-1024x576.jpg 1024w, https:\/\/www.radiopiu.net\/wordpress\/wp-content\/uploads\/2024\/08\/DSC_0005-768x432.jpg 768w, https:\/\/www.radiopiu.net\/wordpress\/wp-content\/uploads\/2024\/08\/DSC_0005-1536x864.jpg 1536w, https:\/\/www.radiopiu.net\/wordpress\/wp-content\/uploads\/2024\/08\/DSC_0005-2048x1152.jpg 2048w\" sizes=\"auto, (max-width: 300px) 100vw, 300px\" \/><\/a>LA COMMEMORAZIONE DEI CADUTI<\/h3>\n<\/blockquote>\n<p>La Sezione di Belluno del Club Alpino Italiano comunica che il prossimo <strong>sabato 14 settembre<\/strong> alle ore 11 presso il rifugio 7\u00b0 Alpini al Pis Pilon, sotto le maestose pareti della Schiara, si terr\u00e0 la annuale Cerimonia per la commemorazione dei Caduti della Montagna e dei nostri Alpini, con una Santa Messa che sar\u00e0 celebrata da Mons. Renato Marangoni Vescovo di Belluno-Feltre presso la adiacente Cappella della Regina Alpinorum. Sono invitati a partecipare tutti gli amici della montagna.<\/p>\n<p>&nbsp;<\/p>\n<p>&nbsp;<\/p>\n<hr \/>\n<p>&nbsp;<\/p>\n<blockquote>\n<h3><a class=\"dt-pswp-item\" href=\"https:\/\/www.radiopiu.net\/wordpress\/wp-content\/uploads\/2024\/08\/locandina-corso-affido-2024_28.08.24.jpg\" data-dt-img-description=\"\" data-large_image_width=\"1240\" data-large_image_height=\"1753\"><img loading=\"lazy\" decoding=\"async\" class=\" wp-image-407211 alignleft\" src=\"https:\/\/www.radiopiu.net\/wordpress\/wp-content\/uploads\/2024\/08\/locandina-corso-affido-2024_28.08.24-212x300.jpg\" alt=\"\" width=\"115\" height=\"163\" srcset=\"https:\/\/www.radiopiu.net\/wordpress\/wp-content\/uploads\/2024\/08\/locandina-corso-affido-2024_28.08.24-212x300.jpg 212w, https:\/\/www.radiopiu.net\/wordpress\/wp-content\/uploads\/2024\/08\/locandina-corso-affido-2024_28.08.24-724x1024.jpg 724w, https:\/\/www.radiopiu.net\/wordpress\/wp-content\/uploads\/2024\/08\/locandina-corso-affido-2024_28.08.24-768x1086.jpg 768w, https:\/\/www.radiopiu.net\/wordpress\/wp-content\/uploads\/2024\/08\/locandina-corso-affido-2024_28.08.24-1087x1536.jpg 1087w, https:\/\/www.radiopiu.net\/wordpress\/wp-content\/uploads\/2024\/08\/locandina-corso-affido-2024_28.08.24.jpg 1240w\" sizes=\"auto, (max-width: 115px) 100vw, 115px\" \/><\/a>CORSI PER L&#8217;AFFIDO FAMIGLIARE<\/h3>\n<\/blockquote>\n<p><strong>BELLUNO<\/strong> I Centri per l&#8217;Affido e la Solidariet\u00e0 Familiare (CASF) dell&#8217;Ulss 1 Dolomiti hanno organizzato un corso online di informazione e formazione sull&#8217;affido familiare, rivolto a chiunque sia interessato a diventare famiglia affidataria. Il corso si terr\u00e0 il 26 settembre, 3 ottobre e 10 ottobre 2024 dalle 17.45 alle 19.30. La partecipazione \u00e8 gratuita e le iscrizioni sono aperte fino al 23 settembre. Nel 2023, 32 bambini\/adolescenti nella provincia di Belluno sono stati accolti in affido, di cui 26 in modalit\u00e0 residenziale e 6 in affido diurno, dimostrando l&#8217;importanza di avere nuove famiglie disposte a offrire sostegno. L&#8217;affido pu\u00f2 variare in forma e durata, sempre con l&#8217;accompagnamento degli operatori del CASF.<\/p>\n<p>&nbsp;<\/p>\n<hr \/>\n<blockquote>\n<h3><\/h3>\n<h3>&#8220;RISUONA&#8221;, IN VALLE IMPERINA UN&#8217;ESTATE RADIO&#8230;SA<\/h3>\n<\/blockquote>\n<p><strong><a class=\"dt-pswp-item\" href=\"https:\/\/www.radiopiu.net\/wordpress\/wp-content\/uploads\/2024\/08\/WhatsApp-Image-2024-08-02-at-15.14.11-4.jpeg\" data-dt-img-description=\"\" data-large_image_width=\"1600\" data-large_image_height=\"1047\"><img loading=\"lazy\" decoding=\"async\" class=\"size-medium wp-image-403007 alignleft\" src=\"https:\/\/www.radiopiu.net\/wordpress\/wp-content\/uploads\/2024\/08\/WhatsApp-Image-2024-08-02-at-15.14.11-4-300x196.jpeg\" alt=\"\" width=\"300\" height=\"196\" srcset=\"https:\/\/www.radiopiu.net\/wordpress\/wp-content\/uploads\/2024\/08\/WhatsApp-Image-2024-08-02-at-15.14.11-4-300x196.jpeg 300w, https:\/\/www.radiopiu.net\/wordpress\/wp-content\/uploads\/2024\/08\/WhatsApp-Image-2024-08-02-at-15.14.11-4-1024x670.jpeg 1024w, https:\/\/www.radiopiu.net\/wordpress\/wp-content\/uploads\/2024\/08\/WhatsApp-Image-2024-08-02-at-15.14.11-4-768x503.jpeg 768w, https:\/\/www.radiopiu.net\/wordpress\/wp-content\/uploads\/2024\/08\/WhatsApp-Image-2024-08-02-at-15.14.11-4-1536x1005.jpeg 1536w, https:\/\/www.radiopiu.net\/wordpress\/wp-content\/uploads\/2024\/08\/WhatsApp-Image-2024-08-02-at-15.14.11-4.jpeg 1600w\" sizes=\"auto, (max-width: 300px) 100vw, 300px\" \/><\/a>Cent&#8217;anni di Radio in Mostra a Valle Imperina<\/strong><\/p>\n<p>Dal 1923, anno della prima trasmissione dell\u2019EIAR, sono passati oltre cento anni dalla nascita della radio, un mezzo che ha profondamente influenzato la comunicazione globale. Adattandosi ai cambiamenti tecnologici e sociali, la radio ha evoluto il suo panorama, da EIAR e Rai a radio web moderne. Per celebrare questo secolo di innovazioni, Botol Group e Radio Pi\u00f9 hanno organizzato una mostra dedicata nella suggestiva Valle Imperina, vicino ad Agordo.<\/p>\n<p><strong>&#8220;Risuona&#8221; &#8211; La Mostra<\/strong><\/p>\n<p>Offre un viaggio attraverso l\u2019evoluzione della radio, dai primi apparecchi a valvole ai moderni dispositivi digitali. Oltre alla tecnologia, si esplora l&#8217;impatto sociale e culturale della radio tramite immagini, documenti d\u2019epoca e testimonianze.<\/p>\n<p><strong><a class=\"dt-pswp-item\" href=\"https:\/\/www.radiopiu.net\/wordpress\/wp-content\/uploads\/2024\/08\/WhatsApp-Image-2024-08-02-at-15.14.11-1.jpeg\" data-dt-img-description=\"\" data-large_image_width=\"1600\" data-large_image_height=\"966\"><img loading=\"lazy\" decoding=\"async\" class=\"size-medium wp-image-403004 alignright\" src=\"https:\/\/www.radiopiu.net\/wordpress\/wp-content\/uploads\/2024\/08\/WhatsApp-Image-2024-08-02-at-15.14.11-1-300x181.jpeg\" alt=\"\" width=\"300\" height=\"181\" srcset=\"https:\/\/www.radiopiu.net\/wordpress\/wp-content\/uploads\/2024\/08\/WhatsApp-Image-2024-08-02-at-15.14.11-1-300x181.jpeg 300w, https:\/\/www.radiopiu.net\/wordpress\/wp-content\/uploads\/2024\/08\/WhatsApp-Image-2024-08-02-at-15.14.11-1-1024x618.jpeg 1024w, https:\/\/www.radiopiu.net\/wordpress\/wp-content\/uploads\/2024\/08\/WhatsApp-Image-2024-08-02-at-15.14.11-1-768x464.jpeg 768w, https:\/\/www.radiopiu.net\/wordpress\/wp-content\/uploads\/2024\/08\/WhatsApp-Image-2024-08-02-at-15.14.11-1-1536x927.jpeg 1536w, https:\/\/www.radiopiu.net\/wordpress\/wp-content\/uploads\/2024\/08\/WhatsApp-Image-2024-08-02-at-15.14.11-1.jpeg 1600w\" sizes=\"auto, (max-width: 300px) 100vw, 300px\" \/><\/a>Gli Espositori<\/strong><\/p>\n<p><strong>Franco Ben<\/strong>, fin da giovane, ha sviluppato una passione per la radio smontando e collezionando apparecchi, oggi esposti in Valle Imperina. <strong>Ivano Benvegn\u00f9<\/strong> arricchisce la mostra con la sua vasta collezione di radio d\u2019epoca anche acquistate nei mercatini.<strong> Mirko Mezzacasa<\/strong> ha trasformato la sede di Radio Pi\u00f9 in un museo, ora parzialmente trasferito ai locali del Gruppo Botol, rendendo la sua passione per la radio un impegno di vita.<\/p>\n<p><strong>Il Sito: 600 Anni di Storia e Umanit\u00e0<\/strong><\/p>\n<p>La Miniera di Valle Imperina, nel cuore delle Dolomiti Bellunesi, \u00e8 un importante sito storico industriale. Un tempo fulcro dell\u2019industria mineraria del rame, ora, grazie al Gruppo Botol, sta vivendo una nuova vita come attrazione turistica culturale e mineraria. Questo progetto non solo promuove il turismo, ma preserva anche il patrimonio culturale e umano della Valle, rispondendo all\u2019interesse crescente per i siti industriali storici.<\/p>\n<p>&nbsp;<\/p>\n<p>&nbsp;<\/p>\n<hr \/>\n<p>&nbsp;<\/p>\n<blockquote>\n<h3>LA SETTIMANA MUSICALE AL TEATRO DINO BUZZATI DI BELLUNO<\/h3>\n<\/blockquote>\n<p><strong><a class=\"dt-pswp-item\" href=\"https:\/\/www.radiopiu.net\/wordpress\/wp-content\/uploads\/2021\/05\/foto-comunale.jpg\" data-dt-img-description=\"\" data-large_image_width=\"1600\" data-large_image_height=\"1237\"><img loading=\"lazy\" decoding=\"async\" class=\" wp-image-210486 alignleft\" src=\"https:\/\/www.radiopiu.net\/wordpress\/wp-content\/uploads\/2021\/05\/foto-comunale-300x232.jpg\" alt=\"\" width=\"203\" height=\"157\" srcset=\"https:\/\/www.radiopiu.net\/wordpress\/wp-content\/uploads\/2021\/05\/foto-comunale-300x232.jpg 300w, https:\/\/www.radiopiu.net\/wordpress\/wp-content\/uploads\/2021\/05\/foto-comunale-1024x792.jpg 1024w, https:\/\/www.radiopiu.net\/wordpress\/wp-content\/uploads\/2021\/05\/foto-comunale-768x594.jpg 768w, https:\/\/www.radiopiu.net\/wordpress\/wp-content\/uploads\/2021\/05\/foto-comunale-1536x1188.jpg 1536w, https:\/\/www.radiopiu.net\/wordpress\/wp-content\/uploads\/2021\/05\/foto-comunale.jpg 1600w\" sizes=\"auto, (max-width: 203px) 100vw, 203px\" \/><\/a>BELLUNO<\/strong> Dal 1 all&#8217;8 settembre 2024, il Teatro \u201cDino Buzzati\u201d di Belluno ospiter\u00e0 la seconda edizione della &#8220;Settimana Musicale&#8221;, un evento dedicato alla musica classica con concerti e masterclass tenuti da musicisti di fama internazionale. L&#8217;evento inaugurer\u00e0 il 1 settembre alle 18 con un concerto che vedr\u00e0 esibirsi i violinisti Kyoko Takezawa e Giovanni Radivo, accompagnati da altri musicisti di spicco, con un programma che include il trio op. 8 di Brahms e il quintetto op. 44 di Schumann. Il ricavato sar\u00e0 devoluto a \u201cCasa tua Due\u201d. Durante la settimana, si terranno masterclass con allievi internazionali e altri concerti, tra cui uno gratuito della pianista Anisa Dazhaeva il 4 settembre. Il 7 settembre, gli allievi delle masterclass si esibiranno in un concerto-maratona, mentre l&#8217;8 settembre il ciclo si concluder\u00e0 con un concerto di Kyoko Takezawa e Edoardo Maria Strabbioli. L&#8217;iniziativa \u00e8 organizzata in collaborazione con diverse istituzioni locali.<\/p>\n<p>&nbsp;<\/p>\n<p>&nbsp;<\/p>\n<hr \/>\n<p>&nbsp;<\/p>\n<blockquote>\n<h3><a class=\"dt-pswp-item\" href=\"https:\/\/www.radiopiu.net\/wordpress\/wp-content\/uploads\/2024\/08\/POST-CRISANTI-5-9.jpg\" data-dt-img-description=\"\" data-large_image_width=\"1414\" data-large_image_height=\"2000\"><img loading=\"lazy\" decoding=\"async\" class=\" wp-image-406583 alignleft\" src=\"https:\/\/www.radiopiu.net\/wordpress\/wp-content\/uploads\/2024\/08\/POST-CRISANTI-5-9-212x300.jpg\" alt=\"\" width=\"134\" height=\"190\" srcset=\"https:\/\/www.radiopiu.net\/wordpress\/wp-content\/uploads\/2024\/08\/POST-CRISANTI-5-9-212x300.jpg 212w, https:\/\/www.radiopiu.net\/wordpress\/wp-content\/uploads\/2024\/08\/POST-CRISANTI-5-9-724x1024.jpg 724w, https:\/\/www.radiopiu.net\/wordpress\/wp-content\/uploads\/2024\/08\/POST-CRISANTI-5-9-768x1086.jpg 768w, https:\/\/www.radiopiu.net\/wordpress\/wp-content\/uploads\/2024\/08\/POST-CRISANTI-5-9-1086x1536.jpg 1086w, https:\/\/www.radiopiu.net\/wordpress\/wp-content\/uploads\/2024\/08\/POST-CRISANTI-5-9.jpg 1414w\" sizes=\"auto, (max-width: 134px) 100vw, 134px\" \/><\/a>UN INCONTRO A FELTRE PER PARLARE DI SANITA&#8217; PUBBLICA<\/h3>\n<\/blockquote>\n<p><strong>FELTRE<\/strong> La Sanit\u00e0 Pubblica Italiana sta affrontando una fase critica, con il rapporto della spesa sanitaria rispetto al PIL che si prevede rimarr\u00e0 al di sotto della media UE e OCSE (7,1%) nei prossimi anni. Dal 1990, con la seconda riforma del sistema sanitario, la sanit\u00e0 \u00e8 stata sempre pi\u00f9 orientata al mercato, con un focus sull&#8217;efficienza economica piuttosto che sulla dimensione collettiva e democratica. Questo ha favorito la crescita della sanit\u00e0 privata, che prioritizza il profitto a scapito della cura, causando difficolt\u00e0 di accesso ai servizi pubblici e rinunce alle cure per molti italiani. Un incontro con esperti discuter\u00e0 queste tematiche, inclusa la carenza di medici di base e le risposte delle comunit\u00e0 locali. L&#8217;appuntamento il 5 settembre in sala Ocri alle 20:15<\/p>\n<p>&nbsp;<\/p>\n<hr \/>\n<p>&nbsp;<\/p>\n<h1 class=\"gdlr-blog-title\"><a class=\"dt-pswp-item\" href=\"https:\/\/www.radiopiu.net\/wordpress\/wp-content\/uploads\/2024\/08\/WhatsApp-Image-2024-08-28-at-16.44.36-768x1024-1.jpg\" data-dt-img-description=\"\" data-large_image_width=\"768\" data-large_image_height=\"1024\"><img loading=\"lazy\" decoding=\"async\" class=\"wp-image-407380 alignleft\" src=\"https:\/\/www.radiopiu.net\/wordpress\/wp-content\/uploads\/2024\/08\/WhatsApp-Image-2024-08-28-at-16.44.36-768x1024-1-225x300.jpg\" alt=\"\" width=\"153\" height=\"204\" srcset=\"https:\/\/www.radiopiu.net\/wordpress\/wp-content\/uploads\/2024\/08\/WhatsApp-Image-2024-08-28-at-16.44.36-768x1024-1-225x300.jpg 225w, https:\/\/www.radiopiu.net\/wordpress\/wp-content\/uploads\/2024\/08\/WhatsApp-Image-2024-08-28-at-16.44.36-768x1024-1.jpg 768w\" sizes=\"auto, (max-width: 153px) 100vw, 153px\" \/><\/a>Le Muse e le Dolomiti cercano un nuovo collaboratore<\/h1>\n<div class=\"gdlr-blog-info gdlr-info\">\n<p><em>&#8220;Dopo quattro anni di stretta collaborazione e crescita assieme, la nostra collaboratrice Elisa ci lascia per seguire progetti e sogni nuovi&#8221;. <\/em>L&#8217;associazione cerca dunque un nuovo collaboratore \/ una nuova collaboratrice negli ambiti dell\u2019amministrazione e della produzione artistica, per una media di 10 ore a settimana. Appello rivolto\u00a0 a persone residenti nella zona operativa interregionale \u201cnucleo\u201d dell\u2019Associazione: Agordino, Fiemme e Fassa. Per tutti i dettagli (descrizione compiti,\u00a0profilo richiesto, indicazioni per la modalit\u00e0 di candidarsi e altro),\u00a0<a href=\"https:\/\/www.musedolomiti.it\/wp-content\/uploads\/2024\/08\/MuseDolomiti_AperturaCollaboratore2024.pdf\" target=\"_blank\" rel=\"noopener\">scarica qui l\u2019annuncio in pdf.<\/a><\/p>\n<p><strong>Le candidature saranno accettate fino a marted\u00ec sera 10 settembre 2024. <\/strong>Per info o dubbi: 342 9147711.<\/p>\n<\/div>\n<p>&nbsp;<\/p>\n<p>&nbsp;<\/p>\n<p>&nbsp;<\/p>\n<hr \/>\n<p>&nbsp;<\/p>\n<h2><span style=\"color: #ff6600;\">ALLA RADIO\u00a0<\/span><\/h2>\n<h2><span style=\"color: #00ccff;\">LA RASSEGNA STAMPA DA L&#8217;AMICO DEL POPOLO<\/span><\/h2>\n<p><strong><a class=\"dt-pswp-item\" href=\"https:\/\/www.radiopiu.net\/wordpress\/wp-content\/uploads\/2020\/03\/AMICO-POPOLOpng.png\" data-dt-img-description=\"\" data-large_image_width=\"225\" data-large_image_height=\"225\"><img loading=\"lazy\" decoding=\"async\" class=\" wp-image-123043 alignleft\" src=\"https:\/\/www.radiopiu.net\/wordpress\/wp-content\/uploads\/2020\/03\/AMICO-POPOLOpng.png\" alt=\"\" width=\"125\" height=\"125\" srcset=\"https:\/\/www.radiopiu.net\/wordpress\/wp-content\/uploads\/2020\/03\/AMICO-POPOLOpng.png 225w, https:\/\/www.radiopiu.net\/wordpress\/wp-content\/uploads\/2020\/03\/AMICO-POPOLOpng-150x150.png 150w\" sizes=\"auto, (max-width: 125px) 100vw, 125px\" \/><\/a>DI GIANNI SANTOMASO<\/strong><\/p>\n<audio class=\"wp-audio-shortcode\" id=\"audio-407532-9\" preload=\"none\" style=\"width: 100%;\" controls=\"controls\"><source type=\"audio\/mpeg\" src=\"https:\/\/www.radiopiu.net\/wordpress\/wp-content\/uploads\/2024\/08\/RASSEGNA-GIANNI-2.mp3?_=9\" \/><a href=\"https:\/\/www.radiopiu.net\/wordpress\/wp-content\/uploads\/2024\/08\/RASSEGNA-GIANNI-2.mp3\">https:\/\/www.radiopiu.net\/wordpress\/wp-content\/uploads\/2024\/08\/RASSEGNA-GIANNI-2.mp3<\/a><\/audio>\n<p>&nbsp;<\/p>\n<h2><span style=\"color: #ffcc00;\">DUE MINUTI PER TE<\/span><\/h2>\n<p><strong><a class=\"dt-pswp-item\" href=\"https:\/\/www.radiopiu.net\/wordpress\/wp-content\/uploads\/2020\/12\/DON-GIORGIO-LISE.jpg\" data-dt-img-description=\"\" data-large_image_width=\"1600\" data-large_image_height=\"901\"><img loading=\"lazy\" decoding=\"async\" class=\" wp-image-177420 alignleft\" src=\"https:\/\/www.radiopiu.net\/wordpress\/wp-content\/uploads\/2020\/12\/DON-GIORGIO-LISE-300x169.jpg\" alt=\"\" width=\"211\" height=\"119\" srcset=\"https:\/\/www.radiopiu.net\/wordpress\/wp-content\/uploads\/2020\/12\/DON-GIORGIO-LISE-300x169.jpg 300w, https:\/\/www.radiopiu.net\/wordpress\/wp-content\/uploads\/2020\/12\/DON-GIORGIO-LISE-1024x577.jpg 1024w, https:\/\/www.radiopiu.net\/wordpress\/wp-content\/uploads\/2020\/12\/DON-GIORGIO-LISE-768x432.jpg 768w, https:\/\/www.radiopiu.net\/wordpress\/wp-content\/uploads\/2020\/12\/DON-GIORGIO-LISE-1536x865.jpg 1536w, https:\/\/www.radiopiu.net\/wordpress\/wp-content\/uploads\/2020\/12\/DON-GIORGIO-LISE.jpg 1600w\" sizes=\"auto, (max-width: 211px) 100vw, 211px\" \/><\/a>PENSIERO DELLA DOMENICA CON MONSIGNOR GIORGIO LISE<\/strong><\/p>\n<audio class=\"wp-audio-shortcode\" id=\"audio-407532-10\" preload=\"none\" style=\"width: 100%;\" controls=\"controls\"><source type=\"audio\/mpeg\" src=\"https:\/\/www.radiopiu.net\/wordpress\/wp-content\/uploads\/2024\/08\/DON-GIORGIO-4.mp3?_=10\" \/><a href=\"https:\/\/www.radiopiu.net\/wordpress\/wp-content\/uploads\/2024\/08\/DON-GIORGIO-4.mp3\">https:\/\/www.radiopiu.net\/wordpress\/wp-content\/uploads\/2024\/08\/DON-GIORGIO-4.mp3<\/a><\/audio>\n<p>&nbsp;<\/p>\n<blockquote class=\"wp-embedded-content\" data-secret=\"aYE3nzrbL2\"><p><a href=\"https:\/\/www.radiopiu.net\/wordpress\/piu-siamo-con-marina-settimana-dal-26-al-30-agosto-2024\/\">PIU&#8217; SIAMO&#8230;CON MARINA &#8211; SETTIMANA DAL 26 AL 30 AGOSTO 2024<\/a><\/p><\/blockquote>\n<p><iframe loading=\"lazy\" class=\"wp-embedded-content\" sandbox=\"allow-scripts\" security=\"restricted\" style=\"position: absolute; visibility: hidden;\" title=\"&#8220;PIU&#8217; SIAMO&#8230;CON MARINA &#8211; SETTIMANA DAL 26 AL 30 AGOSTO 2024&#8221; &#8212; Radio Pi\u00f9\" src=\"https:\/\/www.radiopiu.net\/wordpress\/piu-siamo-con-marina-settimana-dal-26-al-30-agosto-2024\/embed\/#?secret=LuMoBEbNRQ#?secret=aYE3nzrbL2\" data-secret=\"aYE3nzrbL2\" width=\"600\" height=\"338\" frameborder=\"0\" marginwidth=\"0\" marginheight=\"0\" scrolling=\"no\"><\/iframe><\/p>\n<p>&nbsp;<\/p>\n<hr \/>\n<p>&nbsp;<\/p>\n<p>&nbsp;<\/p>\n<blockquote class=\"wp-embedded-content\" data-secret=\"E7q9h7IXXa\"><p><a href=\"https:\/\/www.radiopiu.net\/wordpress\/pirole-de-lenga-la-parola-del-giorno-a-cura-del-musla-raccolta-completa\/\">PIROLE DE LENGA&#8230; LA PAROLA DEL GIORNO A CURA DEL MUSLA -raccolta completa &#8211;<\/a><\/p><\/blockquote>\n<p><iframe loading=\"lazy\" class=\"wp-embedded-content\" sandbox=\"allow-scripts\" security=\"restricted\" style=\"position: absolute; visibility: hidden;\" title=\"&#8220;PIROLE DE LENGA&#8230; LA PAROLA DEL GIORNO A CURA DEL MUSLA -raccolta completa &#8211;&#8221; &#8212; Radio Pi\u00f9\" src=\"https:\/\/www.radiopiu.net\/wordpress\/pirole-de-lenga-la-parola-del-giorno-a-cura-del-musla-raccolta-completa\/embed\/#?secret=tAqQxagOJv#?secret=E7q9h7IXXa\" data-secret=\"E7q9h7IXXa\" width=\"600\" height=\"338\" frameborder=\"0\" marginwidth=\"0\" marginheight=\"0\" scrolling=\"no\"><\/iframe><\/p>\n<p>&nbsp;<\/p>\n<p>&nbsp;<\/p>\n<hr \/>\n<p>&nbsp;<\/p>\n<h2><span style=\"color: #ff0000;\"><a class=\"dt-pswp-item\" href=\"https:\/\/www.radiopiu.net\/wordpress\/wp-content\/uploads\/2018\/09\/appuntamenti.jpeg\" data-dt-img-description=\"\" data-large_image_width=\"800\" data-large_image_height=\"100\"><img loading=\"lazy\" decoding=\"async\" class=\"wp-image-61958 size-full aligncenter\" src=\"https:\/\/www.radiopiu.net\/wordpress\/wp-content\/uploads\/2018\/09\/appuntamenti.jpeg\" alt=\"\" width=\"800\" height=\"100\" srcset=\"https:\/\/www.radiopiu.net\/wordpress\/wp-content\/uploads\/2018\/09\/appuntamenti.jpeg 800w, https:\/\/www.radiopiu.net\/wordpress\/wp-content\/uploads\/2018\/09\/appuntamenti-300x38.jpeg 300w, https:\/\/www.radiopiu.net\/wordpress\/wp-content\/uploads\/2018\/09\/appuntamenti-768x96.jpeg 768w\" sizes=\"auto, (max-width: 800px) 100vw, 800px\" \/><\/a><\/span><\/h2>\n<div>\n<div class=\"\" dir=\"auto\">\n<div id=\":r9h:\" class=\"x1iorvi4 x1pi30zi x1l90r2v x1swvt13\" data-ad-comet-preview=\"message\" data-ad-preview=\"message\">\n\n\t\t\t<style type='text\/css'>\n\t\t\t\t#gallery-3 {\n\t\t\t\t\tmargin: auto;\n\t\t\t\t}\n\t\t\t\t#gallery-3 .gallery-item {\n\t\t\t\t\tfloat: left;\n\t\t\t\t\tmargin-top: 10px;\n\t\t\t\t\ttext-align: center;\n\t\t\t\t\twidth: 25%;\n\t\t\t\t}\n\t\t\t\t#gallery-3 img {\n\t\t\t\t\tborder: 2px solid #cfcfcf;\n\t\t\t\t}\n\t\t\t\t#gallery-3 .gallery-caption {\n\t\t\t\t\tmargin-left: 0;\n\t\t\t\t}\n\t\t\t\t\/* see gallery_shortcode() in wp-includes\/media.php *\/\n\t\t\t<\/style>\n\t\t<div id='gallery-3' class='dt-gallery-container gallery galleryid-407532 gallery-columns-4 gallery-size-thumbnail'><dl class='gallery-item'>\n\t\t\t\t<dt class='gallery-icon portrait'>\n\t\t\t\t\t<a class=\"rollover rollover-zoom dt-pswp-item\" title=\"edd72a1c-4d5d-4172-a401-812a0b77ddb7\" data-dt-img-description=\"\" data-large_image_width=\"1131\" data-large_image_height=\"1600\"href='https:\/\/www.radiopiu.net\/wordpress\/wp-content\/uploads\/2024\/08\/edd72a1c-4d5d-4172-a401-812a0b77ddb7.jpg'><img loading=\"lazy\" decoding=\"async\" width=\"150\" height=\"150\" src=\"https:\/\/www.radiopiu.net\/wordpress\/wp-content\/uploads\/2024\/08\/edd72a1c-4d5d-4172-a401-812a0b77ddb7-150x150.jpg\" class=\"attachment-thumbnail size-thumbnail\" alt=\"\" aria-describedby=\"gallery-3-407104\" \/><\/a>\n\t\t\t\t<\/dt>\n\t\t\t\t\t<dd class='wp-caption-text gallery-caption' id='gallery-3-407104'>\n\t\t\t\t\tSABATO 7 SETTEMBRE BAR DELLE BOCCE, AGORDO\n\t\t\t\t\t<\/dd><\/dl><dl class='gallery-item'>\n\t\t\t\t<dt class='gallery-icon portrait'>\n\t\t\t\t\t<a class=\"rollover rollover-zoom dt-pswp-item\" title=\"0c715370-708d-4e27-bfbc-8f73840fd988\" data-dt-img-description=\"\" data-large_image_width=\"1131\" data-large_image_height=\"1600\"href='https:\/\/www.radiopiu.net\/wordpress\/wp-content\/uploads\/2024\/08\/0c715370-708d-4e27-bfbc-8f73840fd988.jpg'><img loading=\"lazy\" decoding=\"async\" width=\"150\" height=\"150\" src=\"https:\/\/www.radiopiu.net\/wordpress\/wp-content\/uploads\/2024\/08\/0c715370-708d-4e27-bfbc-8f73840fd988-150x150.jpg\" class=\"attachment-thumbnail size-thumbnail\" alt=\"\" aria-describedby=\"gallery-3-407355\" \/><\/a>\n\t\t\t\t<\/dt>\n\t\t\t\t\t<dd class='wp-caption-text gallery-caption' id='gallery-3-407355'>\n\t\t\t\t\tbar parco giochi SABATO 7\n\t\t\t\t\t<\/dd><\/dl><dl class='gallery-item'>\n\t\t\t\t<dt class='gallery-icon portrait'>\n\t\t\t\t\t<a class=\"rollover rollover-zoom dt-pswp-item\" title=\"concorso-copia_compressed\" data-dt-img-description=\"\" data-large_image_width=\"1240\" data-large_image_height=\"1754\"href='https:\/\/www.radiopiu.net\/wordpress\/wp-content\/uploads\/2024\/07\/concorso-copia_compressed.jpg'><img loading=\"lazy\" decoding=\"async\" width=\"150\" height=\"150\" src=\"https:\/\/www.radiopiu.net\/wordpress\/wp-content\/uploads\/2024\/07\/concorso-copia_compressed-150x150.jpg\" class=\"attachment-thumbnail size-thumbnail\" alt=\"\" aria-describedby=\"gallery-3-401805\" \/><\/a>\n\t\t\t\t<\/dt>\n\t\t\t\t\t<dd class='wp-caption-text gallery-caption' id='gallery-3-401805'>\n\t\t\t\t\tIL CONCORSO FOTOGRAFICO\n\t\t\t\t\t<\/dd><\/dl><dl class='gallery-item'>\n\t\t\t\t<dt class='gallery-icon portrait'>\n\t\t\t\t\t<a class=\"rollover rollover-zoom dt-pswp-item\" title=\"f84567d6-a1d2-47de-9596-ef8505986952\" data-dt-img-description=\"\" data-large_image_width=\"745\" data-large_image_height=\"1073\"href='https:\/\/www.radiopiu.net\/wordpress\/wp-content\/uploads\/2024\/06\/f84567d6-a1d2-47de-9596-ef8505986952.jpg'><img loading=\"lazy\" decoding=\"async\" width=\"150\" height=\"150\" src=\"https:\/\/www.radiopiu.net\/wordpress\/wp-content\/uploads\/2024\/06\/f84567d6-a1d2-47de-9596-ef8505986952-150x150.jpg\" class=\"attachment-thumbnail size-thumbnail\" alt=\"\" aria-describedby=\"gallery-3-396466\" \/><\/a>\n\t\t\t\t<\/dt>\n\t\t\t\t\t<dd class='wp-caption-text gallery-caption' id='gallery-3-396466'>\n\t\t\t\t\tSUMMER GREEN VOLLEY AGORDINO\n\t\t\t\t\t<\/dd><\/dl><br style=\"clear: both\" \/><dl class='gallery-item'>\n\t\t\t\t<dt class='gallery-icon portrait'>\n\t\t\t\t\t<a class=\"rollover rollover-zoom dt-pswp-item\" title=\"b984cf06-49e8-4958-bc23-c0d66e45f366\" data-dt-img-description=\"\" data-large_image_width=\"900\" data-large_image_height=\"1600\"href='https:\/\/www.radiopiu.net\/wordpress\/wp-content\/uploads\/2024\/07\/b984cf06-49e8-4958-bc23-c0d66e45f366.jpg'><img loading=\"lazy\" decoding=\"async\" width=\"150\" height=\"150\" src=\"https:\/\/www.radiopiu.net\/wordpress\/wp-content\/uploads\/2024\/07\/b984cf06-49e8-4958-bc23-c0d66e45f366-150x150.jpg\" class=\"attachment-thumbnail size-thumbnail\" alt=\"\" aria-describedby=\"gallery-3-400399\" \/><\/a>\n\t\t\t\t<\/dt>\n\t\t\t\t\t<dd class='wp-caption-text gallery-caption' id='gallery-3-400399'>\n\t\t\t\t\tALL&#8217;HOTEL VILLA IMPERINA DI AGORDO\n\t\t\t\t\t<\/dd><\/dl><dl class='gallery-item'>\n\t\t\t\t<dt class='gallery-icon portrait'>\n\t\t\t\t\t<a class=\"rollover rollover-zoom dt-pswp-item\" title=\"LOC_A3_MOSTRA-RADIO_CMVI\" data-dt-img-description=\"\" data-large_image_width=\"1816\" data-large_image_height=\"2560\"href='https:\/\/www.radiopiu.net\/wordpress\/wp-content\/uploads\/2024\/08\/LOC_A3_MOSTRA-RADIO_CMVI-scaled.jpg'><img loading=\"lazy\" decoding=\"async\" width=\"150\" height=\"150\" src=\"https:\/\/www.radiopiu.net\/wordpress\/wp-content\/uploads\/2024\/08\/LOC_A3_MOSTRA-RADIO_CMVI-150x150.jpg\" class=\"attachment-thumbnail size-thumbnail\" alt=\"\" aria-describedby=\"gallery-3-403450\" \/><\/a>\n\t\t\t\t<\/dt>\n\t\t\t\t\t<dd class='wp-caption-text gallery-caption' id='gallery-3-403450'>\n\t\t\t\t\tLA MOSTRA DELLE RADIO IN VALLE IMPERINA\n\t\t\t\t\t<\/dd><\/dl><dl class='gallery-item'>\n\t\t\t\t<dt class='gallery-icon portrait'>\n\t\t\t\t\t<a class=\"rollover rollover-zoom dt-pswp-item\" title=\"ARSON CORSO\" data-dt-img-description=\"\" data-large_image_width=\"671\" data-large_image_height=\"756\"href='https:\/\/www.radiopiu.net\/wordpress\/wp-content\/uploads\/2024\/08\/ARSON-CORSO.png'><img loading=\"lazy\" decoding=\"async\" width=\"150\" height=\"150\" src=\"https:\/\/www.radiopiu.net\/wordpress\/wp-content\/uploads\/2024\/08\/ARSON-CORSO-150x150.png\" class=\"attachment-thumbnail size-thumbnail\" alt=\"\" aria-describedby=\"gallery-3-403730\" \/><\/a>\n\t\t\t\t<\/dt>\n\t\t\t\t\t<dd class='wp-caption-text gallery-caption' id='gallery-3-403730'>\n\t\t\t\t\tCORSO DI FOTOGRAFIA A FELTRE\n\t\t\t\t\t<\/dd><\/dl><dl class='gallery-item'>\n\t\t\t\t<dt class='gallery-icon portrait'>\n\t\t\t\t\t<a class=\"rollover rollover-zoom dt-pswp-item\" title=\"download\" data-dt-img-description=\"\" data-large_image_width=\"600\" data-large_image_height=\"849\"href='https:\/\/www.radiopiu.net\/wordpress\/wp-content\/uploads\/2024\/08\/download.jpg'><img loading=\"lazy\" decoding=\"async\" width=\"150\" height=\"150\" src=\"https:\/\/www.radiopiu.net\/wordpress\/wp-content\/uploads\/2024\/08\/download-150x150.jpg\" class=\"attachment-thumbnail size-thumbnail\" alt=\"\" aria-describedby=\"gallery-3-404972\" \/><\/a>\n\t\t\t\t<\/dt>\n\t\t\t\t\t<dd class='wp-caption-text gallery-caption' id='gallery-3-404972'>\n\t\t\t\t\tPROLOCO SEDICO\n\t\t\t\t\t<\/dd><\/dl><br style=\"clear: both\" \/><dl class='gallery-item'>\n\t\t\t\t<dt class='gallery-icon landscape'>\n\t\t\t\t\t<a class=\"rollover rollover-zoom dt-pswp-item\" title=\"b46872fc-6ed8-4cb8-ab0d-ce6542b9bbc5\" data-dt-img-description=\"\" data-large_image_width=\"1518\" data-large_image_height=\"1142\"href='https:\/\/www.radiopiu.net\/wordpress\/wp-content\/uploads\/2024\/08\/b46872fc-6ed8-4cb8-ab0d-ce6542b9bbc5.jpg'><img loading=\"lazy\" decoding=\"async\" width=\"150\" height=\"150\" src=\"https:\/\/www.radiopiu.net\/wordpress\/wp-content\/uploads\/2024\/08\/b46872fc-6ed8-4cb8-ab0d-ce6542b9bbc5-150x150.jpg\" class=\"attachment-thumbnail size-thumbnail\" alt=\"\" aria-describedby=\"gallery-3-404968\" \/><\/a>\n\t\t\t\t<\/dt>\n\t\t\t\t\t<dd class='wp-caption-text gallery-caption' id='gallery-3-404968'>\n\t\t\t\t\tCORRI POI.. ULTIMA TAPPA\n\t\t\t\t\t<\/dd><\/dl><dl class='gallery-item'>\n\t\t\t\t<dt class='gallery-icon portrait'>\n\t\t\t\t\t<a class=\"rollover rollover-zoom dt-pswp-item\" title=\"c4009_Tour_Forestale_PEFC_Tappa_Col_di_Lana\" data-dt-img-description=\"\" data-large_image_width=\"1020\" data-large_image_height=\"1446\"href='https:\/\/www.radiopiu.net\/wordpress\/wp-content\/uploads\/2024\/08\/c4009_Tour_Forestale_PEFC_Tappa_Col_di_Lana.png'><img loading=\"lazy\" decoding=\"async\" width=\"150\" height=\"150\" src=\"https:\/\/www.radiopiu.net\/wordpress\/wp-content\/uploads\/2024\/08\/c4009_Tour_Forestale_PEFC_Tappa_Col_di_Lana-150x150.png\" class=\"attachment-thumbnail size-thumbnail\" alt=\"\" aria-describedby=\"gallery-3-405046\" \/><\/a>\n\t\t\t\t<\/dt>\n\t\t\t\t\t<dd class='wp-caption-text gallery-caption' id='gallery-3-405046'>\n\t\t\t\t\tCON UNCEM A LIVINALLONGO\n\t\t\t\t\t<\/dd><\/dl><dl class='gallery-item'>\n\t\t\t\t<dt class='gallery-icon portrait'>\n\t\t\t\t\t<a class=\"rollover rollover-zoom dt-pswp-item\" title=\"15cc3792-c042-4781-b8d1-ba97bd2076f6\" data-dt-img-description=\"\" data-large_image_width=\"1200\" data-large_image_height=\"1600\"href='https:\/\/www.radiopiu.net\/wordpress\/wp-content\/uploads\/2024\/08\/15cc3792-c042-4781-b8d1-ba97bd2076f6.jpg'><img loading=\"lazy\" decoding=\"async\" width=\"150\" height=\"150\" src=\"https:\/\/www.radiopiu.net\/wordpress\/wp-content\/uploads\/2024\/08\/15cc3792-c042-4781-b8d1-ba97bd2076f6-150x150.jpg\" class=\"attachment-thumbnail size-thumbnail\" alt=\"\" aria-describedby=\"gallery-3-407295\" \/><\/a>\n\t\t\t\t<\/dt>\n\t\t\t\t\t<dd class='wp-caption-text gallery-caption' id='gallery-3-407295'>\n\t\t\t\t\tFORMULA TRE A BELLUNO\n\t\t\t\t\t<\/dd><\/dl><dl class='gallery-item'>\n\t\t\t\t<dt class='gallery-icon portrait'>\n\t\t\t\t\t<a class=\"rollover rollover-zoom dt-pswp-item\" title=\"b86de4c5-5b5b-48bf-9ef3-474a2f99c215\" data-dt-img-description=\"\" data-large_image_width=\"899\" data-large_image_height=\"1599\"href='https:\/\/www.radiopiu.net\/wordpress\/wp-content\/uploads\/2024\/08\/b86de4c5-5b5b-48bf-9ef3-474a2f99c215.jpg'><img loading=\"lazy\" decoding=\"async\" width=\"150\" height=\"150\" src=\"https:\/\/www.radiopiu.net\/wordpress\/wp-content\/uploads\/2024\/08\/b86de4c5-5b5b-48bf-9ef3-474a2f99c215-150x150.jpg\" class=\"attachment-thumbnail size-thumbnail\" alt=\"\" aria-describedby=\"gallery-3-407464\" \/><\/a>\n\t\t\t\t<\/dt>\n\t\t\t\t\t<dd class='wp-caption-text gallery-caption' id='gallery-3-407464'>\n\t\t\t\t\tALL&#8217;OHPERBACCO DI CENCENIGHE\n\t\t\t\t\t<\/dd><\/dl><br style=\"clear: both\" \/>\n\t\t\t<\/div>\n\n<p>&nbsp;<\/p>\n<\/div>\n<\/div>\n<\/div>\n<div><\/div>\n<p>&nbsp;<\/p>\n<hr \/>\n<p>&nbsp;<\/p>\n<p><a class=\"dt-pswp-item\" href=\"https:\/\/www.radiopiu.net\/wordpress\/wp-content\/uploads\/2018\/09\/viabilita.jpeg\" data-dt-img-description=\"\" data-large_image_width=\"800\" data-large_image_height=\"100\"><img loading=\"lazy\" decoding=\"async\" class=\"aligncenter wp-image-61954 size-full\" src=\"https:\/\/www.radiopiu.net\/wordpress\/wp-content\/uploads\/2018\/09\/viabilita.jpeg\" alt=\"\" width=\"800\" height=\"100\" srcset=\"https:\/\/www.radiopiu.net\/wordpress\/wp-content\/uploads\/2018\/09\/viabilita.jpeg 800w, https:\/\/www.radiopiu.net\/wordpress\/wp-content\/uploads\/2018\/09\/viabilita-300x38.jpeg 300w, https:\/\/www.radiopiu.net\/wordpress\/wp-content\/uploads\/2018\/09\/viabilita-768x96.jpeg 768w\" sizes=\"auto, (max-width: 800px) 100vw, 800px\" \/><\/a><\/p>\n<p>&nbsp;<\/p>\n<p><a class=\"dt-pswp-item\" href=\"https:\/\/www.radiopiu.net\/wordpress\/wp-content\/uploads\/2023\/12\/botol-car-service.jpg\" data-dt-img-description=\"\" data-large_image_width=\"600\" data-large_image_height=\"600\"><img loading=\"lazy\" decoding=\"async\" class=\"size-medium wp-image-367044 aligncenter\" src=\"https:\/\/www.radiopiu.net\/wordpress\/wp-content\/uploads\/2023\/12\/botol-car-service-300x300.jpg\" alt=\"\" width=\"300\" height=\"300\" srcset=\"https:\/\/www.radiopiu.net\/wordpress\/wp-content\/uploads\/2023\/12\/botol-car-service-300x300.jpg 300w, https:\/\/www.radiopiu.net\/wordpress\/wp-content\/uploads\/2023\/12\/botol-car-service-150x150.jpg 150w, https:\/\/www.radiopiu.net\/wordpress\/wp-content\/uploads\/2023\/12\/botol-car-service.jpg 600w\" sizes=\"auto, (max-width: 300px) 100vw, 300px\" \/><\/a><\/p>\n<p>&nbsp;<\/p>\n<p>&nbsp;<\/p>\n<h1>BOLLETTINO QUOTIDIANO, CLICCA QUI<\/h1>\n<blockquote class=\"wp-embedded-content\" data-secret=\"MuVDjoiepJ\"><p><a href=\"https:\/\/www.radiopiu.net\/wordpress\/viabilita-2\/\">viabilita<\/a><\/p><\/blockquote>\n<p><iframe loading=\"lazy\" class=\"wp-embedded-content\" sandbox=\"allow-scripts\" security=\"restricted\" style=\"position: absolute; visibility: hidden;\" title=\"&#8220;viabilita&#8221; &#8212; Radio Pi\u00f9\" src=\"https:\/\/www.radiopiu.net\/wordpress\/viabilita-2\/embed\/#?secret=4AyEyVReEJ#?secret=MuVDjoiepJ\" data-secret=\"MuVDjoiepJ\" width=\"600\" height=\"338\" frameborder=\"0\" marginwidth=\"0\" marginheight=\"0\" scrolling=\"no\"><\/iframe><\/p>\n<p>&nbsp;<\/p>\n<p>&nbsp;<\/p>\n<hr \/>\n<p>&nbsp;<\/p>\n<p><a class=\"dt-pswp-item\" href=\"https:\/\/www.radiopiu.net\/wordpress\/wp-content\/uploads\/2018\/09\/WhatsApp-Image-2018-09-20-at-16.04.06.jpeg\" data-dt-img-description=\"\" data-large_image_width=\"800\" data-large_image_height=\"100\"><img loading=\"lazy\" decoding=\"async\" class=\"wp-image-61378 size-full aligncenter\" src=\"https:\/\/www.radiopiu.net\/wordpress\/wp-content\/uploads\/2018\/09\/WhatsApp-Image-2018-09-20-at-16.04.06.jpeg\" alt=\"\" width=\"800\" height=\"100\" srcset=\"https:\/\/www.radiopiu.net\/wordpress\/wp-content\/uploads\/2018\/09\/WhatsApp-Image-2018-09-20-at-16.04.06.jpeg 800w, https:\/\/www.radiopiu.net\/wordpress\/wp-content\/uploads\/2018\/09\/WhatsApp-Image-2018-09-20-at-16.04.06-300x38.jpeg 300w, https:\/\/www.radiopiu.net\/wordpress\/wp-content\/uploads\/2018\/09\/WhatsApp-Image-2018-09-20-at-16.04.06-768x96.jpeg 768w\" sizes=\"auto, (max-width: 800px) 100vw, 800px\" \/><\/a><\/p>\n<p><center><\/center><center><\/center><center><\/center><center><\/center><center><\/center><center><\/center>&nbsp;<\/p>\n<p><center><\/center><center><b>OGGI<\/b><\/center>Al mattino sereno o poco nuvoloso per velature del cielo. Al pomeriggio parziale riduzione del soleggiamento per consueta attivit\u00e0 cumuliforme perlopi\u00f9 irregolare, associata a qualche fenomeno termo-convettivo. Contesto termico sempre relativamente caldo per il periodo.<br \/>\n<b>Precipitazioni: <\/b>Al mattino assenti. Al pomeriggio e in serata probabilit\u00e0 medio bassa di qualche rovescio o temporale, pi\u00f9 probabile sulle Dolomiti, meno sulle Prealpi.<br \/>\n<b>Temperature: <\/b>Minime stazionarie e massime in lieve calo<\/p>\n<hr \/>\n<p><center><b>DOMANI<\/b><\/center>Al mattino sereno o poco nuvoloso, dal mezzogiorno in poi modesta o al pi\u00f9 moderata nuvolosit\u00e0 cumuliforme, associata a qualche fenomeno termo-convettivo. Contesto termico sempre estivo pi\u00f9 che tardo-estivo, nonostante la riduzione del soleggiamento pomeridiano.<br \/>\n<b>Precipitazioni: <\/b>Al mattino assenti. Al pomeriggio e in serata probabilit\u00e0 medio-bassa di qualche rovescio o temporale, pi\u00f9 probabile sulle Dolomiti, pi\u00f9 localizzato o spesso del tutto assente sulle Prealpi<br \/>\n<b>Temperature: <\/b>Senza notevoli variazioni rispetto a luned\u00ec.<\/p>\n<hr \/>\n<p><center><b>MERCOLEDI<\/b><\/center>Al mattino sole e nubi alte; al pomeriggio maggiore presenza di nubi medie, assieme alla solita attivit\u00e0 cumuliforme, associata a qualche fenomeno d&#8217;instabilit\u00e0, specie sui settori occidentale, per maggiore vicinanza rispetto al minimo di pressione posizionato su golfo del Leone. Temperature minime stazionarie e massime in leggera flessione.<\/p>\n<hr \/>\n<p><center><b>GIOVEDI<\/b><\/center>Di nuovo maggiormente soleggiato e pi\u00f9 stabile con cielo sereno al mattino, salvo nubi medie sui settori occidentali. Al pomeriggio sole e modesta attivit\u00e0 cumuliforme. Lieve calo temperature minime, almeno nelle valli, e generale rialzo delle massime<\/p>\n<p>&nbsp;<\/p>\n<hr \/>\n<p>&nbsp;<\/p>\n<p><a class=\"dt-pswp-item\" href=\"https:\/\/www.radiopiu.net\/wordpress\/wp-content\/uploads\/2018\/09\/sport.jpg\" data-dt-img-description=\"\" data-large_image_width=\"800\" data-large_image_height=\"100\"><img loading=\"lazy\" decoding=\"async\" class=\"aligncenter wp-image-60761 size-full\" src=\"https:\/\/www.radiopiu.net\/wordpress\/wp-content\/uploads\/2018\/09\/sport.jpg\" alt=\"\" width=\"800\" height=\"100\" srcset=\"https:\/\/www.radiopiu.net\/wordpress\/wp-content\/uploads\/2018\/09\/sport.jpg 800w, https:\/\/www.radiopiu.net\/wordpress\/wp-content\/uploads\/2018\/09\/sport-300x38.jpg 300w, https:\/\/www.radiopiu.net\/wordpress\/wp-content\/uploads\/2018\/09\/sport-768x96.jpg 768w\" sizes=\"auto, (max-width: 800px) 100vw, 800px\" \/><\/a><\/p>\n<p>&nbsp;<\/p>\n<p><span style=\"color: #0000ff;\"><strong>CALCIO<\/strong><\/span><\/p>\n<blockquote>\n<h3>OTTIMO ESORDIO PER L&#8217;AGORDINA CHE BATTE IL PIAVE IN COPPA DOLOMITI<\/h3>\n<\/blockquote>\n<p><strong><a class=\"dt-pswp-item\" href=\"https:\/\/www.radiopiu.net\/wordpress\/wp-content\/uploads\/2024\/09\/7dfe54c9-a606-4e0f-a215-10c07a056482.jpg\" data-dt-img-description=\"\" data-large_image_width=\"1600\" data-large_image_height=\"1049\"><img loading=\"lazy\" decoding=\"async\" class=\" wp-image-407690 alignleft\" src=\"https:\/\/www.radiopiu.net\/wordpress\/wp-content\/uploads\/2024\/09\/7dfe54c9-a606-4e0f-a215-10c07a056482-300x197.jpg\" alt=\"\" width=\"199\" height=\"131\" srcset=\"https:\/\/www.radiopiu.net\/wordpress\/wp-content\/uploads\/2024\/09\/7dfe54c9-a606-4e0f-a215-10c07a056482-300x197.jpg 300w, https:\/\/www.radiopiu.net\/wordpress\/wp-content\/uploads\/2024\/09\/7dfe54c9-a606-4e0f-a215-10c07a056482-1024x671.jpg 1024w, https:\/\/www.radiopiu.net\/wordpress\/wp-content\/uploads\/2024\/09\/7dfe54c9-a606-4e0f-a215-10c07a056482-768x504.jpg 768w, https:\/\/www.radiopiu.net\/wordpress\/wp-content\/uploads\/2024\/09\/7dfe54c9-a606-4e0f-a215-10c07a056482-1536x1007.jpg 1536w, https:\/\/www.radiopiu.net\/wordpress\/wp-content\/uploads\/2024\/09\/7dfe54c9-a606-4e0f-a215-10c07a056482.jpg 1600w\" sizes=\"auto, (max-width: 199px) 100vw, 199px\" \/><\/a>PIAVE &#8211; AGORDINA 0-2<\/strong><\/p>\n<p>GOL AGORDINA: Stefano De Col\u00f2, Yari Tarquini<\/p>\n<p>Nella prima partita della stagione valida per la Coppa Dolomiti, l&#8217;Agordina ha affrontato il Piave a Salce in condizioni climatiche calde e su un campo non ottimale. Nel primo tempo, l&#8217;Agordina ha faticato a gestire il possesso palla e a imporsi sull&#8217;avversario, con la partita che \u00e8 rimasta in equilibrio. Nella ripresa, la squadra guidata da Elvio Chiea ha migliorato la gestione del gioco, portandosi in vantaggio con un gol di Stefano De Colo, servito da Ruben Dal Don. Poco dopo, Yari Tarquini ha fissato il punteggio sul 2-0, sigillando la vittoria. Nonostante la vittoria, la squadra ha ancora margini di miglioramento in termini di automatismi e condizione fisica.<\/p>\n<p>&nbsp;<\/p>\n<p><span style=\"color: #0000ff;\"><strong>CORSA IN MONTAGNA<\/strong><\/span><\/p>\n<blockquote>\n<h3>MARCO FILOSI E&#8217; IL RE DELLA TRANSPEMO<\/h3>\n<\/blockquote>\n<p><a class=\"dt-pswp-item\" href=\"https:\/\/www.radiopiu.net\/wordpress\/wp-content\/uploads\/2024\/09\/transpelmo2024_ARRIVO-MARCO-FILOSI-VINCITORE_@RobertoDePellegrin_-scaled.jpg\" data-dt-img-description=\"\" data-large_image_width=\"2560\" data-large_image_height=\"1707\"><img loading=\"lazy\" decoding=\"async\" class=\" wp-image-407679 alignleft\" src=\"https:\/\/www.radiopiu.net\/wordpress\/wp-content\/uploads\/2024\/09\/transpelmo2024_ARRIVO-MARCO-FILOSI-VINCITORE_@RobertoDePellegrin_-300x200.jpg\" alt=\"\" width=\"192\" height=\"128\" srcset=\"https:\/\/www.radiopiu.net\/wordpress\/wp-content\/uploads\/2024\/09\/transpelmo2024_ARRIVO-MARCO-FILOSI-VINCITORE_@RobertoDePellegrin_-300x200.jpg 300w, https:\/\/www.radiopiu.net\/wordpress\/wp-content\/uploads\/2024\/09\/transpelmo2024_ARRIVO-MARCO-FILOSI-VINCITORE_@RobertoDePellegrin_-1024x683.jpg 1024w, https:\/\/www.radiopiu.net\/wordpress\/wp-content\/uploads\/2024\/09\/transpelmo2024_ARRIVO-MARCO-FILOSI-VINCITORE_@RobertoDePellegrin_-768x512.jpg 768w, https:\/\/www.radiopiu.net\/wordpress\/wp-content\/uploads\/2024\/09\/transpelmo2024_ARRIVO-MARCO-FILOSI-VINCITORE_@RobertoDePellegrin_-1536x1024.jpg 1536w, https:\/\/www.radiopiu.net\/wordpress\/wp-content\/uploads\/2024\/09\/transpelmo2024_ARRIVO-MARCO-FILOSI-VINCITORE_@RobertoDePellegrin_-2048x1365.jpg 2048w\" sizes=\"auto, (max-width: 192px) 100vw, 192px\" \/><\/a>La Transpelmo 2024, skyrun della Val di Zoldo con il Monte Pelmo come sfondo, ha visto la partecipazione di oltre mille atleti su un percorso di 19,5 km e 1.450 metri di dislivello. Marco Filosi ha vinto la gara maschile in 1h54&#8217;05&#8221;, seguito da Mattia Tanara e Luca Cagnati. Francesca Rusconi ha trionfato nella competizione femminile con 2h23&#8217;51&#8221;, davanti a Hannah Russel e Sara Campigotto. L&#8217;evento \u00e8 stato la finale italiana del circuito Golden Trail National Series, con i migliori qualificati per la Gran Final in Svizzera. L&#8217;organizzazione ha espresso grande soddisfazione per la riuscita della manifestazione, che ha coinvolto anche 200 giovani nella Zoldino Race.<\/p>\n<p>&nbsp;<\/p>\n<p><span style=\"color: #0000ff;\"><strong>BASKET<\/strong><\/span><\/p>\n<blockquote>\n<h3>IL VILLAGGIO DELLA REYER VENEZIA SULLA PIANA DI FALCADE<\/h3>\n<\/blockquote>\n<p><strong>FALCADE<\/strong> Un sabato di festa per i tifosi della Reyer Venezia. Sulla piana di Falcade i tifosi della squadra di basket veneziana si sono dati appuntamento per fare qualche foto con i loro beniamini.<\/p>\n<p><strong>FOTO DAL SITO REYER.IT<\/strong><\/p>\n\n\t\t\t<style type='text\/css'>\n\t\t\t\t#gallery-4 {\n\t\t\t\t\tmargin: auto;\n\t\t\t\t}\n\t\t\t\t#gallery-4 .gallery-item {\n\t\t\t\t\tfloat: left;\n\t\t\t\t\tmargin-top: 10px;\n\t\t\t\t\ttext-align: center;\n\t\t\t\t\twidth: 25%;\n\t\t\t\t}\n\t\t\t\t#gallery-4 img {\n\t\t\t\t\tborder: 2px solid #cfcfcf;\n\t\t\t\t}\n\t\t\t\t#gallery-4 .gallery-caption {\n\t\t\t\t\tmargin-left: 0;\n\t\t\t\t}\n\t\t\t\t\/* see gallery_shortcode() in wp-includes\/media.php *\/\n\t\t\t<\/style>\n\t\t<div id='gallery-4' class='dt-gallery-container gallery galleryid-407532 gallery-columns-4 gallery-size-medium'><dl class='gallery-item'>\n\t\t\t\t<dt class='gallery-icon landscape'>\n\t\t\t\t\t<a class=\"rollover rollover-zoom dt-pswp-item\" title=\"Screenshot\" data-dt-img-description=\"\" data-large_image_width=\"2172\" data-large_image_height=\"1444\"href='https:\/\/www.radiopiu.net\/wordpress\/wp-content\/uploads\/2024\/08\/tifosi-reyer-falcade-2024.jpg'><img loading=\"lazy\" decoding=\"async\" width=\"300\" height=\"199\" src=\"https:\/\/www.radiopiu.net\/wordpress\/wp-content\/uploads\/2024\/08\/tifosi-reyer-falcade-2024-300x199.jpg\" class=\"attachment-medium size-medium\" alt=\"\" srcset=\"https:\/\/www.radiopiu.net\/wordpress\/wp-content\/uploads\/2024\/08\/tifosi-reyer-falcade-2024-300x199.jpg 300w, https:\/\/www.radiopiu.net\/wordpress\/wp-content\/uploads\/2024\/08\/tifosi-reyer-falcade-2024-1024x681.jpg 1024w, https:\/\/www.radiopiu.net\/wordpress\/wp-content\/uploads\/2024\/08\/tifosi-reyer-falcade-2024-768x511.jpg 768w, https:\/\/www.radiopiu.net\/wordpress\/wp-content\/uploads\/2024\/08\/tifosi-reyer-falcade-2024-1536x1021.jpg 1536w, https:\/\/www.radiopiu.net\/wordpress\/wp-content\/uploads\/2024\/08\/tifosi-reyer-falcade-2024-2048x1362.jpg 2048w\" sizes=\"auto, (max-width: 300px) 100vw, 300px\" \/><\/a>\n\t\t\t\t<\/dt><\/dl><dl class='gallery-item'>\n\t\t\t\t<dt class='gallery-icon landscape'>\n\t\t\t\t\t<a class=\"rollover rollover-zoom dt-pswp-item\" title=\"Screenshot\" data-dt-img-description=\"\" data-large_image_width=\"2164\" data-large_image_height=\"1432\"href='https:\/\/www.radiopiu.net\/wordpress\/wp-content\/uploads\/2024\/08\/bimbo-reyer-falcade-2024.jpg'><img loading=\"lazy\" decoding=\"async\" width=\"300\" height=\"199\" src=\"https:\/\/www.radiopiu.net\/wordpress\/wp-content\/uploads\/2024\/08\/bimbo-reyer-falcade-2024-300x199.jpg\" class=\"attachment-medium size-medium\" alt=\"\" srcset=\"https:\/\/www.radiopiu.net\/wordpress\/wp-content\/uploads\/2024\/08\/bimbo-reyer-falcade-2024-300x199.jpg 300w, https:\/\/www.radiopiu.net\/wordpress\/wp-content\/uploads\/2024\/08\/bimbo-reyer-falcade-2024-1024x678.jpg 1024w, https:\/\/www.radiopiu.net\/wordpress\/wp-content\/uploads\/2024\/08\/bimbo-reyer-falcade-2024-768x508.jpg 768w, https:\/\/www.radiopiu.net\/wordpress\/wp-content\/uploads\/2024\/08\/bimbo-reyer-falcade-2024-1536x1016.jpg 1536w, https:\/\/www.radiopiu.net\/wordpress\/wp-content\/uploads\/2024\/08\/bimbo-reyer-falcade-2024-2048x1355.jpg 2048w\" sizes=\"auto, (max-width: 300px) 100vw, 300px\" \/><\/a>\n\t\t\t\t<\/dt><\/dl><dl class='gallery-item'>\n\t\t\t\t<dt class='gallery-icon landscape'>\n\t\t\t\t\t<a class=\"rollover rollover-zoom dt-pswp-item\" title=\"Screenshot\" data-dt-img-description=\"\" data-large_image_width=\"2164\" data-large_image_height=\"1444\"href='https:\/\/www.radiopiu.net\/wordpress\/wp-content\/uploads\/2024\/08\/ruota-reyer-falcade-2024.jpg'><img loading=\"lazy\" decoding=\"async\" width=\"300\" height=\"200\" src=\"https:\/\/www.radiopiu.net\/wordpress\/wp-content\/uploads\/2024\/08\/ruota-reyer-falcade-2024-300x200.jpg\" class=\"attachment-medium size-medium\" alt=\"\" srcset=\"https:\/\/www.radiopiu.net\/wordpress\/wp-content\/uploads\/2024\/08\/ruota-reyer-falcade-2024-300x200.jpg 300w, https:\/\/www.radiopiu.net\/wordpress\/wp-content\/uploads\/2024\/08\/ruota-reyer-falcade-2024-1024x683.jpg 1024w, https:\/\/www.radiopiu.net\/wordpress\/wp-content\/uploads\/2024\/08\/ruota-reyer-falcade-2024-768x512.jpg 768w, https:\/\/www.radiopiu.net\/wordpress\/wp-content\/uploads\/2024\/08\/ruota-reyer-falcade-2024-1536x1025.jpg 1536w, https:\/\/www.radiopiu.net\/wordpress\/wp-content\/uploads\/2024\/08\/ruota-reyer-falcade-2024-2048x1367.jpg 2048w\" sizes=\"auto, (max-width: 300px) 100vw, 300px\" \/><\/a>\n\t\t\t\t<\/dt><\/dl><dl class='gallery-item'>\n\t\t\t\t<dt class='gallery-icon landscape'>\n\t\t\t\t\t<a class=\"rollover rollover-zoom dt-pswp-item\" title=\"Screenshot\" data-dt-img-description=\"\" data-large_image_width=\"2168\" data-large_image_height=\"1444\"href='https:\/\/www.radiopiu.net\/wordpress\/wp-content\/uploads\/2024\/08\/simms-reyer-falcade-2024.jpg'><img loading=\"lazy\" decoding=\"async\" width=\"300\" height=\"200\" src=\"https:\/\/www.radiopiu.net\/wordpress\/wp-content\/uploads\/2024\/08\/simms-reyer-falcade-2024-300x200.jpg\" class=\"attachment-medium size-medium\" alt=\"\" srcset=\"https:\/\/www.radiopiu.net\/wordpress\/wp-content\/uploads\/2024\/08\/simms-reyer-falcade-2024-300x200.jpg 300w, https:\/\/www.radiopiu.net\/wordpress\/wp-content\/uploads\/2024\/08\/simms-reyer-falcade-2024-1024x682.jpg 1024w, https:\/\/www.radiopiu.net\/wordpress\/wp-content\/uploads\/2024\/08\/simms-reyer-falcade-2024-768x512.jpg 768w, https:\/\/www.radiopiu.net\/wordpress\/wp-content\/uploads\/2024\/08\/simms-reyer-falcade-2024-1536x1023.jpg 1536w, https:\/\/www.radiopiu.net\/wordpress\/wp-content\/uploads\/2024\/08\/simms-reyer-falcade-2024-2048x1364.jpg 2048w\" sizes=\"auto, (max-width: 300px) 100vw, 300px\" \/><\/a>\n\t\t\t\t<\/dt><\/dl><br style=\"clear: both\" \/>\n\t\t\t<\/div>\n\n<p><strong>IL VIDEO<\/strong><\/p>\n<div style=\"width: 848px;\" class=\"wp-video\"><video class=\"wp-video-shortcode\" id=\"video-407532-3\" width=\"848\" height=\"480\" preload=\"metadata\" controls=\"controls\"><source type=\"video\/mp4\" src=\"https:\/\/www.radiopiu.net\/wordpress\/wp-content\/uploads\/2024\/08\/WhatsApp-Video-2024-08-31-at-14.13.33.mp4?_=3\" \/><a href=\"https:\/\/www.radiopiu.net\/wordpress\/wp-content\/uploads\/2024\/08\/WhatsApp-Video-2024-08-31-at-14.13.33.mp4\">https:\/\/www.radiopiu.net\/wordpress\/wp-content\/uploads\/2024\/08\/WhatsApp-Video-2024-08-31-at-14.13.33.mp4<\/a><\/video><\/div>\n<p>&nbsp;<\/p>\n<blockquote>\n<h3>L&#8217;ARRIVO DELLA REYER VENEZIA FEMMINILE A FALCADE<\/h3>\n<\/blockquote>\n<p><strong>FALCADE\u00a0<\/strong>Dopo il ritiro della squadra maschile, anche la Reyer Venezia Femminile fa il suo arrivo a Falcade per una settimana di ritiro pre campionato. Le ragazze faranno tappa in Agordino per prepararsi al meglio in vista della prossima stagione alle porte.<\/p>\n<p><strong>LA DIRETTA RADIO PIU&#8217;<\/strong><\/p>\n<p><iframe loading=\"lazy\" title=\"Diretta Radio Piu\" width=\"1200\" height=\"675\" src=\"https:\/\/www.youtube.com\/embed\/CA2RSq_rh9g?feature=oembed\" frameborder=\"0\" allow=\"accelerometer; autoplay; clipboard-write; encrypted-media; gyroscope; picture-in-picture; web-share\" referrerpolicy=\"strict-origin-when-cross-origin\" allowfullscreen><\/iframe><\/p>\n<p>&nbsp;<\/p>\n<p>&nbsp;<\/p>\n<p>&nbsp;<\/p>\n<p>&nbsp;<\/p>\n<blockquote class=\"wp-embedded-content\" data-secret=\"GP6OVpr01g\"><p><a href=\"https:\/\/www.radiopiu.net\/wordpress\/quando-nel-2005-venne-rilanciata-la-16-comuni\/\">QUANDO NEL 2005 VENNE RILANCIATA LA 16 COMUNI<\/a><\/p><\/blockquote>\n<p><iframe loading=\"lazy\" class=\"wp-embedded-content\" sandbox=\"allow-scripts\" security=\"restricted\" style=\"position: absolute; visibility: hidden;\" title=\"&#8220;QUANDO NEL 2005 VENNE RILANCIATA LA 16 COMUNI&#8221; &#8212; Radio Pi\u00f9\" src=\"https:\/\/www.radiopiu.net\/wordpress\/quando-nel-2005-venne-rilanciata-la-16-comuni\/embed\/#?secret=jr4NtGTpO2#?secret=GP6OVpr01g\" data-secret=\"GP6OVpr01g\" width=\"600\" height=\"338\" frameborder=\"0\" marginwidth=\"0\" marginheight=\"0\" scrolling=\"no\"><\/iframe><\/p>\n<p>&nbsp;<\/p>\n<p>&nbsp;<\/p>\n<p>&nbsp;<\/p>\n<p>&nbsp;<\/p>\n<p>&nbsp;<\/p>\n","protected":false},"excerpt":{"rendered":"<p>****** &nbsp; RADIO PIU&#8217;&#8230; IN DAB NEL VENETO! STIAMO PER ESTENDERE LA RETE, NUOVA RIPETIZIONE DEL SEGNALE A VENEZIA &nbsp; &nbsp; ATTENZIONE: LA NUOVA APP PER IOS-IPHONE di Nicola Vettorello https:\/\/apps.apple.com\/it\/app\/radio-pi%C3%B9-emittente-agordina\/id1515939845 ATTENZIONE: LA NUOVA APP RADIO\u00a0 PER ANDROID di Nicola Vettorello https:\/\/play.google.com\/store\/apps\/details?id=net.radiopiu.iniko\u00a0\u00a0\u00a0 &nbsp; &nbsp; &nbsp; OGGI ALLA RADIO&#8230;. ALLE 4 E ALLE 6 LE NOTIZIE&hellip;<\/p>\n","protected":false},"author":4,"featured_media":407709,"comment_status":"closed","ping_status":"closed","sticky":false,"template":"","format":"standard","meta":{"_monsterinsights_skip_tracking":false,"_monsterinsights_sitenote_active":false,"_monsterinsights_sitenote_note":"","_monsterinsights_sitenote_category":0,"footnotes":""},"categories":[51,86,49],"tags":[],"class_list":["post-407532","post","type-post","status-publish","format-standard","has-post-thumbnail","hentry","category-evidenza-top","category-gr","category-news-18","category-51","category-86","category-49","description-off"],"img_url":"https:\/\/www.radiopiu.net\/wordpress\/wp-content\/uploads\/2024\/09\/8d43236d-9141-4bed-8d6d-e3faf45ffb57.jpg","_links":{"self":[{"href":"https:\/\/www.radiopiu.net\/wordpress\/wp-json\/wp\/v2\/posts\/407532","targetHints":{"allow":["GET"]}}],"collection":[{"href":"https:\/\/www.radiopiu.net\/wordpress\/wp-json\/wp\/v2\/posts"}],"about":[{"href":"https:\/\/www.radiopiu.net\/wordpress\/wp-json\/wp\/v2\/types\/post"}],"author":[{"embeddable":true,"href":"https:\/\/www.radiopiu.net\/wordpress\/wp-json\/wp\/v2\/users\/4"}],"replies":[{"embeddable":true,"href":"https:\/\/www.radiopiu.net\/wordpress\/wp-json\/wp\/v2\/comments?post=407532"}],"version-history":[{"count":33,"href":"https:\/\/www.radiopiu.net\/wordpress\/wp-json\/wp\/v2\/posts\/407532\/revisions"}],"predecessor-version":[{"id":407719,"href":"https:\/\/www.radiopiu.net\/wordpress\/wp-json\/wp\/v2\/posts\/407532\/revisions\/407719"}],"wp:featuredmedia":[{"embeddable":true,"href":"https:\/\/www.radiopiu.net\/wordpress\/wp-json\/wp\/v2\/media\/407709"}],"wp:attachment":[{"href":"https:\/\/www.radiopiu.net\/wordpress\/wp-json\/wp\/v2\/media?parent=407532"}],"wp:term":[{"taxonomy":"category","embeddable":true,"href":"https:\/\/www.radiopiu.net\/wordpress\/wp-json\/wp\/v2\/categories?post=407532"},{"taxonomy":"post_tag","embeddable":true,"href":"https:\/\/www.radiopiu.net\/wordpress\/wp-json\/wp\/v2\/tags?post=407532"}],"curies":[{"name":"wp","href":"https:\/\/api.w.org\/{rel}","templated":true}]}}