{"id":407543,"date":"2024-08-31T08:51:01","date_gmt":"2024-08-31T06:51:01","guid":{"rendered":"https:\/\/www.radiopiu.net\/wordpress\/?p=407543"},"modified":"2024-08-31T08:51:01","modified_gmt":"2024-08-31T06:51:01","slug":"veneto-abbiamo-i-lavoratori-dipendenti-piu-sani-ditalia","status":"publish","type":"post","link":"https:\/\/www.radiopiu.net\/wordpress\/veneto-abbiamo-i-lavoratori-dipendenti-piu-sani-ditalia\/","title":{"rendered":"VENETO: ABBIAMO I LAVORATORI DIPENDENTI PIU\u2019 SANI D\u2019ITALIA"},"content":{"rendered":"<p>Al pari dei colleghi dell\u2019Emilia Romagna, i lavoratori dipendenti del Veneto sono i pi\u00f9 sani d\u2019Italia. L\u2019anno scorso sono rimasti a casa per malattia 7,8 giornate, contro un dato medio nazionale di 8,5. Ness<a class=\"dt-pswp-item\" href=\"https:\/\/www.radiopiu.net\/wordpress\/wp-content\/uploads\/2024\/08\/Schermata-2024-08-31-alle-08.44.08.png\" data-dt-img-description=\"\" data-large_image_width=\"1302\" data-large_image_height=\"1578\"><img loading=\"lazy\" decoding=\"async\" class=\"size-medium wp-image-407545 alignleft\" src=\"https:\/\/www.radiopiu.net\/wordpress\/wp-content\/uploads\/2024\/08\/Schermata-2024-08-31-alle-08.44.08-248x300.png\" alt=\"\" width=\"248\" height=\"300\" srcset=\"https:\/\/www.radiopiu.net\/wordpress\/wp-content\/uploads\/2024\/08\/Schermata-2024-08-31-alle-08.44.08-248x300.png 248w, https:\/\/www.radiopiu.net\/wordpress\/wp-content\/uploads\/2024\/08\/Schermata-2024-08-31-alle-08.44.08-845x1024.png 845w, https:\/\/www.radiopiu.net\/wordpress\/wp-content\/uploads\/2024\/08\/Schermata-2024-08-31-alle-08.44.08-768x931.png 768w, https:\/\/www.radiopiu.net\/wordpress\/wp-content\/uploads\/2024\/08\/Schermata-2024-08-31-alle-08.44.08-1267x1536.png 1267w, https:\/\/www.radiopiu.net\/wordpress\/wp-content\/uploads\/2024\/08\/Schermata-2024-08-31-alle-08.44.08.png 1302w\" sizes=\"auto, (max-width: 248px) 100vw, 248px\" \/><\/a>una delle altre 18 realt\u00e0 territoriali monitorate in questo studio pu\u00f2 contare su un numero di assenze inferiore. Rispetto alla Calabria, che \u00e8 la regione dove i dipendenti risultano essere i pi\u00f9 \u201cacciaccati\u201d d\u2019Italia, le assenze degli occupati del Veneto e dell\u2019Emilia Romagna sono pari alla met\u00e0. Nella nostra regione, inoltre, nel settore privato la media \u00e8 stata di 7,8 giorni, nel pubblico, invece, 8,2. Come per tutte le altre realt\u00e0 prese in esame, rispetto al 2017 anche in Veneto sia nel pubblico che nel privato le giornate medie di malattia sono scese: nel primo caso del 13 per cento e nel secondo caso del 16 per cento (vedi Tab. 1).<\/p>\n<p><strong>Questi risultati sono emersi da un\u2019analisi condotta dall\u2019Ufficio studi della CGIA su dati INPS.<\/strong><\/p>\n<p><strong>Boom di certificati medici: +942mila rispetto al 2017<\/strong><br \/>\nNel 2023 i lavoratori dipendenti del Veneto hanno presentato 2.808.496 certificati medici, di cui 455.022 in capo ai dipendenti pubblici e 2.353.474 ai dipendenti privati. Rispetto al 2017 il dato, come del resto \u00e8 successo in tutte le altre regioni, \u00e8 in forte aumento. Se il valore medio totale \u00e8 cresciuto del 50 per cento (+942.295 certificati), tra i dipendenti pubblici \u00e8 salito del 29 per cento (+103.507), ma tra i privati addirittura del 55 per cento (+838.788). Pertanto, da questi dati emerge la tendenza che ci si ammala pi\u00f9 spesso, ma con tempi di guarigione pi\u00f9 brevi rispetto a qualche anno fa (vedi Tab. 2).<\/p>\n<p><strong>In Calabria abbiamo i lavoratori pi\u00f9 acciaccati d\u2019Italia<\/strong><br \/>\nCome dicevamo pi\u00f9 sopra, dall\u2019analisi del numero di giorni di malattia registrato nel 2023, in Italia il dato medio \u00e8 stato pari a 8,5; se nel settore pubblico si \u00e8 attestato a 8,3, nel privato \u00e8 stato leggermente superiore e pari a 8,6. In tutti i casi, comunque, rispetto al 2017 la situazione \u00e8 in netto miglioramento: il dato medio nazionale, ad esempio, \u00e8 sceso del 16 per cento. Le differenze a livello regionale sono comunque molto marcate. La regione dove i lavoratori sono pi\u00f9 \u201cacciaccati\u201d \u00e8 la Calabria; chi si \u00e8 ammalato \u00e8 rimasto a casa <a class=\"dt-pswp-item\" href=\"https:\/\/www.radiopiu.net\/wordpress\/wp-content\/uploads\/2024\/08\/Schermata-2024-08-31-alle-08.45.13.png\" data-dt-img-description=\"\" data-large_image_width=\"796\" data-large_image_height=\"1365\"><img loading=\"lazy\" decoding=\"async\" class=\"size-medium wp-image-407544 alignleft\" src=\"https:\/\/www.radiopiu.net\/wordpress\/wp-content\/uploads\/2024\/08\/Schermata-2024-08-31-alle-08.45.13-175x300.png\" alt=\"\" width=\"175\" height=\"300\" srcset=\"https:\/\/www.radiopiu.net\/wordpress\/wp-content\/uploads\/2024\/08\/Schermata-2024-08-31-alle-08.45.13-175x300.png 175w, https:\/\/www.radiopiu.net\/wordpress\/wp-content\/uploads\/2024\/08\/Schermata-2024-08-31-alle-08.45.13-597x1024.png 597w, https:\/\/www.radiopiu.net\/wordpress\/wp-content\/uploads\/2024\/08\/Schermata-2024-08-31-alle-08.45.13-768x1317.png 768w, https:\/\/www.radiopiu.net\/wordpress\/wp-content\/uploads\/2024\/08\/Schermata-2024-08-31-alle-08.45.13.png 796w\" sizes=\"auto, (max-width: 175px) 100vw, 175px\" \/><\/a>mediamente 15,3 giorni (9,6 giorni l\u2019assenza dei dipendenti pubblici e ben 18,8 degli occupati nel privato). Praticamente il doppio di quanto registrato in Emilia Romagna e in Veneto, che, invece, hanno entrambe \u201ccumulato\u201d 7,8 giornate medie di malattia. Dopo la Calabria, i lavoratori pi\u00f9 \u201cmalaticci\u201d d\u2019Italia sono quelli della Basilicata con 10,2 giornate medie di assenza. Seguono gli occupati della Valle d\u2019Aosta con 9,7, quelli della Sardegna con 9,6 e quelli del Molise con 9,4. Rispetto al 2017, in tutte le regioni il numero delle giornate medie di assenza per malattia \u00e8 in calo, con punte del -20 per cento proprio nel Mezzogiorno (addirittura -23 per cento in Calabria).<\/p>\n","protected":false},"excerpt":{"rendered":"<p>Al pari dei colleghi dell\u2019Emilia Romagna, i lavoratori dipendenti del Veneto sono i pi\u00f9 sani d\u2019Italia. L\u2019anno scorso sono rimasti a casa per malattia 7,8 giornate, contro un dato medio nazionale di 8,5. Nessuna delle altre 18 realt\u00e0 territoriali monitorate in questo studio pu\u00f2 contare su un numero di assenze inferiore. Rispetto alla Calabria, che&hellip;<\/p>\n","protected":false},"author":2,"featured_media":407546,"comment_status":"closed","ping_status":"closed","sticky":false,"template":"","format":"standard","meta":{"_monsterinsights_skip_tracking":false,"_monsterinsights_sitenote_active":false,"_monsterinsights_sitenote_note":"","_monsterinsights_sitenote_category":0,"footnotes":""},"categories":[49],"tags":[],"class_list":["post-407543","post","type-post","status-publish","format-standard","has-post-thumbnail","hentry","category-news-18","category-49","description-off"],"img_url":"https:\/\/www.radiopiu.net\/wordpress\/wp-content\/uploads\/2024\/08\/2924.jpg","_links":{"self":[{"href":"https:\/\/www.radiopiu.net\/wordpress\/wp-json\/wp\/v2\/posts\/407543","targetHints":{"allow":["GET"]}}],"collection":[{"href":"https:\/\/www.radiopiu.net\/wordpress\/wp-json\/wp\/v2\/posts"}],"about":[{"href":"https:\/\/www.radiopiu.net\/wordpress\/wp-json\/wp\/v2\/types\/post"}],"author":[{"embeddable":true,"href":"https:\/\/www.radiopiu.net\/wordpress\/wp-json\/wp\/v2\/users\/2"}],"replies":[{"embeddable":true,"href":"https:\/\/www.radiopiu.net\/wordpress\/wp-json\/wp\/v2\/comments?post=407543"}],"version-history":[{"count":1,"href":"https:\/\/www.radiopiu.net\/wordpress\/wp-json\/wp\/v2\/posts\/407543\/revisions"}],"predecessor-version":[{"id":407547,"href":"https:\/\/www.radiopiu.net\/wordpress\/wp-json\/wp\/v2\/posts\/407543\/revisions\/407547"}],"wp:featuredmedia":[{"embeddable":true,"href":"https:\/\/www.radiopiu.net\/wordpress\/wp-json\/wp\/v2\/media\/407546"}],"wp:attachment":[{"href":"https:\/\/www.radiopiu.net\/wordpress\/wp-json\/wp\/v2\/media?parent=407543"}],"wp:term":[{"taxonomy":"category","embeddable":true,"href":"https:\/\/www.radiopiu.net\/wordpress\/wp-json\/wp\/v2\/categories?post=407543"},{"taxonomy":"post_tag","embeddable":true,"href":"https:\/\/www.radiopiu.net\/wordpress\/wp-json\/wp\/v2\/tags?post=407543"}],"curies":[{"name":"wp","href":"https:\/\/api.w.org\/{rel}","templated":true}]}}