{"id":407764,"date":"2024-09-02T13:27:36","date_gmt":"2024-09-02T11:27:36","guid":{"rendered":"https:\/\/www.radiopiu.net\/wordpress\/?p=407764"},"modified":"2024-09-02T15:47:09","modified_gmt":"2024-09-02T13:47:09","slug":"grave-incidente-sul-ponte-cadore-muore-un-anziano","status":"publish","type":"post","link":"https:\/\/www.radiopiu.net\/wordpress\/grave-incidente-sul-ponte-cadore-muore-un-anziano\/","title":{"rendered":"GRAVE INCIDENTE SUL PONTE CADORE. MUORE UN ANZIANO DI MONTEBELLUNA"},"content":{"rendered":"<p>******<\/p>\n<p>&nbsp;<\/p>\n<p><strong>REDAZIONE<\/strong> Questa mattina alle 10.20 si \u00e8 verificato un grave incidente sul ponte Cadore, coinvolgendo tre auto e un camion, con un bilancio di un morto e diversi feriti. Un uomo Vincenzo Martinazzo, 76 anni, di Montebelluna \u00e8 deceduto, mentre il nipote, che viaggiava con lui, \u00e8 rimasto ferito ma non \u00e8 in pericolo di vita. Secondo i primi accertamenti, l&#8217;anziano avrebbe perso il controllo dell&#8217;auto, scontrandosi con un camion che procedeva in senso opposto. Sul posto sono intervenuti ambulanze, elisoccorso, vigili del fuoco e forze dell&#8217;ordine. I vigili del fuoco accorsi da Pieve di Cadore e dalla centrale di Belluno con un\u2019autopompa e l\u2019autogr\u00f9 hanno messo in sicurezza i mezzi, mentre il personale sanitario del Suem ha preso in cura un ragazzo rimasto ferito, elitrasportato in ospedale. Purtroppo nonostante i soccorsi il medico del 118 ha dovuto dichiarare la morte di uomo, che viaggiava insieme al minore. Illesi i passeggeri delle altre due auto e del camion. Ancora in corso rilievi della polizia stradale per ricostruire la dinamica del sinistro. Sul posto personale dell\u2019Anas. La circolazione stradale \u00e8 al momento interrotta. Intervento dei vigili del fuoco ancora in corso. Il traffico viene deviato sulla Cavallera.<\/p>\n\n\t\t\t<style type='text\/css'>\n\t\t\t\t#gallery-1 {\n\t\t\t\t\tmargin: auto;\n\t\t\t\t}\n\t\t\t\t#gallery-1 .gallery-item {\n\t\t\t\t\tfloat: left;\n\t\t\t\t\tmargin-top: 10px;\n\t\t\t\t\ttext-align: center;\n\t\t\t\t\twidth: 33%;\n\t\t\t\t}\n\t\t\t\t#gallery-1 img {\n\t\t\t\t\tborder: 2px solid #cfcfcf;\n\t\t\t\t}\n\t\t\t\t#gallery-1 .gallery-caption {\n\t\t\t\t\tmargin-left: 0;\n\t\t\t\t}\n\t\t\t\t\/* see gallery_shortcode() in wp-includes\/media.php *\/\n\t\t\t<\/style>\n\t\t<div id='gallery-1' class='dt-gallery-container gallery galleryid-407764 gallery-columns-3 gallery-size-thumbnail'><dl class='gallery-item'>\n\t\t\t\t<dt class='gallery-icon landscape'>\n\t\t\t\t\t<a class=\"rollover rollover-zoom dt-pswp-item\" title=\"1c71c1cd-e1ee-44d4-89af-bfaa3c09cdf6\" data-dt-img-description=\"\" data-large_image_width=\"1280\" data-large_image_height=\"960\"href='https:\/\/www.radiopiu.net\/wordpress\/wp-content\/uploads\/2024\/09\/1c71c1cd-e1ee-44d4-89af-bfaa3c09cdf6.jpg'><img loading=\"lazy\" decoding=\"async\" width=\"150\" height=\"150\" src=\"https:\/\/www.radiopiu.net\/wordpress\/wp-content\/uploads\/2024\/09\/1c71c1cd-e1ee-44d4-89af-bfaa3c09cdf6-150x150.jpg\" class=\"attachment-thumbnail size-thumbnail\" alt=\"\" \/><\/a>\n\t\t\t\t<\/dt><\/dl><dl class='gallery-item'>\n\t\t\t\t<dt class='gallery-icon landscape'>\n\t\t\t\t\t<a class=\"rollover rollover-zoom dt-pswp-item\" title=\"e0b2c3df-c7db-498e-83c9-2fd82e0499d3\" data-dt-img-description=\"\" data-large_image_width=\"732\" data-large_image_height=\"549\"href='https:\/\/www.radiopiu.net\/wordpress\/wp-content\/uploads\/2024\/09\/e0b2c3df-c7db-498e-83c9-2fd82e0499d3.jpg'><img loading=\"lazy\" decoding=\"async\" width=\"150\" height=\"150\" src=\"https:\/\/www.radiopiu.net\/wordpress\/wp-content\/uploads\/2024\/09\/e0b2c3df-c7db-498e-83c9-2fd82e0499d3-150x150.jpg\" class=\"attachment-thumbnail size-thumbnail\" alt=\"\" \/><\/a>\n\t\t\t\t<\/dt><\/dl><dl class='gallery-item'>\n\t\t\t\t<dt class='gallery-icon landscape'>\n\t\t\t\t\t<a class=\"rollover rollover-zoom dt-pswp-item\" title=\"b9165b38-ec15-4462-879e-ad7c292d5f1b\" data-dt-img-description=\"\" data-large_image_width=\"1280\" data-large_image_height=\"720\"href='https:\/\/www.radiopiu.net\/wordpress\/wp-content\/uploads\/2024\/09\/b9165b38-ec15-4462-879e-ad7c292d5f1b.jpg'><img loading=\"lazy\" decoding=\"async\" width=\"150\" height=\"150\" src=\"https:\/\/www.radiopiu.net\/wordpress\/wp-content\/uploads\/2024\/09\/b9165b38-ec15-4462-879e-ad7c292d5f1b-150x150.jpg\" class=\"attachment-thumbnail size-thumbnail\" alt=\"\" \/><\/a>\n\t\t\t\t<\/dt><\/dl><br style=\"clear: both\" \/>\n\t\t\t<\/div>\n\n<p><span style=\"color: #ff0000;\"><strong>NOTIZIA IN AGGIORNAMENTO<\/strong><\/span><\/p>\n<p>&nbsp;<\/p>\n<p>&nbsp;<\/p>\n<p>********<\/p>\n","protected":false},"excerpt":{"rendered":"<p>****** &nbsp; REDAZIONE Questa mattina alle 10.20 si \u00e8 verificato un grave incidente sul ponte Cadore, coinvolgendo tre auto e un camion, con un bilancio di un morto e diversi feriti. Un uomo Vincenzo Martinazzo, 76 anni, di Montebelluna \u00e8 deceduto, mentre il nipote, che viaggiava con lui, \u00e8 rimasto ferito ma non \u00e8 in&hellip;<\/p>\n","protected":false},"author":4,"featured_media":407789,"comment_status":"closed","ping_status":"closed","sticky":false,"template":"","format":"standard","meta":{"_monsterinsights_skip_tracking":false,"_monsterinsights_sitenote_active":false,"_monsterinsights_sitenote_note":"","_monsterinsights_sitenote_category":0,"footnotes":""},"categories":[51,49],"tags":[],"class_list":["post-407764","post","type-post","status-publish","format-standard","has-post-thumbnail","hentry","category-evidenza-top","category-news-18","category-51","category-49","description-off"],"img_url":"https:\/\/www.radiopiu.net\/wordpress\/wp-content\/uploads\/2024\/09\/e0b2c3df-c7db-498e-83c9-2fd82e0499d3.jpg","_links":{"self":[{"href":"https:\/\/www.radiopiu.net\/wordpress\/wp-json\/wp\/v2\/posts\/407764","targetHints":{"allow":["GET"]}}],"collection":[{"href":"https:\/\/www.radiopiu.net\/wordpress\/wp-json\/wp\/v2\/posts"}],"about":[{"href":"https:\/\/www.radiopiu.net\/wordpress\/wp-json\/wp\/v2\/types\/post"}],"author":[{"embeddable":true,"href":"https:\/\/www.radiopiu.net\/wordpress\/wp-json\/wp\/v2\/users\/4"}],"replies":[{"embeddable":true,"href":"https:\/\/www.radiopiu.net\/wordpress\/wp-json\/wp\/v2\/comments?post=407764"}],"version-history":[{"count":7,"href":"https:\/\/www.radiopiu.net\/wordpress\/wp-json\/wp\/v2\/posts\/407764\/revisions"}],"predecessor-version":[{"id":407806,"href":"https:\/\/www.radiopiu.net\/wordpress\/wp-json\/wp\/v2\/posts\/407764\/revisions\/407806"}],"wp:featuredmedia":[{"embeddable":true,"href":"https:\/\/www.radiopiu.net\/wordpress\/wp-json\/wp\/v2\/media\/407789"}],"wp:attachment":[{"href":"https:\/\/www.radiopiu.net\/wordpress\/wp-json\/wp\/v2\/media?parent=407764"}],"wp:term":[{"taxonomy":"category","embeddable":true,"href":"https:\/\/www.radiopiu.net\/wordpress\/wp-json\/wp\/v2\/categories?post=407764"},{"taxonomy":"post_tag","embeddable":true,"href":"https:\/\/www.radiopiu.net\/wordpress\/wp-json\/wp\/v2\/tags?post=407764"}],"curies":[{"name":"wp","href":"https:\/\/api.w.org\/{rel}","templated":true}]}}