{"id":407794,"date":"2024-09-02T15:05:00","date_gmt":"2024-09-02T13:05:00","guid":{"rendered":"https:\/\/www.radiopiu.net\/wordpress\/?p=407794"},"modified":"2024-09-02T15:06:03","modified_gmt":"2024-09-02T13:06:03","slug":"capriolo-residente-al-palaluxottica-continua-lodissea-per-liberarlo","status":"publish","type":"post","link":"https:\/\/www.radiopiu.net\/wordpress\/capriolo-residente-al-palaluxottica-continua-lodissea-per-liberarlo\/","title":{"rendered":"CAPRIOLO &#8220;RESIDENTE&#8221; AL PALALUXOTTICA: CONTINUA L&#8217;ODISSEA PER LIBERARLO"},"content":{"rendered":"<p>*******<\/p>\n<p>&nbsp;<\/p>\n<p><strong><a class=\"dt-pswp-item\" href=\"https:\/\/www.radiopiu.net\/wordpress\/wp-content\/uploads\/2024\/09\/CAPRIOLO-PALALUX.jpg\" data-dt-img-description=\"\" data-large_image_width=\"2560\" data-large_image_height=\"1920\"><img loading=\"lazy\" decoding=\"async\" class=\" wp-image-407797 alignleft\" src=\"https:\/\/www.radiopiu.net\/wordpress\/wp-content\/uploads\/2024\/09\/CAPRIOLO-PALALUX-300x225.jpg\" alt=\"\" width=\"180\" height=\"135\" srcset=\"https:\/\/www.radiopiu.net\/wordpress\/wp-content\/uploads\/2024\/09\/CAPRIOLO-PALALUX-300x225.jpg 300w, https:\/\/www.radiopiu.net\/wordpress\/wp-content\/uploads\/2024\/09\/CAPRIOLO-PALALUX-1024x768.jpg 1024w, https:\/\/www.radiopiu.net\/wordpress\/wp-content\/uploads\/2024\/09\/CAPRIOLO-PALALUX-768x576.jpg 768w, https:\/\/www.radiopiu.net\/wordpress\/wp-content\/uploads\/2024\/09\/CAPRIOLO-PALALUX-1536x1152.jpg 1536w, https:\/\/www.radiopiu.net\/wordpress\/wp-content\/uploads\/2024\/09\/CAPRIOLO-PALALUX-2048x1536.jpg 2048w\" sizes=\"auto, (max-width: 180px) 100vw, 180px\" \/><\/a>AGORDO <\/strong>Per la quarta volta, un capriolo \u00e8 stato liberato dai dintorni del Palaluxottica, e questa volta con l&#8217;aiuto dei vigili del fuoco. Nonostante i numerosi tentativi di spostarlo definitivamente, l&#8217;animale continua a tornare, dimostrando una sorprendente capacit\u00e0 di adattamento e un\u2019ostinata preferenza per il suo rifugio vicino alla struttura. Il capriolo \u00e8 gi\u00e0 stato liberato in precedenza grazie all&#8217;intervento di Luxottica, delle guardie provinciali, e una volta \u00e8 riuscito persino a uscire da solo. Tuttavia, ogni volta riesce a rientrare saltando la rete che circonda l&#8217;area. La presenza di un boschetto e di acqua sopra il Palaluxottica sembra essere un forte richiamo per l&#8217;animale, nonostante i rischi evidenti, come la vicinanza della tangenziale, che si sono gi\u00e0 purtroppo concretizzati con il recupero di un altro capriolo morto solo luned\u00ec scorso. \u00c8 chiaro che l\u2019animale si \u00e8 affezionato a questo territorio, ma la situazione sta diventando sempre pi\u00f9 complicata. Anche se \u00e8 stato liberato nuovamente, potrebbe tornare gi\u00e0 domani.<\/p>\n<p>&nbsp;<\/p>\n<p>&nbsp;<\/p>\n<p>**********<\/p>\n","protected":false},"excerpt":{"rendered":"<p>******* &nbsp; AGORDO Per la quarta volta, un capriolo \u00e8 stato liberato dai dintorni del Palaluxottica, e questa volta con l&#8217;aiuto dei vigili del fuoco. Nonostante i numerosi tentativi di spostarlo definitivamente, l&#8217;animale continua a tornare, dimostrando una sorprendente capacit\u00e0 di adattamento e un\u2019ostinata preferenza per il suo rifugio vicino alla struttura. Il capriolo \u00e8&hellip;<\/p>\n","protected":false},"author":4,"featured_media":407797,"comment_status":"closed","ping_status":"closed","sticky":false,"template":"","format":"standard","meta":{"_monsterinsights_skip_tracking":false,"_monsterinsights_sitenote_active":false,"_monsterinsights_sitenote_note":"","_monsterinsights_sitenote_category":0,"footnotes":""},"categories":[49],"tags":[],"class_list":["post-407794","post","type-post","status-publish","format-standard","has-post-thumbnail","hentry","category-news-18","category-49","description-off"],"img_url":"https:\/\/www.radiopiu.net\/wordpress\/wp-content\/uploads\/2024\/09\/CAPRIOLO-PALALUX.jpg","_links":{"self":[{"href":"https:\/\/www.radiopiu.net\/wordpress\/wp-json\/wp\/v2\/posts\/407794","targetHints":{"allow":["GET"]}}],"collection":[{"href":"https:\/\/www.radiopiu.net\/wordpress\/wp-json\/wp\/v2\/posts"}],"about":[{"href":"https:\/\/www.radiopiu.net\/wordpress\/wp-json\/wp\/v2\/types\/post"}],"author":[{"embeddable":true,"href":"https:\/\/www.radiopiu.net\/wordpress\/wp-json\/wp\/v2\/users\/4"}],"replies":[{"embeddable":true,"href":"https:\/\/www.radiopiu.net\/wordpress\/wp-json\/wp\/v2\/comments?post=407794"}],"version-history":[{"count":2,"href":"https:\/\/www.radiopiu.net\/wordpress\/wp-json\/wp\/v2\/posts\/407794\/revisions"}],"predecessor-version":[{"id":407799,"href":"https:\/\/www.radiopiu.net\/wordpress\/wp-json\/wp\/v2\/posts\/407794\/revisions\/407799"}],"wp:featuredmedia":[{"embeddable":true,"href":"https:\/\/www.radiopiu.net\/wordpress\/wp-json\/wp\/v2\/media\/407797"}],"wp:attachment":[{"href":"https:\/\/www.radiopiu.net\/wordpress\/wp-json\/wp\/v2\/media?parent=407794"}],"wp:term":[{"taxonomy":"category","embeddable":true,"href":"https:\/\/www.radiopiu.net\/wordpress\/wp-json\/wp\/v2\/categories?post=407794"},{"taxonomy":"post_tag","embeddable":true,"href":"https:\/\/www.radiopiu.net\/wordpress\/wp-json\/wp\/v2\/tags?post=407794"}],"curies":[{"name":"wp","href":"https:\/\/api.w.org\/{rel}","templated":true}]}}