{"id":407902,"date":"2024-09-03T17:00:55","date_gmt":"2024-09-03T15:00:55","guid":{"rendered":"https:\/\/www.radiopiu.net\/wordpress\/?p=407902"},"modified":"2024-09-03T08:53:23","modified_gmt":"2024-09-03T06:53:23","slug":"in-arrivo-un-nuovo-coach-per-il-settore-giovanile-dellalleghe-hockey","status":"publish","type":"post","link":"https:\/\/www.radiopiu.net\/wordpress\/in-arrivo-un-nuovo-coach-per-il-settore-giovanile-dellalleghe-hockey\/","title":{"rendered":"IN ARRIVO UN NUOVO COACH PER IL SETTORE GIOVANILE DELL&#8217;ALLEGHE HOCKEY"},"content":{"rendered":"<p>*******<\/p>\n<p>&nbsp;<\/p>\n<p><strong><a class=\"dt-pswp-item\" href=\"https:\/\/www.radiopiu.net\/wordpress\/wp-content\/uploads\/2023\/11\/alleghe-logo-2023.jpg\" data-dt-img-description=\"\" data-large_image_width=\"1024\" data-large_image_height=\"576\"><img loading=\"lazy\" decoding=\"async\" class=\" wp-image-359944 alignleft\" src=\"https:\/\/www.radiopiu.net\/wordpress\/wp-content\/uploads\/2023\/11\/alleghe-logo-2023-300x169.jpg\" alt=\"\" width=\"215\" height=\"121\" srcset=\"https:\/\/www.radiopiu.net\/wordpress\/wp-content\/uploads\/2023\/11\/alleghe-logo-2023-300x169.jpg 300w, https:\/\/www.radiopiu.net\/wordpress\/wp-content\/uploads\/2023\/11\/alleghe-logo-2023-768x432.jpg 768w, https:\/\/www.radiopiu.net\/wordpress\/wp-content\/uploads\/2023\/11\/alleghe-logo-2023.jpg 1024w\" sizes=\"auto, (max-width: 215px) 100vw, 215px\" \/><\/a>DI ROBERTO MIANA, PORTAVOCE DELL&#8217;ALLEGHE HOCKEY<\/strong><\/p>\n<p>L\u2019Alleghe Hockey comunica che Marco Vrba non \u00e8 pi\u00f9 l\u2019allenatore delle giovanili biancorosse. La Societ\u00e0 ringrazia Marco per il lavoro svolto e gli augura le migliori soddisfazioni nel proseguo del percorso professionale. Il nuovo coach delle giovani Civette sar\u00e0 il serbo Igor Kosovic. Nato a Belgrado, classe 1966, parla sia inglese che italiano, con una grande esperienza professionale alle spalle \u00e8 un profilo estremamente interessante. Laureato in educazione fisica nel suo paese, dove ha anche frequentato un master in psicologia dello sport, ha militato in tutte le nazionali giovanili dell&#8217;ex Jugoslavia nonch\u00e9 in quella maggiore, con la quale ha disputato alcune edizioni dei campionati del mondo sia come atleta che come allenatore e nel suo palmares pu\u00f2 vantare due vittorie del campionato con la maglia della Stella Rossa Belgrado. Con trascorsi anche in Germania, ha gi\u00e0 allenato in Italia a Varese e Gardena, dove ha lasciato un ottimo ricordo di persona preparata e particolarmente portata a lavorare con i giovani hockeisti. Un curriculum di tutto rispetto per Kosovic che ha accettato di buon grado l&#8217;incarico propostogli dalla dirigenza biancorossa. Il nuovo coach sar\u00e0 ad Alleghe nei prossimi giorni per cominciare la sua esperienza lavorativa in riva al lago. La Societ\u00e0 Alleghe Hockey d\u00e0 il benvenuto a coach Igor, augurandogli buon lavoro.<\/p>\n<p>&nbsp;<\/p>\n<p>&nbsp;<\/p>\n<p>&nbsp;<\/p>\n<p>*********<\/p>\n","protected":false},"excerpt":{"rendered":"<p>******* &nbsp; DI ROBERTO MIANA, PORTAVOCE DELL&#8217;ALLEGHE HOCKEY L\u2019Alleghe Hockey comunica che Marco Vrba non \u00e8 pi\u00f9 l\u2019allenatore delle giovanili biancorosse. La Societ\u00e0 ringrazia Marco per il lavoro svolto e gli augura le migliori soddisfazioni nel proseguo del percorso professionale. Il nuovo coach delle giovani Civette sar\u00e0 il serbo Igor Kosovic. Nato a Belgrado, classe&hellip;<\/p>\n","protected":false},"author":4,"featured_media":359944,"comment_status":"closed","ping_status":"closed","sticky":false,"template":"","format":"standard","meta":{"_monsterinsights_skip_tracking":false,"_monsterinsights_sitenote_active":false,"_monsterinsights_sitenote_note":"","_monsterinsights_sitenote_category":0,"footnotes":""},"categories":[49],"tags":[],"class_list":["post-407902","post","type-post","status-publish","format-standard","has-post-thumbnail","hentry","category-news-18","category-49","description-off"],"img_url":"https:\/\/www.radiopiu.net\/wordpress\/wp-content\/uploads\/2023\/11\/alleghe-logo-2023.jpg","_links":{"self":[{"href":"https:\/\/www.radiopiu.net\/wordpress\/wp-json\/wp\/v2\/posts\/407902","targetHints":{"allow":["GET"]}}],"collection":[{"href":"https:\/\/www.radiopiu.net\/wordpress\/wp-json\/wp\/v2\/posts"}],"about":[{"href":"https:\/\/www.radiopiu.net\/wordpress\/wp-json\/wp\/v2\/types\/post"}],"author":[{"embeddable":true,"href":"https:\/\/www.radiopiu.net\/wordpress\/wp-json\/wp\/v2\/users\/4"}],"replies":[{"embeddable":true,"href":"https:\/\/www.radiopiu.net\/wordpress\/wp-json\/wp\/v2\/comments?post=407902"}],"version-history":[{"count":1,"href":"https:\/\/www.radiopiu.net\/wordpress\/wp-json\/wp\/v2\/posts\/407902\/revisions"}],"predecessor-version":[{"id":407903,"href":"https:\/\/www.radiopiu.net\/wordpress\/wp-json\/wp\/v2\/posts\/407902\/revisions\/407903"}],"wp:featuredmedia":[{"embeddable":true,"href":"https:\/\/www.radiopiu.net\/wordpress\/wp-json\/wp\/v2\/media\/359944"}],"wp:attachment":[{"href":"https:\/\/www.radiopiu.net\/wordpress\/wp-json\/wp\/v2\/media?parent=407902"}],"wp:term":[{"taxonomy":"category","embeddable":true,"href":"https:\/\/www.radiopiu.net\/wordpress\/wp-json\/wp\/v2\/categories?post=407902"},{"taxonomy":"post_tag","embeddable":true,"href":"https:\/\/www.radiopiu.net\/wordpress\/wp-json\/wp\/v2\/tags?post=407902"}],"curies":[{"name":"wp","href":"https:\/\/api.w.org\/{rel}","templated":true}]}}