{"id":407918,"date":"2024-09-03T10:31:00","date_gmt":"2024-09-03T08:31:00","guid":{"rendered":"https:\/\/www.radiopiu.net\/wordpress\/?p=407918"},"modified":"2024-09-03T11:43:53","modified_gmt":"2024-09-03T09:43:53","slug":"perche-i-colpevoli-della-strage-in-val-biois-del-20-21-agosto-1944-non-sono-mai-andati-in-carcere","status":"publish","type":"post","link":"https:\/\/www.radiopiu.net\/wordpress\/perche-i-colpevoli-della-strage-in-val-biois-del-20-21-agosto-1944-non-sono-mai-andati-in-carcere\/","title":{"rendered":"PERCHE&#8217; I COLPEVOLI DELLA STRAGE IN VAL BIOIS DEL 20-21 AGOSTO 1944 NON SONO MAI ANDATI IN CARCERE?"},"content":{"rendered":"<p>******<\/p>\n<p>&nbsp;<\/p>\n<p><strong><a class=\"dt-pswp-item\" href=\"https:\/\/www.radiopiu.net\/wordpress\/wp-content\/uploads\/2024\/09\/ECCIDIO-VAL-BIOIS.jpg\" data-dt-img-description=\"\" data-large_image_width=\"640\" data-large_image_height=\"494\"><img loading=\"lazy\" decoding=\"async\" class=\"size-medium wp-image-407919 alignleft\" src=\"https:\/\/www.radiopiu.net\/wordpress\/wp-content\/uploads\/2024\/09\/ECCIDIO-VAL-BIOIS-300x232.jpg\" alt=\"\" width=\"300\" height=\"232\" srcset=\"https:\/\/www.radiopiu.net\/wordpress\/wp-content\/uploads\/2024\/09\/ECCIDIO-VAL-BIOIS-300x232.jpg 300w, https:\/\/www.radiopiu.net\/wordpress\/wp-content\/uploads\/2024\/09\/ECCIDIO-VAL-BIOIS.jpg 640w\" sizes=\"auto, (max-width: 300px) 100vw, 300px\" \/><\/a>Riceviamo e volentieri pubblichiamo questa lettera di Giovanni Pietro Crosato, gi\u00e0 collaboratore di Agordino Pi\u00f9 Notizie (1996-2005)<\/strong><\/p>\n<p>Come sempre avvenuto in tutte le ricorrenze della strage del 20-21 agosto del 1944, anche nell&#8217;ultima aleggiava su tutta questa vicenda una domanda:\u00a0perch\u00e9 i colpevoli non sono mai andati in carcere? So che questa domanda sembra senza risposta, soprattutto dopo che per anni si \u00e8 detto e ridetto che due erano in condannati all&#8217;ergastolo. Anche nell&#8217;ultima manifestazione \u00e8 stata replicata quest&#8217;affermazione, lasciando che ognuno si dia una risposta.\u00a0 \u00a0Il motivo potrebbe essere presto detto: perch\u00e9 non ebbero mai ad avere una sentenza definitiva, ovvero passata in giudicato che ne decretasse la condanna ad un periodo di reclusione. Insomma, per essere chiari, non si ebbe mai una sentenza che fosse intangibile e non pi\u00f9 modificabile e che quindi non poteva essere contestata con gli ordinari mezzi di impugnazione (Appello e Cassazione, per intenderci), che li condannasse alla reclusione. Il tutto si pu\u00f2 dedurre andando a visionare, anche in estrema sintesi, quale sia stata la vicenda processuale dei principali imputati. L&#8217;iter giudiziario inizia con l&#8217;esposto datato 26 gennaio 1970 redatto dal signor PASQUALE Mariano e indirizzato al Procuratore Generale della Repubblica presso il Tribunale di Belluno.\u00a0 \u00a0A questo segue il Rapporto Giudiziario (ora sarebbe definita &#8220;<i>comunicazione di notizia di reato<\/i>&#8220;) del Nucleo Investigativo dell&#8217;allora Gruppo (ora &#8220;Comando Provinciale&#8221;) Carabinieri di Belluno datato 12 ottobre 1970 indirizzato alla Procura della Repubblica di Belluno. Essendo una delle vittime magistrato presso il tribunale di Belluno, il procedimento fu per\u00f2 trasferito per legittima suspicione dal capoluogo veneto, sua sede naturale, alla Corte d&#8217;assise di Bologna.\u00a0 Con il tempo gi\u00e0 il Giudice Istruttore presso il Tribunale di Bologna in data 25 maggio 1978 riduceva da cinque a due gli indagati del predetto rapporto giudiziario pronunciando delle sentenze irrevocabili di assoluzione. Ci\u00f2 portava a che rimanessero come indagati solo lo Schintlholzer Alois (nato 18 dicembre 1914) e il Fritz Erwin (nato 24 giugno 1914).\u00a0 Si arriva, quindi, al primo processo a loro carico dei due che si tiene presso la Corte d\u2019assise di Bologna dal 21 maggio al 7 luglio 1979 e che si concluse con la condanna all\u2019ergastolo per i due imputati. Condannati, per\u00f2, solo in contumacia poich\u00e9 sia l&#8217;Austria che l&#8217;allora Germania Ovest, ove si trovavano residenti, non solo non concessero l&#8217;estradizione ma nemmeno la mera possibilit\u00e0 di un interrogatorio per rogatoria. Sembra che con la loro condanna la pratica sia oramai arrivata al capolinea, ma non \u00e8 cos\u00ec. Avvenne, infatti, il ricorso dei condannati e, nel 1981, la Corte d\u2019Assise d\u2019appello di Bologna, rilev\u00f2 il proprio difetto di giurisdizione quale autorit\u00e0 giudiziaria ordinaria e assegn\u00f2 la competenza al procuratore militare di Verona.\u00a0 Il procedimento a questo punto ripartiva nuovamente dall&#8217;inizio.\u00a0 \u00a0Dopo qualche anno anche il Tribunale militare, il 15 novembre 1988, condannava all\u2019ergastolo lo Schintlholzer per &#8220;concorso in violenza con omicidio continuato ed aggravato contro privati cittadini italiani&#8221; (da Sentenza 217\/88 Tribunale Militare Verona). Il maresciallo Fritz Erwin, invece, si vedeva assolto sia del citato reato di &#8220;concorso in violenza con omicidio continuato ed aggravato contro privati cittadini italiani&#8221; (Ibidem) che pure anche per &#8220;concorso in incendio e distruzione continuati ed aggravati in paese nemico&#8221; (Ibidem) &#8220;limitatamente all&#8217;episodio occorso in Tegosa, per insufficienza di prove&#8221; (Ibidem) e prescritti i reati di incendio e saccheggio per quel che riguarda Gares (erano trascorsi circa 44 anni dall&#8217;evento). Anche questo sembra un punto fermo, ma non lo \u00e8. Si ha a questo punto l&#8217;appello della difesa e del PM, ma e viene accolto solo quello della prima. Il &#8220;seguito sentenza n. 217\/88&#8221;, che possiamo definire definitivo, arriva il giorno 08 giugno del 1990 e passa in giudicato il 19 settembre successivo. In questo atto viene ad essere il maresciallo praticamente viene assolto dai reati di violenza con omicidio contro privati cittadini italiani, saccheggio, incendio e distruzione in paese nemico in relazione agli episodi occorsi in Sappade, Fregona, Caviola, Falcade, Feder, Tabiadon di Val e Tegosa. Assoluzione, come da sentenza, PER NON AVER COMMESSO I FATTI. Anche anche in questo caso gli resta la prescrizione per i fatti (incendio e saccheggio) avvenuti in Gares. Per quanto riguarda l&#8217;Alois Schintlholzer beh si deve annotare che prima dell&#8217;arrivo del &#8220;seguito sentenza n. 217\/88&#8221; egli lasci\u00f2 questo mondo in quanto la sua dipartita avvenne a Bielefeld (Germania) nel giugno del 1989.\u00a0A questo punto non rimase ai Giudici altro da fare se non, in sede di sentenza, quella di annotare l&#8217;evento morte e concludere con un non doversi procedere nei suoi confronti. Infatti l&#8217;articolo 150 del codice penale recita che: &#8220;La morte del reo, avvenuta prima della condanna, estingue il reato&#8221; e, pertanto, si estinguono di conseguenza anche tutti i rapporti penali (nella sentenza si parla di estinzione del reato per &#8220;motivi del reo&#8221;). La legge prescrive che, in ogni stato e grado del processo, quando il giudice riconosce il reato estinto o che manca una condizione di procedibilit\u00e0, lo dichiara di ufficio con sentenza. In estrema sintesi: l&#8217;ufficiale era morto ed il suo reato estinto e il maresciallo era stato oggetto di una assoluzione e di una prescrizione. Insomma, per dirla chiara, non mi sembra esistesse un condannato in via definitiva per questa strage di cui avremmo potuto chiedere l&#8217;estradizione.<\/p>\n<p>&nbsp;<\/p>\n<p>&nbsp;<\/p>\n<p>&nbsp;<\/p>\n<p>&nbsp;<\/p>\n<p>*********<\/p>\n","protected":false},"excerpt":{"rendered":"<p>****** &nbsp; Riceviamo e volentieri pubblichiamo questa lettera di Giovanni Pietro Crosato, gi\u00e0 collaboratore di Agordino Pi\u00f9 Notizie (1996-2005) Come sempre avvenuto in tutte le ricorrenze della strage del 20-21 agosto del 1944, anche nell&#8217;ultima aleggiava su tutta questa vicenda una domanda:\u00a0perch\u00e9 i colpevoli non sono mai andati in carcere? So che questa domanda sembra&hellip;<\/p>\n","protected":false},"author":4,"featured_media":407919,"comment_status":"closed","ping_status":"closed","sticky":false,"template":"","format":"standard","meta":{"_monsterinsights_skip_tracking":false,"_monsterinsights_sitenote_active":false,"_monsterinsights_sitenote_note":"","_monsterinsights_sitenote_category":0,"footnotes":""},"categories":[104,49],"tags":[],"class_list":["post-407918","post","type-post","status-publish","format-standard","has-post-thumbnail","hentry","category-evidenza_3","category-news-18","category-104","category-49","description-off"],"img_url":"https:\/\/www.radiopiu.net\/wordpress\/wp-content\/uploads\/2024\/09\/ECCIDIO-VAL-BIOIS.jpg","_links":{"self":[{"href":"https:\/\/www.radiopiu.net\/wordpress\/wp-json\/wp\/v2\/posts\/407918","targetHints":{"allow":["GET"]}}],"collection":[{"href":"https:\/\/www.radiopiu.net\/wordpress\/wp-json\/wp\/v2\/posts"}],"about":[{"href":"https:\/\/www.radiopiu.net\/wordpress\/wp-json\/wp\/v2\/types\/post"}],"author":[{"embeddable":true,"href":"https:\/\/www.radiopiu.net\/wordpress\/wp-json\/wp\/v2\/users\/4"}],"replies":[{"embeddable":true,"href":"https:\/\/www.radiopiu.net\/wordpress\/wp-json\/wp\/v2\/comments?post=407918"}],"version-history":[{"count":1,"href":"https:\/\/www.radiopiu.net\/wordpress\/wp-json\/wp\/v2\/posts\/407918\/revisions"}],"predecessor-version":[{"id":407920,"href":"https:\/\/www.radiopiu.net\/wordpress\/wp-json\/wp\/v2\/posts\/407918\/revisions\/407920"}],"wp:featuredmedia":[{"embeddable":true,"href":"https:\/\/www.radiopiu.net\/wordpress\/wp-json\/wp\/v2\/media\/407919"}],"wp:attachment":[{"href":"https:\/\/www.radiopiu.net\/wordpress\/wp-json\/wp\/v2\/media?parent=407918"}],"wp:term":[{"taxonomy":"category","embeddable":true,"href":"https:\/\/www.radiopiu.net\/wordpress\/wp-json\/wp\/v2\/categories?post=407918"},{"taxonomy":"post_tag","embeddable":true,"href":"https:\/\/www.radiopiu.net\/wordpress\/wp-json\/wp\/v2\/tags?post=407918"}],"curies":[{"name":"wp","href":"https:\/\/api.w.org\/{rel}","templated":true}]}}