{"id":407922,"date":"2024-09-03T14:50:16","date_gmt":"2024-09-03T12:50:16","guid":{"rendered":"https:\/\/www.radiopiu.net\/wordpress\/?p=407922"},"modified":"2024-09-03T14:50:16","modified_gmt":"2024-09-03T12:50:16","slug":"dillo-a-radio-piu-in-agordino-mancano-i-mercatini-di-natale","status":"publish","type":"post","link":"https:\/\/www.radiopiu.net\/wordpress\/dillo-a-radio-piu-in-agordino-mancano-i-mercatini-di-natale\/","title":{"rendered":"DILLO A RADIO PIU&#8217;&#8230;IN AGORDINO MANCANO I MERCATINI DI NATALE"},"content":{"rendered":"<p>******<\/p>\n<p>&nbsp;<\/p>\n<p><strong><a class=\"dt-pswp-item\" href=\"https:\/\/www.radiopiu.net\/wordpress\/wp-content\/uploads\/2018\/12\/7-foto-soppelsa-santo-natale.jpg\" data-dt-img-description=\"\" data-large_image_width=\"1024\" data-large_image_height=\"683\"><img loading=\"lazy\" decoding=\"async\" class=\" wp-image-70578 alignleft\" src=\"https:\/\/www.radiopiu.net\/wordpress\/wp-content\/uploads\/2018\/12\/7-foto-soppelsa-santo-natale-300x200.jpg\" alt=\"\" width=\"179\" height=\"119\" srcset=\"https:\/\/www.radiopiu.net\/wordpress\/wp-content\/uploads\/2018\/12\/7-foto-soppelsa-santo-natale-300x200.jpg 300w, https:\/\/www.radiopiu.net\/wordpress\/wp-content\/uploads\/2018\/12\/7-foto-soppelsa-santo-natale-768x512.jpg 768w, https:\/\/www.radiopiu.net\/wordpress\/wp-content\/uploads\/2018\/12\/7-foto-soppelsa-santo-natale.jpg 1024w\" sizes=\"auto, (max-width: 179px) 100vw, 179px\" \/><\/a>RICEVIAMO E PUBBLICHIAMO<\/strong><\/p>\n<p>Vi scrivo per esprimere una amarezza che da qualche anno mi rattrista. Per una serie di motivazioni mi sono trasferita a Masar\u00e8 di Rocca Pietore ad aprile 2022; un luogo bellissimo ed a tratti pure incantato. La vista da casa mia si affaccia sulla cascata di Alleghe. Quello di Alleghe \u00e8 un contesto cospicuo per lo sport, sia d\u2019estate che d\u2019inverno. Lo sci (fondo, discesa o alpinistico), il pattinaggio, l\u2019hockey, le camminate attorno al lago o in quota o in altri splendidi posti dell\u2019Agordino e l\u2019arrampicata. Quello che manca, (non solo a mio parere) sono i mercatini di Natale, che porterebbero ulteriore turismo e darebbero ad Alleghe ancora maggior lustro, oltre che richiamare nuova gente e nuova energia economica. Non tutti vanno a sciare e magari dopo una bella giornata, \u00e8 piacevole vedere qualche oggetto da regalare\/regalarsi o prendere un vin brul\u00e8 per riscaldarsi e vivere il paesaggio imbiancato ed incantato anche di sera. Tra l\u2018altro il posto ci sarebbe, perch\u00e9 d\u2019estate il marted\u00ec viene svolto il mercato settimanale proprio lungo il lago e sarebbe veramente pregevole, oltre che a rendere l\u2019atmosfera ancora pi\u00f9 magica di quello che gi\u00e0 \u00e8. Io capisco tante cose, ma so perfettamente che tutto questo incrementerebbe il turismo e darebbe ancor pi\u00f9 lustro ad Alleghe, in questa maniera il turismo non dovrebbe recarsi fino a Brunico o Bolzano per vedere dei mercatini, farcendo peraltro ancora strada (e quindi anche inquinando) e sottraendo altra economia all\u2019Agordino. Anni fa i mercatini c\u2019erano anche ad Agordo, ma ora il nulla. Qualche giorno prima di Natale 2023 sono passata per Falcade e di sei casette ce ne era solo una aperta. Mentre il giorno di Natale 2023 sono stata a Soraga (e nonostante l\u2019importante festivit\u00e0) le casette erano tutte aperte, con persone pronte a farti vedere i propri manufatti o prepararti un delizioso vin brul\u00e8. Questo rammarico non \u00e8 solo mio, ma anche di altre persone che la pensano come me e che dicono che \u00e8 un peccato che per una visione miope ci facciamo sfuggire tanto turismo, oltre al fatto di creare momenti di socialit\u00e0 e creare degli eventi che attirerebbero turismo e di conseguenza ulteriori entrate anche per il Comune. Volevo esprimere qui in Radio Pi\u00f9 i miei pensieri sperando che vengano colti dalle Amministrazioni competenti e che si possano organizzare questi benedetti Mercatini Natalizi.<\/p>\n<p>Manuela Marchesi<\/p>\n<p>&nbsp;<\/p>\n<p>&nbsp;<\/p>\n<p>******<\/p>\n","protected":false},"excerpt":{"rendered":"<p>****** &nbsp; RICEVIAMO E PUBBLICHIAMO Vi scrivo per esprimere una amarezza che da qualche anno mi rattrista. Per una serie di motivazioni mi sono trasferita a Masar\u00e8 di Rocca Pietore ad aprile 2022; un luogo bellissimo ed a tratti pure incantato. La vista da casa mia si affaccia sulla cascata di Alleghe. Quello di Alleghe&hellip;<\/p>\n","protected":false},"author":4,"featured_media":70578,"comment_status":"closed","ping_status":"closed","sticky":false,"template":"","format":"standard","meta":{"_monsterinsights_skip_tracking":false,"_monsterinsights_sitenote_active":false,"_monsterinsights_sitenote_note":"","_monsterinsights_sitenote_category":0,"footnotes":""},"categories":[49],"tags":[],"class_list":["post-407922","post","type-post","status-publish","format-standard","has-post-thumbnail","hentry","category-news-18","category-49","description-off"],"img_url":"https:\/\/www.radiopiu.net\/wordpress\/wp-content\/uploads\/2018\/12\/7-foto-soppelsa-santo-natale.jpg","_links":{"self":[{"href":"https:\/\/www.radiopiu.net\/wordpress\/wp-json\/wp\/v2\/posts\/407922","targetHints":{"allow":["GET"]}}],"collection":[{"href":"https:\/\/www.radiopiu.net\/wordpress\/wp-json\/wp\/v2\/posts"}],"about":[{"href":"https:\/\/www.radiopiu.net\/wordpress\/wp-json\/wp\/v2\/types\/post"}],"author":[{"embeddable":true,"href":"https:\/\/www.radiopiu.net\/wordpress\/wp-json\/wp\/v2\/users\/4"}],"replies":[{"embeddable":true,"href":"https:\/\/www.radiopiu.net\/wordpress\/wp-json\/wp\/v2\/comments?post=407922"}],"version-history":[{"count":1,"href":"https:\/\/www.radiopiu.net\/wordpress\/wp-json\/wp\/v2\/posts\/407922\/revisions"}],"predecessor-version":[{"id":407950,"href":"https:\/\/www.radiopiu.net\/wordpress\/wp-json\/wp\/v2\/posts\/407922\/revisions\/407950"}],"wp:featuredmedia":[{"embeddable":true,"href":"https:\/\/www.radiopiu.net\/wordpress\/wp-json\/wp\/v2\/media\/70578"}],"wp:attachment":[{"href":"https:\/\/www.radiopiu.net\/wordpress\/wp-json\/wp\/v2\/media?parent=407922"}],"wp:term":[{"taxonomy":"category","embeddable":true,"href":"https:\/\/www.radiopiu.net\/wordpress\/wp-json\/wp\/v2\/categories?post=407922"},{"taxonomy":"post_tag","embeddable":true,"href":"https:\/\/www.radiopiu.net\/wordpress\/wp-json\/wp\/v2\/tags?post=407922"}],"curies":[{"name":"wp","href":"https:\/\/api.w.org\/{rel}","templated":true}]}}