{"id":407931,"date":"2024-09-03T12:09:54","date_gmt":"2024-09-03T10:09:54","guid":{"rendered":"https:\/\/www.radiopiu.net\/wordpress\/?p=407931"},"modified":"2024-09-03T12:09:54","modified_gmt":"2024-09-03T10:09:54","slug":"giuseppe-fortunato-da-santa-giustina-a-melbourne-incorona-il-suo-sogno-da-pizzaiolo","status":"publish","type":"post","link":"https:\/\/www.radiopiu.net\/wordpress\/giuseppe-fortunato-da-santa-giustina-a-melbourne-incorona-il-suo-sogno-da-pizzaiolo\/","title":{"rendered":"GIUSEPPE FORTUNATO: DA SANTA GIUSTINA A MELBOURNE, INCORONA IL SUO SOGNO DA PIZZAIOLO"},"content":{"rendered":"<p>******<\/p>\n<p>&nbsp;<\/p>\n<p><strong>DI ALESSIA DALL&#8217;O&#8217;<\/strong><\/p>\n<p><strong>SANTA GIUSTINA <\/strong>Quasi ventimila chilometri separano Santa Giustina, un piccolo paese della provincia di Belluno, dall&#8217;affollata Melbourne, ma per Giuseppe Fortunato, &#8220;Bepi&#8221; per gli amici di sempre, questa distanza \u00e8 stata solo il primo passo di un lungo viaggio verso la realizzazione di un sogno: aprire la propria pizzeria in Australia. A 33 anni, Bepi, oggi diventato \u201cJoe\u201d in una versione pi\u00f9 \u201c<em>australian<\/em>\u201d, ha appena inaugurato, insieme a due soci, il suo primo locale, un pizzeria &amp; cocktail bar che, nella sua prima serata, ha gi\u00e0 accolto oltre 250 persone. Ma la storia di Giuseppe \u00e8 iniziata molto prima, in una piccola cucina del Veneto, nel cuore della Pizzeria &#8220;Al Giardinetto&#8221;, gestita dai genitori, Amelia e Salvatore. Qui, Giuseppe ha mosso i primi passi insieme ai fratelli Angela e Simone, passando gli ingredienti, osservando attentamente e imparando i segreti dell&#8217;impasto vero napoletano. \u201c<em>\u00c8 l\u00ec che \u00e8 nato il mio amore per la pizza e per l&#8217;accoglienza<\/em>\u201d, racconta con un sorriso velato di nostalgia. Ma ad un certo punto, nel cuore della giovinezza, tra un rammarico e un sogno, quel piccolo pezzettino di mondo non gli bastava pi\u00f9. Nel 2014, dopo una spinta decisiva da parte di due amici santagiustinesi, Alessia e Mattia, gi\u00e0 stabiliti in Australia, Giuseppe ha deciso di lasciare il lavoro da geometra e partire per Melbourne. \u201c<em>Nei primi tempi ammetto che non \u00e8 stato facile. Per fortuna ci sono stati loro ad aiutarmi con anche le cose pi\u00f9 basiche quali fare un conto corrente, fare una nuova sim e trovare alloggio<\/em>\u201d, confessa, \u201c<em>La citt\u00e0 era immensa e io mi sentivo perso. La mia intenzione iniziale era quella di restare un anno per fare questa esperienza, poi sarei tornato a casa<\/em>\u201d ma gi\u00e0 dai primi mesi di permanenza\u00a0 il destino ha deciso di giocare le sue carte. Un incontro quasi fortuito con Johnny di Francesco, acclamato pizzaiolo napoletano e proprietario della famosa catena sud-australiana &#8220;400 Gradi&#8221;, stravolger\u00e0 tutto. Giuseppe entra per la prima volta nel locale di Johnny incuriosito dal fatto che, a quanto pare, \u00e8 una delle poche pizzerie di tutta la <em>big city<\/em> dove si pu\u00f2 gustare la vera pizza italiana. &#8220;<em>Quando mi guardavo intorno, anche nella zona italiana della citt\u00e0, Lygon Steet, vedevo le pizze con ham e pineapple <\/em>(prosciutto e ananas),<em> oppure cucinate sugli stampi delle crostate e da napoletano mi piangeva il cuore! In quell&#8217;anno, inoltre, Johnny aveva vinto il primato mondiale per la pizza napoletana. Sono entrato nel suo locale a colpo sicuro!<\/em>\u201d. Arrivato nel locale, ordina una pizza, e terminata questa specialit\u00e0 che gli ricordava casa, chiede di poter salutare il maestro. \u201c<em>Due battute, racconti di vita e Johnny mi ha convocato la mattina successiva per un turno di prova<\/em>\u201d, ricorda Bepi, ancora incredulo. \u201c<em>Ero al servizio del miglior pizzaiolo del mondo dopo poche settimane dal mio arrivo!<\/em>\u201d. Quella chiamata avrebbe segnato l&#8217;inizio di una nuova vita. Johnny e il suo staff lo accolgono come una famiglia, offrendogli non solo una guida nella professione, ma anche il sostegno necessario per ottenere la cittadinanza australiana. \u201c<em>A loro devo tanto di quello che ho imparato e del grande sostegno che mi hanno dato<\/em>\u201d, dice commosso. \u201c<em>Qui ho anche conosciuto Gianluca, un fratello non di sangue, ma con cui sono cresciuto lontano da casa. Proprio ieri ricorreva l\u2019ottavo anniversario della sua dipartita e, coincidenza strana, \u00e8 stata la data in cui ho aperto il mio locale, che un po&#8217; era anche il suo sogno!<\/em>\u201d Anche se \u201cFortunato\u201d di cognome, il cammino di Giuseppe non \u00e8 stato privo di ostacoli. Nonostante una carriera ben avviata come manager in una delle pizzerie pi\u00f9 prestigiose al mondo, la vita a volte impone cambiamenti inaspettati. I problemi con il visto gli hanno causato molta ansia: \u201c<em>Avevo paura, paura che tutto potesse finire da un giorno all\u2019altro, a questo si \u00e8 aggiunta la domanda platonica del fatto che io volessi fare questo mestiere per tutta la vita, che \u00e8 arrivata intorno ai 30 anni<\/em>\u201d. A questo percorso intimo e personale si \u00e8 aggiunta una dolorosa rottura con la sua ragazza e una breve deviazione \u201calla ricerca di qualcosa di nuovo\u201d nel mondo delle grandi aziende, che ha messo alla prova la sua determinazione. \u201c<em>E\u2019 stato provando che ho capito che quella non era la mia strada. Io sto bene quando metto le mani nella farina, nella passata di pomodoro<\/em>\u201d, ammette. \u201c<em>\u00c8 nel caos creativo di una cucina affollata, tra i rumori dei piatti e il profumo del basilico, tra i sorrisi delle persone che credono in un sogno o che apprezzano il mio operato che sto bene con me stesso!<\/em>\u201d Ieri, alla nuova pizzeria in Union Road, Ascot Vale di Melbourne, Giuseppe ha accolto i suoi primi ospiti, circondato dall\u2019affetto di vecchi e nuovi amici, tra cui i suoi soci Francesco e Flavio. \u201c<em>Solo quando sono arrivato a casa ho realizzato cosa fosse davvero successo perch\u00e8 per tutta la sera sono stato a testa bassa a sfornare pizze. Ma che grande soddisfazione!<\/em>\u201d racconta il santagiustinese, con la voce incrinata dall\u2019emozione. \u201c<em>Sono grato alla vita che mi ha portato qui, nonostante tutte le difficolt\u00e0, con delle persone veramente in gamba al mio fianco che mi ispirano fiducia e ogni giorno a dare il meglio di me. Il passo \u00e8 grande ma l\u2019adrenalina che ho in corpo di pi\u00f9: so che sto scrivendo il mio futuro proprio in questo momento e vorrei che la mia storia possa ispirare anche magari qualche giovane. Le prospettive sono ambiziose: vorremmo aprire pi\u00f9 di un locale. Work in progess.<\/em>\u201d. Sulla situazione italiana il commento \u00e8 veloce e tagliente: \u201c<em>Spesso gli australiani mi chiedono come mai me ne sono andato dal bel Paese. Io rispondo con un po &#8216; di umorismo che se sono dall\u2019altra parte del mondo forse un motivo c\u2019\u00e8. La verit\u00e0 \u00e8 che l\u2019Italia ha letteralmente tutto quello che si pu\u00f2 desiderare e fa invidia a tutto il mondo per le sue caratteristiche, paesaggi e la cultura, ma il sistema ha dei vizi e cavilli che frenano i sogni di molte persone. Qui non \u00e8 stato facile: si guadagna bene, ma si spende tanto. Il fisco \u00e8 severo, ma almeno per gli imprenditori \u00e8 semplificato. Il governo non \u00e8 un\u2019istituzione che temi o che ti mette nelle condizioni di non sapere cosa avverr\u00e0, ma una realt\u00e0 solida, chiara e trasparente su cui fai affidamento nel momento di difficolt\u00e0. In Italia tutto ci mette un sacco ad essere attivato e si perde la futura prospettiva e lo slancio. Pensate che io per prendere casa ho richiesto il mutuo ed ho avuto le chiavi in mano in meno di 10 giorni: una tempistica impensabile in Italia<\/em>.\u201d Altro cenno sulla mobilit\u00e0 sociale e la meritocrazia: \u201c<em>Qui se hai voglia di fare c\u2019\u00e8 un\u2019opportunit\u00e0 dietro l\u2019angolo che ti attende. E\u2019 vero: Melbourne \u00e8 una metropoli e questo \u00e8 normale. Ma parliamo del valore del merito: ho visto persone che non sapevano lavare i piatti darsi da fare e realizzare i loro sogni e le loro aspettative con organizzazione e metodo. Anche in Australia l\u2019inflazione colpisce le aziende e le famiglie, la vita \u00e8 molto costosa e si pensi che uno stipendio base \u00e8 pari a 60.000-70.000 dollari. La diversit\u00e0 con l\u2019Italia sta nel fatto che ogni anno il Governo prevede un adeguamento del salario minimo e le aziende lo attivano, senza storia. E\u2019 normale farlo e che succeda. In Italia ed Europa si parla da anni di salario minimo, ma nel frattempo i prezzi continuano a salire e il costo della vita non \u00e8 adeguato ai redditi, quindi anche il commercio e le possibilit\u00e0 imprenditoriali, soprattutto per i pi\u00f9 giovani, si smorzano<\/em>\u201d. Il suo messaggio \u00e8 chiaro: il coraggio di cambiare, di lasciare tutto e inseguire un sogno pu\u00f2 portare lontano, molto lontano. Proprio come quei 16.125 chilometri che lo separano dalla sua famiglia, e che oggi lo legano a un nuovo capitolo, pieno di entusiasmo e voglia di fare. Tra un impasto ben fatto e un sorriso sincero, il santagiustinese Bepi ha trovato il suo posto nel mondo e guarda ora al futuro con fiducia. \u201c<em>E\u2019 stata dura soprattutto per la lontananza. per fortuna che c\u2019\u00e8 la tecnologia che ci aiuta a sentirla di meno. Tuttavia, se tornassi indietro, rifarei tutto esattamente come l\u2019ho fatto<\/em>\u201d, conclude.<\/p>\n\n\t\t\t<style type='text\/css'>\n\t\t\t\t#gallery-1 {\n\t\t\t\t\tmargin: auto;\n\t\t\t\t}\n\t\t\t\t#gallery-1 .gallery-item {\n\t\t\t\t\tfloat: left;\n\t\t\t\t\tmargin-top: 10px;\n\t\t\t\t\ttext-align: center;\n\t\t\t\t\twidth: 14%;\n\t\t\t\t}\n\t\t\t\t#gallery-1 img {\n\t\t\t\t\tborder: 2px solid #cfcfcf;\n\t\t\t\t}\n\t\t\t\t#gallery-1 .gallery-caption {\n\t\t\t\t\tmargin-left: 0;\n\t\t\t\t}\n\t\t\t\t\/* see gallery_shortcode() in wp-includes\/media.php *\/\n\t\t\t<\/style>\n\t\t<div id='gallery-1' class='dt-gallery-container gallery galleryid-407931 gallery-columns-7 gallery-size-medium'><dl class='gallery-item'>\n\t\t\t\t<dt class='gallery-icon portrait'>\n\t\t\t\t\t<a class=\"rollover rollover-zoom dt-pswp-item\" title=\"Inaugurazione del locale Calsse 90 Vice\" data-dt-img-description=\"\" data-large_image_width=\"1200\" data-large_image_height=\"1600\"href='https:\/\/www.radiopiu.net\/wordpress\/wp-content\/uploads\/2024\/09\/Inaugurazione-del-locale-Calsse-90-Vice.jpg'><img loading=\"lazy\" decoding=\"async\" width=\"225\" height=\"300\" src=\"https:\/\/www.radiopiu.net\/wordpress\/wp-content\/uploads\/2024\/09\/Inaugurazione-del-locale-Calsse-90-Vice-225x300.jpg\" class=\"attachment-medium size-medium\" alt=\"\" srcset=\"https:\/\/www.radiopiu.net\/wordpress\/wp-content\/uploads\/2024\/09\/Inaugurazione-del-locale-Calsse-90-Vice-225x300.jpg 225w, https:\/\/www.radiopiu.net\/wordpress\/wp-content\/uploads\/2024\/09\/Inaugurazione-del-locale-Calsse-90-Vice-768x1024.jpg 768w, https:\/\/www.radiopiu.net\/wordpress\/wp-content\/uploads\/2024\/09\/Inaugurazione-del-locale-Calsse-90-Vice-1152x1536.jpg 1152w, https:\/\/www.radiopiu.net\/wordpress\/wp-content\/uploads\/2024\/09\/Inaugurazione-del-locale-Calsse-90-Vice.jpg 1200w\" sizes=\"auto, (max-width: 225px) 100vw, 225px\" \/><\/a>\n\t\t\t\t<\/dt><\/dl><dl class='gallery-item'>\n\t\t\t\t<dt class='gallery-icon portrait'>\n\t\t\t\t\t<a class=\"rollover rollover-zoom dt-pswp-item\" title=\"Foto di Famiglia presso la Pizzeria Ristorante Al Giardinetto di Santa Giustina. Giuseppe a destra in basso con i fratelli ed i loro compagni, mamma Amelia e papa\u0300 Salvatore.\" data-dt-img-description=\"\" data-large_image_width=\"1376\" data-large_image_height=\"1595\"href='https:\/\/www.radiopiu.net\/wordpress\/wp-content\/uploads\/2024\/09\/Foto-di-Famiglia-presso-la-Pizzeria-Ristorante-Al-Giardinetto-di-Santa-Giustina.-Giuseppe-a-destra-in-basso-con-i-fratelli-ed-i-loro-compagni-mamma-Amelia-e-papa-Salvatore.jpg'><img loading=\"lazy\" decoding=\"async\" width=\"259\" height=\"300\" src=\"https:\/\/www.radiopiu.net\/wordpress\/wp-content\/uploads\/2024\/09\/Foto-di-Famiglia-presso-la-Pizzeria-Ristorante-Al-Giardinetto-di-Santa-Giustina.-Giuseppe-a-destra-in-basso-con-i-fratelli-ed-i-loro-compagni-mamma-Amelia-e-papa-Salvatore-259x300.jpg\" class=\"attachment-medium size-medium\" alt=\"\" srcset=\"https:\/\/www.radiopiu.net\/wordpress\/wp-content\/uploads\/2024\/09\/Foto-di-Famiglia-presso-la-Pizzeria-Ristorante-Al-Giardinetto-di-Santa-Giustina.-Giuseppe-a-destra-in-basso-con-i-fratelli-ed-i-loro-compagni-mamma-Amelia-e-papa-Salvatore-259x300.jpg 259w, https:\/\/www.radiopiu.net\/wordpress\/wp-content\/uploads\/2024\/09\/Foto-di-Famiglia-presso-la-Pizzeria-Ristorante-Al-Giardinetto-di-Santa-Giustina.-Giuseppe-a-destra-in-basso-con-i-fratelli-ed-i-loro-compagni-mamma-Amelia-e-papa-Salvatore-883x1024.jpg 883w, https:\/\/www.radiopiu.net\/wordpress\/wp-content\/uploads\/2024\/09\/Foto-di-Famiglia-presso-la-Pizzeria-Ristorante-Al-Giardinetto-di-Santa-Giustina.-Giuseppe-a-destra-in-basso-con-i-fratelli-ed-i-loro-compagni-mamma-Amelia-e-papa-Salvatore-768x890.jpg 768w, https:\/\/www.radiopiu.net\/wordpress\/wp-content\/uploads\/2024\/09\/Foto-di-Famiglia-presso-la-Pizzeria-Ristorante-Al-Giardinetto-di-Santa-Giustina.-Giuseppe-a-destra-in-basso-con-i-fratelli-ed-i-loro-compagni-mamma-Amelia-e-papa-Salvatore-1325x1536.jpg 1325w, https:\/\/www.radiopiu.net\/wordpress\/wp-content\/uploads\/2024\/09\/Foto-di-Famiglia-presso-la-Pizzeria-Ristorante-Al-Giardinetto-di-Santa-Giustina.-Giuseppe-a-destra-in-basso-con-i-fratelli-ed-i-loro-compagni-mamma-Amelia-e-papa-Salvatore.jpg 1376w\" sizes=\"auto, (max-width: 259px) 100vw, 259px\" \/><\/a>\n\t\t\t\t<\/dt><\/dl><dl class='gallery-item'>\n\t\t\t\t<dt class='gallery-icon portrait'>\n\t\t\t\t\t<a class=\"rollover rollover-zoom dt-pswp-item\" title=\"Giuseppe con Francesco e Flavio i soci della Pizzeria Classe 90 Vice\" data-dt-img-description=\"\" data-large_image_width=\"1920\" data-large_image_height=\"2560\"href='https:\/\/www.radiopiu.net\/wordpress\/wp-content\/uploads\/2024\/09\/Giuseppe-con-Francesco-e-Flavio-i-soci-della-Pizzeria-Classe-90-Vice-scaled.jpg'><img loading=\"lazy\" decoding=\"async\" width=\"225\" height=\"300\" src=\"https:\/\/www.radiopiu.net\/wordpress\/wp-content\/uploads\/2024\/09\/Giuseppe-con-Francesco-e-Flavio-i-soci-della-Pizzeria-Classe-90-Vice-225x300.jpg\" class=\"attachment-medium size-medium\" alt=\"\" srcset=\"https:\/\/www.radiopiu.net\/wordpress\/wp-content\/uploads\/2024\/09\/Giuseppe-con-Francesco-e-Flavio-i-soci-della-Pizzeria-Classe-90-Vice-225x300.jpg 225w, https:\/\/www.radiopiu.net\/wordpress\/wp-content\/uploads\/2024\/09\/Giuseppe-con-Francesco-e-Flavio-i-soci-della-Pizzeria-Classe-90-Vice-768x1024.jpg 768w, https:\/\/www.radiopiu.net\/wordpress\/wp-content\/uploads\/2024\/09\/Giuseppe-con-Francesco-e-Flavio-i-soci-della-Pizzeria-Classe-90-Vice-1152x1536.jpg 1152w, https:\/\/www.radiopiu.net\/wordpress\/wp-content\/uploads\/2024\/09\/Giuseppe-con-Francesco-e-Flavio-i-soci-della-Pizzeria-Classe-90-Vice-1536x2048.jpg 1536w, https:\/\/www.radiopiu.net\/wordpress\/wp-content\/uploads\/2024\/09\/Giuseppe-con-Francesco-e-Flavio-i-soci-della-Pizzeria-Classe-90-Vice-scaled.jpg 1920w\" sizes=\"auto, (max-width: 225px) 100vw, 225px\" \/><\/a>\n\t\t\t\t<\/dt><\/dl><dl class='gallery-item'>\n\t\t\t\t<dt class='gallery-icon portrait'>\n\t\t\t\t\t<a class=\"rollover rollover-zoom dt-pswp-item\" title=\"Il nuovo locale a Melbourne Classe 90 Vice\" data-dt-img-description=\"\" data-large_image_width=\"1920\" data-large_image_height=\"2560\"href='https:\/\/www.radiopiu.net\/wordpress\/wp-content\/uploads\/2024\/09\/Il-nuovo-locale-a-Melbourne-Classe-90-Vice-scaled.jpg'><img loading=\"lazy\" decoding=\"async\" width=\"225\" height=\"300\" src=\"https:\/\/www.radiopiu.net\/wordpress\/wp-content\/uploads\/2024\/09\/Il-nuovo-locale-a-Melbourne-Classe-90-Vice-225x300.jpg\" class=\"attachment-medium size-medium\" alt=\"\" srcset=\"https:\/\/www.radiopiu.net\/wordpress\/wp-content\/uploads\/2024\/09\/Il-nuovo-locale-a-Melbourne-Classe-90-Vice-225x300.jpg 225w, https:\/\/www.radiopiu.net\/wordpress\/wp-content\/uploads\/2024\/09\/Il-nuovo-locale-a-Melbourne-Classe-90-Vice-768x1024.jpg 768w, https:\/\/www.radiopiu.net\/wordpress\/wp-content\/uploads\/2024\/09\/Il-nuovo-locale-a-Melbourne-Classe-90-Vice-1152x1536.jpg 1152w, https:\/\/www.radiopiu.net\/wordpress\/wp-content\/uploads\/2024\/09\/Il-nuovo-locale-a-Melbourne-Classe-90-Vice-1536x2048.jpg 1536w, https:\/\/www.radiopiu.net\/wordpress\/wp-content\/uploads\/2024\/09\/Il-nuovo-locale-a-Melbourne-Classe-90-Vice-scaled.jpg 1920w\" sizes=\"auto, (max-width: 225px) 100vw, 225px\" \/><\/a>\n\t\t\t\t<\/dt><\/dl><dl class='gallery-item'>\n\t\t\t\t<dt class='gallery-icon portrait'>\n\t\t\t\t\t<a class=\"rollover rollover-zoom dt-pswp-item\" title=\"Giuseppe Fortunato nel 2014 presso la pizzeria 400 gradi di Johnny Di Francesco\" data-dt-img-description=\"\" data-large_image_width=\"1920\" data-large_image_height=\"2560\"href='https:\/\/www.radiopiu.net\/wordpress\/wp-content\/uploads\/2024\/09\/Giuseppe-Fortunato-nel-2014-presso-la-pizzeria-400-gradi-di-Johnny-Di-Francesco-scaled.jpg'><img loading=\"lazy\" decoding=\"async\" width=\"225\" height=\"300\" src=\"https:\/\/www.radiopiu.net\/wordpress\/wp-content\/uploads\/2024\/09\/Giuseppe-Fortunato-nel-2014-presso-la-pizzeria-400-gradi-di-Johnny-Di-Francesco-225x300.jpg\" class=\"attachment-medium size-medium\" alt=\"\" srcset=\"https:\/\/www.radiopiu.net\/wordpress\/wp-content\/uploads\/2024\/09\/Giuseppe-Fortunato-nel-2014-presso-la-pizzeria-400-gradi-di-Johnny-Di-Francesco-225x300.jpg 225w, https:\/\/www.radiopiu.net\/wordpress\/wp-content\/uploads\/2024\/09\/Giuseppe-Fortunato-nel-2014-presso-la-pizzeria-400-gradi-di-Johnny-Di-Francesco-768x1024.jpg 768w, https:\/\/www.radiopiu.net\/wordpress\/wp-content\/uploads\/2024\/09\/Giuseppe-Fortunato-nel-2014-presso-la-pizzeria-400-gradi-di-Johnny-Di-Francesco-1152x1536.jpg 1152w, https:\/\/www.radiopiu.net\/wordpress\/wp-content\/uploads\/2024\/09\/Giuseppe-Fortunato-nel-2014-presso-la-pizzeria-400-gradi-di-Johnny-Di-Francesco-1536x2048.jpg 1536w, https:\/\/www.radiopiu.net\/wordpress\/wp-content\/uploads\/2024\/09\/Giuseppe-Fortunato-nel-2014-presso-la-pizzeria-400-gradi-di-Johnny-Di-Francesco-scaled.jpg 1920w\" sizes=\"auto, (max-width: 225px) 100vw, 225px\" \/><\/a>\n\t\t\t\t<\/dt><\/dl><dl class='gallery-item'>\n\t\t\t\t<dt class='gallery-icon portrait'>\n\t\t\t\t\t<a class=\"rollover rollover-zoom dt-pswp-item\" title=\"L&#039;inaugurazione della pizzeria e cocktail bar di Melbourne. Giuseppe sforna pizze per gli oltre 200 amici venuti a festeggiare\" data-dt-img-description=\"\" data-large_image_width=\"1200\" data-large_image_height=\"1600\"href='https:\/\/www.radiopiu.net\/wordpress\/wp-content\/uploads\/2024\/09\/Linaugurazione-della-pizzeria-e-cocktail-bar-di-Melbourne.-Giuseppe-sforna-pizze-per-gli-oltre-200-amici-venuti-a-festeggiare.jpg'><img loading=\"lazy\" decoding=\"async\" width=\"225\" height=\"300\" src=\"https:\/\/www.radiopiu.net\/wordpress\/wp-content\/uploads\/2024\/09\/Linaugurazione-della-pizzeria-e-cocktail-bar-di-Melbourne.-Giuseppe-sforna-pizze-per-gli-oltre-200-amici-venuti-a-festeggiare-225x300.jpg\" class=\"attachment-medium size-medium\" alt=\"\" srcset=\"https:\/\/www.radiopiu.net\/wordpress\/wp-content\/uploads\/2024\/09\/Linaugurazione-della-pizzeria-e-cocktail-bar-di-Melbourne.-Giuseppe-sforna-pizze-per-gli-oltre-200-amici-venuti-a-festeggiare-225x300.jpg 225w, https:\/\/www.radiopiu.net\/wordpress\/wp-content\/uploads\/2024\/09\/Linaugurazione-della-pizzeria-e-cocktail-bar-di-Melbourne.-Giuseppe-sforna-pizze-per-gli-oltre-200-amici-venuti-a-festeggiare-768x1024.jpg 768w, https:\/\/www.radiopiu.net\/wordpress\/wp-content\/uploads\/2024\/09\/Linaugurazione-della-pizzeria-e-cocktail-bar-di-Melbourne.-Giuseppe-sforna-pizze-per-gli-oltre-200-amici-venuti-a-festeggiare-1152x1536.jpg 1152w, https:\/\/www.radiopiu.net\/wordpress\/wp-content\/uploads\/2024\/09\/Linaugurazione-della-pizzeria-e-cocktail-bar-di-Melbourne.-Giuseppe-sforna-pizze-per-gli-oltre-200-amici-venuti-a-festeggiare.jpg 1200w\" sizes=\"auto, (max-width: 225px) 100vw, 225px\" \/><\/a>\n\t\t\t\t<\/dt><\/dl><dl class='gallery-item'>\n\t\t\t\t<dt class='gallery-icon landscape'>\n\t\t\t\t\t<a class=\"rollover rollover-zoom dt-pswp-item\" title=\"Giuseppe e l&#039;amico Gianluca con cui e\u0300 iniziato il sogno di pizzaiolo\" data-dt-img-description=\"\" data-large_image_width=\"1600\" data-large_image_height=\"1194\"href='https:\/\/www.radiopiu.net\/wordpress\/wp-content\/uploads\/2024\/09\/Giuseppe-e-lamico-Gianluca-con-cui-e-iniziato-il-sogno-di-pizzaiolo.jpg'><img loading=\"lazy\" decoding=\"async\" width=\"300\" height=\"224\" src=\"https:\/\/www.radiopiu.net\/wordpress\/wp-content\/uploads\/2024\/09\/Giuseppe-e-lamico-Gianluca-con-cui-e-iniziato-il-sogno-di-pizzaiolo-300x224.jpg\" class=\"attachment-medium size-medium\" alt=\"\" srcset=\"https:\/\/www.radiopiu.net\/wordpress\/wp-content\/uploads\/2024\/09\/Giuseppe-e-lamico-Gianluca-con-cui-e-iniziato-il-sogno-di-pizzaiolo-300x224.jpg 300w, https:\/\/www.radiopiu.net\/wordpress\/wp-content\/uploads\/2024\/09\/Giuseppe-e-lamico-Gianluca-con-cui-e-iniziato-il-sogno-di-pizzaiolo-1024x764.jpg 1024w, https:\/\/www.radiopiu.net\/wordpress\/wp-content\/uploads\/2024\/09\/Giuseppe-e-lamico-Gianluca-con-cui-e-iniziato-il-sogno-di-pizzaiolo-768x573.jpg 768w, https:\/\/www.radiopiu.net\/wordpress\/wp-content\/uploads\/2024\/09\/Giuseppe-e-lamico-Gianluca-con-cui-e-iniziato-il-sogno-di-pizzaiolo-1536x1146.jpg 1536w, https:\/\/www.radiopiu.net\/wordpress\/wp-content\/uploads\/2024\/09\/Giuseppe-e-lamico-Gianluca-con-cui-e-iniziato-il-sogno-di-pizzaiolo.jpg 1600w\" sizes=\"auto, (max-width: 300px) 100vw, 300px\" \/><\/a>\n\t\t\t\t<\/dt><\/dl><br style=\"clear: both\" \/>\n\t\t\t<\/div>\n\n<p>&nbsp;<\/p>\n<p>&nbsp;<\/p>\n<p>********<\/p>\n","protected":false},"excerpt":{"rendered":"<p>****** &nbsp; DI ALESSIA DALL&#8217;O&#8217; SANTA GIUSTINA Quasi ventimila chilometri separano Santa Giustina, un piccolo paese della provincia di Belluno, dall&#8217;affollata Melbourne, ma per Giuseppe Fortunato, &#8220;Bepi&#8221; per gli amici di sempre, questa distanza \u00e8 stata solo il primo passo di un lungo viaggio verso la realizzazione di un sogno: aprire la propria pizzeria in&hellip;<\/p>\n","protected":false},"author":4,"featured_media":407936,"comment_status":"closed","ping_status":"closed","sticky":false,"template":"","format":"standard","meta":{"_monsterinsights_skip_tracking":false,"_monsterinsights_sitenote_active":false,"_monsterinsights_sitenote_note":"","_monsterinsights_sitenote_category":0,"footnotes":""},"categories":[49],"tags":[],"class_list":["post-407931","post","type-post","status-publish","format-standard","has-post-thumbnail","hentry","category-news-18","category-49","description-off"],"img_url":"https:\/\/www.radiopiu.net\/wordpress\/wp-content\/uploads\/2024\/09\/Giuseppe-e-lamico-Gianluca-con-cui-e-iniziato-il-sogno-di-pizzaiolo.jpg","_links":{"self":[{"href":"https:\/\/www.radiopiu.net\/wordpress\/wp-json\/wp\/v2\/posts\/407931","targetHints":{"allow":["GET"]}}],"collection":[{"href":"https:\/\/www.radiopiu.net\/wordpress\/wp-json\/wp\/v2\/posts"}],"about":[{"href":"https:\/\/www.radiopiu.net\/wordpress\/wp-json\/wp\/v2\/types\/post"}],"author":[{"embeddable":true,"href":"https:\/\/www.radiopiu.net\/wordpress\/wp-json\/wp\/v2\/users\/4"}],"replies":[{"embeddable":true,"href":"https:\/\/www.radiopiu.net\/wordpress\/wp-json\/wp\/v2\/comments?post=407931"}],"version-history":[{"count":1,"href":"https:\/\/www.radiopiu.net\/wordpress\/wp-json\/wp\/v2\/posts\/407931\/revisions"}],"predecessor-version":[{"id":407941,"href":"https:\/\/www.radiopiu.net\/wordpress\/wp-json\/wp\/v2\/posts\/407931\/revisions\/407941"}],"wp:featuredmedia":[{"embeddable":true,"href":"https:\/\/www.radiopiu.net\/wordpress\/wp-json\/wp\/v2\/media\/407936"}],"wp:attachment":[{"href":"https:\/\/www.radiopiu.net\/wordpress\/wp-json\/wp\/v2\/media?parent=407931"}],"wp:term":[{"taxonomy":"category","embeddable":true,"href":"https:\/\/www.radiopiu.net\/wordpress\/wp-json\/wp\/v2\/categories?post=407931"},{"taxonomy":"post_tag","embeddable":true,"href":"https:\/\/www.radiopiu.net\/wordpress\/wp-json\/wp\/v2\/tags?post=407931"}],"curies":[{"name":"wp","href":"https:\/\/api.w.org\/{rel}","templated":true}]}}