{"id":408015,"date":"2024-09-04T06:49:45","date_gmt":"2024-09-04T04:49:45","guid":{"rendered":"https:\/\/www.radiopiu.net\/wordpress\/?p=408015"},"modified":"2024-09-04T12:59:29","modified_gmt":"2024-09-04T10:59:29","slug":"oggi-livinallongo-ricorda-massimo-mamo-crepaz","status":"publish","type":"post","link":"https:\/\/www.radiopiu.net\/wordpress\/oggi-livinallongo-ricorda-massimo-mamo-crepaz\/","title":{"rendered":"OGGI LIVINALLONGO RICORDA MASSIMO &#8220;MAMO&#8221; CREPAZ"},"content":{"rendered":"<p>******<\/p>\n<p>&nbsp;<\/p>\n<p><strong>LIVINALLONGO<\/strong> Questa sera alle 20 nella chiesa di Pieve di Livinallongo verr\u00e0 celebrata una santa messa in memoria di Massimo &#8220;Mamo&#8221; Crepaz ad un anno dalla sua scomparsa. La famiglia lo vuole ricordare facendolo rivivere nell&#8217;animo di quanti lo conobbero e gli vollero bene<\/p>\n<p><strong>IL RICORDO DEI COLLEGHI<\/strong><\/p>\n<p>Ciao Mamo, oggi avresti dovuto essere qui. Come sempre avresti salutato con il tuo &#8220;Bond\u00ec per dutold\u00ec. Qui ogni cosa parla ancora di te. La tua seggiovia non c&#8217;\u00e8 pi\u00f9. Ma su qualche attrezzo c&#8217;\u00e8 ancora il tuo nome ed il tuo esempio, la tua laboriosit\u00e0, la tua simpatia e la tua professionalit\u00e1 ci accompagneranno per sempre. Alle 10:30 il nostro pensiero andr\u00e1 a te. Ciao Mamo, &#8220;da colass\u00f9 cialene ju ogni di&#8221;. I tuoi colleghi.<\/p>\n<p>&nbsp;<\/p>\n\n\t\t\t<style type='text\/css'>\n\t\t\t\t#gallery-1 {\n\t\t\t\t\tmargin: auto;\n\t\t\t\t}\n\t\t\t\t#gallery-1 .gallery-item {\n\t\t\t\t\tfloat: left;\n\t\t\t\t\tmargin-top: 10px;\n\t\t\t\t\ttext-align: center;\n\t\t\t\t\twidth: 100%;\n\t\t\t\t}\n\t\t\t\t#gallery-1 img {\n\t\t\t\t\tborder: 2px solid #cfcfcf;\n\t\t\t\t}\n\t\t\t\t#gallery-1 .gallery-caption {\n\t\t\t\t\tmargin-left: 0;\n\t\t\t\t}\n\t\t\t\t\/* see gallery_shortcode() in wp-includes\/media.php *\/\n\t\t\t<\/style>\n\t\t<div id='gallery-1' class='dt-gallery-container gallery galleryid-408015 gallery-columns-1 gallery-size-medium'><dl class='gallery-item'>\n\t\t\t\t<dt class='gallery-icon landscape'>\n\t\t\t\t\t<a class=\"rollover rollover-zoom dt-pswp-item\" title=\"e4218b79-9dab-4e12-9b13-0e2ea2966692\" data-dt-img-description=\"\" data-large_image_width=\"1125\" data-large_image_height=\"790\"href='https:\/\/www.radiopiu.net\/wordpress\/wp-content\/uploads\/2024\/09\/e4218b79-9dab-4e12-9b13-0e2ea2966692.jpg'><img loading=\"lazy\" decoding=\"async\" width=\"300\" height=\"211\" src=\"https:\/\/www.radiopiu.net\/wordpress\/wp-content\/uploads\/2024\/09\/e4218b79-9dab-4e12-9b13-0e2ea2966692-300x211.jpg\" class=\"attachment-medium size-medium\" alt=\"\" srcset=\"https:\/\/www.radiopiu.net\/wordpress\/wp-content\/uploads\/2024\/09\/e4218b79-9dab-4e12-9b13-0e2ea2966692-300x211.jpg 300w, https:\/\/www.radiopiu.net\/wordpress\/wp-content\/uploads\/2024\/09\/e4218b79-9dab-4e12-9b13-0e2ea2966692-1024x719.jpg 1024w, https:\/\/www.radiopiu.net\/wordpress\/wp-content\/uploads\/2024\/09\/e4218b79-9dab-4e12-9b13-0e2ea2966692-768x539.jpg 768w, https:\/\/www.radiopiu.net\/wordpress\/wp-content\/uploads\/2024\/09\/e4218b79-9dab-4e12-9b13-0e2ea2966692.jpg 1125w\" sizes=\"auto, (max-width: 300px) 100vw, 300px\" \/><\/a>\n\t\t\t\t<\/dt><\/dl><br style=\"clear: both\" \/>\n\t\t\t<\/div>\n\n<p>&nbsp;<\/p>\n<p>&nbsp;<\/p>\n<p>*********<\/p>\n","protected":false},"excerpt":{"rendered":"<p>****** &nbsp; LIVINALLONGO Questa sera alle 20 nella chiesa di Pieve di Livinallongo verr\u00e0 celebrata una santa messa in memoria di Massimo &#8220;Mamo&#8221; Crepaz ad un anno dalla sua scomparsa. La famiglia lo vuole ricordare facendolo rivivere nell&#8217;animo di quanti lo conobbero e gli vollero bene IL RICORDO DEI COLLEGHI Ciao Mamo, oggi avresti dovuto&hellip;<\/p>\n","protected":false},"author":4,"featured_media":408013,"comment_status":"closed","ping_status":"closed","sticky":false,"template":"","format":"standard","meta":{"_monsterinsights_skip_tracking":false,"_monsterinsights_sitenote_active":false,"_monsterinsights_sitenote_note":"","_monsterinsights_sitenote_category":0,"footnotes":""},"categories":[49],"tags":[],"class_list":["post-408015","post","type-post","status-publish","format-standard","has-post-thumbnail","hentry","category-news-18","category-49","description-off"],"img_url":"https:\/\/www.radiopiu.net\/wordpress\/wp-content\/uploads\/2024\/09\/e4218b79-9dab-4e12-9b13-0e2ea2966692.jpg","_links":{"self":[{"href":"https:\/\/www.radiopiu.net\/wordpress\/wp-json\/wp\/v2\/posts\/408015","targetHints":{"allow":["GET"]}}],"collection":[{"href":"https:\/\/www.radiopiu.net\/wordpress\/wp-json\/wp\/v2\/posts"}],"about":[{"href":"https:\/\/www.radiopiu.net\/wordpress\/wp-json\/wp\/v2\/types\/post"}],"author":[{"embeddable":true,"href":"https:\/\/www.radiopiu.net\/wordpress\/wp-json\/wp\/v2\/users\/4"}],"replies":[{"embeddable":true,"href":"https:\/\/www.radiopiu.net\/wordpress\/wp-json\/wp\/v2\/comments?post=408015"}],"version-history":[{"count":2,"href":"https:\/\/www.radiopiu.net\/wordpress\/wp-json\/wp\/v2\/posts\/408015\/revisions"}],"predecessor-version":[{"id":408054,"href":"https:\/\/www.radiopiu.net\/wordpress\/wp-json\/wp\/v2\/posts\/408015\/revisions\/408054"}],"wp:featuredmedia":[{"embeddable":true,"href":"https:\/\/www.radiopiu.net\/wordpress\/wp-json\/wp\/v2\/media\/408013"}],"wp:attachment":[{"href":"https:\/\/www.radiopiu.net\/wordpress\/wp-json\/wp\/v2\/media?parent=408015"}],"wp:term":[{"taxonomy":"category","embeddable":true,"href":"https:\/\/www.radiopiu.net\/wordpress\/wp-json\/wp\/v2\/categories?post=408015"},{"taxonomy":"post_tag","embeddable":true,"href":"https:\/\/www.radiopiu.net\/wordpress\/wp-json\/wp\/v2\/tags?post=408015"}],"curies":[{"name":"wp","href":"https:\/\/api.w.org\/{rel}","templated":true}]}}