{"id":408031,"date":"2024-09-04T09:24:07","date_gmt":"2024-09-04T07:24:07","guid":{"rendered":"https:\/\/www.radiopiu.net\/wordpress\/?p=408031"},"modified":"2024-09-04T16:10:29","modified_gmt":"2024-09-04T14:10:29","slug":"marmolada-recuperati-i-corpi-di-due-alpinisti-trevigiani","status":"publish","type":"post","link":"https:\/\/www.radiopiu.net\/wordpress\/marmolada-recuperati-i-corpi-di-due-alpinisti-trevigiani\/","title":{"rendered":"MARMOLADA: RECUPERATI I CORPI DI DUE ALPINISTI TREVIGIANI"},"content":{"rendered":"<p>******<\/p>\n<p>&nbsp;<\/p>\n<p><b>ROCCA PIETORE <\/b>Sono stati recuperati da Falco 2 i corpi senza vita di due alpinisti trevigiani, Francesco Favilli e Filippo Zanin, precipitati gi\u00e0 ieri dalla parete sud della Marmolada, dove stavano scalando la Via Don Chisciotte. Ieri sera verso le 23.20 il Soccorso alpino della Val Pettorina \u00e8 stato attivato dalla Centrale del Suem, allartata dalla moglie di uno dei due, a cui aveva mandato un messaggio senza ricevere risposta attorno alle 14. Ritrovate le macchine, una parcheggiata a Malga Ciapela, da dove erano saliti al Rifugio Falier, e una in Fedaia, dove sarebbero arrivati scendendo dal ghiacciaio una volta completata la via, i soccorritori sono saliti fino a Malga Ombretta a sud e lungo il ghiaccio sul versante nord per vedere se i due scalatori fossero in ritardo. Non trovandoli, alle 5.30 questa mattina una squadra \u00e8 salita al Rifugio Falier per osservare la parete con il binocolo, senza vederli. Da Belluno \u00e8 quindi decollato Falco 2 che si \u00e8 diretto subito sui ghiaioni alla base della parete, rinvenendo purtroppo i corpi esanimi. Constatato il decesso, le salme sono state recuperate e trasportate alla cella mortuaria di Rocca Pietore. Dalle prime informazioni, i due alpinisti, che erano partiti ieri alle 4.30 dal Rifugio Falier per attaccare la via, potrebbero essere precipitati gi\u00e0 sui primi tiri. I due alpinisti deceduti erano due manager dell&#8217;azienda Scarpa, anche il presidente del Veneto Luca Zaia ha lasciato un messaggio di vicinanza alle famiglie di Favilli e Zanin.<\/p>\n<p><strong>NELLA FOTO DI SIMONE PRA LA ZONA DOVE SONO STATI RECUPERATI I CORPI<\/strong><\/p>\n\n\t\t\t<style type='text\/css'>\n\t\t\t\t#gallery-1 {\n\t\t\t\t\tmargin: auto;\n\t\t\t\t}\n\t\t\t\t#gallery-1 .gallery-item {\n\t\t\t\t\tfloat: left;\n\t\t\t\t\tmargin-top: 10px;\n\t\t\t\t\ttext-align: center;\n\t\t\t\t\twidth: 100%;\n\t\t\t\t}\n\t\t\t\t#gallery-1 img {\n\t\t\t\t\tborder: 2px solid #cfcfcf;\n\t\t\t\t}\n\t\t\t\t#gallery-1 .gallery-caption {\n\t\t\t\t\tmargin-left: 0;\n\t\t\t\t}\n\t\t\t\t\/* see gallery_shortcode() in wp-includes\/media.php *\/\n\t\t\t<\/style>\n\t\t<div id='gallery-1' class='dt-gallery-container gallery galleryid-408031 gallery-columns-1 gallery-size-medium'><dl class='gallery-item'>\n\t\t\t\t<dt class='gallery-icon landscape'>\n\t\t\t\t\t<a class=\"rollover rollover-zoom dt-pswp-item\" title=\"fcbf7f33-6411-4113-a6d7-26bb066fd9a6\" data-dt-img-description=\"\" data-large_image_width=\"2560\" data-large_image_height=\"1423\"href='https:\/\/www.radiopiu.net\/wordpress\/wp-content\/uploads\/2024\/09\/fcbf7f33-6411-4113-a6d7-26bb066fd9a6-scaled.jpg'><img loading=\"lazy\" decoding=\"async\" width=\"300\" height=\"167\" src=\"https:\/\/www.radiopiu.net\/wordpress\/wp-content\/uploads\/2024\/09\/fcbf7f33-6411-4113-a6d7-26bb066fd9a6-300x167.jpg\" class=\"attachment-medium size-medium\" alt=\"\" srcset=\"https:\/\/www.radiopiu.net\/wordpress\/wp-content\/uploads\/2024\/09\/fcbf7f33-6411-4113-a6d7-26bb066fd9a6-300x167.jpg 300w, https:\/\/www.radiopiu.net\/wordpress\/wp-content\/uploads\/2024\/09\/fcbf7f33-6411-4113-a6d7-26bb066fd9a6-1024x569.jpg 1024w, https:\/\/www.radiopiu.net\/wordpress\/wp-content\/uploads\/2024\/09\/fcbf7f33-6411-4113-a6d7-26bb066fd9a6-768x427.jpg 768w, https:\/\/www.radiopiu.net\/wordpress\/wp-content\/uploads\/2024\/09\/fcbf7f33-6411-4113-a6d7-26bb066fd9a6-1536x854.jpg 1536w, https:\/\/www.radiopiu.net\/wordpress\/wp-content\/uploads\/2024\/09\/fcbf7f33-6411-4113-a6d7-26bb066fd9a6-2048x1138.jpg 2048w\" sizes=\"auto, (max-width: 300px) 100vw, 300px\" \/><\/a>\n\t\t\t\t<\/dt><\/dl><br style=\"clear: both\" \/>\n\t\t\t<\/div>\n\n<p>&nbsp;<\/p>\n<p>&nbsp;<\/p>\n<p>*******<\/p>\n<p>&nbsp;<\/p>\n<p>&nbsp;<\/p>\n<p>*******<\/p>\n","protected":false},"excerpt":{"rendered":"<p>****** &nbsp; ROCCA PIETORE Sono stati recuperati da Falco 2 i corpi senza vita di due alpinisti trevigiani, Francesco Favilli e Filippo Zanin, precipitati gi\u00e0 ieri dalla parete sud della Marmolada, dove stavano scalando la Via Don Chisciotte. Ieri sera verso le 23.20 il Soccorso alpino della Val Pettorina \u00e8 stato attivato dalla Centrale del&hellip;<\/p>\n","protected":false},"author":4,"featured_media":344407,"comment_status":"closed","ping_status":"closed","sticky":false,"template":"","format":"standard","meta":{"_monsterinsights_skip_tracking":false,"_monsterinsights_sitenote_active":false,"_monsterinsights_sitenote_note":"","_monsterinsights_sitenote_category":0,"footnotes":""},"categories":[51,49],"tags":[],"class_list":["post-408031","post","type-post","status-publish","format-standard","has-post-thumbnail","hentry","category-evidenza-top","category-news-18","category-51","category-49","description-off"],"img_url":"https:\/\/www.radiopiu.net\/wordpress\/wp-content\/uploads\/2023\/07\/SOTTOGUDA-MARMOLADA-PADON-4.jpg","_links":{"self":[{"href":"https:\/\/www.radiopiu.net\/wordpress\/wp-json\/wp\/v2\/posts\/408031","targetHints":{"allow":["GET"]}}],"collection":[{"href":"https:\/\/www.radiopiu.net\/wordpress\/wp-json\/wp\/v2\/posts"}],"about":[{"href":"https:\/\/www.radiopiu.net\/wordpress\/wp-json\/wp\/v2\/types\/post"}],"author":[{"embeddable":true,"href":"https:\/\/www.radiopiu.net\/wordpress\/wp-json\/wp\/v2\/users\/4"}],"replies":[{"embeddable":true,"href":"https:\/\/www.radiopiu.net\/wordpress\/wp-json\/wp\/v2\/comments?post=408031"}],"version-history":[{"count":6,"href":"https:\/\/www.radiopiu.net\/wordpress\/wp-json\/wp\/v2\/posts\/408031\/revisions"}],"predecessor-version":[{"id":408088,"href":"https:\/\/www.radiopiu.net\/wordpress\/wp-json\/wp\/v2\/posts\/408031\/revisions\/408088"}],"wp:featuredmedia":[{"embeddable":true,"href":"https:\/\/www.radiopiu.net\/wordpress\/wp-json\/wp\/v2\/media\/344407"}],"wp:attachment":[{"href":"https:\/\/www.radiopiu.net\/wordpress\/wp-json\/wp\/v2\/media?parent=408031"}],"wp:term":[{"taxonomy":"category","embeddable":true,"href":"https:\/\/www.radiopiu.net\/wordpress\/wp-json\/wp\/v2\/categories?post=408031"},{"taxonomy":"post_tag","embeddable":true,"href":"https:\/\/www.radiopiu.net\/wordpress\/wp-json\/wp\/v2\/tags?post=408031"}],"curies":[{"name":"wp","href":"https:\/\/api.w.org\/{rel}","templated":true}]}}