{"id":408158,"date":"2024-09-05T13:48:16","date_gmt":"2024-09-05T11:48:16","guid":{"rendered":"https:\/\/www.radiopiu.net\/wordpress\/?p=408158"},"modified":"2024-09-05T13:54:10","modified_gmt":"2024-09-05T11:54:10","slug":"chiusa-temporaneamente-la-ss-51","status":"publish","type":"post","link":"https:\/\/www.radiopiu.net\/wordpress\/chiusa-temporaneamente-la-ss-51\/","title":{"rendered":"CHIUSA TEMPORANEAMENTE LA SS 51 DI ALEMAGNA A FADALTO"},"content":{"rendered":"<p>******<\/p>\n<p>&nbsp;<\/p>\n<p><strong><a class=\"dt-pswp-item\" href=\"https:\/\/www.radiopiu.net\/wordpress\/wp-content\/uploads\/2024\/09\/66278977-cc59-406e-a95c-84f02beba86d.jpg\" data-dt-img-description=\"\" data-large_image_width=\"1125\" data-large_image_height=\"803\"><img loading=\"lazy\" decoding=\"async\" class=\" wp-image-408171 alignleft\" src=\"https:\/\/www.radiopiu.net\/wordpress\/wp-content\/uploads\/2024\/09\/66278977-cc59-406e-a95c-84f02beba86d-300x214.jpg\" alt=\"\" width=\"202\" height=\"144\" srcset=\"https:\/\/www.radiopiu.net\/wordpress\/wp-content\/uploads\/2024\/09\/66278977-cc59-406e-a95c-84f02beba86d-300x214.jpg 300w, https:\/\/www.radiopiu.net\/wordpress\/wp-content\/uploads\/2024\/09\/66278977-cc59-406e-a95c-84f02beba86d-1024x731.jpg 1024w, https:\/\/www.radiopiu.net\/wordpress\/wp-content\/uploads\/2024\/09\/66278977-cc59-406e-a95c-84f02beba86d-768x548.jpg 768w, https:\/\/www.radiopiu.net\/wordpress\/wp-content\/uploads\/2024\/09\/66278977-cc59-406e-a95c-84f02beba86d.jpg 1125w\" sizes=\"auto, (max-width: 202px) 100vw, 202px\" \/><\/a>VENEZIA <\/strong>A causa delle intense precipitazioni che stanno interessando il territorio regionale, la statale 51 \u201cdi Alemagna\u201d \u00e8 provvisoriamente chiusa al traffico in corrispondenza del fronte di frana a Fadalto, nel Comune di Vittorio Veneto (TV). La circolazione \u00e8 deviata su percorsi alternativi con indicazioni in loco. La chiusura si \u00e8 resa necessaria in via precauzionale per garantire la sicurezza della circolazione in seguito all\u2019attivazione del sistema di monitoraggio installato sul versante, per il superamento delle soglie di allarme correlate all&#8217;intensit\u00e0 dei livelli di precipitazione.\u00a0 Il personale Anas \u00e8 comunque sul posto da ieri, mercoled\u00ec 4 settembre, per il presidio e il monitoraggio della pendice a monte della statale. La chiusura, la cui durata \u00e8 correlata all\u2019evoluzione delle condizioni meteorologiche che sono previste in peggioramento, rester\u00e0 in vigore fino a cessate esigenze.<\/p>\n<p>&nbsp;<\/p>\n<p>&nbsp;<\/p>\n<p>********<\/p>\n","protected":false},"excerpt":{"rendered":"<p>****** &nbsp; VENEZIA A causa delle intense precipitazioni che stanno interessando il territorio regionale, la statale 51 \u201cdi Alemagna\u201d \u00e8 provvisoriamente chiusa al traffico in corrispondenza del fronte di frana a Fadalto, nel Comune di Vittorio Veneto (TV). La circolazione \u00e8 deviata su percorsi alternativi con indicazioni in loco. La chiusura si \u00e8 resa necessaria&hellip;<\/p>\n","protected":false},"author":4,"featured_media":408171,"comment_status":"closed","ping_status":"closed","sticky":false,"template":"","format":"standard","meta":{"_monsterinsights_skip_tracking":false,"_monsterinsights_sitenote_active":false,"_monsterinsights_sitenote_note":"","_monsterinsights_sitenote_category":0,"footnotes":""},"categories":[51,49],"tags":[],"class_list":["post-408158","post","type-post","status-publish","format-standard","has-post-thumbnail","hentry","category-evidenza-top","category-news-18","category-51","category-49","description-off"],"img_url":"https:\/\/www.radiopiu.net\/wordpress\/wp-content\/uploads\/2024\/09\/66278977-cc59-406e-a95c-84f02beba86d.jpg","_links":{"self":[{"href":"https:\/\/www.radiopiu.net\/wordpress\/wp-json\/wp\/v2\/posts\/408158","targetHints":{"allow":["GET"]}}],"collection":[{"href":"https:\/\/www.radiopiu.net\/wordpress\/wp-json\/wp\/v2\/posts"}],"about":[{"href":"https:\/\/www.radiopiu.net\/wordpress\/wp-json\/wp\/v2\/types\/post"}],"author":[{"embeddable":true,"href":"https:\/\/www.radiopiu.net\/wordpress\/wp-json\/wp\/v2\/users\/4"}],"replies":[{"embeddable":true,"href":"https:\/\/www.radiopiu.net\/wordpress\/wp-json\/wp\/v2\/comments?post=408158"}],"version-history":[{"count":3,"href":"https:\/\/www.radiopiu.net\/wordpress\/wp-json\/wp\/v2\/posts\/408158\/revisions"}],"predecessor-version":[{"id":408174,"href":"https:\/\/www.radiopiu.net\/wordpress\/wp-json\/wp\/v2\/posts\/408158\/revisions\/408174"}],"wp:featuredmedia":[{"embeddable":true,"href":"https:\/\/www.radiopiu.net\/wordpress\/wp-json\/wp\/v2\/media\/408171"}],"wp:attachment":[{"href":"https:\/\/www.radiopiu.net\/wordpress\/wp-json\/wp\/v2\/media?parent=408158"}],"wp:term":[{"taxonomy":"category","embeddable":true,"href":"https:\/\/www.radiopiu.net\/wordpress\/wp-json\/wp\/v2\/categories?post=408158"},{"taxonomy":"post_tag","embeddable":true,"href":"https:\/\/www.radiopiu.net\/wordpress\/wp-json\/wp\/v2\/tags?post=408158"}],"curies":[{"name":"wp","href":"https:\/\/api.w.org\/{rel}","templated":true}]}}