{"id":408180,"date":"2024-09-05T15:33:16","date_gmt":"2024-09-05T13:33:16","guid":{"rendered":"https:\/\/www.radiopiu.net\/wordpress\/?p=408180"},"modified":"2024-09-05T15:33:16","modified_gmt":"2024-09-05T13:33:16","slug":"nuova-mensa-allalberghiero-di-falcade-la-provincia-ripropone-lintervento","status":"publish","type":"post","link":"https:\/\/www.radiopiu.net\/wordpress\/nuova-mensa-allalberghiero-di-falcade-la-provincia-ripropone-lintervento\/","title":{"rendered":"NUOVA MENSA ALL&#8217;ALBERGHIERO DI FALCADE: LA PROVINCIA RIPROPONE L&#8217;INTERVENTO"},"content":{"rendered":"<p>*******<\/p>\n<p>&nbsp;<\/p>\n<p><strong><a class=\"dt-pswp-item\" href=\"https:\/\/www.radiopiu.net\/wordpress\/wp-content\/uploads\/2024\/09\/istituto-Falcade.1.jpeg\" data-dt-img-description=\"\" data-large_image_width=\"1217\" data-large_image_height=\"875\"><img loading=\"lazy\" decoding=\"async\" class=\" wp-image-408185 alignleft\" src=\"https:\/\/www.radiopiu.net\/wordpress\/wp-content\/uploads\/2024\/09\/istituto-Falcade.1-300x216.jpeg\" alt=\"\" width=\"158\" height=\"114\" srcset=\"https:\/\/www.radiopiu.net\/wordpress\/wp-content\/uploads\/2024\/09\/istituto-Falcade.1-300x216.jpeg 300w, https:\/\/www.radiopiu.net\/wordpress\/wp-content\/uploads\/2024\/09\/istituto-Falcade.1-1024x736.jpeg 1024w, https:\/\/www.radiopiu.net\/wordpress\/wp-content\/uploads\/2024\/09\/istituto-Falcade.1-768x552.jpeg 768w, https:\/\/www.radiopiu.net\/wordpress\/wp-content\/uploads\/2024\/09\/istituto-Falcade.1.jpeg 1217w\" sizes=\"auto, (max-width: 158px) 100vw, 158px\" \/><\/a>FALCADE <\/strong>L\u2019alberghiero di Falcade ritenta per la nuova mensa. La Provincia di Belluno ha depositato la richiesta di nuovo finanziamento Pnrr per realizzare la nuova cucina e la sala distribuzione pasti per l\u2019istituto di via Trieste, dove ha sede anche lo Ski College. Il progetto era gi\u00e0 stato approvato e avanzato; e aveva ottenuto un contributo di 800mila euro dal Piano ripartenza e resilienza (all\u2019interno di un intervento pi\u00f9 corposo, da 1,5 milioni di euro, che poteva contare anche sul cofinanziamento del Fondo Comuni confinanti). Un anno fa per\u00f2 &#8211; era la fine di settembre 2023 &#8211; la gara d\u2019appalto era andata deserta e cos\u00ec la Provincia aveva dovuto accantonare l\u2019idea di dotare il polo di Falcade di una nuova mensa. Adesso, Palazzo Piloni ci riprova con un progetto leggermente diverso, pi\u00f9 funzionale e anche pi\u00f9 adatto ad andare incontro a una modalit\u00e0 di intervento pi\u00f9 confacente alle imprese edili. Non ci sar\u00e0 pi\u00f9 demolizione e ricostruzione in loco (intervento che avrebbe richiesto costi importanti per il provvisorio, durante il cantiere). La variazione di progetto consiste invece nella costruzione della nuova mensa e solo in seguito la demolizione della vecchia. Il nuovo piano prevede di realizzare la nuova struttura collegata al corpo di fabbrica del convitto, con l\u2019utilizzo di una stanza del piano terra e di una del primo piano che oggi sono poco utilizzate, per ricavarci lo spogliatoio e la dispensa.\u00a0\u00abIn questo modo riusciamo anche a razionalizzare gli spazi, con un intervento che risulter\u00e0 migliorativo e ancora pi\u00f9 funzionale alle esigenze della scuola\u00bb commenta il consigliere provinciale delegato all\u2019edilizia scolastica, Marzio Sovilla. \u00abL\u2019intervento complessivamente vale oltre 1 milione di euro e abbiamo avanzato la richiesta di finanziamento a valere sul Pnrr, in perfetta sintonia con il Comune di Falcade e con il sindaco Mauro Salvaterra, per riprendere il contributo che avevamo gi\u00e0 ottenuto un anno fa. L\u2019obiettivo condiviso con l\u2019amministrazione comunale \u00e8 continuare a dare un servizio d\u2019eccellenza in una scuola che \u00e8 strategica, non solo per l\u2019indirizzo di studi in un\u2019area della provincia vocata al turismo, ma anche perch\u00e9 rappresenta un presidio delle terre alte\u00bb.<\/p>\n<p>&nbsp;<\/p>\n<p>&nbsp;<\/p>\n<p>&nbsp;<\/p>\n<p>*********<\/p>\n","protected":false},"excerpt":{"rendered":"<p>******* &nbsp; FALCADE L\u2019alberghiero di Falcade ritenta per la nuova mensa. La Provincia di Belluno ha depositato la richiesta di nuovo finanziamento Pnrr per realizzare la nuova cucina e la sala distribuzione pasti per l\u2019istituto di via Trieste, dove ha sede anche lo Ski College. Il progetto era gi\u00e0 stato approvato e avanzato; e aveva&hellip;<\/p>\n","protected":false},"author":4,"featured_media":408185,"comment_status":"closed","ping_status":"closed","sticky":false,"template":"","format":"standard","meta":{"_monsterinsights_skip_tracking":false,"_monsterinsights_sitenote_active":false,"_monsterinsights_sitenote_note":"","_monsterinsights_sitenote_category":0,"footnotes":""},"categories":[49],"tags":[],"class_list":["post-408180","post","type-post","status-publish","format-standard","has-post-thumbnail","hentry","category-news-18","category-49","description-off"],"img_url":"https:\/\/www.radiopiu.net\/wordpress\/wp-content\/uploads\/2024\/09\/istituto-Falcade.1.jpeg","_links":{"self":[{"href":"https:\/\/www.radiopiu.net\/wordpress\/wp-json\/wp\/v2\/posts\/408180","targetHints":{"allow":["GET"]}}],"collection":[{"href":"https:\/\/www.radiopiu.net\/wordpress\/wp-json\/wp\/v2\/posts"}],"about":[{"href":"https:\/\/www.radiopiu.net\/wordpress\/wp-json\/wp\/v2\/types\/post"}],"author":[{"embeddable":true,"href":"https:\/\/www.radiopiu.net\/wordpress\/wp-json\/wp\/v2\/users\/4"}],"replies":[{"embeddable":true,"href":"https:\/\/www.radiopiu.net\/wordpress\/wp-json\/wp\/v2\/comments?post=408180"}],"version-history":[{"count":1,"href":"https:\/\/www.radiopiu.net\/wordpress\/wp-json\/wp\/v2\/posts\/408180\/revisions"}],"predecessor-version":[{"id":408186,"href":"https:\/\/www.radiopiu.net\/wordpress\/wp-json\/wp\/v2\/posts\/408180\/revisions\/408186"}],"wp:featuredmedia":[{"embeddable":true,"href":"https:\/\/www.radiopiu.net\/wordpress\/wp-json\/wp\/v2\/media\/408185"}],"wp:attachment":[{"href":"https:\/\/www.radiopiu.net\/wordpress\/wp-json\/wp\/v2\/media?parent=408180"}],"wp:term":[{"taxonomy":"category","embeddable":true,"href":"https:\/\/www.radiopiu.net\/wordpress\/wp-json\/wp\/v2\/categories?post=408180"},{"taxonomy":"post_tag","embeddable":true,"href":"https:\/\/www.radiopiu.net\/wordpress\/wp-json\/wp\/v2\/tags?post=408180"}],"curies":[{"name":"wp","href":"https:\/\/api.w.org\/{rel}","templated":true}]}}