{"id":408297,"date":"2024-09-06T11:51:31","date_gmt":"2024-09-06T09:51:31","guid":{"rendered":"https:\/\/www.radiopiu.net\/wordpress\/?p=408297"},"modified":"2024-09-06T11:51:31","modified_gmt":"2024-09-06T09:51:31","slug":"longarone-fiere-diventa-polo-di-innovazione-per-lo-sport-il-nuovo-obiettivo-degli-industriali-bellunesi","status":"publish","type":"post","link":"https:\/\/www.radiopiu.net\/wordpress\/longarone-fiere-diventa-polo-di-innovazione-per-lo-sport-il-nuovo-obiettivo-degli-industriali-bellunesi\/","title":{"rendered":"LONGARONE FIERE DIVENTA POLO DI INNOVAZIONE PER LO SPORT, IL NUOVO OBIETTIVO DEGLI INDUSTRIALI BELLUNESI"},"content":{"rendered":"<p>******<\/p>\n<p>&nbsp;<\/p>\n<p><strong><a class=\"dt-pswp-item\" href=\"https:\/\/www.radiopiu.net\/wordpress\/wp-content\/uploads\/2024\/09\/image001.jpg\" data-dt-img-description=\"\" data-large_image_width=\"960\" data-large_image_height=\"540\"><img loading=\"lazy\" decoding=\"async\" class=\" wp-image-408298 alignleft\" src=\"https:\/\/www.radiopiu.net\/wordpress\/wp-content\/uploads\/2024\/09\/image001-300x169.jpg\" alt=\"\" width=\"217\" height=\"122\" srcset=\"https:\/\/www.radiopiu.net\/wordpress\/wp-content\/uploads\/2024\/09\/image001-300x169.jpg 300w, https:\/\/www.radiopiu.net\/wordpress\/wp-content\/uploads\/2024\/09\/image001-768x432.jpg 768w, https:\/\/www.radiopiu.net\/wordpress\/wp-content\/uploads\/2024\/09\/image001.jpg 960w\" sizes=\"auto, (max-width: 217px) 100vw, 217px\" \/><\/a>BELLUNO <\/strong>Gli occhi sono puntati sul grande evento del 12 settembre \u2013 quando la prima edizione dello Sport Business Forum far\u00e0 tappa a Longarone Fiere \u2013 ma lo sguardo \u00e8 rivolto al futuro perch\u00e9 l&#8217;obiettivo \u00e8 quello di trasformare il polo fieristico in un centro di innovazione per lo Sportsystem, il primo a livello nazionale. \u201c\u00c8 il momento di pensare in grande e valorizzare le nostre eccellenze: con le Olimpiadi all&#8217;orizzonte, la stessa Fiera di Longarone pu\u00f2 giocare un ruolo centrale\u201d, afferma Lorraine Berton, presidente di Confindustria Belluno Dolomiti. Insomma, lo Sport Business Forum &#8211; grande iniziativa voluta dall&#8217;Associazione degli industriali &#8211; sar\u00e0 solo il primo passo di un progetto pi\u00f9 ampio per il Bellunese. \u201cVogliamo favorire la nascita di una vera e propria rassegna dedicata all\u2019innovazione nello sport, che al momento non esiste in Italia\u201d, sottolinea Berton. \u201cAbbiamo in mente un grande hub dove favorire la contaminazione tra startup, imprese, centri di ricerca e Universit\u00e0. Siamo nel mezzo della principale area industriale della provincia, sulla strada che porta nei luoghi patrimonio Unesco, dove il binomio sport e turismo \u00e8 in crescita: \u00e8 il luogo ideale per favorire la nascita di un nuovo ecosistema dell&#8217;innovazione. Anche la nuova variante, una volta ultimata, potr\u00e0 favorire la logistica e l&#8217;arrivo di nuovi flussi\u201d. Berton ricorda come lo Sportsystem incida annualmente per oltre 100 miliardi di euro, circa 400 mila gli addetti nel Paese: \u201c\u00c8 una voce trainante del Made in Italy e in prima linea ci sono molte aziende bellunesi e dell&#8217;Alto Veneto, che proprio a Longarone potranno trovare un centro di riferimento\u201d. \u201cLo sport \u00e8 trasversale: riguarda la filiera dei materiali, delle nuove tecnologie, la stessa meccatronica\u201d, sottolinea Berton che da presidente di Anfao ricorda anche le tante connessioni con il mondo dell&#8217;occhialeria: \u201cPenso all&#8217;occhiale sportivo, alle maschere da sci e a tutti quei dispositivi che nel Bellunese vengono prodotti quotidianamente da decine di realt\u00e0 e utilizzati nella pratica sportiva\u201d. Collaterale, il tema delle disabilit\u00e0: \u201cLe nuove tecnologie e l&#8217;intelligenza artificiale sono fattori di inclusione nello sport: promuovere l&#8217;innovazione in questo campo significa non solo aprire nuovi mercati, ma soprattutto fare un grande passo in avanti dal punto di vista etico e umano. Le Paralimpiadi di Milano Cortina saranno un ulteriore impulso\u201d, afferma sempre Berton. Questi gli obiettivi quindi che saranno ribaditi e approfonditi gioved\u00ec prossimo, 12 settembre, a Longarone nell&#8217;ambito della prima edizione dello Sport Business Forum, iniziativa che prender\u00e0 il via il giorno prima, l&#8217;11 settembre, da Montebelluna per proseguire a Belluno e Cortina fino al 15 settembre con una serie di eventi. Nello specifico, la tappa longaronese, voluta con forza da Confindustria Belluno Dolomiti e dalla Regione Veneto, con il contributo del Consorzio Bim, vede il supporto di Elis Innovation Hub, Industrio Ventures e Wylab: tra i protagonisti dei vari incontri e workshop ci saranno, tra gli altri, Damiano Tommasi, sindaco di Verona ed ex calciatore professionista, la leggenda del volley Andrea Zorzi (con la collaborazione di Dolomiti Bellunesi Calcio e Pallavolo Belluno), l&#8217;alpinista Marco Confortola. \u201c\u00c8 un appuntamento aperto a tutti con il quale vogliamo ribadire il ruolo chiave di Longarone Fiere nello sviluppo del territorio\u201d, conclude Berton. \u201cGrazie a ospiti di rilievo e a una platea nazionale, lanceremo un messaggio di responsabilit\u00e0 e fiducia\u201d. Per maggiori info contattare <a href=\"mailto:ccara@confindustria.bl.it\">ccara@confindustria.bl.it<\/a> o consultare il sito<a href=\"http:\/\/www.sportbusinessforum.com\/\">www.sportbusinessforum.com<\/a><\/p>\n<p>&nbsp;<\/p>\n<p><strong>IL PROGRAMMA DEL 12 SETTEMBRE NEL DETTAGLIO<\/strong><\/p>\n<p>&nbsp;<\/p>\n<p>La tappa longaronese \u2013 del 12 settembre 2024 &#8211; si aprir\u00e0 ufficialmente alle 10, alla presenza di figure istituzionali e protagonisti del territorio.<\/p>\n<p>Si comincer\u00e0 con \u201cIl Veneto in Bicicletta\u201d, un libro che celebra la scoperta del territorio e delle sue ricchezze attraverso il ciclismo. Seguir\u00e0 la presentazione del saggio \u201cApologia del Futuro\u201d di Luca De Biase, che esplora le prospettive di innovazione e trasformazione del nostro tempo, e \u201cOltre la Cima\u201d, il racconto avventuroso dell\u2019alpinista Marco Confortola. Infine, chiuder\u00e0 la serie di incontri letterari &#8220;Il Re Invisibile&#8221; di Cesare Alemanni, che riflette sul potere invisibile dello sport nella societ\u00e0 contemporanea.<\/p>\n<p>Quattro le aree tematiche su cui si svilupper\u00e0 la giornata:<\/p>\n<p><strong>New materials <\/strong>(11:30 &#8211; 12:50): moderata da Gabriele Paglialonga, direttore generale di Industrio Ventures, questa sessione esplorer\u00e0 come l\u2019innovazione nei materiali stia rivoluzionando il mondo dello sport. Nuovi materiali avanzati, come fibre leggere, polimeri ad alte prestazioni e compositi innovativi, stanno migliorando l&#8217;equipaggiamento sportivo, dall&#8217;abbigliamento agli attrezzi. Le startup che presenteranno la loro soluzione in questo ambito sono Mag Bike, Gabel Sport e Formula Center Italia<\/p>\n<p><strong>Human Performances<\/strong> (14:30 &#8211; 15:50): guidato da Federico Smanio, Ceo Wylab &amp; Program Director di WeSportUp, il panel discuter\u00e0 come le tecnologie avanzate e i nuovi metodi di allenamento possono migliorare le prestazioni e prolungare la carriera degli atleti; saliranno poi sul palco OneSporter, Kilogram, Challenger App e Buran con la soluzione Imap.<\/p>\n<p><strong>Sports Data &amp; AI <\/strong>(16:30 &#8211; 17:50): moderato da Luciano De Propris, Head Of Open Innovation &amp; Sustainability di Elis Innovation Hub, affronter\u00e0 l&#8217;utilizzo dei dati e dell&#8217;intelligenza artificiale per ottimizzare le performance sportive e prevenire infortuni; concluderanno la sessione dedicata ai dati le startup Soccerment, MLA e Ginga.<\/p>\n<p><strong>Social Model &amp; Applications <\/strong>(19.00-20.20): moderato da Marco Stomeo, Sport Director di Elis, esplorer\u00e0 come l&#8217;innovazione sportiva risponda ai bisogni sociali e collettivi, enfatizzando il valore dello sport come strumento di cambiamento e inclusione, con il supporto di startup che hanno sviluppato soluzioni in questo ambito come Pick-Roll e Clava Sport.<\/p>\n<p>Un momento particolarmente significativo del Sport Business Forum sar\u00e0 dedicato al diritto allo sport, con un focus sull&#8217;inclusione sociale e le opportunit\u00e0 per le persone con disabilit\u00e0. La discussione vedr\u00e0 la partecipazione di personalit\u00e0 di spicco come Damiano Tommasi, sindaco di Verona ed ex calciatore professionista, e Andrea Zorzi, campione del mondo di pallavolo, Roberto Bacchilega, istruttore di karate specializzato nel lavoro con persone affette da disabilit\u00e0, e Roberto Padrin, sindaco di Longarone e presidente della Provincia di Belluno. A condurre il dibattito sar\u00e0 l&#8217;atleta e speaker Nicol\u00f2 Dalla Gasperina, che guider\u00e0 una riflessione su come lo sport possa promuovere l&#8217;integrazione e l&#8217;uguaglianza, superando le barriere fisiche e sociali.<\/p>\n<p>&nbsp;<\/p>\n<p>&nbsp;<\/p>\n<p>&nbsp;<\/p>\n<p>***********<\/p>\n","protected":false},"excerpt":{"rendered":"<p>****** &nbsp; BELLUNO Gli occhi sono puntati sul grande evento del 12 settembre \u2013 quando la prima edizione dello Sport Business Forum far\u00e0 tappa a Longarone Fiere \u2013 ma lo sguardo \u00e8 rivolto al futuro perch\u00e9 l&#8217;obiettivo \u00e8 quello di trasformare il polo fieristico in un centro di innovazione per lo Sportsystem, il primo a&hellip;<\/p>\n","protected":false},"author":4,"featured_media":408298,"comment_status":"closed","ping_status":"closed","sticky":false,"template":"","format":"standard","meta":{"_monsterinsights_skip_tracking":false,"_monsterinsights_sitenote_active":false,"_monsterinsights_sitenote_note":"","_monsterinsights_sitenote_category":0,"footnotes":""},"categories":[49],"tags":[],"class_list":["post-408297","post","type-post","status-publish","format-standard","has-post-thumbnail","hentry","category-news-18","category-49","description-off"],"img_url":"https:\/\/www.radiopiu.net\/wordpress\/wp-content\/uploads\/2024\/09\/image001.jpg","_links":{"self":[{"href":"https:\/\/www.radiopiu.net\/wordpress\/wp-json\/wp\/v2\/posts\/408297","targetHints":{"allow":["GET"]}}],"collection":[{"href":"https:\/\/www.radiopiu.net\/wordpress\/wp-json\/wp\/v2\/posts"}],"about":[{"href":"https:\/\/www.radiopiu.net\/wordpress\/wp-json\/wp\/v2\/types\/post"}],"author":[{"embeddable":true,"href":"https:\/\/www.radiopiu.net\/wordpress\/wp-json\/wp\/v2\/users\/4"}],"replies":[{"embeddable":true,"href":"https:\/\/www.radiopiu.net\/wordpress\/wp-json\/wp\/v2\/comments?post=408297"}],"version-history":[{"count":1,"href":"https:\/\/www.radiopiu.net\/wordpress\/wp-json\/wp\/v2\/posts\/408297\/revisions"}],"predecessor-version":[{"id":408299,"href":"https:\/\/www.radiopiu.net\/wordpress\/wp-json\/wp\/v2\/posts\/408297\/revisions\/408299"}],"wp:featuredmedia":[{"embeddable":true,"href":"https:\/\/www.radiopiu.net\/wordpress\/wp-json\/wp\/v2\/media\/408298"}],"wp:attachment":[{"href":"https:\/\/www.radiopiu.net\/wordpress\/wp-json\/wp\/v2\/media?parent=408297"}],"wp:term":[{"taxonomy":"category","embeddable":true,"href":"https:\/\/www.radiopiu.net\/wordpress\/wp-json\/wp\/v2\/categories?post=408297"},{"taxonomy":"post_tag","embeddable":true,"href":"https:\/\/www.radiopiu.net\/wordpress\/wp-json\/wp\/v2\/tags?post=408297"}],"curies":[{"name":"wp","href":"https:\/\/api.w.org\/{rel}","templated":true}]}}