{"id":408301,"date":"2024-09-06T12:07:28","date_gmt":"2024-09-06T10:07:28","guid":{"rendered":"https:\/\/www.radiopiu.net\/wordpress\/?p=408301"},"modified":"2024-09-06T14:06:09","modified_gmt":"2024-09-06T12:06:09","slug":"terminati-i-lavori-sul-torrente-domadore-a-voltago","status":"publish","type":"post","link":"https:\/\/www.radiopiu.net\/wordpress\/terminati-i-lavori-sul-torrente-domadore-a-voltago\/","title":{"rendered":"TERMINATI I LAVORI SUL TORRENTE DOMADORE A VOLTAGO"},"content":{"rendered":"<p>*****<\/p>\n<p>&nbsp;<\/p>\n<p><strong><a class=\"dt-pswp-item\" href=\"https:\/\/www.radiopiu.net\/wordpress\/wp-content\/uploads\/2022\/05\/download-15.jpg\" data-dt-img-description=\"\" data-large_image_width=\"275\" data-large_image_height=\"183\"><img loading=\"lazy\" decoding=\"async\" class=\" wp-image-275044 alignleft\" src=\"https:\/\/www.radiopiu.net\/wordpress\/wp-content\/uploads\/2022\/05\/download-15.jpg\" alt=\"\" width=\"188\" height=\"125\" \/><\/a>VENEZIA<\/strong> Ancora un importante intervento completato dai Servizi forestali regionali lungo l\u2019asta del torrente Domadore in Comune di Voltago Agordino e ora in fase di collaudo. Gli eventi meteorologici, da Vaia in poi, avevano infatti provocato numerose frane mettendo in pericolo i versanti laterali, specialmente in sinistra idrografica, tanto da modificare l\u2019alveo e interrompere in pi\u00f9 punti la viabilit\u00e0 di accesso alla valle e all\u2019area agroforestale e rurale di Domadore. A questi dissesti andava poi sommato il fatto che anche alcuni rii minori, seppur in quantit\u00e0 pi\u00f9 modeste, avevano trascinato il materiale fuori rotta. Le strutture regionali hanno perci\u00f2 provveduto a realizzare delle opere regimanti, per un tratto di circa un chilometro, attraverso la costruzione di soglie trasversali con lo scopo di rinforzarne il fondo e diminuire la pendenza longitudinale dell\u2019asta. Domadore compreso tra le quote 1140 e 1220 metri sul livello del mare\u201d. Nell\u2019ambito del progetto \u00e8 stata altres\u00ec operata la sistemazione delle pendici in frana causate da erosioni al piede in occasione dell\u2019evento alluvionale del 2018 e amplificate in quelli del dicembre 2020; si \u00e8 infine provveduto al ripristino della strada di accesso all\u2019area di Fienili Domadore e Malga Luna.<\/p>\n<p><strong>L&#8217;ASSESSORE REGIONALE GIANPAOLO BOTTACIN<\/strong><\/p>\n<audio class=\"wp-audio-shortcode\" id=\"audio-408301-1\" preload=\"none\" style=\"width: 100%;\" controls=\"controls\"><source type=\"audio\/mpeg\" src=\"https:\/\/www.radiopiu.net\/wordpress\/wp-content\/uploads\/2024\/09\/BOTTA-VOLTAGO.mp3?_=1\" \/><a href=\"https:\/\/www.radiopiu.net\/wordpress\/wp-content\/uploads\/2024\/09\/BOTTA-VOLTAGO.mp3\">https:\/\/www.radiopiu.net\/wordpress\/wp-content\/uploads\/2024\/09\/BOTTA-VOLTAGO.mp3<\/a><\/audio>\n<p>&nbsp;<\/p>\n\n\t\t\t<style type='text\/css'>\n\t\t\t\t#gallery-1 {\n\t\t\t\t\tmargin: auto;\n\t\t\t\t}\n\t\t\t\t#gallery-1 .gallery-item {\n\t\t\t\t\tfloat: left;\n\t\t\t\t\tmargin-top: 10px;\n\t\t\t\t\ttext-align: center;\n\t\t\t\t\twidth: 25%;\n\t\t\t\t}\n\t\t\t\t#gallery-1 img {\n\t\t\t\t\tborder: 2px solid #cfcfcf;\n\t\t\t\t}\n\t\t\t\t#gallery-1 .gallery-caption {\n\t\t\t\t\tmargin-left: 0;\n\t\t\t\t}\n\t\t\t\t\/* see gallery_shortcode() in wp-includes\/media.php *\/\n\t\t\t<\/style>\n\t\t<div id='gallery-1' class='dt-gallery-container gallery galleryid-408301 gallery-columns-4 gallery-size-thumbnail'><dl class='gallery-item'>\n\t\t\t\t<dt class='gallery-icon landscape'>\n\t\t\t\t\t<a class=\"rollover rollover-zoom dt-pswp-item\" title=\"2cdffcfc-a692-469d-af84-aec63f39dcd0\" data-dt-img-description=\"\" data-large_image_width=\"2048\" data-large_image_height=\"1536\"href='https:\/\/www.radiopiu.net\/wordpress\/wp-content\/uploads\/2024\/09\/2cdffcfc-a692-469d-af84-aec63f39dcd0.jpg'><img loading=\"lazy\" decoding=\"async\" width=\"150\" height=\"150\" src=\"https:\/\/www.radiopiu.net\/wordpress\/wp-content\/uploads\/2024\/09\/2cdffcfc-a692-469d-af84-aec63f39dcd0-150x150.jpg\" class=\"attachment-thumbnail size-thumbnail\" alt=\"\" \/><\/a>\n\t\t\t\t<\/dt><\/dl><dl class='gallery-item'>\n\t\t\t\t<dt class='gallery-icon landscape'>\n\t\t\t\t\t<a class=\"rollover rollover-zoom dt-pswp-item\" title=\"63e4f764-aafc-42d5-a585-2b0799b5099a\" data-dt-img-description=\"\" data-large_image_width=\"2048\" data-large_image_height=\"944\"href='https:\/\/www.radiopiu.net\/wordpress\/wp-content\/uploads\/2024\/09\/63e4f764-aafc-42d5-a585-2b0799b5099a.jpg'><img loading=\"lazy\" decoding=\"async\" width=\"150\" height=\"150\" src=\"https:\/\/www.radiopiu.net\/wordpress\/wp-content\/uploads\/2024\/09\/63e4f764-aafc-42d5-a585-2b0799b5099a-150x150.jpg\" class=\"attachment-thumbnail size-thumbnail\" alt=\"\" \/><\/a>\n\t\t\t\t<\/dt><\/dl><dl class='gallery-item'>\n\t\t\t\t<dt class='gallery-icon landscape'>\n\t\t\t\t\t<a class=\"rollover rollover-zoom dt-pswp-item\" title=\"9f13f3b4-6916-4fa9-867d-afa0ef27e6d8\" data-dt-img-description=\"\" data-large_image_width=\"2048\" data-large_image_height=\"945\"href='https:\/\/www.radiopiu.net\/wordpress\/wp-content\/uploads\/2024\/09\/9f13f3b4-6916-4fa9-867d-afa0ef27e6d8.jpg'><img loading=\"lazy\" decoding=\"async\" width=\"150\" height=\"150\" src=\"https:\/\/www.radiopiu.net\/wordpress\/wp-content\/uploads\/2024\/09\/9f13f3b4-6916-4fa9-867d-afa0ef27e6d8-150x150.jpg\" class=\"attachment-thumbnail size-thumbnail\" alt=\"\" \/><\/a>\n\t\t\t\t<\/dt><\/dl><dl class='gallery-item'>\n\t\t\t\t<dt class='gallery-icon landscape'>\n\t\t\t\t\t<a class=\"rollover rollover-zoom dt-pswp-item\" title=\"0ccdaccb-89ac-43d8-b6de-ccc4c4d7b68e\" data-dt-img-description=\"\" data-large_image_width=\"1836\" data-large_image_height=\"1273\"href='https:\/\/www.radiopiu.net\/wordpress\/wp-content\/uploads\/2024\/09\/0ccdaccb-89ac-43d8-b6de-ccc4c4d7b68e.jpg'><img loading=\"lazy\" decoding=\"async\" width=\"150\" height=\"150\" src=\"https:\/\/www.radiopiu.net\/wordpress\/wp-content\/uploads\/2024\/09\/0ccdaccb-89ac-43d8-b6de-ccc4c4d7b68e-150x150.jpg\" class=\"attachment-thumbnail size-thumbnail\" alt=\"\" \/><\/a>\n\t\t\t\t<\/dt><\/dl><br style=\"clear: both\" \/>\n\t\t\t<\/div>\n\n<p>&nbsp;<\/p>\n<p>**********<\/p>\n","protected":false},"excerpt":{"rendered":"<p>***** &nbsp; VENEZIA Ancora un importante intervento completato dai Servizi forestali regionali lungo l\u2019asta del torrente Domadore in Comune di Voltago Agordino e ora in fase di collaudo. Gli eventi meteorologici, da Vaia in poi, avevano infatti provocato numerose frane mettendo in pericolo i versanti laterali, specialmente in sinistra idrografica, tanto da modificare l\u2019alveo e&hellip;<\/p>\n","protected":false},"author":4,"featured_media":344319,"comment_status":"closed","ping_status":"closed","sticky":false,"template":"","format":"standard","meta":{"_monsterinsights_skip_tracking":false,"_monsterinsights_sitenote_active":false,"_monsterinsights_sitenote_note":"","_monsterinsights_sitenote_category":0,"footnotes":""},"categories":[49],"tags":[],"class_list":["post-408301","post","type-post","status-publish","format-standard","has-post-thumbnail","hentry","category-news-18","category-49","description-off"],"img_url":"https:\/\/www.radiopiu.net\/wordpress\/wp-content\/uploads\/2023\/07\/MUNICIPIO-VOLTAGO.jpeg","_links":{"self":[{"href":"https:\/\/www.radiopiu.net\/wordpress\/wp-json\/wp\/v2\/posts\/408301","targetHints":{"allow":["GET"]}}],"collection":[{"href":"https:\/\/www.radiopiu.net\/wordpress\/wp-json\/wp\/v2\/posts"}],"about":[{"href":"https:\/\/www.radiopiu.net\/wordpress\/wp-json\/wp\/v2\/types\/post"}],"author":[{"embeddable":true,"href":"https:\/\/www.radiopiu.net\/wordpress\/wp-json\/wp\/v2\/users\/4"}],"replies":[{"embeddable":true,"href":"https:\/\/www.radiopiu.net\/wordpress\/wp-json\/wp\/v2\/comments?post=408301"}],"version-history":[{"count":2,"href":"https:\/\/www.radiopiu.net\/wordpress\/wp-json\/wp\/v2\/posts\/408301\/revisions"}],"predecessor-version":[{"id":408318,"href":"https:\/\/www.radiopiu.net\/wordpress\/wp-json\/wp\/v2\/posts\/408301\/revisions\/408318"}],"wp:featuredmedia":[{"embeddable":true,"href":"https:\/\/www.radiopiu.net\/wordpress\/wp-json\/wp\/v2\/media\/344319"}],"wp:attachment":[{"href":"https:\/\/www.radiopiu.net\/wordpress\/wp-json\/wp\/v2\/media?parent=408301"}],"wp:term":[{"taxonomy":"category","embeddable":true,"href":"https:\/\/www.radiopiu.net\/wordpress\/wp-json\/wp\/v2\/categories?post=408301"},{"taxonomy":"post_tag","embeddable":true,"href":"https:\/\/www.radiopiu.net\/wordpress\/wp-json\/wp\/v2\/tags?post=408301"}],"curies":[{"name":"wp","href":"https:\/\/api.w.org\/{rel}","templated":true}]}}