{"id":408321,"date":"2024-09-06T18:19:47","date_gmt":"2024-09-06T16:19:47","guid":{"rendered":"https:\/\/www.radiopiu.net\/wordpress\/?p=408321"},"modified":"2024-09-06T18:19:47","modified_gmt":"2024-09-06T16:19:47","slug":"doppio-intervento-sul-passo-san-pellegrino-per-i-vigili-del-fuoco","status":"publish","type":"post","link":"https:\/\/www.radiopiu.net\/wordpress\/doppio-intervento-sul-passo-san-pellegrino-per-i-vigili-del-fuoco\/","title":{"rendered":"DOPPIO INTERVENTO SUL PASSO SAN PELLEGRINO PER I VIGILI DEL FUOCO"},"content":{"rendered":"<p>******<\/p>\n<p>&nbsp;<\/p>\n<p><strong>FALCADE <\/strong>I Vigili del Fuoco di Agordo sono intervenuti lungo la Strada Provinciale 346 del Passo San Pellegrino nel comune di Falcade, per un incidente che ha coinvolto una moto uscita di strada. Il motociclista, un cittadino tedesco, \u00e8 rimasto ferito ed \u00e8 stato trasportato in elicottero dal SUEM all&#8217;ospedale di Belluno. Le squadre dei Vigili del Fuoco, arrivate sul posto con due mezzi, hanno messo in sicurezza il mezzo, ripulito la strada e regolato il traffico, che \u00e8 stato gestito a senso unico alternato. Nel frattempo, un TIR di nazionalit\u00e0 estera si \u00e8 incastrato, bloccando completamente la circolazione. L\u2019autogru dei Vigili del Fuoco, giunta da Belluno, ha provveduto a rimettere il mezzo pesante in carreggiata. La strada \u00e8 stata riaperta completamente intorno alle ore 16:30. Sul posto erano presenti anche i Carabinieri di Agordo, la Polizia locale e due squadre di Veneto Strade.<\/p>\n<p>&nbsp;<\/p>\n<p>&nbsp;<\/p>\n<p>*********<\/p>\n","protected":false},"excerpt":{"rendered":"<p>****** &nbsp; FALCADE I Vigili del Fuoco di Agordo sono intervenuti lungo la Strada Provinciale 346 del Passo San Pellegrino nel comune di Falcade, per un incidente che ha coinvolto una moto uscita di strada. Il motociclista, un cittadino tedesco, \u00e8 rimasto ferito ed \u00e8 stato trasportato in elicottero dal SUEM all&#8217;ospedale di Belluno. Le&hellip;<\/p>\n","protected":false},"author":4,"featured_media":363320,"comment_status":"closed","ping_status":"closed","sticky":false,"template":"","format":"standard","meta":{"_monsterinsights_skip_tracking":false,"_monsterinsights_sitenote_active":false,"_monsterinsights_sitenote_note":"","_monsterinsights_sitenote_category":0,"footnotes":""},"categories":[51,49],"tags":[],"class_list":["post-408321","post","type-post","status-publish","format-standard","has-post-thumbnail","hentry","category-evidenza-top","category-news-18","category-51","category-49","description-off"],"img_url":"https:\/\/www.radiopiu.net\/wordpress\/wp-content\/uploads\/2023\/11\/vigili-fuoco-agordo-13-scaled.jpg","_links":{"self":[{"href":"https:\/\/www.radiopiu.net\/wordpress\/wp-json\/wp\/v2\/posts\/408321","targetHints":{"allow":["GET"]}}],"collection":[{"href":"https:\/\/www.radiopiu.net\/wordpress\/wp-json\/wp\/v2\/posts"}],"about":[{"href":"https:\/\/www.radiopiu.net\/wordpress\/wp-json\/wp\/v2\/types\/post"}],"author":[{"embeddable":true,"href":"https:\/\/www.radiopiu.net\/wordpress\/wp-json\/wp\/v2\/users\/4"}],"replies":[{"embeddable":true,"href":"https:\/\/www.radiopiu.net\/wordpress\/wp-json\/wp\/v2\/comments?post=408321"}],"version-history":[{"count":1,"href":"https:\/\/www.radiopiu.net\/wordpress\/wp-json\/wp\/v2\/posts\/408321\/revisions"}],"predecessor-version":[{"id":408352,"href":"https:\/\/www.radiopiu.net\/wordpress\/wp-json\/wp\/v2\/posts\/408321\/revisions\/408352"}],"wp:featuredmedia":[{"embeddable":true,"href":"https:\/\/www.radiopiu.net\/wordpress\/wp-json\/wp\/v2\/media\/363320"}],"wp:attachment":[{"href":"https:\/\/www.radiopiu.net\/wordpress\/wp-json\/wp\/v2\/media?parent=408321"}],"wp:term":[{"taxonomy":"category","embeddable":true,"href":"https:\/\/www.radiopiu.net\/wordpress\/wp-json\/wp\/v2\/categories?post=408321"},{"taxonomy":"post_tag","embeddable":true,"href":"https:\/\/www.radiopiu.net\/wordpress\/wp-json\/wp\/v2\/tags?post=408321"}],"curies":[{"name":"wp","href":"https:\/\/api.w.org\/{rel}","templated":true}]}}