{"id":408376,"date":"2024-09-07T08:51:50","date_gmt":"2024-09-07T06:51:50","guid":{"rendered":"https:\/\/www.radiopiu.net\/wordpress\/?p=408376"},"modified":"2024-09-07T08:51:50","modified_gmt":"2024-09-07T06:51:50","slug":"stipendi-piu-pagati-di-noi-in-lombardia-piemonte-ed-emilia-romagna-scontiamo-una-produttivita-piu-bassa","status":"publish","type":"post","link":"https:\/\/www.radiopiu.net\/wordpress\/stipendi-piu-pagati-di-noi-in-lombardia-piemonte-ed-emilia-romagna-scontiamo-una-produttivita-piu-bassa\/","title":{"rendered":"STIPENDI: PIU\u2019 PAGATI DI NOI IN LOMBARDIA, PIEMONTE ED EMILIA ROMAGNA. SCONTIAMO UNA PRODUTTIVITA\u2019 PIU\u2019 BASSA"},"content":{"rendered":"<p><a class=\"dt-pswp-item\" href=\"https:\/\/www.radiopiu.net\/wordpress\/wp-content\/uploads\/2024\/09\/Schermata-2024-09-07-alle-08.48.38.png\" data-dt-img-description=\"\" data-large_image_width=\"1104\" data-large_image_height=\"1524\"><img loading=\"lazy\" decoding=\"async\" class=\"size-medium wp-image-408378 alignleft\" src=\"https:\/\/www.radiopiu.net\/wordpress\/wp-content\/uploads\/2024\/09\/Schermata-2024-09-07-alle-08.48.38-217x300.png\" alt=\"\" width=\"217\" height=\"300\" srcset=\"https:\/\/www.radiopiu.net\/wordpress\/wp-content\/uploads\/2024\/09\/Schermata-2024-09-07-alle-08.48.38-217x300.png 217w, https:\/\/www.radiopiu.net\/wordpress\/wp-content\/uploads\/2024\/09\/Schermata-2024-09-07-alle-08.48.38-742x1024.png 742w, https:\/\/www.radiopiu.net\/wordpress\/wp-content\/uploads\/2024\/09\/Schermata-2024-09-07-alle-08.48.38-768x1060.png 768w, https:\/\/www.radiopiu.net\/wordpress\/wp-content\/uploads\/2024\/09\/Schermata-2024-09-07-alle-08.48.38.png 1104w\" sizes=\"auto, (max-width: 217px) 100vw, 217px\" \/><\/a>Con 23.691 euro, il Veneto \u00e8 appena fuori dal podio della classifica nazionale relativa al livello delle retribuzioni medie lorde pagate ai lavoratori dipendenti nel 2022. In Italia solo gli imprenditori della Lombardia con 28.354 euro, dell\u2019Emilia Romagna con 24.593 euro e del Piemonte con 24.549 hanno pagato i propri collaboratori pi\u00f9 dei nostri. La media nazionale \u00e8 pari a 22.839 euro (vedi Tab. 1).<\/p>\n<p>Questo gap con le principali regioni del nostro Paese \u00e8 in massima parte ascrivibile la livello di produttivit\u00e0 del lavoro (valore aggiunto per ora lavorata). Se in Veneto si attesta a 38,6 euro per ora lavorata, in Lombardia \u00e8 pari a 45,7. in Emilia Romagna a 41,5 e in Piemonte a 38,6. Oltre a queste regioni ne ce ne sono cinque che presentano un valore superiore al nostro.<\/p>\n<p>Se in Lombardia i livelli retributivi sono elevati grazie alla presenza delle multinazionali, degli istituti di credito\/assicurativi e delle poche grandi imprese presenti nel Paese, in Piemonte e in Emilia Romagna la presenza di settori ad alta produttivit\u00e0 e a elevato valore aggiunto &#8211; come la produzione di auto, la meccanica, l\u2019automotive, la meccatronica, il biomedicale e l\u2019agroalimentare \u2013 hanno \u201cgarantito\u201d alle maestranze di questi territori buste paga pi\u00f9 pesanti di quelle percepite dai veneti. Una regione, la nostra, che tradizionalmente pu\u00f2 contare sulla presenza soprattutto di Pmi che, comunque, assicurano delle performance qualitative e quantitative straordinarie (vedi Tab. 2).<\/p>\n<p>E\u2019 interessante analizzare anche i dati delle giornate medie lorde retribuite. Se la Lombardia \u00e8 la regione pi\u00f9 stacanovista d\u2019Italia con 257,6, seguono il Piemonte con 255,1 e il Veneto, che occupa il gradino pi\u00f9 basso del podio, con 254,9 giorni. I dati si riferiscono al 2022.<\/p>\n<p><strong>A livello veneto sono gli imprenditori vicentini quelli che pagano di pi\u00f9. Nella provincia pi\u00f9 industrializzata della nostra regione la retribuzione media annua \u00e8 pari a 24.842 euro, seguono Padova con 24.613 euro e Treviso con 24.528 euro.<\/strong><\/p>\n<p>Per quanto concerne il numero medio di giornate retribuite \u00e8 sempre Vicenza a guidare la graduatoria con 262,6, seguono Padova con 261,9 e Treviso 261,6.<\/p>\n<p><strong><a class=\"dt-pswp-item\" href=\"https:\/\/www.radiopiu.net\/wordpress\/wp-content\/uploads\/2024\/09\/Schermata-2024-09-07-alle-08.49.03.png\" data-dt-img-description=\"\" data-large_image_width=\"1246\" data-large_image_height=\"1430\"><img loading=\"lazy\" decoding=\"async\" class=\"alignleft wp-image-408381 size-medium\" src=\"https:\/\/www.radiopiu.net\/wordpress\/wp-content\/uploads\/2024\/09\/Schermata-2024-09-07-alle-08.49.03-261x300.png\" alt=\"\" width=\"261\" height=\"300\" srcset=\"https:\/\/www.radiopiu.net\/wordpress\/wp-content\/uploads\/2024\/09\/Schermata-2024-09-07-alle-08.49.03-261x300.png 261w, https:\/\/www.radiopiu.net\/wordpress\/wp-content\/uploads\/2024\/09\/Schermata-2024-09-07-alle-08.49.03-892x1024.png 892w, https:\/\/www.radiopiu.net\/wordpress\/wp-content\/uploads\/2024\/09\/Schermata-2024-09-07-alle-08.49.03-768x881.png 768w, https:\/\/www.radiopiu.net\/wordpress\/wp-content\/uploads\/2024\/09\/Schermata-2024-09-07-alle-08.49.03.png 1246w\" sizes=\"auto, (max-width: 261px) 100vw, 261px\" \/><\/a>Meglio la contrattazione decentrata del salario minimo<\/strong><br \/>\nCome ha avuto modo di segnalare anche il CNEL, il problema dei lavoratori poveri non parrebbe riconducibile ai minimi tabellari troppo bassi, ma al fatto che durante l\u2019anno queste persone lavorano un numero di giornate molto contenuto. Pertanto, pi\u00f9 che ad istituire un minimo salariale per legge andrebbe limitato il ricorso ad alcuni contratti a tempo determinato. Altres\u00ec, dall\u2019Ufficio studi della CGIA fanno sapere che per innalzare gli stipendi dei lavoratori dipendenti, in particolar modo di quelli con qualifiche professionali minori, bisognerebbe continuare nel taglio dell\u2019Irpef e diffondere maggiormente la contrattazione decentrata. Avendo una delle percentuali relative al numero di lavoratori coperto dalla contrattazione collettiva nazionale tra le pi\u00f9 alte a livello europeo (poco meno del 98 per cento del totale dei lavoratori dipendenti), dovremmo \u201cspingere\u201d per diffondere ulteriormente anche la contrattazione di secondo livello, premiando, in particolar modo, il raggiungimento di obbiettivi di produttivit\u00e0, anche ricorrendo ad accordi diretti tra gli imprenditori e i propri dipendenti. Cos\u00ec facendo, daremmo una risposta soprattutto alle maestranze del Nord e in particolar modo del nostro Veneto che, a seguito del boom dell\u2019inflazione, in questi ultimi anni hanno subito, molto pi\u00f9 degli altri, una spaventosa perdita del potere d\u2019acquisto.<\/p>\n<p><strong>Contratti di lavoro di secondo livello: coinvolti 5,5 milioni di lavoratori<\/strong><br \/>\nEntro lo scorso 17 giugno erano presenti presso il Ministero del Lavoro 13.597 contratti attivi di secondo livello, di cui 11.261 di natura aziendale e 2.336 territoriali. Lombardia (3.695), Emilia Romagna (2.484) e Veneto (1.442) sono le regioni che presentano il numero pi\u00f9 elevato. Di questi 1.442 attivi nella nostra regione, 1.270 sono aziendali e 172 territoriali. I dati del Ministero del Lavoro, purtroppo, non ci consentono di misurare il numero di lavoratori coinvolti a livello regionale, anche se l\u2019ISTAT stima in almeno 5,5 milioni i lavoratori italiani che sarebbero coperti da questa misura (il 34 per cento circa del totale dei dipendenti del settore privato).<\/p>\n<p><a href=\"https:\/\/www.radiopiu.net\/wordpress\/wp-content\/uploads\/2024\/09\/Schermata-2024-09-07-alle-08.49.17.png\"><img loading=\"lazy\" decoding=\"async\" class=\"alignleft wp-image-408380 size-medium\" src=\"https:\/\/www.radiopiu.net\/wordpress\/wp-content\/uploads\/2024\/09\/Schermata-2024-09-07-alle-08.49.17-300x189.png\" alt=\"\" width=\"300\" height=\"189\" srcset=\"https:\/\/www.radiopiu.net\/wordpress\/wp-content\/uploads\/2024\/09\/Schermata-2024-09-07-alle-08.49.17-300x189.png 300w, https:\/\/www.radiopiu.net\/wordpress\/wp-content\/uploads\/2024\/09\/Schermata-2024-09-07-alle-08.49.17-1024x644.png 1024w, https:\/\/www.radiopiu.net\/wordpress\/wp-content\/uploads\/2024\/09\/Schermata-2024-09-07-alle-08.49.17-768x483.png 768w, https:\/\/www.radiopiu.net\/wordpress\/wp-content\/uploads\/2024\/09\/Schermata-2024-09-07-alle-08.49.17.png 1094w\" sizes=\"auto, (max-width: 300px) 100vw, 300px\" \/><\/a><a class=\"dt-pswp-item\" href=\"https:\/\/www.radiopiu.net\/wordpress\/wp-content\/uploads\/2024\/09\/Schermata-2024-09-07-alle-08.49.32.png\" data-dt-img-description=\"\" data-large_image_width=\"1078\" data-large_image_height=\"688\"><img loading=\"lazy\" decoding=\"async\" class=\"alignleft wp-image-408379 size-medium\" src=\"https:\/\/www.radiopiu.net\/wordpress\/wp-content\/uploads\/2024\/09\/Schermata-2024-09-07-alle-08.49.32-300x191.png\" alt=\"\" width=\"300\" height=\"191\" srcset=\"https:\/\/www.radiopiu.net\/wordpress\/wp-content\/uploads\/2024\/09\/Schermata-2024-09-07-alle-08.49.32-300x191.png 300w, https:\/\/www.radiopiu.net\/wordpress\/wp-content\/uploads\/2024\/09\/Schermata-2024-09-07-alle-08.49.32-1024x654.png 1024w, https:\/\/www.radiopiu.net\/wordpress\/wp-content\/uploads\/2024\/09\/Schermata-2024-09-07-alle-08.49.32-768x490.png 768w, https:\/\/www.radiopiu.net\/wordpress\/wp-content\/uploads\/2024\/09\/Schermata-2024-09-07-alle-08.49.32.png 1078w\" sizes=\"auto, (max-width: 300px) 100vw, 300px\" \/><\/a><\/p>\n","protected":false},"excerpt":{"rendered":"<p>Con 23.691 euro, il Veneto \u00e8 appena fuori dal podio della classifica nazionale relativa al livello delle retribuzioni medie lorde pagate ai lavoratori dipendenti nel 2022. In Italia solo gli imprenditori della Lombardia con 28.354 euro, dell\u2019Emilia Romagna con 24.593 euro e del Piemonte con 24.549 hanno pagato i propri collaboratori pi\u00f9 dei nostri. La&hellip;<\/p>\n","protected":false},"author":2,"featured_media":85631,"comment_status":"closed","ping_status":"closed","sticky":false,"template":"","format":"standard","meta":{"_monsterinsights_skip_tracking":false,"_monsterinsights_sitenote_active":false,"_monsterinsights_sitenote_note":"","_monsterinsights_sitenote_category":0,"footnotes":""},"categories":[49],"tags":[],"class_list":["post-408376","post","type-post","status-publish","format-standard","has-post-thumbnail","hentry","category-news-18","category-49","description-off"],"img_url":"https:\/\/www.radiopiu.net\/wordpress\/wp-content\/uploads\/2019\/05\/soldi.jpg","_links":{"self":[{"href":"https:\/\/www.radiopiu.net\/wordpress\/wp-json\/wp\/v2\/posts\/408376","targetHints":{"allow":["GET"]}}],"collection":[{"href":"https:\/\/www.radiopiu.net\/wordpress\/wp-json\/wp\/v2\/posts"}],"about":[{"href":"https:\/\/www.radiopiu.net\/wordpress\/wp-json\/wp\/v2\/types\/post"}],"author":[{"embeddable":true,"href":"https:\/\/www.radiopiu.net\/wordpress\/wp-json\/wp\/v2\/users\/2"}],"replies":[{"embeddable":true,"href":"https:\/\/www.radiopiu.net\/wordpress\/wp-json\/wp\/v2\/comments?post=408376"}],"version-history":[{"count":2,"href":"https:\/\/www.radiopiu.net\/wordpress\/wp-json\/wp\/v2\/posts\/408376\/revisions"}],"predecessor-version":[{"id":408526,"href":"https:\/\/www.radiopiu.net\/wordpress\/wp-json\/wp\/v2\/posts\/408376\/revisions\/408526"}],"wp:featuredmedia":[{"embeddable":true,"href":"https:\/\/www.radiopiu.net\/wordpress\/wp-json\/wp\/v2\/media\/85631"}],"wp:attachment":[{"href":"https:\/\/www.radiopiu.net\/wordpress\/wp-json\/wp\/v2\/media?parent=408376"}],"wp:term":[{"taxonomy":"category","embeddable":true,"href":"https:\/\/www.radiopiu.net\/wordpress\/wp-json\/wp\/v2\/categories?post=408376"},{"taxonomy":"post_tag","embeddable":true,"href":"https:\/\/www.radiopiu.net\/wordpress\/wp-json\/wp\/v2\/tags?post=408376"}],"curies":[{"name":"wp","href":"https:\/\/api.w.org\/{rel}","templated":true}]}}