{"id":408409,"date":"2024-09-07T10:46:03","date_gmt":"2024-09-07T08:46:03","guid":{"rendered":"https:\/\/www.radiopiu.net\/wordpress\/?p=408409"},"modified":"2024-09-07T10:46:03","modified_gmt":"2024-09-07T08:46:03","slug":"una-nuova-esperienza-per-i-giovanissimi-dellagordina-calcio","status":"publish","type":"post","link":"https:\/\/www.radiopiu.net\/wordpress\/una-nuova-esperienza-per-i-giovanissimi-dellagordina-calcio\/","title":{"rendered":"UNA NUOVA ESPERIENZA PER I GIOVANISSIMI DELL&#8217;AGORDINA CALCIO"},"content":{"rendered":"<p>*****<\/p>\n<p>&nbsp;<\/p>\n<p><strong>AGORDO<\/strong> Da oggi pomeriggio e fino a luned\u00ec sera, l&#8217;Agordina calcio proporr\u00e0 ai ragazzi della categoria Giovanissimi una nuova esperienza di ritiro residenziale pre campionato. Il tutto si svolger\u00e0 tra Caviola, dove i ragazzi alloggeranno e il campo di Falcade che li vedr\u00e0 impegnati nella preparazione. Un&#8217;esperienza principalmente volta ad accrescere le relazioni tra i ragazzi e lo staff tecnico al fine di creare un buon clima di squadra.<\/p>\n<p><a class=\"dt-pswp-item\" href=\"https:\/\/www.radiopiu.net\/wordpress\/wp-content\/uploads\/2024\/09\/3f4b962b-a60e-4e06-8168-ed53b52a52fe.jpg\" data-dt-img-description=\"\" data-large_image_width=\"1600\" data-large_image_height=\"918\"><img loading=\"lazy\" decoding=\"async\" class=\"alignnone wp-image-408411 size-large\" src=\"https:\/\/www.radiopiu.net\/wordpress\/wp-content\/uploads\/2024\/09\/3f4b962b-a60e-4e06-8168-ed53b52a52fe-1024x588.jpg\" alt=\"\" width=\"1024\" height=\"588\" srcset=\"https:\/\/www.radiopiu.net\/wordpress\/wp-content\/uploads\/2024\/09\/3f4b962b-a60e-4e06-8168-ed53b52a52fe-1024x588.jpg 1024w, https:\/\/www.radiopiu.net\/wordpress\/wp-content\/uploads\/2024\/09\/3f4b962b-a60e-4e06-8168-ed53b52a52fe-300x172.jpg 300w, https:\/\/www.radiopiu.net\/wordpress\/wp-content\/uploads\/2024\/09\/3f4b962b-a60e-4e06-8168-ed53b52a52fe-768x441.jpg 768w, https:\/\/www.radiopiu.net\/wordpress\/wp-content\/uploads\/2024\/09\/3f4b962b-a60e-4e06-8168-ed53b52a52fe-1536x881.jpg 1536w, https:\/\/www.radiopiu.net\/wordpress\/wp-content\/uploads\/2024\/09\/3f4b962b-a60e-4e06-8168-ed53b52a52fe.jpg 1600w\" sizes=\"auto, (max-width: 1024px) 100vw, 1024px\" \/><\/a><\/p>\n<p>&nbsp;<\/p>\n<p>&nbsp;<\/p>\n<p>&nbsp;<\/p>\n<p>*******<\/p>\n","protected":false},"excerpt":{"rendered":"<p>***** &nbsp; AGORDO Da oggi pomeriggio e fino a luned\u00ec sera, l&#8217;Agordina calcio proporr\u00e0 ai ragazzi della categoria Giovanissimi una nuova esperienza di ritiro residenziale pre campionato. Il tutto si svolger\u00e0 tra Caviola, dove i ragazzi alloggeranno e il campo di Falcade che li vedr\u00e0 impegnati nella preparazione. Un&#8217;esperienza principalmente volta ad accrescere le relazioni&hellip;<\/p>\n","protected":false},"author":4,"featured_media":408411,"comment_status":"closed","ping_status":"closed","sticky":false,"template":"","format":"standard","meta":{"_monsterinsights_skip_tracking":false,"_monsterinsights_sitenote_active":false,"_monsterinsights_sitenote_note":"","_monsterinsights_sitenote_category":0,"footnotes":""},"categories":[49],"tags":[],"class_list":["post-408409","post","type-post","status-publish","format-standard","has-post-thumbnail","hentry","category-news-18","category-49","description-off"],"img_url":"https:\/\/www.radiopiu.net\/wordpress\/wp-content\/uploads\/2024\/09\/3f4b962b-a60e-4e06-8168-ed53b52a52fe.jpg","_links":{"self":[{"href":"https:\/\/www.radiopiu.net\/wordpress\/wp-json\/wp\/v2\/posts\/408409","targetHints":{"allow":["GET"]}}],"collection":[{"href":"https:\/\/www.radiopiu.net\/wordpress\/wp-json\/wp\/v2\/posts"}],"about":[{"href":"https:\/\/www.radiopiu.net\/wordpress\/wp-json\/wp\/v2\/types\/post"}],"author":[{"embeddable":true,"href":"https:\/\/www.radiopiu.net\/wordpress\/wp-json\/wp\/v2\/users\/4"}],"replies":[{"embeddable":true,"href":"https:\/\/www.radiopiu.net\/wordpress\/wp-json\/wp\/v2\/comments?post=408409"}],"version-history":[{"count":2,"href":"https:\/\/www.radiopiu.net\/wordpress\/wp-json\/wp\/v2\/posts\/408409\/revisions"}],"predecessor-version":[{"id":408412,"href":"https:\/\/www.radiopiu.net\/wordpress\/wp-json\/wp\/v2\/posts\/408409\/revisions\/408412"}],"wp:featuredmedia":[{"embeddable":true,"href":"https:\/\/www.radiopiu.net\/wordpress\/wp-json\/wp\/v2\/media\/408411"}],"wp:attachment":[{"href":"https:\/\/www.radiopiu.net\/wordpress\/wp-json\/wp\/v2\/media?parent=408409"}],"wp:term":[{"taxonomy":"category","embeddable":true,"href":"https:\/\/www.radiopiu.net\/wordpress\/wp-json\/wp\/v2\/categories?post=408409"},{"taxonomy":"post_tag","embeddable":true,"href":"https:\/\/www.radiopiu.net\/wordpress\/wp-json\/wp\/v2\/tags?post=408409"}],"curies":[{"name":"wp","href":"https:\/\/api.w.org\/{rel}","templated":true}]}}