{"id":408558,"date":"2024-09-08T16:04:49","date_gmt":"2024-09-08T14:04:49","guid":{"rendered":"https:\/\/www.radiopiu.net\/wordpress\/?p=408558"},"modified":"2024-09-08T16:04:49","modified_gmt":"2024-09-08T14:04:49","slug":"meteo-allerta-arancione-in-quasi-tutto-il-veneto","status":"publish","type":"post","link":"https:\/\/www.radiopiu.net\/wordpress\/meteo-allerta-arancione-in-quasi-tutto-il-veneto\/","title":{"rendered":"METEO: ALLERTA ARANCIONE IN QUASI TUTTO IL VENETO"},"content":{"rendered":"<p>*****<\/p>\n<p>&nbsp;<\/p>\n<p><strong>VENEZIA <\/strong>Il Centro Funzionale Decentrato della Protezione Civile della Regione del Veneto, al fine di garantire un monitoraggio costante della situazione e la massima prontezza operativa, ha emesso un nuovo avviso che prevede, tra il pomeriggio di domenica e la mattinata di luned\u00ec, il veloce passaggio di un intenso impulso perturbato, generato da una saccatura estesa tra Inghilterra e Nord Africa che si sposta verso est interessando la nostra regione. Sono previste precipitazioni estese, anche temporalesche, ad iniziare dal primo pomeriggio di domenica con fase pi\u00f9 intensa tra il tardo pomeriggio e le prime ore di luned\u00ec; saranno probabili fenomeni localmente intensi (forti rovesci, anche ripetuti, e forti raffiche di vento) gi\u00e0 nel pomeriggio, pi\u00f9 diffusi in serata e con quantitativi di precipitazione anche abbondanti. Inoltre, \u00e8 possibile innesco di frane e colate rapide; rigurgito dei sistemi di smaltimento delle acque piovane con possibili allagamenti di locali interrati e\/o sottopassi; innalzamento dei livelli della rete idrografica secondaria, in particolare per le zone in allerta arancione possibile inondazione delle aree limitrofe. Lo scenario sar\u00e0 caratterizzato da fenomeni intensi e rapidi. Innalzamento dei livelli dei corsi d\u2019acqua principali, con probabile superamento del primo livello di guardia generalmente contenuto all\u2019interno dell\u2019alveo nelle zone in allerta idraulica Vene-H, Vene-B, Vene-C, Vene-D, Vene-E, Vene-F, Vene-G. La Criticit\u00e0 Idrogeologica Arancione partir\u00e0 dalle ore 18:00 del 08\/09\/2024, prima \u00e8 da intendersi Gialla. La Criticit\u00e0 Idraulica Gialla partir\u00e0 dalle ore 18:00 del 08\/09\/2024, prima \u00e8 da intendersi Verde. La fase operativa di PREALLARME per criticit\u00e0 idrogeologica per temporali partir\u00e0 dalle ore 14:00 del 08\/09\/2024. La fase operativa di PREALLARME per rischio idrogeologico partir\u00e0 dalle ore 18:00 del 08\/09\/2024, prima \u00e8 da intendersi di ATTENZIONE. La fase operativa di ATTENZIONE per rischio idraulico partir\u00e0 dalle ore 18:00 del 08\/09\/2024.<\/p>\n<p><a class=\"dt-pswp-item\" href=\"https:\/\/www.radiopiu.net\/wordpress\/wp-content\/uploads\/2024\/09\/SCR-20240908-odww.png\" data-dt-img-description=\"\" data-large_image_width=\"1140\" data-large_image_height=\"316\"><img loading=\"lazy\" decoding=\"async\" class=\"alignnone wp-image-408559 size-large\" src=\"https:\/\/www.radiopiu.net\/wordpress\/wp-content\/uploads\/2024\/09\/SCR-20240908-odww-1024x284.png\" alt=\"\" width=\"1024\" height=\"284\" srcset=\"https:\/\/www.radiopiu.net\/wordpress\/wp-content\/uploads\/2024\/09\/SCR-20240908-odww-1024x284.png 1024w, https:\/\/www.radiopiu.net\/wordpress\/wp-content\/uploads\/2024\/09\/SCR-20240908-odww-300x83.png 300w, https:\/\/www.radiopiu.net\/wordpress\/wp-content\/uploads\/2024\/09\/SCR-20240908-odww-768x213.png 768w, https:\/\/www.radiopiu.net\/wordpress\/wp-content\/uploads\/2024\/09\/SCR-20240908-odww.png 1140w\" sizes=\"auto, (max-width: 1024px) 100vw, 1024px\" \/><\/a><\/p>\n<p>&nbsp;<\/p>\n<p>&nbsp;<\/p>\n<p>*********<\/p>\n","protected":false},"excerpt":{"rendered":"<p>***** &nbsp; VENEZIA Il Centro Funzionale Decentrato della Protezione Civile della Regione del Veneto, al fine di garantire un monitoraggio costante della situazione e la massima prontezza operativa, ha emesso un nuovo avviso che prevede, tra il pomeriggio di domenica e la mattinata di luned\u00ec, il veloce passaggio di un intenso impulso perturbato, generato da&hellip;<\/p>\n","protected":false},"author":4,"featured_media":55419,"comment_status":"closed","ping_status":"closed","sticky":false,"template":"","format":"standard","meta":{"_monsterinsights_skip_tracking":false,"_monsterinsights_sitenote_active":false,"_monsterinsights_sitenote_note":"","_monsterinsights_sitenote_category":0,"footnotes":""},"categories":[49],"tags":[],"class_list":["post-408558","post","type-post","status-publish","format-standard","has-post-thumbnail","hentry","category-news-18","category-49","description-off"],"img_url":"https:\/\/www.radiopiu.net\/wordpress\/wp-content\/uploads\/2018\/07\/temporali.jpg","_links":{"self":[{"href":"https:\/\/www.radiopiu.net\/wordpress\/wp-json\/wp\/v2\/posts\/408558","targetHints":{"allow":["GET"]}}],"collection":[{"href":"https:\/\/www.radiopiu.net\/wordpress\/wp-json\/wp\/v2\/posts"}],"about":[{"href":"https:\/\/www.radiopiu.net\/wordpress\/wp-json\/wp\/v2\/types\/post"}],"author":[{"embeddable":true,"href":"https:\/\/www.radiopiu.net\/wordpress\/wp-json\/wp\/v2\/users\/4"}],"replies":[{"embeddable":true,"href":"https:\/\/www.radiopiu.net\/wordpress\/wp-json\/wp\/v2\/comments?post=408558"}],"version-history":[{"count":1,"href":"https:\/\/www.radiopiu.net\/wordpress\/wp-json\/wp\/v2\/posts\/408558\/revisions"}],"predecessor-version":[{"id":408560,"href":"https:\/\/www.radiopiu.net\/wordpress\/wp-json\/wp\/v2\/posts\/408558\/revisions\/408560"}],"wp:featuredmedia":[{"embeddable":true,"href":"https:\/\/www.radiopiu.net\/wordpress\/wp-json\/wp\/v2\/media\/55419"}],"wp:attachment":[{"href":"https:\/\/www.radiopiu.net\/wordpress\/wp-json\/wp\/v2\/media?parent=408558"}],"wp:term":[{"taxonomy":"category","embeddable":true,"href":"https:\/\/www.radiopiu.net\/wordpress\/wp-json\/wp\/v2\/categories?post=408558"},{"taxonomy":"post_tag","embeddable":true,"href":"https:\/\/www.radiopiu.net\/wordpress\/wp-json\/wp\/v2\/tags?post=408558"}],"curies":[{"name":"wp","href":"https:\/\/api.w.org\/{rel}","templated":true}]}}