{"id":408594,"date":"2024-09-09T08:01:22","date_gmt":"2024-09-09T06:01:22","guid":{"rendered":"https:\/\/www.radiopiu.net\/wordpress\/?p=408594"},"modified":"2024-09-09T08:01:22","modified_gmt":"2024-09-09T06:01:22","slug":"la-rassegna-stampa-locale-dai-siti-internet-dai-giornali-dal-1983-09-settembre-2024","status":"publish","type":"post","link":"https:\/\/www.radiopiu.net\/wordpress\/la-rassegna-stampa-locale-dai-siti-internet-dai-giornali-dal-1983-09-settembre-2024\/","title":{"rendered":"LA RASSEGNA STAMPA LOCALE, DAI SITI INTERNET, DAI GIORNALI. dal 1983 \u2013 09 SETTEMBRE 2024"},"content":{"rendered":"<p>****<\/p>\n<p>&nbsp;<\/p>\n<p><strong>OGGI ALLA RADIO&#8230;.<\/strong> <span style=\"color: #ff0000;\">ALLE 4 E ALLE 6<\/span> LE NOTIZIE DALL&#8217;ITALIA E DAL MONDO<span style=\"color: #ff0000;\"> 6.15<\/span> PIROLE DE LENGA A CURA DEL MUSLA<span style=\"color: #ff0000;\"> 7.20<\/span> EL BAL DEL FIOR, DETTI E TRADIZIONI DI GIULIANA DA RONCH <span style=\"color: #ff0000;\">8.05<\/span> LA RASSEGNA STAMPA LOCALE<span style=\"color: #ff0000;\"> 8.30\u00a0<span style=\"color: #000000;\"> PIU SIAMO, MARINA DONA<\/span><\/span><span style=\"color: #ff0000;\"><span style=\"color: #000000;\">\u00a0 9.00\u00a0 OGGI COME IERI DI SILVIA BALDO 9.30 I RACCONTI DI PAOLO SOPPELSA <\/span><\/span><span style=\"color: #ff0000;\">9.40<\/span> VIABILITA&#8217; CON BOTOL CAR SERVICE (AGORDO-SEDICO-FELTRE)\u00a0 <span style=\"color: #ff0000;\">12.00<\/span> VA TUTTO LISCIO\u00a0 <span style=\"color: #ff0000;\">12.30<\/span> GIORNALE RADIO PRINCIPALE\u00a0 <span style=\"color: #ff0000;\">13.20 <span style=\"color: #000000;\">TRE PEZZI DI MARINA DONA&#8217; <\/span><\/span><span style=\"color: #ff0000;\">15.00<\/span>\u00a0 RITRATTI SONORI CON ALESSIA DALL&#8217;O <span style=\"color: #ff0000;\">16<\/span> IL ROCK DI MARCO COSTANTINI <span style=\"color: #ff0000;\">1645<\/span> LE HIT DI MIRCO BENCIVENNI <span style=\"color: #ff0000;\">18.00<\/span> PIU&#8217; DANCE LE SELEZIONI CHE FANNO SALTARE DI DJ JACK, JACOPO DEL TEDESCO\u00a0<span style=\"color: #ff0000;\">19<\/span> LE ANTICIPAZIONI DAL TG DI ANTENNA 3<\/p>\n<p>&nbsp;<\/p>\n<p class=\"entry-title\">NON RITORNA DALL\u2019ESCURSIONE, TROVATO SENZA VITA NEI PRESSI DI MALGA FRAMONT<\/p>\n<p>Loris De Barba, un alpinista e fotografo di 71 anni di Limana, \u00e8 partito ieri pomeriggio per fotografare il tramonto sulle Torri del Camp, ma non \u00e8 rientrato. Attorno alle 3 del mattino, il corpo dell&#8217;uomo \u00e8 stato trovato a 2.300 metri di quota, venti metri sotto una traccia. Dopo il recupero, la salma \u00e8 stata trasportata a valle tramite elicottero. Probabilmente l&#8217;uomo \u00e8 scivolato durante la salita o la discesa. Loris De Barba, fotografo conosciuto di Limana, aveva vinto il Pelmo D&#8217;oro nel 2022.<\/p>\n<p class=\"entry-title\">RECUPERATA UNA VETTURA SULLA STRADA DI BINATEGA<\/p>\n<p>Sabato mattina, alle 10:10, i Vigili del Fuoco di Agordo sono intervenuti in localit\u00e0 Binatega, lungo una strada forestale, per il recupero di un\u2019autovettura in bilico su un precipizio. L\u2019intervento si \u00e8 reso necessario per mettere in sicurezza il veicolo e far scendere in sicurezza le due persone a bordo. Fortunatamente, non si registrano feriti.<\/p>\n<p>FURGONE FINISCE FUORI STRADA. OTTO FERITI<\/p>\n<p>Nel pomeriggio di sabato, intorno alle 17, i vigili del fuoco sono intervenuti sulla SS50 Via Marisiga a Belluno per un incidente in cui un furgone per il trasporto persone \u00e8 uscito di strada, fermandosi vicino a un&#8217;abitazione. L&#8217;incidente ha causato otto feriti<\/p>\n<p>DUE INFORTUNI E UN MALORE NELLA MATTINATA DEL SOCCORSO ALPINO<\/p>\n<p>Ieri mattina verso le 9 l&#8217;elicottero del Suem di Pieve di Cadore \u00e8 volato al Rifugio Tissi, dove era arrivato un&#8217;escursionista statunitense di 60 anni, che si era fatto male a un ginocchio a 300 metri di distanza. Falco \u00e8 stato poi inviato lungo il sentiero 511 che sale al Rifugio Fonda Savio, dove era in corso una gara di corsa in montagna, per uno degli atleti che si era fatto male ed era assistito da altre persone<\/p>\n<p>TRAUMA CRANICO AL RIFUGIO KOSTNER. SOCCORRITORE COLTO DA MALORE<\/p>\n<p>Nel pomeriggio di sabato, l&#8217;elicottero del Suem di Pieve di Cadore \u00e8 intervenuto pi\u00f9 volte per emergenze in montagna. Alle 15:10, ha soccorso un escursionista austriaco di 49 anni caduto sul sentiero 638 vicino al Rifugio Kostner, che ha riportato un trauma cranico ed \u00e8 stato trasportato all&#8217;ospedale di Agordo.<\/p>\n<p>CHIUSURA NOTTURNA GALLERIA COMELICO: CONFINDUSTRIA VIGILERA&#8217;<\/p>\n<p>Lorraine Berton, presidente di Confindustria Belluno Dolomiti, ha sottolineato l&#8217;importanza della responsabilit\u00e0 di tutti i soggetti coinvolti nella gestione della chiusura notturna della galleria Comelico, necessaria per i lavori di manutenzione.<\/p>\n<p>RACCOLTA RIFIUTI SULLA MARMOLADA CON LEGAMBIENTE<\/p>\n<p>Sulla Marmolada sono stati trovati oltre 400 rifiuti abbandonati lungo il sentiero che porta al ghiacciaio, alcuni risalenti alla Prima guerra mondiale, altri agli anni \u201870-\u201980 e pi\u00f9 recenti. L&#8217;iniziativa di pulizia \u00e8 stata condotta dal team di Carovana dei ghiacciai 2024 di Legambiente, in collaborazione con CIPRA Italia e il Comitato Glaciologico Italiano, nell&#8217;ambito della campagna nazionale &#8220;Puliamo il Mondo&#8221;.<\/p>\n<p>INAUGURATA LA NUOVA SCUOLA MEDIA DI ALPAGO<\/p>\n<p>Sabato \u00e8 stata inaugurata la nuova scuola media del Comune di Alpago, pronta ad accogliere gli studenti per l&#8217;inizio dell&#8217;anno scolastico 2024\/25. L&#8217;opera, del valore di circa 4,5 milioni di euro, \u00e8 stata finanziata interamente da fondi nazionali provenienti dai Ministeri dell&#8217;Istruzione, Interno e Infrastrutture. Il progetto, iniziato nel 2015, \u00e8 stato completato nei tempi previsti e rappresenta un importante traguardo per la comunit\u00e0, unendo tutti gli studenti delle scuole medie del comune in un unico edificio moderno e sicuro.<\/p>\n<p class=\"entry-title\">IL FALCADINO FRATE ROBERTO GENUIN CONFERMATO MINISTRO GENERALE DEI FRATI CAPPUCCINI SINO AL 2030<\/p>\n<p>Frate Roberto Genuin, originario di Falcade, \u00e8 stato riconfermato Ministro Generale dell&#8217;Ordine dei Frati Minori Cappuccini per un secondo mandato (2024-2030) durante l\u201985\u00b0 Capitolo Generale a Roma.<\/p>\n<p>ALFONSO SIGNORINI IN VISITA AL MUSAL<\/p>\n<p>Il 21 agosto, Alfonso Signorini, giornalista e direttore della rivista <em>Chi<\/em>, ha visitato il Musal, il Museo Albino Luciani dedicato al beato papa Giovanni Paolo I.<\/p>\n<p>IL FELTRE VINCE ALL&#8217;OVERTIME L&#8217;AMICHEVOLE CONTRO L&#8217;ALLEGHE<\/p>\n<p>FELTRE &#8211; ALLEGHE 4-3 dopo overtime<\/p>\n<p>Tempo di test match per l&#8217;Alleghe che nella serata di sabato hanno affrontato il Feltre al PalaFeltre. Una partita combattuta di fronte a oltre 500 spettatori.<\/p>\n<p>MIHAIL SIRBU E FRANCESCA DE COLO&#8217; SI AGGIUDICANO LA VA PIAN MA RIVA 2024<\/p>\n<p>399 iscritti e pienone di spettatori alla quarta edizione della Va Pian Ma Riva, la corsa campestre organizzata dalla Polisportiva Voltago in memoria di Alan Scussel e ultima tappa della CorriPoi Trofeo Alpen Plus. Mihail Sirbu si aggiudica la gara maschile, la gara femminile che ha visto primeggiare Francesca de Col\u00f2<\/p>\n<p>&nbsp;<\/p>\n<p>&nbsp;<\/p>\n<h2><span style=\"color: #ff0000;\"><strong>VIDEO\u00a0 \u00a0in diretta dalle 8 del mattino\u00a0<\/strong><\/span><\/h2>\n<p><iframe loading=\"lazy\" title=\"DAL 1983 LA RASSEGNA STAMPA LOCALE - 09 settembre 2024\" width=\"1200\" height=\"675\" src=\"https:\/\/www.youtube.com\/embed\/K1oVvVrFsBE?feature=oembed\" frameborder=\"0\" allow=\"accelerometer; autoplay; clipboard-write; encrypted-media; gyroscope; picture-in-picture; web-share\" referrerpolicy=\"strict-origin-when-cross-origin\" allowfullscreen><\/iframe><\/p>\n<p>&nbsp;<\/p>\n<p>&nbsp;<\/p>\n<p>&nbsp;<\/p>\n<p>*******<\/p>\n","protected":false},"excerpt":{"rendered":"<p>**** &nbsp; OGGI ALLA RADIO&#8230;. ALLE 4 E ALLE 6 LE NOTIZIE DALL&#8217;ITALIA E DAL MONDO 6.15 PIROLE DE LENGA A CURA DEL MUSLA 7.20 EL BAL DEL FIOR, DETTI E TRADIZIONI DI GIULIANA DA RONCH 8.05 LA RASSEGNA STAMPA LOCALE 8.30\u00a0 PIU SIAMO, MARINA DONA\u00a0 9.00\u00a0 OGGI COME IERI DI SILVIA BALDO 9.30 I&hellip;<\/p>\n","protected":false},"author":4,"featured_media":408600,"comment_status":"closed","ping_status":"closed","sticky":false,"template":"","format":"standard","meta":{"_monsterinsights_skip_tracking":false,"_monsterinsights_sitenote_active":false,"_monsterinsights_sitenote_note":"","_monsterinsights_sitenote_category":0,"footnotes":""},"categories":[49],"tags":[],"class_list":["post-408594","post","type-post","status-publish","format-standard","has-post-thumbnail","hentry","category-news-18","category-49","description-off"],"img_url":"https:\/\/www.radiopiu.net\/wordpress\/wp-content\/uploads\/2024\/09\/SCR-20240909-gcug.png","_links":{"self":[{"href":"https:\/\/www.radiopiu.net\/wordpress\/wp-json\/wp\/v2\/posts\/408594","targetHints":{"allow":["GET"]}}],"collection":[{"href":"https:\/\/www.radiopiu.net\/wordpress\/wp-json\/wp\/v2\/posts"}],"about":[{"href":"https:\/\/www.radiopiu.net\/wordpress\/wp-json\/wp\/v2\/types\/post"}],"author":[{"embeddable":true,"href":"https:\/\/www.radiopiu.net\/wordpress\/wp-json\/wp\/v2\/users\/4"}],"replies":[{"embeddable":true,"href":"https:\/\/www.radiopiu.net\/wordpress\/wp-json\/wp\/v2\/comments?post=408594"}],"version-history":[{"count":2,"href":"https:\/\/www.radiopiu.net\/wordpress\/wp-json\/wp\/v2\/posts\/408594\/revisions"}],"predecessor-version":[{"id":408611,"href":"https:\/\/www.radiopiu.net\/wordpress\/wp-json\/wp\/v2\/posts\/408594\/revisions\/408611"}],"wp:featuredmedia":[{"embeddable":true,"href":"https:\/\/www.radiopiu.net\/wordpress\/wp-json\/wp\/v2\/media\/408600"}],"wp:attachment":[{"href":"https:\/\/www.radiopiu.net\/wordpress\/wp-json\/wp\/v2\/media?parent=408594"}],"wp:term":[{"taxonomy":"category","embeddable":true,"href":"https:\/\/www.radiopiu.net\/wordpress\/wp-json\/wp\/v2\/categories?post=408594"},{"taxonomy":"post_tag","embeddable":true,"href":"https:\/\/www.radiopiu.net\/wordpress\/wp-json\/wp\/v2\/tags?post=408594"}],"curies":[{"name":"wp","href":"https:\/\/api.w.org\/{rel}","templated":true}]}}