{"id":408659,"date":"2024-09-09T11:53:11","date_gmt":"2024-09-09T09:53:11","guid":{"rendered":"https:\/\/www.radiopiu.net\/wordpress\/?p=408659"},"modified":"2024-09-09T11:53:11","modified_gmt":"2024-09-09T09:53:11","slug":"il-fenomeno-caffelatte-del-cordevole","status":"publish","type":"post","link":"https:\/\/www.radiopiu.net\/wordpress\/il-fenomeno-caffelatte-del-cordevole\/","title":{"rendered":"IL FENOMENO CAFFELATTE DEL CORDEVOLE"},"content":{"rendered":"<p>******<\/p>\n<p>&nbsp;<\/p>\n<p><strong>REDAZIONE<\/strong> Con le piogge delle ultime ore anche il torrente Cordevole si \u00e8 ingrossato e l&#8217;acqua si \u00e8 trasformata in color caffelatte. Nel video di Emanuele Agrimi si pu\u00f2 notare la differenza delle acque che scendono.<\/p>\n<div style=\"width: 848px;\" class=\"wp-video\"><video class=\"wp-video-shortcode\" id=\"video-408659-1\" width=\"848\" height=\"480\" preload=\"metadata\" controls=\"controls\"><source type=\"video\/mp4\" src=\"https:\/\/www.radiopiu.net\/wordpress\/wp-content\/uploads\/2024\/09\/WhatsApp-Video-2024-09-09-at-11.47.37.mp4?_=1\" \/><a href=\"https:\/\/www.radiopiu.net\/wordpress\/wp-content\/uploads\/2024\/09\/WhatsApp-Video-2024-09-09-at-11.47.37.mp4\">https:\/\/www.radiopiu.net\/wordpress\/wp-content\/uploads\/2024\/09\/WhatsApp-Video-2024-09-09-at-11.47.37.mp4<\/a><\/video><\/div>\n<p>&nbsp;<\/p>\n<p>&nbsp;<\/p>\n<p>********<\/p>\n","protected":false},"excerpt":{"rendered":"<p>****** &nbsp; REDAZIONE Con le piogge delle ultime ore anche il torrente Cordevole si \u00e8 ingrossato e l&#8217;acqua si \u00e8 trasformata in color caffelatte. Nel video di Emanuele Agrimi si pu\u00f2 notare la differenza delle acque che scendono. &nbsp; &nbsp; ********<\/p>\n","protected":false},"author":4,"featured_media":408669,"comment_status":"closed","ping_status":"closed","sticky":false,"template":"","format":"standard","meta":{"_monsterinsights_skip_tracking":false,"_monsterinsights_sitenote_active":false,"_monsterinsights_sitenote_note":"","_monsterinsights_sitenote_category":0,"footnotes":""},"categories":[49],"tags":[],"class_list":["post-408659","post","type-post","status-publish","format-standard","has-post-thumbnail","hentry","category-news-18","category-49","description-off"],"img_url":"https:\/\/www.radiopiu.net\/wordpress\/wp-content\/uploads\/2024\/09\/SCR-20240909-ktdf.jpeg","_links":{"self":[{"href":"https:\/\/www.radiopiu.net\/wordpress\/wp-json\/wp\/v2\/posts\/408659","targetHints":{"allow":["GET"]}}],"collection":[{"href":"https:\/\/www.radiopiu.net\/wordpress\/wp-json\/wp\/v2\/posts"}],"about":[{"href":"https:\/\/www.radiopiu.net\/wordpress\/wp-json\/wp\/v2\/types\/post"}],"author":[{"embeddable":true,"href":"https:\/\/www.radiopiu.net\/wordpress\/wp-json\/wp\/v2\/users\/4"}],"replies":[{"embeddable":true,"href":"https:\/\/www.radiopiu.net\/wordpress\/wp-json\/wp\/v2\/comments?post=408659"}],"version-history":[{"count":1,"href":"https:\/\/www.radiopiu.net\/wordpress\/wp-json\/wp\/v2\/posts\/408659\/revisions"}],"predecessor-version":[{"id":408670,"href":"https:\/\/www.radiopiu.net\/wordpress\/wp-json\/wp\/v2\/posts\/408659\/revisions\/408670"}],"wp:featuredmedia":[{"embeddable":true,"href":"https:\/\/www.radiopiu.net\/wordpress\/wp-json\/wp\/v2\/media\/408669"}],"wp:attachment":[{"href":"https:\/\/www.radiopiu.net\/wordpress\/wp-json\/wp\/v2\/media?parent=408659"}],"wp:term":[{"taxonomy":"category","embeddable":true,"href":"https:\/\/www.radiopiu.net\/wordpress\/wp-json\/wp\/v2\/categories?post=408659"},{"taxonomy":"post_tag","embeddable":true,"href":"https:\/\/www.radiopiu.net\/wordpress\/wp-json\/wp\/v2\/tags?post=408659"}],"curies":[{"name":"wp","href":"https:\/\/api.w.org\/{rel}","templated":true}]}}