{"id":408681,"date":"2024-09-09T13:37:08","date_gmt":"2024-09-09T11:37:08","guid":{"rendered":"https:\/\/www.radiopiu.net\/wordpress\/?p=408681"},"modified":"2024-09-09T17:10:54","modified_gmt":"2024-09-09T15:10:54","slug":"appello-serve-un-nuovo-pulmino-per-il-trasporto-delle-persone-con-disabilita","status":"publish","type":"post","link":"https:\/\/www.radiopiu.net\/wordpress\/appello-serve-un-nuovo-pulmino-per-il-trasporto-delle-persone-con-disabilita\/","title":{"rendered":"Appello: Serve un Nuovo Pulmino per il Trasporto delle Persone con Disabilit\u00e0"},"content":{"rendered":"<p>***<\/p>\n<p>&nbsp;<\/p>\n<p><strong><a class=\"dt-pswp-item\" href=\"https:\/\/www.radiopiu.net\/wordpress\/wp-content\/uploads\/2024\/09\/pulmino-incidentato-.jpeg\" data-dt-img-description=\"\" data-large_image_width=\"1183\" data-large_image_height=\"1391\"><img loading=\"lazy\" decoding=\"async\" class=\" wp-image-408683 alignleft\" src=\"https:\/\/www.radiopiu.net\/wordpress\/wp-content\/uploads\/2024\/09\/pulmino-incidentato--255x300.jpeg\" alt=\"\" width=\"259\" height=\"305\" srcset=\"https:\/\/www.radiopiu.net\/wordpress\/wp-content\/uploads\/2024\/09\/pulmino-incidentato--255x300.jpeg 255w, https:\/\/www.radiopiu.net\/wordpress\/wp-content\/uploads\/2024\/09\/pulmino-incidentato--871x1024.jpeg 871w, https:\/\/www.radiopiu.net\/wordpress\/wp-content\/uploads\/2024\/09\/pulmino-incidentato--768x903.jpeg 768w, https:\/\/www.radiopiu.net\/wordpress\/wp-content\/uploads\/2024\/09\/pulmino-incidentato-.jpeg 1183w\" sizes=\"auto, (max-width: 259px) 100vw, 259px\" \/><\/a>BELLUNO<\/strong> La Cooperativa Societ\u00e0 Nuova di Belluno lancia un appello urgente: \u00e8 necessario un nuovo pulmino per garantire il trasporto delle persone con disabilit\u00e0 che frequentano i Centri Diurni di Belluno. Il pulmino precedente \u00e8 andato distrutto in un incendio la notte tra il 6 e il 7 settembre presso l&#8217;autofficina Talo a Limana, dove era in attesa di riparazione dopo un incidente avvenuto il 27 agosto. La situazione \u00e8 grave, poich\u00e9 il mezzo era fondamentale per le attivit\u00e0 quotidiane, dal trasporto verso i Centri Diurni all\u2019accompagnamento per le varie attivit\u00e0 esterne. \u201cSistemare il furgone incidentato era una cosa, comprarne uno nuovo \u00e8 tutt\u2019altra,\u201d ha spiegato il presidente Federico Bristot, evidenziando l\u2019urgenza di un nuovo acquisto. La Cooperativa chiede l\u2019aiuto della comunit\u00e0 per raccogliere i fondi necessari all\u2019acquisto di un nuovo pulmino. Chi desidera contribuire pu\u00f2 contattare Societ\u00e0 Nuova via email a <a rel=\"noopener\">comunica@societanuova.eu<\/a>.<\/p>\n<p>&nbsp;<\/p>\n<p>&nbsp;<\/p>\n<p>___<\/p>\n","protected":false},"excerpt":{"rendered":"<p>*** &nbsp; BELLUNO La Cooperativa Societ\u00e0 Nuova di Belluno lancia un appello urgente: \u00e8 necessario un nuovo pulmino per garantire il trasporto delle persone con disabilit\u00e0 che frequentano i Centri Diurni di Belluno. Il pulmino precedente \u00e8 andato distrutto in un incendio la notte tra il 6 e il 7 settembre presso l&#8217;autofficina Talo a&hellip;<\/p>\n","protected":false},"author":4,"featured_media":408682,"comment_status":"closed","ping_status":"closed","sticky":false,"template":"","format":"standard","meta":{"_monsterinsights_skip_tracking":false,"_monsterinsights_sitenote_active":false,"_monsterinsights_sitenote_note":"","_monsterinsights_sitenote_category":0,"footnotes":""},"categories":[51,49],"tags":[],"class_list":["post-408681","post","type-post","status-publish","format-standard","has-post-thumbnail","hentry","category-evidenza-top","category-news-18","category-51","category-49","description-off"],"img_url":"https:\/\/www.radiopiu.net\/wordpress\/wp-content\/uploads\/2024\/09\/pulmino-societa-nuova-scaled.jpeg","_links":{"self":[{"href":"https:\/\/www.radiopiu.net\/wordpress\/wp-json\/wp\/v2\/posts\/408681","targetHints":{"allow":["GET"]}}],"collection":[{"href":"https:\/\/www.radiopiu.net\/wordpress\/wp-json\/wp\/v2\/posts"}],"about":[{"href":"https:\/\/www.radiopiu.net\/wordpress\/wp-json\/wp\/v2\/types\/post"}],"author":[{"embeddable":true,"href":"https:\/\/www.radiopiu.net\/wordpress\/wp-json\/wp\/v2\/users\/4"}],"replies":[{"embeddable":true,"href":"https:\/\/www.radiopiu.net\/wordpress\/wp-json\/wp\/v2\/comments?post=408681"}],"version-history":[{"count":1,"href":"https:\/\/www.radiopiu.net\/wordpress\/wp-json\/wp\/v2\/posts\/408681\/revisions"}],"predecessor-version":[{"id":408684,"href":"https:\/\/www.radiopiu.net\/wordpress\/wp-json\/wp\/v2\/posts\/408681\/revisions\/408684"}],"wp:featuredmedia":[{"embeddable":true,"href":"https:\/\/www.radiopiu.net\/wordpress\/wp-json\/wp\/v2\/media\/408682"}],"wp:attachment":[{"href":"https:\/\/www.radiopiu.net\/wordpress\/wp-json\/wp\/v2\/media?parent=408681"}],"wp:term":[{"taxonomy":"category","embeddable":true,"href":"https:\/\/www.radiopiu.net\/wordpress\/wp-json\/wp\/v2\/categories?post=408681"},{"taxonomy":"post_tag","embeddable":true,"href":"https:\/\/www.radiopiu.net\/wordpress\/wp-json\/wp\/v2\/tags?post=408681"}],"curies":[{"name":"wp","href":"https:\/\/api.w.org\/{rel}","templated":true}]}}