{"id":408765,"date":"2024-09-10T07:55:05","date_gmt":"2024-09-10T05:55:05","guid":{"rendered":"https:\/\/www.radiopiu.net\/wordpress\/?p=408765"},"modified":"2024-09-10T08:36:58","modified_gmt":"2024-09-10T06:36:58","slug":"dal-1983-la-rassegna-stampa-locale-di-mirko-mezzacasa-41","status":"publish","type":"post","link":"https:\/\/www.radiopiu.net\/wordpress\/dal-1983-la-rassegna-stampa-locale-di-mirko-mezzacasa-41\/","title":{"rendered":"DAL 1983 LA RASSEGNA STAMPA LOCALE, DI MIRKO MEZZACASA"},"content":{"rendered":"<p>&nbsp;<\/p>\n<p>&nbsp;<\/p>\n<div class=\"mceTemp\"><a class=\"dt-pswp-item\" href=\"https:\/\/www.radiopiu.net\/wordpress\/wp-content\/uploads\/2024\/09\/PICT8488.jpg\" data-dt-img-description=\"KONICA MINOLTA DIGITAL CAMERA\" data-large_image_width=\"1600\" data-large_image_height=\"1200\"><img loading=\"lazy\" decoding=\"async\" class=\" wp-image-408766 alignleft\" src=\"https:\/\/www.radiopiu.net\/wordpress\/wp-content\/uploads\/2024\/09\/PICT8488-300x225.jpg\" alt=\"\" width=\"183\" height=\"137\" srcset=\"https:\/\/www.radiopiu.net\/wordpress\/wp-content\/uploads\/2024\/09\/PICT8488-300x225.jpg 300w, https:\/\/www.radiopiu.net\/wordpress\/wp-content\/uploads\/2024\/09\/PICT8488-1024x768.jpg 1024w, https:\/\/www.radiopiu.net\/wordpress\/wp-content\/uploads\/2024\/09\/PICT8488-768x576.jpg 768w, https:\/\/www.radiopiu.net\/wordpress\/wp-content\/uploads\/2024\/09\/PICT8488-1536x1152.jpg 1536w, https:\/\/www.radiopiu.net\/wordpress\/wp-content\/uploads\/2024\/09\/PICT8488.jpg 1600w\" sizes=\"auto, (max-width: 183px) 100vw, 183px\" \/><\/a>OGGI ALLA RADIO\u2026. ALLE 4 E ALLE 6 LE NOTIZIE DALL\u2019ITALIA E DAL MONDO 6.15 PIROLE DE LENGA A CURA DEL MUSLA 7.20 EL BAL DEL FIORI, DETTI E TRADIZIONI DI GIULIANA DA RONCH 8.05 LA RASSEGNA STAMPA LOCALE 8.30 PIU SIAMO MARINA DONA\u2019 9.00 LA MUSICA COUNTRY DI ALEX NASCINBEN 9.40 VIABILITA\u2019 CON BOTOL CAR SERVICE (AGORDO-SEDICO-FELTRE) 10 15 MUSLA, LE NOVE IN LADIN 1030 NEL RICORDO DI MARCELLO DE DORIGO 12.00 VA TUTTO LISCIO 12.30 GIORNALE RADIO PRINCIPALE 13.20 TRE PEZZI DI MARINA DONA\u2019 15.00 IL MARTEDI POMERIGGIO\u2026 DI LUISA ALCHINI 16 IL ROCK DI MARCO COSTANTINI 1645 LE HIT DI MIRCO BENCIVENNI 18.00 PIU\u2019 DANCE LE SELEZIONI CHE FANNO SALTARE DI DJ JACK, JACOPO DEL TEDESCO 19 LE ANTICIPAZIONI DAL TG DI ANTENNA 3<a class=\"dt-pswp-item\" href=\"https:\/\/www.radiopiu.net\/wordpress\/wp-content\/uploads\/2024\/09\/Senza-nome-2.png\" data-dt-img-description=\"\" data-large_image_width=\"203\" data-large_image_height=\"221\"><img loading=\"lazy\" decoding=\"async\" class=\"size-full wp-image-408718 alignleft\" src=\"https:\/\/www.radiopiu.net\/wordpress\/wp-content\/uploads\/2024\/09\/Senza-nome-2.png\" alt=\"\" width=\"203\" height=\"221\" \/><\/a>BORGO VALBELLUNA Con grande tristezza, la comunit\u00e0 di Borgo Valbelluna si stringe attorno alla famiglia di Serena Dal Piva, scomparsa a soli 35 anni dopo una strenua lotta contro un male incurabile. Serena \u00e8 deceduta ieri nella sua casa di Conzago, una frazione del comune, circondata dall\u2019affetto dei suoi cari. Sei mesi fa, i medici le avevano diagnosticato un tumore, ma nessuno poteva immaginare che il decorso sarebbe stato cos\u00ec rapido e tragico. I funerali si terranno domani alle 15 presso la chiesa di Mel.<br \/>\nLIMANA Giorni di lutto e grande tristezza a Limana per la scomparsa dell\u2019amato e apprezzato fotografo Loris De Barba, oggi alle 15 l\u2019ultimo saluto al campo sportivo di Val Morel. Nell\u2019epigrafe il ringraziamento al Soccorso Alpino dei famigliari, della moglie Anita, dei figli Silvia ed Alessandro<br \/>\nBELLUNO Ieri alle 7.30 incidente stradale tra due auto\u00a0 in galleria\u00a0 Col Cavalier a Belluno, sul posto l&#8217;ambulanza del San Martino in soccorso ad una donna di 49 anni di Belluno per le ferite non gravi riportate. Ad Arsi\u00e8 prima di mezzogiorno un uomo anziano \u00e8 stato colto da malore, trasportato in condizioni di media gravit\u00e0 al Santa Maria del Prato di Feltre. Nel primo pomeriggio Falco in volo verso il Rifugio Venezia, nella nota che ha allertato il 118 un trauma per una 38enne francese, ma una volta sul posto i sanitari sul bollettino hanno inciso: &#8220;illesa&#8221;.<br \/>\nCANSIGLIO Ieri, a mezzogiorno, la strada del Cansiglio \u00e8 stata richiusa, per i lavori di messa in sicurezza del versante a monte. La riapertura \u00e8 prevista intorno al 20 novembre, per\u00f2 gli operatori turistici si augurano che dalla prossima settimana si possa transitare a senso unico alternato durante la settimana nell&#8217;area del cantiere.<br \/>\nTAIBON Da mercoledi 18 settembre alle 10.30 del mattino\u00a0 il ritorno alla radio di SE NON LA SMETTI TI MANDO DAL PRESIDE speciale scuola, con la prof. Mari Rosa Salmazo. In replica la domenica mattina alle 8.<\/p>\n<p><a class=\"dt-pswp-item\" href=\"https:\/\/www.radiopiu.net\/wordpress\/wp-content\/uploads\/2024\/09\/Senza-nome-5.png\" data-dt-img-description=\"\" data-large_image_width=\"275\" data-large_image_height=\"328\"><img loading=\"lazy\" decoding=\"async\" class=\"size-medium wp-image-408756 alignleft\" src=\"https:\/\/www.radiopiu.net\/wordpress\/wp-content\/uploads\/2024\/09\/Senza-nome-5-252x300.png\" alt=\"\" width=\"252\" height=\"300\" srcset=\"https:\/\/www.radiopiu.net\/wordpress\/wp-content\/uploads\/2024\/09\/Senza-nome-5-252x300.png 252w, https:\/\/www.radiopiu.net\/wordpress\/wp-content\/uploads\/2024\/09\/Senza-nome-5.png 275w\" sizes=\"auto, (max-width: 252px) 100vw, 252px\" \/><\/a>AURONZO Felice Pais, 51 anni, \u00e8 deceduto tre giorni dopo una caduta dal tetto di un cantiere ad Auronzo. Ricoverato in condizioni gravissime all\u2019ospedale San Martino di Belluno, Pais \u00e8 precipitato da circa dieci metri a causa del cedimento di una tavola della struttura. Nonostante il cantiere fosse in regola con le norme di sicurezza, l\u2019incidente \u00e8 stato fatale.<br \/>\nPADOVA Il ghiacciaio della Marmolada, il pi\u00f9 grande delle Dolomiti, sta subendo un\u2019irreversibile agonia a causa del cambiamento climatico. Dal 1888, ha perso pi\u00f9 dell\u201980% della sua superficie e il 94% del suo volume, passando da 500 a 98 ettari entro il 2023. Negli ultimi cinque anni, ha perso 70 ettari di superficie, equivalenti a 98 campi da calcio, e si prevede che scomparir\u00e0 entro il 2040<br \/>\nVODO DI CADORE\u00a0 Escursionista bloccata in Val d\u2019Arcia. La donna di 38 anni, cittadina francese, era in compagnia di quattro connazionali quando \u00e8 scivolata mentre recuperava uno zaino caduto. L\u2019incidente l\u2019ha costretta a rimanere bloccata una cinquantina di metri sotto il sentiero.Trasportata al Rifugio Venezia, la donna \u00e8 stata visitata dal personale sanitario e, fortunatamente, non ha riportato ferite gravi. Ha poi atteso i suoi compagni, che sono arrivati poco dopo.<br \/>\nChiusura Strada Passo San Boldo: Lavori in Corso<br \/>\nFino al 10 ottobre lavori sulla SP 635. La strada, chiusa dalle 8 alle 18, riaprir\u00e0 nei weekend. Interventi di sicurezza rocciosa in corso, conclusione prevista entro un m<br \/>\nBELLUNO Ieri \u00e8 iniziata la demolizione controllata di una parte dell\u2019Iti Segato di Belluno, che si affaccia su Piazza Piloni. L&#8217;edificio sar\u00e0 completamente abbattuto e ricostruito nell&#8217;ambito di un progetto di riqualificazione finanziato dal Pnrr per un valore di circa 5 milioni di euro. I lavori, iniziati con qualche ritardo a causa di interventi sulla rete idrica, dureranno tre o quattro settimane<\/p>\n<p><a class=\"dt-pswp-item\" href=\"https:\/\/www.radiopiu.net\/wordpress\/wp-content\/uploads\/2024\/09\/Senza-nome-4.png\" data-dt-img-description=\"\" data-large_image_width=\"267\" data-large_image_height=\"217\"><img loading=\"lazy\" decoding=\"async\" class=\"size-full wp-image-408750 alignleft\" src=\"https:\/\/www.radiopiu.net\/wordpress\/wp-content\/uploads\/2024\/09\/Senza-nome-4.png\" alt=\"\" width=\"267\" height=\"217\" \/><\/a>FELTRE Danilo Bof, 69 anni, \u00e8 in gravi condizioni dopo un incidente domestico. Trasferito in elicottero a Vicenza, Bof \u00e8 attualmente presidente della Casa di riposo Soteria.<br \/>\nVENEZIA Entro il 2040, il ghiacciaio della Marmolada, il pi\u00f9 grande delle Dolomiti, potrebbe scomparire a causa dei cambiamenti climatici. Renzo Masolo, consigliere regionale di Europa Verde, denuncia l\u2019inerzia politica e la mancanza di interventi concreti per salvare questo patrimonio naturale. Durante una visita alla Marmolada, Masolo ha constatato personalmente la drammatica situazione: cascate d\u2019acqua e neve sciolta testimoniano la crisi in atto.<br \/>\nCOMELICO \u00a0galleria Comelico CHIUSA dalle 22 alle 6. La limitazione durer\u00e0 fino al 1\u00b0 agosto 2025, forse con un&#8217;interruzione a Natale.<br \/>\nSopralluogo alla pista &#8216;Eugenio Monti&#8217; di Cortina: lavori in corso per Milano Cortina 2026<br \/>\nCORTINA l CIO, insieme alle Federazioni internazionali, alla Fondazione Milano Cortina e al Comune di Cortina, ha effettuato il consueto sopralluogo mensile alla pista \u2018Eugenio Monti\u2019. La storica pista di 1650 metri, destinata a ospitare le gare di bob, slittino e skeleton alle Olimpiadi di Milano Cortina 2026, \u00e8 in fase di riqualificazione con un progetto sostenibile che integra l&#8217;opera nel paesaggio circostante. Attualmente, il getto del tratto di pista nella curva Sento \u00e8 stato completato.<\/p>\n<\/div>\n","protected":false},"excerpt":{"rendered":"<p>&nbsp; &nbsp; OGGI ALLA RADIO\u2026. ALLE 4 E ALLE 6 LE NOTIZIE DALL\u2019ITALIA E DAL MONDO 6.15 PIROLE DE LENGA A CURA DEL MUSLA 7.20 EL BAL DEL FIORI, DETTI E TRADIZIONI DI GIULIANA DA RONCH 8.05 LA RASSEGNA STAMPA LOCALE 8.30 PIU SIAMO MARINA DONA\u2019 9.00 LA MUSICA COUNTRY DI ALEX NASCINBEN 9.40 VIABILITA\u2019&hellip;<\/p>\n","protected":false},"author":4,"featured_media":408757,"comment_status":"closed","ping_status":"closed","sticky":false,"template":"","format":"standard","meta":{"_monsterinsights_skip_tracking":false,"_monsterinsights_sitenote_active":false,"_monsterinsights_sitenote_note":"","_monsterinsights_sitenote_category":0,"footnotes":""},"categories":[51,49,142],"tags":[],"class_list":["post-408765","post","type-post","status-publish","format-standard","has-post-thumbnail","hentry","category-evidenza-top","category-news-18","category-rassegna-stampa","category-51","category-49","category-142","description-off"],"img_url":"https:\/\/www.radiopiu.net\/wordpress\/wp-content\/uploads\/2024\/09\/Senza-nome-6.png","_links":{"self":[{"href":"https:\/\/www.radiopiu.net\/wordpress\/wp-json\/wp\/v2\/posts\/408765","targetHints":{"allow":["GET"]}}],"collection":[{"href":"https:\/\/www.radiopiu.net\/wordpress\/wp-json\/wp\/v2\/posts"}],"about":[{"href":"https:\/\/www.radiopiu.net\/wordpress\/wp-json\/wp\/v2\/types\/post"}],"author":[{"embeddable":true,"href":"https:\/\/www.radiopiu.net\/wordpress\/wp-json\/wp\/v2\/users\/4"}],"replies":[{"embeddable":true,"href":"https:\/\/www.radiopiu.net\/wordpress\/wp-json\/wp\/v2\/comments?post=408765"}],"version-history":[{"count":2,"href":"https:\/\/www.radiopiu.net\/wordpress\/wp-json\/wp\/v2\/posts\/408765\/revisions"}],"predecessor-version":[{"id":408781,"href":"https:\/\/www.radiopiu.net\/wordpress\/wp-json\/wp\/v2\/posts\/408765\/revisions\/408781"}],"wp:featuredmedia":[{"embeddable":true,"href":"https:\/\/www.radiopiu.net\/wordpress\/wp-json\/wp\/v2\/media\/408757"}],"wp:attachment":[{"href":"https:\/\/www.radiopiu.net\/wordpress\/wp-json\/wp\/v2\/media?parent=408765"}],"wp:term":[{"taxonomy":"category","embeddable":true,"href":"https:\/\/www.radiopiu.net\/wordpress\/wp-json\/wp\/v2\/categories?post=408765"},{"taxonomy":"post_tag","embeddable":true,"href":"https:\/\/www.radiopiu.net\/wordpress\/wp-json\/wp\/v2\/tags?post=408765"}],"curies":[{"name":"wp","href":"https:\/\/api.w.org\/{rel}","templated":true}]}}